{"id":2102994,"date":"2026-08-20T15:02:40","date_gmt":"2026-08-20T12:02:40","guid":{"rendered":"https:\/\/analyse.optim.biz\/?p=2102994"},"modified":"2026-08-20T15:02:40","modified_gmt":"2026-08-20T12:02:40","slug":"tour-du-limousin-daan-depuydt-takes-a-thrilling-stage-win-with-a-long-range-sprint-as-the-breakaway-is-caught-inside-the-final-kilometre","status":"publish","type":"post","link":"https:\/\/analyse.optim.biz\/?p=2102994","title":{"rendered":"Tour du Limousin: Daan Depuydt takes a thrilling stage win with a long range sprint as the breakaway is caught inside the final kilometre"},"content":{"rendered":"<p>[analyse_image type=&#8221;featured&#8221; src=&#8221;https:\/\/cdn.mos.cms.futurecdn.net\/XkeTKf9Dxi2vbNkZwEyq2k-1024-80.jpg&#8221;]<\/p>\n<article class=\"m-0 box-border flex flex-row items-center pr-2.5 gap-[15px] w-[278px] h-20 flex-none upnext-article-divider\" role=\"listitem\" aria-label=\"Recommended article 1 of 3\">\n<div class=\"relative flex-none w-20 h-20\">\n    <source type=\"image\/webp\" srcset=\"https:\/\/cdn.mos.cms.futurecdn.net\/vjtZzVZEFJnyz2RuyVpHSU-160-80.jpg.webp 160w, https:\/\/cdn.mos.cms.futurecdn.net\/vjtZzVZEFJnyz2RuyVpHSU-80-80.jpg.webp 80w\" sizes=\"80px\" \/><\/p>\n<div class=\"flex items-center justify-center absolute w-4 h-6 left-0 top-0 bg-white\/90 flex-none z-[1]\" aria-hidden=\"true\"><span class=\"font-normal text-base leading-[17px] tracking-[1.3px] uppercase text-black flex-none\">1<\/span><\/div>\n<\/div>\n<div class=\"flex flex-col items-center justify-center gap-1.5 w-[173px] h-20 flex-none\">\n<p class=\"font-article-heading font-medium text-base leading-[21px] text-gray-800 w-[173px] line-clamp-3 group-hover:underline\">\n                                    ADAC Cyclassics Hamburg: Paul Magnier takes sprint win after Soudal-Quickstep takes control in final 10 kilometres\n                                <\/p>\n<\/div>\n<\/article>\n<article class=\"m-0 box-border flex flex-row items-center pr-2.5 gap-[15px] w-[278px] h-20 flex-none upnext-article-divider\" role=\"listitem\" aria-label=\"Recommended article 2 of 3\">\n<div class=\"relative flex-none w-20 h-20\">\n    <source type=\"image\/webp\" srcset=\"https:\/\/cdn.mos.cms.futurecdn.net\/SbcAyX4mTz373kZpRJiv99-160-80.jpg.webp 160w, https:\/\/cdn.mos.cms.futurecdn.net\/SbcAyX4mTz373kZpRJiv99-80-80.jpg.webp 80w\" sizes=\"80px\" \/><\/p>\n<div class=\"flex items-center justify-center absolute w-[18px] h-6 left-0 top-0 bg-white\/90 flex-none z-[1]\" aria-hidden=\"true\"><span class=\"font-normal text-base leading-[17px] tracking-[1.3px] uppercase text-black flex-none\">2<\/span><\/div>\n<\/div>\n<div class=\"flex flex-col items-center justify-center gap-1.5 w-[173px] h-20 flex-none\">\n<p class=\"font-article-heading font-medium text-base leading-[21px] text-gray-800 w-[173px] line-clamp-3 group-hover:underline\">\n                                    Renewi Tour: Jonathan Milan edges out Olav Kooij in photo finish to win a messy opening stage\n                                <\/p>\n<\/div>\n<\/article>\n<article class=\"m-0 box-border flex flex-row items-center pr-2.5 gap-[15px] w-[278px] h-20 flex-none\" role=\"listitem\" aria-label=\"Recommended article 3 of 3\">\n<div class=\"relative flex-none w-20 h-20\">\n    <source type=\"image\/webp\" srcset=\"https:\/\/cdn.mos.cms.futurecdn.net\/pkwxYUBxo7yMWG2obfPXnm-160-80.jpg.webp 160w, https:\/\/cdn.mos.cms.futurecdn.net\/pkwxYUBxo7yMWG2obfPXnm-80-80.jpg.webp 80w\" sizes=\"80px\" \/><\/p>\n<div class=\"flex items-center justify-center absolute w-[18px] h-6 left-0 top-0 bg-white\/90 flex-none z-[1]\" aria-hidden=\"true\"><span class=\"font-normal text-base leading-[17px] tracking-[1.3px] uppercase text-black flex-none\">3<\/span><\/div>\n<\/div>\n<div class=\"flex flex-col items-center justify-center gap-1.5 w-[173px] h-20 flex-none\">\n<p class=\"font-article-heading font-medium text-base leading-[21px] text-gray-800 w-[173px] line-clamp-3 group-hover:underline\">\n                                    Tour du Limousin: 21-year-old Noa Isidore sprints to first pro victory on stage 1 uphill finish\n                                <\/p>\n<\/div>\n<\/article>\n<article class=\"page-content-onecol flex-1\nnews-article article\n\"><\/p>\n<div class=\"widget-area-group widget-area-group-2col flex flex-wrap box-border\">\n<div id=\"widgetArea16\" class=\"widget-area basis-full md:basis-2\/3 widget-area-g-md-vp-2-3 widget-area-g-lg-vp-2-3 widget-area-g-xl-vp-2-3 page-widget-area-16\">\n<div data-widget-type=\"hero\" id=\"hero\" class=\"clear-both widget widget-hero widget-hero widget-hero-hero widget-hero widget-hero-fter-news\">\n<div class=\"news-article\">\n<header data-component-name=\"Article:Hero\">\n<nav class=\"breadcrumb\" aria-label=\"Breadcrumbs\">\n<ol>\n<li>\nPro Cycling\n<\/li>\n<li>\nRacing\n<\/li>\n<li>\nRoad\n<\/li>\n<li>\nTour du Limousin\n<\/li>\n<\/ol>\n<\/nav>\n<h1>Tour du Limousin: Daan Depuydt takes a thrilling stage win with a long range sprint as the breakaway is caught inside the final kilometre<\/h1>\n<div class=\"byline-social\">\n<div class=\"vds-byline-block flex flex-row flex-nowrap my-1.5 gap-2 text-left items-start justify-start\" data-component-name=\"Article:BylineBlock\">\n<p>Race Results<\/p>\n<div class=\"my-auto vds-simple-byline\"><span class=\"inline-block vds-author\"><br \/>\nBy<br \/>\nOwen Rogers <\/span><\/p>\n<div class=\"flex gap-1 vds-byline-with-avatar__meta\"><span class=\"vds-date block font-normal tracking-normal normal-case text-xs\"><br \/>\nPublished<br \/>\n<time data-component-name=\"UI:DateTime\" datetime=\"2026-08-20T15:02:40Z\" class=\"relative-date\"><br \/>\n20 August 2026<br \/>\n<\/time><\/span><\/div>\n<\/div>\n<\/div>\n<p class=\"strapline\">Ewen Costiou retains the overall lead win one stage remaining<\/p>\n<\/div>\n<aside class=\"text-gray-700 flex items-center mx-0 my-5 p-0 justify-start text-left\" id=\"affiliate-disclaimer\" data-component-name=\"AffiliateDisclaimer\" data-hawk-message=\"Affiliate disclaimer removed because hawk deemed there are no affiliate links on this page\">\n<p class=\"text-[color:var(--affiliate-disclaimer--text-color,inherit)] mb-2 text-[length:var(--affiliate-disclaimer--font-size,0.75rem)] leading-[18px] md:text-[13px] [&amp;&gt;a]:text-inherit [&amp;&gt;a]:underline\">\nWhen you purchase through links on our site, we may earn an affiliate commission. Here\u2019s how it works.\n<\/p>\n<\/aside>\n<\/header>\n<\/div>\n<\/div>\n<div data-widget-type=\"contentparsed\" id=\"content\" class=\"clear-both widget widget-contentparsed widget-content widget-contentparsed-content widget-content-parsed widget-content-parsed-content_document \">\n<div class=\"wcp-item-content\">\n<section class=\"content-wrapper\">\n<div class=\"box less-space hero-image-wrapper\">\n<figure class=\"mb-0\">\n<source type=\"image\/webp\" srcset=\"https:\/\/cdn.mos.cms.futurecdn.net\/XkeTKf9Dxi2vbNkZwEyq2k-1024-80.jpg.webp 1920w, https:\/\/cdn.mos.cms.futurecdn.net\/XkeTKf9Dxi2vbNkZwEyq2k-1024-80.jpg.webp 1600w, https:\/\/cdn.mos.cms.futurecdn.net\/XkeTKf9Dxi2vbNkZwEyq2k-1024-80.jpg.webp 1200w, https:\/\/cdn.mos.cms.futurecdn.net\/XkeTKf9Dxi2vbNkZwEyq2k-1024-80.jpg.webp 1024w, https:\/\/cdn.mos.cms.futurecdn.net\/XkeTKf9Dxi2vbNkZwEyq2k-970-80.jpg.webp 970w, https:\/\/cdn.mos.cms.futurecdn.net\/XkeTKf9Dxi2vbNkZwEyq2k-750-80.jpg.webp 750w, https:\/\/cdn.mos.cms.futurecdn.net\/XkeTKf9Dxi2vbNkZwEyq2k-650-80.jpg.webp 650w, https:\/\/cdn.mos.cms.futurecdn.net\/XkeTKf9Dxi2vbNkZwEyq2k-480-80.jpg.webp 480w, https:\/\/cdn.mos.cms.futurecdn.net\/XkeTKf9Dxi2vbNkZwEyq2k-320-80.jpg.webp 320w\" sizes=\"(min-width: 1000px) 600px, 100vw\" \/><figcaption class=\"font-article-copy text-(--image--text--color) font-article-copy mt-2\"><span class=\"caption-text font-article-copy\">Daan Depuydt (Left) takes his first pro win at the Tour du Limousin<\/span><span class=\"credit font-article-copy\">(Image credit: Getty Images)<\/span><\/figcaption><\/figure>\n<\/div>\n<div data-component-name=\"Article:JumpTo\" class=\"contents\" data-only-inline=\"1\">\n<div class=\"visible flex flex-row flex-nowrap sticky max-lg:-ml-5 top-[var(--site-header-height,60px)] sm:top-0 z-[9994] w-screen lg:w-full h-[50px] bg-white p-0 mb-5 border-neutral-200 border border-solid\" data-component-name=\"Article:JumpTo:Variants:Inline\" data-analytics-id=\"sticky-nav\" id=\"sticky-nav--inline\" data-mrf-recirculation=\"sticky-nav\">\n<div class=\"flex flex-row w-full h-full overflow-x-scroll overflow-y-hidden tracking-normal overscroll-x-contain\" id=\"sticky-nav__scroll-container\"><span class=\"pl-4 my-auto text-base font-semibold font-article-heading lg:pl-3 lg:text-sm whitespace-nowrap uppercase\">Jump To:<\/span><\/p>\n<ul class=\"flex flex-row w-auto border-y-0\">\n<li class=\"inline-flex after:content-[&apos;&apos;] after:inline-block after:relative after:h-3\/6 after:w-px after:bg-neutral-200 after:top-1\/4\nborder-b-[3px] border-b-(--jumpto-underline-color) border-solid font-semibold \" data-component-name=\"Article:JumpTo:Inline:Link\">\n<p>Results<\/p>\n<\/li>\n<\/ul>\n<\/div>\n<\/div>\n<\/div>\n<div id=\"article-body\" class=\"text-copy bodyCopy auto paywall-locker\">\n<div data-analytics-id=\"utility-bar\" id=\"utility-bar\" class=\"font-ui-heading flex justify-between items-center py-2 border-t border-b border-gray-300 border-solid mb-5 mx-auto\" data-component-name=\"UtilityBar\" data-mrf-recirculation=\"utility-bar\">\n<div class=\"flex gap-2 text-[#333] subcontainer\">\n<div class=\"relative tooltip-container\" role=\"tooltip\">\n<div data-component-name=\"Social:Dropdown\" role=\"menu\" id=\"utilitybar__dropdown--share\" aria-labelledby=\"utilitybar__button--share\" class=\"absolute left-0 top-full w-44 bg-white rounded-md shadow-md border border-neutral-200 z-[9996] list-none m-0 py-2 px-3 border-solid\">\n<ul class=\"m-0!\">\n<li class=\"!p-0 !m-0 list-none border-b border-gray-200 border-solid\">\n<li class=\"!p-0 !m-0 list-none border-b border-gray-200 border-solid\">\n<p>Facebook<\/p>\n<\/li>\n<li class=\"!p-0 !m-0 list-none border-b border-gray-200 border-solid\">\n<p>X<\/p>\n<\/li>\n<li class=\"!p-0 !m-0 list-none border-b border-gray-200 border-solid\">\n<p>Pinterest<\/p>\n<\/li>\n<li class=\"!p-0 !m-0 list-none border-b border-gray-200 border-solid\">\n<p>Email<\/p>\n<\/li>\n<\/ul>\n<\/div>\n<div class=\"font-ui-heading max-sm:hidden tooltip absolute left-1\/2 bg-gray-900 text-white text-xs leading-none px-3 py-1.5 rounded-md z-[10001] whitespace-nowrap\" id=\"tooltip-share-this-article\" role=\"tooltip\" aria-hidden=\"true\">\nShare this article\n<\/div>\n<\/div>\n<div class=\"relative tooltip-container\" role=\"tooltip\"><span class=\"ml-1 inline-flex h-5 px-2 shrink-0 items-center justify-center self-center overflow-hidden whitespace-nowrap rounded-[10px] bg-primary-500 text-[11px] leading-none font-ui-heading font-semibold text-white\">0<\/span><\/p>\n<div class=\"font-ui-heading max-sm:hidden tooltip absolute left-1\/2 bg-gray-900 text-white text-xs leading-none px-3 py-1.5 rounded-md z-[10001] whitespace-nowrap\" id=\"tooltip-join-the-conversation\" role=\"tooltip\" aria-hidden=\"true\">\nJoin the conversation\n<\/div>\n<\/div>\n<\/div>\n<div class=\"flex gap-2 text-[#333] subcontainer\">\n<div class=\"relative tooltip-container\" role=\"tooltip\">\n<p>Follow us<\/p>\n<div class=\"font-ui-heading max-sm:hidden tooltip absolute left-1\/2 bg-gray-900 text-white text-xs leading-none px-3 py-1.5 rounded-md z-[10001] whitespace-nowrap\" id=\"tooltip-add-us-as-a-preferred-source-on-google\" role=\"tooltip\" aria-hidden=\"true\">\nAdd us as a preferred source on Google\n<\/div>\n<\/div>\n<div class=\"relative tooltip-container\" role=\"tooltip\">\n<div class=\"font-ui-heading max-sm:hidden tooltip absolute left-1\/2 bg-gray-900 text-white text-xs leading-none px-3 py-1.5 rounded-md z-[10001] whitespace-nowrap\" id=\"tooltip-subscribe-to-our-newsletter\" role=\"tooltip\" aria-hidden=\"true\">\nSubscribe to our newsletter\n<\/div>\n<\/div>\n<\/div>\n<\/div>\n<p id=\"elk-82db6ac4-9c88-11f1-a29d-af2532397de4\">Daan Depuydt won the third stage of the Tour du Limousin on Thursday, the Baloise Verzekeringen-Het Postbureau Lion rider winning a two man sprint on the uphill finish into \u00c9gletons.<\/p>\n<p>Depuydt attacked what remained of the peloton inside the final 400 metres, taking Axel Mariault (CIC Academy) with him on their long range sprint. For a while it seemed as though Mariault would overhaul his rival, but the Belgian held on to take his first professional road victory.<\/p>\n<p id=\"elk-82db6ac4-9c88-11f1-a29d-af2532397de4-2\" aria-hidden=\"true\" class=\"kiosq-b\">Alex Aranburu (Cofidis) was third, leading the bunch home on the same time as the winner.<\/p>\n<div class=\"my-6 w-full overflow-hidden rounded-[10px] lg:my-8\" data-component-name=\"JwPlayer:Carousel\" data-jwp-carousel data-jwp-carousel-payload=\"{&quot;ids&quot;:{&quot;playerID&quot;:&quot;jYDCcabO&quot;,&quot;searchPlaylistID&quot;:&quot;gwjdoYHD&quot;,&quot;divID&quot;:&quot;botr_gwjdoYHD_jYDCcabO_div&quot;,&quot;fallbackPlaylistID&quot;:&quot;gwjdoYHD&quot;,&quot;fallbackDivID&quot;:&quot;botr_gwjdoYHD_jYDCcabO_div&quot;,&quot;key&quot;:&quot;X9\/mXVGac0NphghLH9hZaqWA5d3dhAM\/Ih07grnEyMLjuO2E&quot;,&quot;tintLogo&quot;:true,&quot;useSearchPlaylist&quot;:false,&quot;enabled&quot;:true},&quot;signPostingEnabled&quot;:true,&quot;signPostingLinkEnabled&quot;:true,&quot;waitForAdLoad&quot;:false,&quot;hidePlayerOnDesktop&quot;:false,&quot;hidePlayerOnMobile&quot;:false,&quot;hidePlayerOnTablet&quot;:false}\">\n<div class=\"flex flex-nowrap items-center justify-between gap-3 bg-zinc-900 px-[14px] py-3\" data-jwp-carousel-header>\n<div class=\"flex min-w-0 shrink items-center\"><span class=\"inline-flex items-center gap-1.5 text-sm font-article-heading capitalize leading-5 text-white whitespace-nowrap\"><span class=\"jwp-carousel-title-desktop\">Latest Videos From<\/span><span class=\"jwp-carousel-brand\">Cyclingnews<\/span><\/span><\/div>\n<\/div>\n<div class=\"min-h-[44px] bg-zinc-900 px-[14px] py-3\" data-jwp-carousel-signposting><a class=\"invisible block truncate text-sm font-bold leading-5 text-white underline decoration-solid underline-offset-2\" data-jwp-carousel-signposting-link href target=\"_blank\" rel=\"noopener noreferrer\"><span data-jwp-carousel-signposting-title>Watch full video here: <\/span><\/a><\/div>\n<\/div>\n<p aria-hidden=\"true\" class=\"kiosq-b\">After winning stage 2 and taking the yellow jersey, Ewen Costiou (Groupama-FDJ United) finished fifth, retaining the overall lead with an advantage of 21 seconds with one stage to go.<\/p>\n<p aria-hidden=\"true\" class=\"kiosq-b\">It was another lumpy day at the Tour du Limousin, the 181.8km stage between Saint-Privat and \u00c9gletons climbing more than 3,000m.<\/p>\n<aside data-component-name=\"Recirculation:ArticleRiver\" data-recirculation-type=\"inline\" data-mrf-recirculation=\"Trending Bar\" data-nosnippet class=\"clear-both pt-2 pb-0 mb-4\"><span class=\"\n            flex\n            after:content-[&apos;&apos;] after:flex-1 after:ml-4 after:my-[0.7rem] after:border-t after:border-solid after:border-t-[#ccc]\n            before:content-[&apos;&apos;] before:flex-1 before:mr-4 before:my-[0.7rem] before:border-t before:border-solid before:border-t-[#ccc]\n            font-article-heading pb-0 text-[length:var(--article-river-title--font-size,1em)] uppercase sm:text-[length:var(--article-river-title--font-size,0.875em)] font-bold\n        \"><br \/>\n            You may like<br \/>\n        <\/span><\/p>\n<ul class=\"flex flex-col gap-0 m-0 max-w-full\">\n<li class=\"m-0 list-none border-b border-solid border-[#ededed] py-2\" data-recirculation-id=\"recirculation-card-1\" id=\"recirculation-inline-1\" data-analytics-id=\"recirculation-inline-1\" data-mrf-recirculation=\"recirculation-inline-1\">\n    <source type=\"image\/webp\" srcset=\"https:\/\/cdn.mos.cms.futurecdn.net\/yAnsDdKmbgaoEVxVQD5y66-250-80.jpg.webp 250w, https:\/\/cdn.mos.cms.futurecdn.net\/yAnsDdKmbgaoEVxVQD5y66-150-80.jpg.webp 150w\" sizes=\"150px\" \/><span class=\"w-full text-base font-[var(--article-river-item--font-weight,500)] font-article-heading line-clamp-3 md:line-clamp-2\">Tour du Limousin: Ewen Costiou takes the overall lead after a solo stage 2 victory<\/span><\/li>\n<li class=\"m-0 list-none border-b border-solid border-[#ededed] py-2\" data-recirculation-id=\"recirculation-card-2\" id=\"recirculation-inline-2\" data-analytics-id=\"recirculation-inline-2\" data-mrf-recirculation=\"recirculation-inline-2\">\n    <source type=\"image\/webp\" srcset=\"https:\/\/cdn.mos.cms.futurecdn.net\/pkwxYUBxo7yMWG2obfPXnm-250-80.jpg.webp 250w, https:\/\/cdn.mos.cms.futurecdn.net\/pkwxYUBxo7yMWG2obfPXnm-150-80.jpg.webp 150w\" sizes=\"150px\" \/><span class=\"w-full text-base font-[var(--article-river-item--font-weight,500)] font-article-heading line-clamp-3 md:line-clamp-2\">Tour du Limousin: 21-year-old Noa Isidore sprints to first pro victory on stage 1 uphill finish<\/span><\/li>\n<li class=\"m-0 list-none border-b border-solid border-[#ccc] py-2\" data-recirculation-id=\"recirculation-card-3\" id=\"recirculation-inline-3\" data-analytics-id=\"recirculation-inline-3\" data-mrf-recirculation=\"recirculation-inline-3\">\n    <source type=\"image\/webp\" srcset=\"https:\/\/cdn.mos.cms.futurecdn.net\/j5qRdC7dz3oxgaYAtSKzmW-250-80.jpg.webp 250w, https:\/\/cdn.mos.cms.futurecdn.net\/j5qRdC7dz3oxgaYAtSKzmW-150-80.jpg.webp 150w\" sizes=\"150px\" \/><span class=\"w-full text-base font-[var(--article-river-item--font-weight,500)] font-article-heading line-clamp-3 md:line-clamp-2\">As it happened: Breakaway succeeds on opening day at Crit\u00e9rium du Dauphin\u00e9 &#8211; Tour Auvergne-Rh\u00f4ne-Alpes stage 1<\/span><\/li>\n<\/ul>\n<\/aside>\n<p aria-hidden=\"true\" class=\"kiosq-b\">It was another aggressive start to the day, and despite several attacks it took more than 30km for the breakaway to form. Eventually L\u00e9andre Lozouet (CIC Academy), Th\u00e9o Delacroix (St Michel-Preference Homes-Auber93) and the Lotto-Intermarch\u00e9 pair of Matys Grisel and Baptiste Veistroffer, who had been part of the stage two breakaway, got away, building a lead of around a minute.<\/p>\n<p aria-hidden=\"true\" class=\"kiosq-b\">They were soon joined by seven other riders, and an 11-man group set about building their advantage, though such a large group was never going to be allowed too much of an advantage, and they struggled to put more than 1:30 into the peloton.<\/p>\n<div id=\"slice-container-newsletterForm-articleInbodyContent-9JdwLcPtE2CruNvdPkG9JR\" class=\"slice-container newsletter-inbodyContent-slice newsletterForm-articleInbodyContent-9JdwLcPtE2CruNvdPkG9JR slice-container-newsletterForm\">\n<div data-hydrate=\"true\" class=\"newsletter-form__wrapper newsletter-form__wrapper--inbodyContent\">\n<div class=\"newsletter-form__container\">\n<section class=\"newsletter-form__top-bar\">\n<div class=\"newsletter-form__header\">Get The Leadout Newsletter<\/div>\n<\/section>\n<section class=\"newsletter-form__main-section\">\n<p class=\"newsletter-form__strapline\">The latest race content, interviews, features, reviews and expert buying guides, direct to your inbox!<\/p>\n<footer class=\"newsletter-form__footer \">By submitting your information you agree to the Terms &amp; Conditions and Privacy Policy and are aged 16 or over.<\/footer>\n<\/section>\n<\/div>\n<\/div>\n<\/div>\n<p aria-hidden=\"true\" class=\"kiosq-b\">With 32km to go the leaders were caught and two more riders headed up the road, Maxence Place (Lotto-Intermarch\u00e9) and Pierre-Henry Basset (XDS-Astana) attacking on a climb and building a lead of 30 seconds, though Place crashed on a bend leaving Basset alone in the final 20km.<\/p>\n<p aria-hidden=\"true\" class=\"kiosq-b\">Though his lead extended to one minute, he was reeled in by what remained of the peloton, his heart broken as he was caught with just 800m to go.<\/p>\n<p id=\"elk-b1369d7a-9c8e-11f1-a815-472351239a5e\" aria-hidden=\"true\" class=\"kiosq-b\"><strong>For unbeatable coverage across road, gravel and tech, subscribe to Cyclingnews. You&#8217;ll get comprehensive race coverage of La Vuelta a Espa\u00f1a, subscriber-exclusive analysis from our expert columnists, in-depth features and industry-leading tech insight. Plus, the Cyclingnews app lets you follow the action wherever you go! <\/strong><strong>Join today.<\/strong><\/p>\n<h3 class=\"article-body__section kiosq-b\" id=\"section-results\" aria-hidden=\"true\"><span>Results<\/span><\/h3>\n<div class=\"slice-container table-wrapper slice-container-table kiosq-b\" data-component-name=\"Slice:Table\" id=\"elk-e77071fe-9cac-11f1-abfd-5d37e0d5ed58\" aria-hidden=\"true\">\n<div class=\"table__instruction\">\nSwipe to scroll horizontally<\/p>\n<\/div>\n<div class=\"table__container\">\n<table class=\"table__wrapper table__wrapper--inbodyContent table__wrapper--sticky table__wrapper--divider\">\n<caption class=\"table__caption table__caption--top table__caption--left\">\nTop 10<br \/>\n<\/caption>\n<thead class=\"table__head\">\n<tr class=\"table__head__row\">\n<th class=\"table__head__heading table__head__heading--left\" colspan=\"1\">\n<p>Position<\/p>\n<\/th>\n<th class=\"table__head__heading table__head__heading--left\" colspan=\"1\">\n<p>Rider (Country) Team<\/p>\n<\/th>\n<th class=\"table__head__heading table__head__heading--left\" colspan=\"1\">\n<p>Time<\/p>\n<\/th>\n<\/tr>\n<\/thead>\n<tbody class=\"table__body\">\n<tr class=\"table__body__row\">\n<td class=\"table_body__data\" colspan=\"1\">\n<p>1<\/p>\n<\/td>\n<td class=\"table_body__data\" colspan=\"1\">\n<p>Daan Depuydt (Bel) Baloise Verzekeringen-Het Poetsbureau Lions[cite: 1, 2]<\/p>\n<\/td>\n<td class=\"table_body__data\" colspan=\"1\">\n<p>4:23:26<\/p>\n<\/td>\n<\/tr>\n<tr class=\"table__body__row\">\n<td class=\"table_body__data\" colspan=\"1\">\n<p>2<\/p>\n<\/td>\n<td class=\"table_body__data\" colspan=\"1\">\n<p>Axel Mariault (Fra) CIC Pro Cycling Academy[cite: 1, 2]<\/p>\n<\/td>\n<td class=\"table_body__data\" colspan=\"1\"><span class=\"sr-only\">Row 1 &#8211; Cell 2 <\/span><\/td>\n<\/tr>\n<tr class=\"table__body__row\">\n<td class=\"table_body__data\" colspan=\"1\">\n<p>3<\/p>\n<\/td>\n<td class=\"table_body__data\" colspan=\"1\">\n<p>Alex Aranburu Deva (Spa) Cofidis[cite: 1, 2]<\/p>\n<\/td>\n<td class=\"table_body__data\" colspan=\"1\"><span class=\"sr-only\">Row 2 &#8211; Cell 2 <\/span><\/td>\n<\/tr>\n<tr class=\"table__body__row\">\n<td class=\"table_body__data\" colspan=\"1\">\n<p>4<\/p>\n<\/td>\n<td class=\"table_body__data\" colspan=\"1\">\n<p>Alexandre Delettre (Fra) Team TotalEnergies[cite: 1, 2]<\/p>\n<\/td>\n<td class=\"table_body__data\" colspan=\"1\"><span class=\"sr-only\">Row 3 &#8211; Cell 2 <\/span><\/td>\n<\/tr>\n<tr class=\"table__body__row\">\n<td class=\"table_body__data\" colspan=\"1\">\n<p>5<\/p>\n<\/td>\n<td class=\"table_body__data\" colspan=\"1\">\n<p>Ewen Costiou (Fra) Groupama-FDJ United[cite: 1, 2]<\/p>\n<\/td>\n<td class=\"table_body__data\" colspan=\"1\"><span class=\"sr-only\">Row 4 &#8211; Cell 2 <\/span><\/td>\n<\/tr>\n<tr class=\"table__body__row\">\n<td class=\"table_body__data\" colspan=\"1\">\n<p>6<\/p>\n<\/td>\n<td class=\"table_body__data\" colspan=\"1\">\n<p>Rayan Boulahoite (Fra) Team TotalEnergies[cite: 1, 2]<\/p>\n<\/td>\n<td class=\"table_body__data\" colspan=\"1\"><span class=\"sr-only\">Row 5 &#8211; Cell 2 <\/span><\/td>\n<\/tr>\n<tr class=\"table__body__row\">\n<td class=\"table_body__data\" colspan=\"1\">\n<p>7<\/p>\n<\/td>\n<td class=\"table_body__data\" colspan=\"1\">\n<p>R\u00e9mi Capron (Fra) Van Rysel-Roubaix[cite: 1, 2]<\/p>\n<\/td>\n<td class=\"table_body__data\" colspan=\"1\"><span class=\"sr-only\">Row 6 &#8211; Cell 2 <\/span><\/td>\n<\/tr>\n<tr class=\"table__body__row\">\n<td class=\"table_body__data\" colspan=\"1\">\n<p>8<\/p>\n<\/td>\n<td class=\"table_body__data\" colspan=\"1\">\n<p>Antoine L&#8217;Hote (Fra) Decathlon CMA CGM Team[cite: 1, 2]<\/p>\n<\/td>\n<td class=\"table_body__data\" colspan=\"1\"><span class=\"sr-only\">Row 7 &#8211; Cell 2 <\/span><\/td>\n<\/tr>\n<tr class=\"table__body__row\">\n<td class=\"table_body__data\" colspan=\"1\">\n<p>9<\/p>\n<\/td>\n<td class=\"table_body__data\" colspan=\"1\">\n<p>Mathis Le Berre (Fra) Team TotalEnergies[cite: 1, 2]<\/p>\n<\/td>\n<td class=\"table_body__data\" colspan=\"1\"><span class=\"sr-only\">Row 8 &#8211; Cell 2 <\/span><\/td>\n<\/tr>\n<tr class=\"table__body__row\">\n<td class=\"table_body__data\" colspan=\"1\">\n<p>10<\/p>\n<\/td>\n<td class=\"table_body__data\" colspan=\"1\">\n<p>Guillaume Adam (Fra) Veloce Club Rouen 76[cite: 1, 2]<\/p>\n<\/td>\n<td class=\"table_body__data\" colspan=\"1\"><span class=\"sr-only\">Row 9 &#8211; Cell 2 <\/span><\/td>\n<\/tr>\n<\/tbody>\n<\/table>\n<\/div>\n<\/div>\n<\/div>\n<div id=\"slice-container-authorBio-9JdwLcPtE2CruNvdPkG9JR\" class=\"slice-container slice-author-bio authorBio-9JdwLcPtE2CruNvdPkG9JR slice-container-authorBio\">\n<div class=\"author author__default-layout author--separator author--collapsible\" data-hydrate=\"true\">\n<div class=\"author__header\">\n<div class=\"author__avatar-block\">\n<figure class=\"image-wrapped__wrapper\" data-bordeaux-image-check=\"false\">\n<div class=\"image-wrapped__widthsetter\">\n<div class=\"image-wrapped__aspect-padding\">\n<div><source class=\"author__avatar image-wrapped__image image__image\" type=\"image\/webp\" srcset=\"https:\/\/cdn.mos.cms.futurecdn.net\/5d2CksSry8bfgFKS33vwFi-140-80.jpg.webp 140w\" sizes=\"99vw\" data-normal=\"https:\/\/cdn.mos.cms.futurecdn.net\/5d2CksSry8bfgFKS33vwFi.jpg\" data-original-mos=\"https:\/\/cdn.mos.cms.futurecdn.net\/5d2CksSry8bfgFKS33vwFi.jpg\" data-pin-media=\"https:\/\/cdn.mos.cms.futurecdn.net\/5d2CksSry8bfgFKS33vwFi.jpg\" data-pin-nopin=\"true\" data-slice-image=\"true\" \/><\/div>\n<\/div>\n<\/div>\n<\/figure>\n<\/div>\n<div class=\"author__heading\">\n<div class=\"author__name\">Owen Rogers<\/div>\n<div class=\"author__role\">Staff Writer<\/div>\n<\/div>\n<\/div>\n<div class=\"author__bio-wrapper\">\n<div class=\"author__biography\">\n<p>A recent addition to the Cyclingnews staff, Owen Rogers is an experienced journalist, working as a freelancer covering the sport for various magazines and websites for more than 10 years.<\/p>\n<p>Initially concentrating mainly on the women&#8217;s sport, he has covered hundreds of race days on the ground and interviewed some of the sport&#8217;s biggest names.<\/p>\n<p>Living near Cambridge in the UK, when he&#8217;s not working you&#8217;ll find him either riding his bike or playing drums.<\/p>\n<\/div>\n<\/div>\n<\/div>\n<\/div>\n<\/section>\n<div class=\"relative max-w-[1070px] viafoura-twig-component mt-6 mx-4 lg:mx-0\" data-component-name=\"Viafoura:Comments\" data-nosnippet data-community-guidelines-text=\"&lt;p class=&apos;vfcustom-community-guidelines&apos;&gt;Please follow our &lt;a href=&quot;https:\/\/www.cyclingnews.com\/about\/#section-community-guidelines&quot; target=&quot;_blank&quot;&gt;community guidelines&lt;\/a&gt;.&lt;\/p&gt;\" data-join-the-conversation-text=\"Join the Conversation\">\n<div class=\"absolute top-0 left-0 w-full h-full flex items-center justify-center z-50 bg-white\/90 border-1 rounded-b-[var(--comment-widget-border-radius,0)]\">\n<div class=\"p-2 text-center\">\n<p class=\"mb-3 text-lg!\">You must confirm your public display name before commenting<\/p>\n<p class=\"mb-3 text-sm!\">Please logout and then login again, you will then be prompted to enter your display name.<\/p>\n<\/div>\n<\/div>\n<\/div>\n<section class=\"mx-2 my-5 sm:mx-0\">\n<aside class=\"w-full\" data-nosnippet data-mrf-recirculation=\"article-river-stacked\">\n<div data-recirc-id=\"article-river-stacked-adviser:hybrid\">\n<div class=\"text-white py-4 px-3 mb-4 bg-[#333] uppercase font-bold custom-header-styles\">Read more<\/div>\n<div class=\"grid grid-cols-1 gap-4 mt-4 mb-5\">\n<div>\n<div class=\"aspect-[var(--img-listing-aspect-ratio,16\/9)] relative mb-3.5\">\n    <source type=\"image\/webp\" srcset=\"https:\/\/cdn.mos.cms.futurecdn.net\/yAnsDdKmbgaoEVxVQD5y66-840-80.jpg.webp 840w, https:\/\/cdn.mos.cms.futurecdn.net\/yAnsDdKmbgaoEVxVQD5y66-650-80.jpg.webp 650w, https:\/\/cdn.mos.cms.futurecdn.net\/yAnsDdKmbgaoEVxVQD5y66-500-80.jpg.webp 500w, https:\/\/cdn.mos.cms.futurecdn.net\/yAnsDdKmbgaoEVxVQD5y66-450-80.jpg.webp 450w, https:\/\/cdn.mos.cms.futurecdn.net\/yAnsDdKmbgaoEVxVQD5y66-320-80.jpg.webp 320w\" sizes=\"(min-width: 900px) 925px, (min-width: 700px) 450px, calc(100vw - 48px)\" \/><\/div>\n<p><span class=\"custom-subheading-styles\">Racing<\/span><span class=\"text-base text-black font-bold mx-0 my-2.5 p-0 block custom-text-styles\">Tour du Limousin: Ewen Costiou takes the overall lead after a solo stage 2 victory<\/span><\/div>\n<div class=\"relative recirc-feed sponsored-card min-h-[250px]\" data-recirc-id=\"article-river-stacked-ads:native-cards\" data-mrf-recirculation=\"article-river-ads\" data-nosnippet data-ad-slot-path=\"feed-sponsored-post\" data-attribute-device=\"all\">\n<div class=\"max-w-full sponsored-post--placeholder animate-pulse\">\n<div class=\"relative!\"><span class=\"text-base text-black font-bold mx-0 my-2.5 p-0 block bg-gray-100\">\u00a0<br \/>\u00a0<\/span><\/div>\n<\/div>\n<\/div>\n<div>\n<div class=\"aspect-[var(--img-listing-aspect-ratio,16\/9)] relative mb-3.5\">\n    <source type=\"image\/webp\" srcset=\"https:\/\/cdn.mos.cms.futurecdn.net\/pkwxYUBxo7yMWG2obfPXnm-840-80.jpg.webp 840w, https:\/\/cdn.mos.cms.futurecdn.net\/pkwxYUBxo7yMWG2obfPXnm-650-80.jpg.webp 650w, https:\/\/cdn.mos.cms.futurecdn.net\/pkwxYUBxo7yMWG2obfPXnm-500-80.jpg.webp 500w, https:\/\/cdn.mos.cms.futurecdn.net\/pkwxYUBxo7yMWG2obfPXnm-450-80.jpg.webp 450w, https:\/\/cdn.mos.cms.futurecdn.net\/pkwxYUBxo7yMWG2obfPXnm-320-80.jpg.webp 320w\" sizes=\"(min-width: 900px) 925px, (min-width: 700px) 450px, calc(100vw - 48px)\" \/><\/div>\n<p><span class=\"custom-subheading-styles\">Racing<\/span><span class=\"text-base text-black font-bold mx-0 my-2.5 p-0 block custom-text-styles\">Tour du Limousin: 21-year-old Noa Isidore sprints to first pro victory on stage 1 uphill finish<\/span><\/div>\n<div class=\"relative recirc-feed sponsored-card min-h-[250px]\" data-recirc-id=\"article-river-stacked-ads:native-cards\" data-mrf-recirculation=\"article-river-ads\" data-nosnippet data-ad-slot-path=\"feed-sponsored-post\" data-attribute-device=\"all\">\n<div class=\"max-w-full sponsored-post--placeholder animate-pulse\">\n<div class=\"relative!\"><span class=\"text-base text-black font-bold mx-0 my-2.5 p-0 block bg-gray-100\">\u00a0<br \/>\u00a0<\/span><\/div>\n<\/div>\n<\/div>\n<div>\n<div class=\"aspect-[var(--img-listing-aspect-ratio,16\/9)] relative mb-3.5\">\n    <source type=\"image\/webp\" srcset=\"https:\/\/cdn.mos.cms.futurecdn.net\/j5qRdC7dz3oxgaYAtSKzmW-840-80.jpg.webp 840w, https:\/\/cdn.mos.cms.futurecdn.net\/j5qRdC7dz3oxgaYAtSKzmW-650-80.jpg.webp 650w, https:\/\/cdn.mos.cms.futurecdn.net\/j5qRdC7dz3oxgaYAtSKzmW-500-80.jpg.webp 500w, https:\/\/cdn.mos.cms.futurecdn.net\/j5qRdC7dz3oxgaYAtSKzmW-450-80.jpg.webp 450w, https:\/\/cdn.mos.cms.futurecdn.net\/j5qRdC7dz3oxgaYAtSKzmW-320-80.jpg.webp 320w\" sizes=\"(min-width: 900px) 925px, (min-width: 700px) 450px, calc(100vw - 48px)\" \/><\/div>\n<p><span class=\"custom-subheading-styles\">Racing<\/span><span class=\"text-base text-black font-bold mx-0 my-2.5 p-0 block custom-text-styles\">As it happened: Breakaway succeeds on opening day at Crit\u00e9rium du Dauphin\u00e9 &#8211; Tour Auvergne-Rh\u00f4ne-Alpes stage 1<\/span><\/div>\n<div class=\"relative recirc-feed sponsored-card min-h-[250px]\" data-recirc-id=\"article-river-stacked-ads:native-cards\" data-mrf-recirculation=\"article-river-ads\" data-nosnippet data-ad-slot-path=\"feed-sponsored-post\" data-attribute-device=\"all\">\n<div class=\"max-w-full sponsored-post--placeholder animate-pulse\">\n<div class=\"relative!\"><span class=\"text-base text-black font-bold mx-0 my-2.5 p-0 block bg-gray-100\">\u00a0<br \/>\u00a0<\/span><\/div>\n<\/div>\n<\/div>\n<div>\n<div class=\"aspect-[var(--img-listing-aspect-ratio,16\/9)] relative mb-3.5\">\n    <source type=\"image\/webp\" srcset=\"https:\/\/cdn.mos.cms.futurecdn.net\/bmsHE9qrZA2srQ88AgnvuT-840-80.jpg.webp 840w, https:\/\/cdn.mos.cms.futurecdn.net\/bmsHE9qrZA2srQ88AgnvuT-650-80.jpg.webp 650w, https:\/\/cdn.mos.cms.futurecdn.net\/bmsHE9qrZA2srQ88AgnvuT-500-80.jpg.webp 500w, https:\/\/cdn.mos.cms.futurecdn.net\/bmsHE9qrZA2srQ88AgnvuT-450-80.jpg.webp 450w, https:\/\/cdn.mos.cms.futurecdn.net\/bmsHE9qrZA2srQ88AgnvuT-320-80.jpg.webp 320w\" sizes=\"(min-width: 900px) 925px, (min-width: 700px) 450px, calc(100vw - 48px)\" \/><\/div>\n<p><span class=\"custom-subheading-styles\">Racing<\/span><span class=\"text-base text-black font-bold mx-0 my-2.5 p-0 block custom-text-styles\">As it happened: Yellow jersey changes hands on final day of racing at the Tour Auvergne-Rh\u00f4ne-Alpes after stunning solo climb<\/span><\/div>\n<div class=\"relative recirc-feed sponsored-card min-h-[250px]\" data-recirc-id=\"article-river-stacked-ads:native-cards\" data-mrf-recirculation=\"article-river-ads\" data-nosnippet data-ad-slot-path=\"feed-sponsored-post\" data-attribute-device=\"all\">\n<div class=\"max-w-full sponsored-post--placeholder animate-pulse\">\n<div class=\"relative!\"><span class=\"text-base text-black font-bold mx-0 my-2.5 p-0 block bg-gray-100\">\u00a0<br \/>\u00a0<\/span><\/div>\n<\/div>\n<\/div>\n<div>\n<div class=\"aspect-[var(--img-listing-aspect-ratio,16\/9)] relative mb-3.5\">\n    <source type=\"image\/webp\" srcset=\"https:\/\/cdn.mos.cms.futurecdn.net\/2dv6FPdHzqXJ4mykG7Aj7Q-840-80.jpg.webp 840w, https:\/\/cdn.mos.cms.futurecdn.net\/2dv6FPdHzqXJ4mykG7Aj7Q-650-80.jpg.webp 650w, https:\/\/cdn.mos.cms.futurecdn.net\/2dv6FPdHzqXJ4mykG7Aj7Q-500-80.jpg.webp 500w, https:\/\/cdn.mos.cms.futurecdn.net\/2dv6FPdHzqXJ4mykG7Aj7Q-450-80.jpg.webp 450w, https:\/\/cdn.mos.cms.futurecdn.net\/2dv6FPdHzqXJ4mykG7Aj7Q-320-80.jpg.webp 320w\" sizes=\"(min-width: 900px) 925px, (min-width: 700px) 450px, calc(100vw - 48px)\" \/><\/div>\n<p><span class=\"custom-subheading-styles\">Racing<\/span><span class=\"text-base text-black font-bold mx-0 my-2.5 p-0 block custom-text-styles\">Tour Auvergne-Rh\u00f4ne-Alpes: Wout van Aert answers doubts with commanding stage 5 victory<\/span><\/div>\n<div class=\"relative recirc-feed sponsored-card min-h-[250px]\" data-recirc-id=\"article-river-stacked-ads:native-cards\" data-mrf-recirculation=\"article-river-ads\" data-nosnippet data-ad-slot-path=\"feed-sponsored-post\" data-attribute-device=\"all\">\n<div class=\"max-w-full sponsored-post--placeholder animate-pulse\">\n<div class=\"relative!\"><span class=\"text-base text-black font-bold mx-0 my-2.5 p-0 block bg-gray-100\">\u00a0<br \/>\u00a0<\/span><\/div>\n<\/div>\n<\/div>\n<div>\n<div class=\"aspect-[var(--img-listing-aspect-ratio,16\/9)] relative mb-3.5\">\n    <source type=\"image\/webp\" srcset=\"https:\/\/cdn.mos.cms.futurecdn.net\/mCNzze8TcJng2MT93SQRxa-840-80.jpg.webp 840w, https:\/\/cdn.mos.cms.futurecdn.net\/mCNzze8TcJng2MT93SQRxa-650-80.jpg.webp 650w, https:\/\/cdn.mos.cms.futurecdn.net\/mCNzze8TcJng2MT93SQRxa-500-80.jpg.webp 500w, https:\/\/cdn.mos.cms.futurecdn.net\/mCNzze8TcJng2MT93SQRxa-450-80.jpg.webp 450w, https:\/\/cdn.mos.cms.futurecdn.net\/mCNzze8TcJng2MT93SQRxa-320-80.jpg.webp 320w\" sizes=\"(min-width: 900px) 925px, (min-width: 700px) 450px, calc(100vw - 48px)\" \/><\/div>\n<p><span class=\"custom-subheading-styles\">Racing<\/span><span class=\"text-base text-black font-bold mx-0 my-2.5 p-0 block custom-text-styles\">Deutschland Tour: Louis Barr\u00e9 swipes bonus seconds and surprising win on stage 1 to go into race lead<\/span><\/div>\n<div class=\"relative recirc-feed sponsored-card min-h-[250px]\" data-recirc-id=\"article-river-stacked-ads:native-cards\" data-mrf-recirculation=\"article-river-ads\" data-nosnippet data-ad-slot-path=\"feed-sponsored-post\" data-attribute-device=\"all\">\n<div class=\"max-w-full sponsored-post--placeholder animate-pulse\">\n<div class=\"relative!\"><span class=\"text-base text-black font-bold mx-0 my-2.5 p-0 block bg-gray-100\">\u00a0<br \/>\u00a0<\/span><\/div>\n<\/div>\n<\/div>\n<\/div>\n<\/div>\n<\/aside>\n<aside class=\"w-full\" data-nosnippet data-mrf-recirculation=\"article-river-stacked\">\n<div data-recirc-id=\"article-river-stacked-solr:latest-category\">\n<div class=\"text-white py-4 px-3 mb-4 bg-[#333] uppercase font-bold custom-header-styles\">Latest in Racing<\/div>\n<div class=\"grid grid-cols-1 gap-4 mt-4 mb-5\">\n<div>\n<div class=\"aspect-[var(--img-listing-aspect-ratio,16\/9)] relative mb-3.5\">\n    <source type=\"image\/webp\" srcset=\"https:\/\/cdn.mos.cms.futurecdn.net\/qUtBWLaTFQihN9RdSStaP-840-80.jpg.webp 840w, https:\/\/cdn.mos.cms.futurecdn.net\/qUtBWLaTFQihN9RdSStaP-650-80.jpg.webp 650w, https:\/\/cdn.mos.cms.futurecdn.net\/qUtBWLaTFQihN9RdSStaP-500-80.jpg.webp 500w, https:\/\/cdn.mos.cms.futurecdn.net\/qUtBWLaTFQihN9RdSStaP-450-80.jpg.webp 450w, https:\/\/cdn.mos.cms.futurecdn.net\/qUtBWLaTFQihN9RdSStaP-320-80.jpg.webp 320w\" sizes=\"(min-width: 900px) 925px, (min-width: 700px) 450px, calc(100vw - 48px)\" \/><\/div>\n<p><span class=\"custom-subheading-styles\">Women&#8217;s Cycling<\/span><span class=\"text-base text-black font-bold mx-0 my-2.5 p-0 block custom-text-styles\">Tour of Britain halted for half an hour as road traffic crash blocks the course<\/span><\/div>\n<div class=\"relative recirc-feed sponsored-card min-h-[250px]\" data-recirc-id=\"article-river-stacked-ads:native-cards\" data-mrf-recirculation=\"article-river-ads\" data-nosnippet data-ad-slot-path=\"feed-sponsored-post\" data-attribute-device=\"all\">\n<div class=\"max-w-full sponsored-post--placeholder animate-pulse\">\n<div class=\"relative!\"><span class=\"text-base text-black font-bold mx-0 my-2.5 p-0 block bg-gray-100\">\u00a0<br \/>\u00a0<\/span><\/div>\n<\/div>\n<\/div>\n<div>\n<div class=\"aspect-[var(--img-listing-aspect-ratio,16\/9)] relative mb-3.5\">\n    <source type=\"image\/webp\" srcset=\"https:\/\/cdn.mos.cms.futurecdn.net\/NQ7n2BvqRfrqJ2X3raHwXU-840-80.jpg.webp 840w, https:\/\/cdn.mos.cms.futurecdn.net\/NQ7n2BvqRfrqJ2X3raHwXU-650-80.jpg.webp 650w, https:\/\/cdn.mos.cms.futurecdn.net\/NQ7n2BvqRfrqJ2X3raHwXU-500-80.jpg.webp 500w, https:\/\/cdn.mos.cms.futurecdn.net\/NQ7n2BvqRfrqJ2X3raHwXU-450-80.jpg.webp 450w, https:\/\/cdn.mos.cms.futurecdn.net\/NQ7n2BvqRfrqJ2X3raHwXU-320-80.jpg.webp 320w\" sizes=\"(min-width: 900px) 925px, (min-width: 700px) 450px, calc(100vw - 48px)\" \/><\/div>\n<p><span class=\"custom-subheading-styles\">Women&#8217;s Cycling<\/span><span class=\"text-base text-black font-bold mx-0 my-2.5 p-0 block custom-text-styles\">Tour of Britain Women: Lorena Wiebes doubles up with long-range sprint to win stage 2<\/span><\/div>\n<div class=\"relative recirc-feed sponsored-card min-h-[250px]\" data-recirc-id=\"article-river-stacked-ads:native-cards\" data-mrf-recirculation=\"article-river-ads\" data-nosnippet data-ad-slot-path=\"feed-sponsored-post\" data-attribute-device=\"all\">\n<div class=\"max-w-full sponsored-post--placeholder animate-pulse\">\n<div class=\"relative!\"><span class=\"text-base text-black font-bold mx-0 my-2.5 p-0 block bg-gray-100\">\u00a0<br \/>\u00a0<\/span><\/div>\n<\/div>\n<\/div>\n<div>\n<div class=\"aspect-[var(--img-listing-aspect-ratio,16\/9)] relative mb-3.5\">\n    <source type=\"image\/webp\" srcset=\"https:\/\/cdn.mos.cms.futurecdn.net\/mCNzze8TcJng2MT93SQRxa-840-80.jpg.webp 840w, https:\/\/cdn.mos.cms.futurecdn.net\/mCNzze8TcJng2MT93SQRxa-650-80.jpg.webp 650w, https:\/\/cdn.mos.cms.futurecdn.net\/mCNzze8TcJng2MT93SQRxa-500-80.jpg.webp 500w, https:\/\/cdn.mos.cms.futurecdn.net\/mCNzze8TcJng2MT93SQRxa-450-80.jpg.webp 450w, https:\/\/cdn.mos.cms.futurecdn.net\/mCNzze8TcJng2MT93SQRxa-320-80.jpg.webp 320w\" sizes=\"(min-width: 900px) 925px, (min-width: 700px) 450px, calc(100vw - 48px)\" \/><\/div>\n<p><span class=\"custom-subheading-styles\">Racing<\/span><span class=\"text-base text-black font-bold mx-0 my-2.5 p-0 block custom-text-styles\">Deutschland Tour: Louis Barr\u00e9 swipes bonus seconds and surprising win on stage 1 to go into race lead<\/span><\/div>\n<div class=\"relative recirc-feed sponsored-card min-h-[250px]\" data-recirc-id=\"article-river-stacked-ads:native-cards\" data-mrf-recirculation=\"article-river-ads\" data-nosnippet data-ad-slot-path=\"feed-sponsored-post\" data-attribute-device=\"all\">\n<div class=\"max-w-full sponsored-post--placeholder animate-pulse\">\n<div class=\"relative!\"><span class=\"text-base text-black font-bold mx-0 my-2.5 p-0 block bg-gray-100\">\u00a0<br \/>\u00a0<\/span><\/div>\n<\/div>\n<\/div>\n<div>\n<div class=\"aspect-[var(--img-listing-aspect-ratio,16\/9)] relative mb-3.5\">\n    <source type=\"image\/webp\" srcset=\"https:\/\/cdn.mos.cms.futurecdn.net\/cAaYYBwDpwRfEoSD8gosEa-840-80.jpg.webp 840w, https:\/\/cdn.mos.cms.futurecdn.net\/cAaYYBwDpwRfEoSD8gosEa-650-80.jpg.webp 650w, https:\/\/cdn.mos.cms.futurecdn.net\/cAaYYBwDpwRfEoSD8gosEa-500-80.jpg.webp 500w, https:\/\/cdn.mos.cms.futurecdn.net\/cAaYYBwDpwRfEoSD8gosEa-450-80.jpg.webp 450w, https:\/\/cdn.mos.cms.futurecdn.net\/cAaYYBwDpwRfEoSD8gosEa-320-80.jpg.webp 320w\" sizes=\"(min-width: 900px) 925px, (min-width: 700px) 450px, calc(100vw - 48px)\" \/><\/div>\n<p><span class=\"custom-subheading-styles\">Racing<\/span><span class=\"text-base text-black font-bold mx-0 my-2.5 p-0 block custom-text-styles\">Renewi Tour: Jasper Philipsen storms into race lead with victory on windy and chaotic stage 2<\/span><\/div>\n<div class=\"relative recirc-feed sponsored-card min-h-[250px]\" data-recirc-id=\"article-river-stacked-ads:native-cards\" data-mrf-recirculation=\"article-river-ads\" data-nosnippet data-ad-slot-path=\"feed-sponsored-post\" data-attribute-device=\"all\">\n<div class=\"max-w-full sponsored-post--placeholder animate-pulse\">\n<div class=\"relative!\"><span class=\"text-base text-black font-bold mx-0 my-2.5 p-0 block bg-gray-100\">\u00a0<br \/>\u00a0<\/span><\/div>\n<\/div>\n<\/div>\n<div>\n<div class=\"aspect-[var(--img-listing-aspect-ratio,16\/9)] relative mb-3.5\">\n    <source type=\"image\/webp\" srcset=\"https:\/\/cdn.mos.cms.futurecdn.net\/nsG7gc4HBgUPhAvYvmdxzj-840-80.jpg.webp 840w, https:\/\/cdn.mos.cms.futurecdn.net\/nsG7gc4HBgUPhAvYvmdxzj-650-80.jpg.webp 650w, https:\/\/cdn.mos.cms.futurecdn.net\/nsG7gc4HBgUPhAvYvmdxzj-500-80.jpg.webp 500w, https:\/\/cdn.mos.cms.futurecdn.net\/nsG7gc4HBgUPhAvYvmdxzj-450-80.jpg.webp 450w, https:\/\/cdn.mos.cms.futurecdn.net\/nsG7gc4HBgUPhAvYvmdxzj-320-80.jpg.webp 320w\" sizes=\"(min-width: 900px) 925px, (min-width: 700px) 450px, calc(100vw - 48px)\" \/><\/div>\n<p><span class=\"custom-subheading-styles\">Racing<\/span><span class=\"text-base text-black font-bold mx-0 my-2.5 p-0 block custom-text-styles\">GP Lucien Van Impe: Charlotte Kool sprints to much needed win after a wind and rain soaked race in Belgium<\/span><\/div>\n<div class=\"relative recirc-feed sponsored-card min-h-[250px]\" data-recirc-id=\"article-river-stacked-ads:native-cards\" data-mrf-recirculation=\"article-river-ads\" data-nosnippet data-ad-slot-path=\"feed-sponsored-post\" data-attribute-device=\"all\">\n<div class=\"max-w-full sponsored-post--placeholder animate-pulse\">\n<div class=\"relative!\"><span class=\"text-base text-black font-bold mx-0 my-2.5 p-0 block bg-gray-100\">\u00a0<br \/>\u00a0<\/span><\/div>\n<\/div>\n<\/div>\n<div>\n<div class=\"aspect-[var(--img-listing-aspect-ratio,16\/9)] relative mb-3.5\">\n    <source type=\"image\/webp\" srcset=\"https:\/\/cdn.mos.cms.futurecdn.net\/xaPhNZ65Eb5A24MN8pQZC8-840-80.jpg.webp 840w, https:\/\/cdn.mos.cms.futurecdn.net\/xaPhNZ65Eb5A24MN8pQZC8-650-80.jpg.webp 650w, https:\/\/cdn.mos.cms.futurecdn.net\/xaPhNZ65Eb5A24MN8pQZC8-500-80.jpg.webp 500w, https:\/\/cdn.mos.cms.futurecdn.net\/xaPhNZ65Eb5A24MN8pQZC8-450-80.jpg.webp 450w, https:\/\/cdn.mos.cms.futurecdn.net\/xaPhNZ65Eb5A24MN8pQZC8-320-80.jpg.webp 320w\" sizes=\"(min-width: 900px) 925px, (min-width: 700px) 450px, calc(100vw - 48px)\" \/><\/div>\n<p><span class=\"custom-subheading-styles\">Racing<\/span><span class=\"text-base text-black font-bold mx-0 my-2.5 p-0 block custom-text-styles\">Tadej Poga\u010dar could win the Vuelta a Espa\u00f1a by 10 minutes but total domination is unlikely \u2013 Philippa York analysis<\/span><\/div>\n<div class=\"relative recirc-feed sponsored-card min-h-[250px]\" data-recirc-id=\"article-river-stacked-ads:native-cards\" data-mrf-recirculation=\"article-river-ads\" data-nosnippet data-ad-slot-path=\"feed-sponsored-post\" data-attribute-device=\"all\">\n<div class=\"max-w-full sponsored-post--placeholder animate-pulse\">\n<div class=\"relative!\"><span class=\"text-base text-black font-bold mx-0 my-2.5 p-0 block bg-gray-100\">\u00a0<br \/>\u00a0<\/span><\/div>\n<\/div>\n<\/div>\n<\/div>\n<\/div>\n<\/aside>\n<aside class=\"w-full\" data-nosnippet data-mrf-recirculation=\"article-river-stacked\">\n<div data-recirc-id=\"article-river-stacked-solr:latest-articletype\">\n<div class=\"text-white py-4 px-3 mb-4 bg-[#333] uppercase font-bold custom-header-styles\">Latest in Race Results<\/div>\n<div class=\"grid grid-cols-1 gap-4 mt-4 mb-5\">\n<div>\n<div class=\"aspect-[var(--img-listing-aspect-ratio,16\/9)] relative mb-3.5\">\n    <source type=\"image\/webp\" srcset=\"https:\/\/cdn.mos.cms.futurecdn.net\/NQ7n2BvqRfrqJ2X3raHwXU-840-80.jpg.webp 840w, https:\/\/cdn.mos.cms.futurecdn.net\/NQ7n2BvqRfrqJ2X3raHwXU-650-80.jpg.webp 650w, https:\/\/cdn.mos.cms.futurecdn.net\/NQ7n2BvqRfrqJ2X3raHwXU-500-80.jpg.webp 500w, https:\/\/cdn.mos.cms.futurecdn.net\/NQ7n2BvqRfrqJ2X3raHwXU-450-80.jpg.webp 450w, https:\/\/cdn.mos.cms.futurecdn.net\/NQ7n2BvqRfrqJ2X3raHwXU-320-80.jpg.webp 320w\" sizes=\"(min-width: 900px) 925px, (min-width: 700px) 450px, calc(100vw - 48px)\" \/><\/div>\n<p><span class=\"custom-subheading-styles\">Women&#8217;s Cycling<\/span><span class=\"text-base text-black font-bold mx-0 my-2.5 p-0 block custom-text-styles\">Tour of Britain Women: Lorena Wiebes doubles up with long-range sprint to win stage 2<\/span><\/div>\n<div class=\"relative recirc-feed sponsored-card min-h-[250px]\" data-recirc-id=\"article-river-stacked-ads:native-cards\" data-mrf-recirculation=\"article-river-ads\" data-nosnippet data-ad-slot-path=\"feed-sponsored-post\" data-attribute-device=\"all\">\n<div class=\"max-w-full sponsored-post--placeholder animate-pulse\">\n<div class=\"relative!\"><span class=\"text-base text-black font-bold mx-0 my-2.5 p-0 block bg-gray-100\">\u00a0<br \/>\u00a0<\/span><\/div>\n<\/div>\n<\/div>\n<div>\n<div class=\"aspect-[var(--img-listing-aspect-ratio,16\/9)] relative mb-3.5\">\n    <source type=\"image\/webp\" srcset=\"https:\/\/cdn.mos.cms.futurecdn.net\/mCNzze8TcJng2MT93SQRxa-840-80.jpg.webp 840w, https:\/\/cdn.mos.cms.futurecdn.net\/mCNzze8TcJng2MT93SQRxa-650-80.jpg.webp 650w, https:\/\/cdn.mos.cms.futurecdn.net\/mCNzze8TcJng2MT93SQRxa-500-80.jpg.webp 500w, https:\/\/cdn.mos.cms.futurecdn.net\/mCNzze8TcJng2MT93SQRxa-450-80.jpg.webp 450w, https:\/\/cdn.mos.cms.futurecdn.net\/mCNzze8TcJng2MT93SQRxa-320-80.jpg.webp 320w\" sizes=\"(min-width: 900px) 925px, (min-width: 700px) 450px, calc(100vw - 48px)\" \/><\/div>\n<p><span class=\"custom-subheading-styles\">Racing<\/span><span class=\"text-base text-black font-bold mx-0 my-2.5 p-0 block custom-text-styles\">Deutschland Tour: Louis Barr\u00e9 swipes bonus seconds and surprising win on stage 1 to go into race lead<\/span><\/div>\n<div class=\"relative recirc-feed sponsored-card min-h-[250px]\" data-recirc-id=\"article-river-stacked-ads:native-cards\" data-mrf-recirculation=\"article-river-ads\" data-nosnippet data-ad-slot-path=\"feed-sponsored-post\" data-attribute-device=\"all\">\n<div class=\"max-w-full sponsored-post--placeholder animate-pulse\">\n<div class=\"relative!\"><span class=\"text-base text-black font-bold mx-0 my-2.5 p-0 block bg-gray-100\">\u00a0<br \/>\u00a0<\/span><\/div>\n<\/div>\n<\/div>\n<div>\n<div class=\"aspect-[var(--img-listing-aspect-ratio,16\/9)] relative mb-3.5\">\n    <source type=\"image\/webp\" srcset=\"https:\/\/cdn.mos.cms.futurecdn.net\/cAaYYBwDpwRfEoSD8gosEa-840-80.jpg.webp 840w, https:\/\/cdn.mos.cms.futurecdn.net\/cAaYYBwDpwRfEoSD8gosEa-650-80.jpg.webp 650w, https:\/\/cdn.mos.cms.futurecdn.net\/cAaYYBwDpwRfEoSD8gosEa-500-80.jpg.webp 500w, https:\/\/cdn.mos.cms.futurecdn.net\/cAaYYBwDpwRfEoSD8gosEa-450-80.jpg.webp 450w, https:\/\/cdn.mos.cms.futurecdn.net\/cAaYYBwDpwRfEoSD8gosEa-320-80.jpg.webp 320w\" sizes=\"(min-width: 900px) 925px, (min-width: 700px) 450px, calc(100vw - 48px)\" \/><\/div>\n<p><span class=\"custom-subheading-styles\">Racing<\/span><span class=\"text-base text-black font-bold mx-0 my-2.5 p-0 block custom-text-styles\">Renewi Tour: Jasper Philipsen storms into race lead with victory on windy and chaotic stage 2<\/span><\/div>\n<div class=\"relative recirc-feed sponsored-card min-h-[250px]\" data-recirc-id=\"article-river-stacked-ads:native-cards\" data-mrf-recirculation=\"article-river-ads\" data-nosnippet data-ad-slot-path=\"feed-sponsored-post\" data-attribute-device=\"all\">\n<div class=\"max-w-full sponsored-post--placeholder animate-pulse\">\n<div class=\"relative!\"><span class=\"text-base text-black font-bold mx-0 my-2.5 p-0 block bg-gray-100\">\u00a0<br \/>\u00a0<\/span><\/div>\n<\/div>\n<\/div>\n<div>\n<div class=\"aspect-[var(--img-listing-aspect-ratio,16\/9)] relative mb-3.5\">\n    <source type=\"image\/webp\" srcset=\"https:\/\/cdn.mos.cms.futurecdn.net\/nsG7gc4HBgUPhAvYvmdxzj-840-80.jpg.webp 840w, https:\/\/cdn.mos.cms.futurecdn.net\/nsG7gc4HBgUPhAvYvmdxzj-650-80.jpg.webp 650w, https:\/\/cdn.mos.cms.futurecdn.net\/nsG7gc4HBgUPhAvYvmdxzj-500-80.jpg.webp 500w, https:\/\/cdn.mos.cms.futurecdn.net\/nsG7gc4HBgUPhAvYvmdxzj-450-80.jpg.webp 450w, https:\/\/cdn.mos.cms.futurecdn.net\/nsG7gc4HBgUPhAvYvmdxzj-320-80.jpg.webp 320w\" sizes=\"(min-width: 900px) 925px, (min-width: 700px) 450px, calc(100vw - 48px)\" \/><\/div>\n<p><span class=\"custom-subheading-styles\">Racing<\/span><span class=\"text-base text-black font-bold mx-0 my-2.5 p-0 block custom-text-styles\">GP Lucien Van Impe: Charlotte Kool sprints to much needed win after a wind and rain soaked race in Belgium<\/span><\/div>\n<div class=\"relative recirc-feed sponsored-card min-h-[250px]\" data-recirc-id=\"article-river-stacked-ads:native-cards\" data-mrf-recirculation=\"article-river-ads\" data-nosnippet data-ad-slot-path=\"feed-sponsored-post\" data-attribute-device=\"all\">\n<div class=\"max-w-full sponsored-post--placeholder animate-pulse\">\n<div class=\"relative!\"><span class=\"text-base text-black font-bold mx-0 my-2.5 p-0 block bg-gray-100\">\u00a0<br \/>\u00a0<\/span><\/div>\n<\/div>\n<\/div>\n<div>\n<div class=\"aspect-[var(--img-listing-aspect-ratio,16\/9)] relative mb-3.5\">\n    <source type=\"image\/webp\" srcset=\"https:\/\/cdn.mos.cms.futurecdn.net\/SbcAyX4mTz373kZpRJiv99-840-80.jpg.webp 840w, https:\/\/cdn.mos.cms.futurecdn.net\/SbcAyX4mTz373kZpRJiv99-650-80.jpg.webp 650w, https:\/\/cdn.mos.cms.futurecdn.net\/SbcAyX4mTz373kZpRJiv99-500-80.jpg.webp 500w, https:\/\/cdn.mos.cms.futurecdn.net\/SbcAyX4mTz373kZpRJiv99-450-80.jpg.webp 450w, https:\/\/cdn.mos.cms.futurecdn.net\/SbcAyX4mTz373kZpRJiv99-320-80.jpg.webp 320w\" sizes=\"(min-width: 900px) 925px, (min-width: 700px) 450px, calc(100vw - 48px)\" \/><\/div>\n<p><span class=\"custom-subheading-styles\">Racing<\/span><span class=\"text-base text-black font-bold mx-0 my-2.5 p-0 block custom-text-styles\">Renewi Tour: Jonathan Milan edges out Olav Kooij in photo finish to win a messy opening stage<\/span><\/div>\n<div class=\"relative recirc-feed sponsored-card min-h-[250px]\" data-recirc-id=\"article-river-stacked-ads:native-cards\" data-mrf-recirculation=\"article-river-ads\" data-nosnippet data-ad-slot-path=\"feed-sponsored-post\" data-attribute-device=\"all\">\n<div class=\"max-w-full sponsored-post--placeholder animate-pulse\">\n<div class=\"relative!\"><span class=\"text-base text-black font-bold mx-0 my-2.5 p-0 block bg-gray-100\">\u00a0<br \/>\u00a0<\/span><\/div>\n<\/div>\n<\/div>\n<div>\n<div class=\"aspect-[var(--img-listing-aspect-ratio,16\/9)] relative mb-3.5\">\n    <source type=\"image\/webp\" srcset=\"https:\/\/cdn.mos.cms.futurecdn.net\/8JgxTxPjmbagSKAfvL2u5a-840-80.jpg.webp 840w, https:\/\/cdn.mos.cms.futurecdn.net\/8JgxTxPjmbagSKAfvL2u5a-650-80.jpg.webp 650w, https:\/\/cdn.mos.cms.futurecdn.net\/8JgxTxPjmbagSKAfvL2u5a-500-80.jpg.webp 500w, https:\/\/cdn.mos.cms.futurecdn.net\/8JgxTxPjmbagSKAfvL2u5a-450-80.jpg.webp 450w, https:\/\/cdn.mos.cms.futurecdn.net\/8JgxTxPjmbagSKAfvL2u5a-320-80.jpg.webp 320w\" sizes=\"(min-width: 900px) 925px, (min-width: 700px) 450px, calc(100vw - 48px)\" \/><\/div>\n<p><span class=\"custom-subheading-styles\">Women&#8217;s Cycling<\/span><span class=\"text-base text-black font-bold mx-0 my-2.5 p-0 block custom-text-styles\">Tour of Britain Women: Lorena Wiebes snatches sprint victory on stage 1 ahead of Chiara Consonni<\/span><\/div>\n<div class=\"relative recirc-feed sponsored-card min-h-[250px]\" data-recirc-id=\"article-river-stacked-ads:native-cards\" data-mrf-recirculation=\"article-river-ads\" data-nosnippet data-ad-slot-path=\"feed-sponsored-post\" data-attribute-device=\"all\">\n<div class=\"max-w-full sponsored-post--placeholder animate-pulse\">\n<div class=\"relative!\"><span class=\"text-base text-black font-bold mx-0 my-2.5 p-0 block bg-gray-100\">\u00a0<br \/>\u00a0<\/span><\/div>\n<\/div>\n<\/div>\n<\/div>\n<\/div>\n<\/aside>\n<\/section>\n<\/div>\n<\/div>\n<\/div>\n<div id=\"widgetArea17\" class=\"widget-area md:basis-1\/3 widget-area-g-md-vp-1-3 widget-area-g-lg-vp-1-3 widget-area-g-xl-vp-1-3 page-widget-area-17\">\n<div data-widget-type=\"dynamic\" id=\"popular-data\" class=\"clear-both widget widget-dynamic widget-popular-data widget-dynamic-popular-data widget-dynamic-fter-popular-box\">\n<div class=\"wdn-fte-pb pos-relative space-t20\n\"><\/p>\n<div class=\"slice-container popular-box-slice\">\n<section class=\"popular-box\" data-component-name=\"Slice:PopularBox\">\n<div class=\"popular-box__label\">\n<div class=\"popular-box__label__tab popular-box__label__tab--active\" role=\"heading\">\nLATEST ARTICLES\n<\/div>\n<\/div>\n<ol class=\"popular-box__articles-list popular-box__articles-list--active\">\n<li class=\"popular-box__article-list\">\n<div class=\"popular-box__article-list__container\">\n<div class=\"popular-box__article-list__image-wrapper\">\n<div>\n<source type=\"image\/webp\" srcset=\"https:\/\/cdn.mos.cms.futurecdn.net\/mCNzze8TcJng2MT93SQRxa-1280-80.jpg.webp 1280w, https:\/\/cdn.mos.cms.futurecdn.net\/mCNzze8TcJng2MT93SQRxa-720-80.jpg.webp 720w, https:\/\/cdn.mos.cms.futurecdn.net\/mCNzze8TcJng2MT93SQRxa-640-80.jpg.webp 640w, https:\/\/cdn.mos.cms.futurecdn.net\/mCNzze8TcJng2MT93SQRxa-320-80.jpg.webp 320w\" sizes=\"99vw\" \/><\/div>\n<\/div>\n<div class=\"popular-box__article-list__content\">\n<div class=\"popular-box__article-list__number-text\">1<\/div>\n<div class=\"popular-box__article-list__heading\">\n<p>Deutschland Tour: Louis Barr\u00e9 swipes bonus seconds and surprising win on stage 1 to go into race lead<\/p>\n<\/div>\n<\/div>\n<\/div>\n<\/li>\n<li class=\"popular-box__article-list\">\n<div class=\"popular-box__article-list__container\">\n<div class=\"popular-box__article-list__content\">\n<div class=\"popular-box__article-list__number-text\">2<\/div>\n<div class=\"popular-box__article-list__heading\">\n<p>Tour du Limousin: Daan Depuydt takes a thrilling stage win with a long range sprint as the breakaway is caught inside the final kilometre<\/p>\n<\/div>\n<\/div>\n<\/div>\n<\/li>\n<li class=\"popular-box__article-list\">\n<div class=\"popular-box__article-list__container\">\n<div class=\"popular-box__article-list__content\">\n<div class=\"popular-box__article-list__number-text\">3<\/div>\n<div class=\"popular-box__article-list__heading\">\n<p>Tour of Britain Women: Lorena Wiebes doubles up with long-range sprint to win stage 2<\/p>\n<\/div>\n<\/div>\n<\/div>\n<\/li>\n<li class=\"popular-box__article-list\">\n<div class=\"popular-box__article-list__container\">\n<div class=\"popular-box__article-list__content\">\n<div class=\"popular-box__article-list__number-text\">4<\/div>\n<div class=\"popular-box__article-list__heading\">\n<p>Josh Tarling to start Vuelta a Espa\u00f1a for Netcompany-Ineos days after the death of his brother, Finlay<\/p>\n<\/div>\n<\/div>\n<\/div>\n<\/li>\n<li class=\"popular-box__article-list\">\n<div class=\"popular-box__article-list__container\">\n<div class=\"popular-box__article-list__content\">\n<div class=\"popular-box__article-list__number-text\">5<\/div>\n<div class=\"popular-box__article-list__heading\">\n<p>Tour of Britain halted for half an hour as road traffic crash blocks the course<\/p>\n<\/div>\n<\/div>\n<\/div>\n<\/li>\n<\/ol>\n<\/section>\n<\/div>\n<\/div>\n<\/div>\n<\/div>\n<\/div>\n<\/article>\n<article class=\"page-content-onecol flex-1\nnews-article article\n\"><\/p>\n<div class=\"widget-area-group widget-area-group-2col flex flex-wrap box-border\">\n<div id=\"widgetArea16\" class=\"widget-area basis-full md:basis-2\/3 widget-area-g-md-vp-2-3 widget-area-g-lg-vp-2-3 widget-area-g-xl-vp-2-3 page-widget-area-16\">\n<div data-widget-type=\"hero\" id=\"hero\" class=\"clear-both widget widget-hero widget-hero widget-hero-hero widget-hero widget-hero-fter-news\">\n<div class=\"news-article\">\n<header data-component-name=\"Article:Hero\">\n<nav class=\"breadcrumb\" aria-label=\"Breadcrumbs\">\n<ol>\n<li>\nPro Cycling\n<\/li>\n<li>\nRacing\n<\/li>\n<li>\nRoad\n<\/li>\n<li>\nTour du Limousin\n<\/li>\n<\/ol>\n<\/nav>\n<h1>Tour du Limousin: Daan Depuydt takes a thrilling stage win with a long range sprint as the breakaway is caught inside the final kilometre<\/h1>\n<div class=\"byline-social\">\n<div class=\"vds-byline-block flex flex-row flex-nowrap my-1.5 gap-2 text-left items-start justify-start\" data-component-name=\"Article:BylineBlock\">\n<p>Race Results<\/p>\n<div class=\"my-auto vds-simple-byline\"><span class=\"inline-block vds-author\"><br \/>\nBy<br \/>\nOwen Rogers <\/span><\/p>\n<div class=\"flex gap-1 vds-byline-with-avatar__meta\"><span class=\"vds-date block font-normal tracking-normal normal-case text-xs\"><br \/>\nPublished<br \/>\n<time data-component-name=\"UI:DateTime\" datetime=\"2026-08-20T15:02:40Z\" class=\"relative-date\"><br \/>\n20 August 2026<br \/>\n<\/time><\/span><\/div>\n<\/div>\n<\/div>\n<p class=\"strapline\">Ewen Costiou retains the overall lead win one stage remaining<\/p>\n<\/div>\n<aside class=\"text-gray-700 flex items-center mx-0 my-5 p-0 justify-start text-left\" id=\"affiliate-disclaimer\" data-component-name=\"AffiliateDisclaimer\" data-hawk-message=\"Affiliate disclaimer removed because hawk deemed there are no affiliate links on this page\">\n<p class=\"text-[color:var(--affiliate-disclaimer--text-color,inherit)] mb-2 text-[length:var(--affiliate-disclaimer--font-size,0.75rem)] leading-[18px] md:text-[13px] [&amp;&gt;a]:text-inherit [&amp;&gt;a]:underline\">\nWhen you purchase through links on our site, we may earn an affiliate commission. Here\u2019s how it works.\n<\/p>\n<\/aside>\n<\/header>\n<\/div>\n<\/div>\n<div data-widget-type=\"contentparsed\" id=\"content\" class=\"clear-both widget widget-contentparsed widget-content widget-contentparsed-content widget-content-parsed widget-content-parsed-content_document \">\n<div class=\"wcp-item-content\">\n<section class=\"content-wrapper\">\n<div class=\"box less-space hero-image-wrapper\">\n<figure class=\"mb-0\">\n<source type=\"image\/webp\" srcset=\"https:\/\/cdn.mos.cms.futurecdn.net\/XkeTKf9Dxi2vbNkZwEyq2k-1024-80.jpg.webp 1920w, https:\/\/cdn.mos.cms.futurecdn.net\/XkeTKf9Dxi2vbNkZwEyq2k-1024-80.jpg.webp 1600w, https:\/\/cdn.mos.cms.futurecdn.net\/XkeTKf9Dxi2vbNkZwEyq2k-1024-80.jpg.webp 1200w, https:\/\/cdn.mos.cms.futurecdn.net\/XkeTKf9Dxi2vbNkZwEyq2k-1024-80.jpg.webp 1024w, https:\/\/cdn.mos.cms.futurecdn.net\/XkeTKf9Dxi2vbNkZwEyq2k-970-80.jpg.webp 970w, https:\/\/cdn.mos.cms.futurecdn.net\/XkeTKf9Dxi2vbNkZwEyq2k-750-80.jpg.webp 750w, https:\/\/cdn.mos.cms.futurecdn.net\/XkeTKf9Dxi2vbNkZwEyq2k-650-80.jpg.webp 650w, https:\/\/cdn.mos.cms.futurecdn.net\/XkeTKf9Dxi2vbNkZwEyq2k-480-80.jpg.webp 480w, https:\/\/cdn.mos.cms.futurecdn.net\/XkeTKf9Dxi2vbNkZwEyq2k-320-80.jpg.webp 320w\" sizes=\"(min-width: 1000px) 600px, 100vw\" \/><figcaption class=\"font-article-copy text-(--image--text--color) font-article-copy mt-2\"><span class=\"caption-text font-article-copy\">Daan Depuydt (Left) takes his first pro win at the Tour du Limousin<\/span><span class=\"credit font-article-copy\">(Image credit: Getty Images)<\/span><\/figcaption><\/figure>\n<\/div>\n<div data-component-name=\"Article:JumpTo\" class=\"contents\" data-only-inline=\"1\">\n<div class=\"visible flex flex-row flex-nowrap sticky max-lg:-ml-5 top-[var(--site-header-height,60px)] sm:top-0 z-[9994] w-screen lg:w-full h-[50px] bg-white p-0 mb-5 border-neutral-200 border border-solid\" data-component-name=\"Article:JumpTo:Variants:Inline\" data-analytics-id=\"sticky-nav\" id=\"sticky-nav--inline\" data-mrf-recirculation=\"sticky-nav\">\n<div class=\"flex flex-row w-full h-full overflow-x-scroll overflow-y-hidden tracking-normal overscroll-x-contain\" id=\"sticky-nav__scroll-container\"><span class=\"pl-4 my-auto text-base font-semibold font-article-heading lg:pl-3 lg:text-sm whitespace-nowrap uppercase\">Jump To:<\/span><\/p>\n<ul class=\"flex flex-row w-auto border-y-0\">\n<li class=\"inline-flex after:content-[&apos;&apos;] after:inline-block after:relative after:h-3\/6 after:w-px after:bg-neutral-200 after:top-1\/4\nborder-b-[3px] border-b-(--jumpto-underline-color) border-solid font-semibold \" data-component-name=\"Article:JumpTo:Inline:Link\">\n<p>Results<\/p>\n<\/li>\n<\/ul>\n<\/div>\n<\/div>\n<\/div>\n<div id=\"article-body\" class=\"text-copy bodyCopy auto paywall-locker\">\n<div data-analytics-id=\"utility-bar\" id=\"utility-bar\" class=\"font-ui-heading flex justify-between items-center py-2 border-t border-b border-gray-300 border-solid mb-5 mx-auto\" data-component-name=\"UtilityBar\" data-mrf-recirculation=\"utility-bar\">\n<div class=\"flex gap-2 text-[#333] subcontainer\">\n<div class=\"relative tooltip-container\" role=\"tooltip\">\n<div data-component-name=\"Social:Dropdown\" role=\"menu\" id=\"utilitybar__dropdown--share\" aria-labelledby=\"utilitybar__button--share\" class=\"absolute left-0 top-full w-44 bg-white rounded-md shadow-md border border-neutral-200 z-[9996] list-none m-0 py-2 px-3 border-solid\">\n<ul class=\"m-0!\">\n<li class=\"!p-0 !m-0 list-none border-b border-gray-200 border-solid\">\n<li class=\"!p-0 !m-0 list-none border-b border-gray-200 border-solid\">\n<p>Facebook<\/p>\n<\/li>\n<li class=\"!p-0 !m-0 list-none border-b border-gray-200 border-solid\">\n<p>X<\/p>\n<\/li>\n<li class=\"!p-0 !m-0 list-none border-b border-gray-200 border-solid\">\n<p>Pinterest<\/p>\n<\/li>\n<li class=\"!p-0 !m-0 list-none border-b border-gray-200 border-solid\">\n<p>Email<\/p>\n<\/li>\n<\/ul>\n<\/div>\n<div class=\"font-ui-heading max-sm:hidden tooltip absolute left-1\/2 bg-gray-900 text-white text-xs leading-none px-3 py-1.5 rounded-md z-[10001] whitespace-nowrap\" id=\"tooltip-share-this-article\" role=\"tooltip\" aria-hidden=\"true\">\nShare this article\n<\/div>\n<\/div>\n<div class=\"relative tooltip-container\" role=\"tooltip\"><span class=\"ml-1 inline-flex h-5 px-2 shrink-0 items-center justify-center self-center overflow-hidden whitespace-nowrap rounded-[10px] bg-primary-500 text-[11px] leading-none font-ui-heading font-semibold text-white\">0<\/span><\/p>\n<div class=\"font-ui-heading max-sm:hidden tooltip absolute left-1\/2 bg-gray-900 text-white text-xs leading-none px-3 py-1.5 rounded-md z-[10001] whitespace-nowrap\" id=\"tooltip-join-the-conversation\" role=\"tooltip\" aria-hidden=\"true\">\nJoin the conversation\n<\/div>\n<\/div>\n<\/div>\n<div class=\"flex gap-2 text-[#333] subcontainer\">\n<div class=\"relative tooltip-container\" role=\"tooltip\">\n<p>Follow us<\/p>\n<div class=\"font-ui-heading max-sm:hidden tooltip absolute left-1\/2 bg-gray-900 text-white text-xs leading-none px-3 py-1.5 rounded-md z-[10001] whitespace-nowrap\" id=\"tooltip-add-us-as-a-preferred-source-on-google\" role=\"tooltip\" aria-hidden=\"true\">\nAdd us as a preferred source on Google\n<\/div>\n<\/div>\n<div class=\"relative tooltip-container\" role=\"tooltip\">\n<div class=\"font-ui-heading max-sm:hidden tooltip absolute left-1\/2 bg-gray-900 text-white text-xs leading-none px-3 py-1.5 rounded-md z-[10001] whitespace-nowrap\" id=\"tooltip-subscribe-to-our-newsletter\" role=\"tooltip\" aria-hidden=\"true\">\nSubscribe to our newsletter\n<\/div>\n<\/div>\n<\/div>\n<\/div>\n<p id=\"elk-82db6ac4-9c88-11f1-a29d-af2532397de4\">Daan Depuydt won the third stage of the Tour du Limousin on Thursday, the Baloise Verzekeringen-Het Postbureau Lion rider winning a two man sprint on the uphill finish into \u00c9gletons.<\/p>\n<p>Depuydt attacked what remained of the peloton inside the final 400 metres, taking Axel Mariault (CIC Academy) with him on their long range sprint. For a while it seemed as though Mariault would overhaul his rival, but the Belgian held on to take his first professional road victory.<\/p>\n<p id=\"elk-82db6ac4-9c88-11f1-a29d-af2532397de4-2\" aria-hidden=\"true\" class=\"kiosq-b\">Alex Aranburu (Cofidis) was third, leading the bunch home on the same time as the winner.<\/p>\n<div class=\"my-6 w-full overflow-hidden rounded-[10px] lg:my-8\" data-component-name=\"JwPlayer:Carousel\" data-jwp-carousel data-jwp-carousel-payload=\"{&quot;ids&quot;:{&quot;playerID&quot;:&quot;jYDCcabO&quot;,&quot;searchPlaylistID&quot;:&quot;gwjdoYHD&quot;,&quot;divID&quot;:&quot;botr_gwjdoYHD_jYDCcabO_div&quot;,&quot;fallbackPlaylistID&quot;:&quot;gwjdoYHD&quot;,&quot;fallbackDivID&quot;:&quot;botr_gwjdoYHD_jYDCcabO_div&quot;,&quot;key&quot;:&quot;X9\/mXVGac0NphghLH9hZaqWA5d3dhAM\/Ih07grnEyMLjuO2E&quot;,&quot;tintLogo&quot;:true,&quot;useSearchPlaylist&quot;:false,&quot;enabled&quot;:true},&quot;signPostingEnabled&quot;:true,&quot;signPostingLinkEnabled&quot;:true,&quot;waitForAdLoad&quot;:false,&quot;hidePlayerOnDesktop&quot;:false,&quot;hidePlayerOnMobile&quot;:false,&quot;hidePlayerOnTablet&quot;:false}\">\n<div class=\"flex flex-nowrap items-center justify-between gap-3 bg-zinc-900 px-[14px] py-3\" data-jwp-carousel-header>\n<div class=\"flex min-w-0 shrink items-center\"><span class=\"inline-flex items-center gap-1.5 text-sm font-article-heading capitalize leading-5 text-white whitespace-nowrap\"><span class=\"jwp-carousel-title-desktop\">Latest Videos From<\/span><span class=\"jwp-carousel-brand\">Cyclingnews<\/span><\/span><\/div>\n<\/div>\n<div class=\"min-h-[44px] bg-zinc-900 px-[14px] py-3\" data-jwp-carousel-signposting><a class=\"invisible block truncate text-sm font-bold leading-5 text-white underline decoration-solid underline-offset-2\" data-jwp-carousel-signposting-link href target=\"_blank\" rel=\"noopener noreferrer\"><span data-jwp-carousel-signposting-title>Watch full video here: <\/span><\/a><\/div>\n<\/div>\n<p aria-hidden=\"true\" class=\"kiosq-b\">After winning stage 2 and taking the yellow jersey, Ewen Costiou (Groupama-FDJ United) finished fifth, retaining the overall lead with an advantage of 21 seconds with one stage to go.<\/p>\n<p aria-hidden=\"true\" class=\"kiosq-b\">It was another lumpy day at the Tour du Limousin, the 181.8km stage between Saint-Privat and \u00c9gletons climbing more than 3,000m.<\/p>\n<aside data-component-name=\"Recirculation:ArticleRiver\" data-recirculation-type=\"inline\" data-mrf-recirculation=\"Trending Bar\" data-nosnippet class=\"clear-both pt-2 pb-0 mb-4\"><span class=\"\n            flex\n            after:content-[&apos;&apos;] after:flex-1 after:ml-4 after:my-[0.7rem] after:border-t after:border-solid after:border-t-[#ccc]\n            before:content-[&apos;&apos;] before:flex-1 before:mr-4 before:my-[0.7rem] before:border-t before:border-solid before:border-t-[#ccc]\n            font-article-heading pb-0 text-[length:var(--article-river-title--font-size,1em)] uppercase sm:text-[length:var(--article-river-title--font-size,0.875em)] font-bold\n        \"><br \/>\n            You may like<br \/>\n        <\/span><\/p>\n<ul class=\"flex flex-col gap-0 m-0 max-w-full\">\n<li class=\"m-0 list-none border-b border-solid border-[#ededed] py-2\" data-recirculation-id=\"recirculation-card-1\" id=\"recirculation-inline-1\" data-analytics-id=\"recirculation-inline-1\" data-mrf-recirculation=\"recirculation-inline-1\">\n    <source type=\"image\/webp\" srcset=\"https:\/\/cdn.mos.cms.futurecdn.net\/yAnsDdKmbgaoEVxVQD5y66-250-80.jpg.webp 250w, https:\/\/cdn.mos.cms.futurecdn.net\/yAnsDdKmbgaoEVxVQD5y66-150-80.jpg.webp 150w\" sizes=\"150px\" \/><span class=\"w-full text-base font-[var(--article-river-item--font-weight,500)] font-article-heading line-clamp-3 md:line-clamp-2\">Tour du Limousin: Ewen Costiou takes the overall lead after a solo stage 2 victory<\/span><\/li>\n<li class=\"m-0 list-none border-b border-solid border-[#ededed] py-2\" data-recirculation-id=\"recirculation-card-2\" id=\"recirculation-inline-2\" data-analytics-id=\"recirculation-inline-2\" data-mrf-recirculation=\"recirculation-inline-2\">\n    <source type=\"image\/webp\" srcset=\"https:\/\/cdn.mos.cms.futurecdn.net\/pkwxYUBxo7yMWG2obfPXnm-250-80.jpg.webp 250w, https:\/\/cdn.mos.cms.futurecdn.net\/pkwxYUBxo7yMWG2obfPXnm-150-80.jpg.webp 150w\" sizes=\"150px\" \/><span class=\"w-full text-base font-[var(--article-river-item--font-weight,500)] font-article-heading line-clamp-3 md:line-clamp-2\">Tour du Limousin: 21-year-old Noa Isidore sprints to first pro victory on stage 1 uphill finish<\/span><\/li>\n<li class=\"m-0 list-none border-b border-solid border-[#ccc] py-2\" data-recirculation-id=\"recirculation-card-3\" id=\"recirculation-inline-3\" data-analytics-id=\"recirculation-inline-3\" data-mrf-recirculation=\"recirculation-inline-3\">\n    <source type=\"image\/webp\" srcset=\"https:\/\/cdn.mos.cms.futurecdn.net\/j5qRdC7dz3oxgaYAtSKzmW-250-80.jpg.webp 250w, https:\/\/cdn.mos.cms.futurecdn.net\/j5qRdC7dz3oxgaYAtSKzmW-150-80.jpg.webp 150w\" sizes=\"150px\" \/><span class=\"w-full text-base font-[var(--article-river-item--font-weight,500)] font-article-heading line-clamp-3 md:line-clamp-2\">As it happened: Breakaway succeeds on opening day at Crit\u00e9rium du Dauphin\u00e9 &#8211; Tour Auvergne-Rh\u00f4ne-Alpes stage 1<\/span><\/li>\n<\/ul>\n<\/aside>\n<p aria-hidden=\"true\" class=\"kiosq-b\">It was another aggressive start to the day, and despite several attacks it took more than 30km for the breakaway to form. Eventually L\u00e9andre Lozouet (CIC Academy), Th\u00e9o Delacroix (St Michel-Preference Homes-Auber93) and the Lotto-Intermarch\u00e9 pair of Matys Grisel and Baptiste Veistroffer, who had been part of the stage two breakaway, got away, building a lead of around a minute.<\/p>\n<p aria-hidden=\"true\" class=\"kiosq-b\">They were soon joined by seven other riders, and an 11-man group set about building their advantage, though such a large group was never going to be allowed too much of an advantage, and they struggled to put more than 1:30 into the peloton.<\/p>\n<div id=\"slice-container-newsletterForm-articleInbodyContent-9JdwLcPtE2CruNvdPkG9JR\" class=\"slice-container newsletter-inbodyContent-slice newsletterForm-articleInbodyContent-9JdwLcPtE2CruNvdPkG9JR slice-container-newsletterForm\">\n<div data-hydrate=\"true\" class=\"newsletter-form__wrapper newsletter-form__wrapper--inbodyContent\">\n<div class=\"newsletter-form__container\">\n<section class=\"newsletter-form__top-bar\">\n<div class=\"newsletter-form__header\">Get The Leadout Newsletter<\/div>\n<\/section>\n<section class=\"newsletter-form__main-section\">\n<p class=\"newsletter-form__strapline\">The latest race content, interviews, features, reviews and expert buying guides, direct to your inbox!<\/p>\n<footer class=\"newsletter-form__footer \">By submitting your information you agree to the Terms &amp; Conditions and Privacy Policy and are aged 16 or over.<\/footer>\n<\/section>\n<\/div>\n<\/div>\n<\/div>\n<p aria-hidden=\"true\" class=\"kiosq-b\">With 32km to go the leaders were caught and two more riders headed up the road, Maxence Place (Lotto-Intermarch\u00e9) and Pierre-Henry Basset (XDS-Astana) attacking on a climb and building a lead of 30 seconds, though Place crashed on a bend leaving Basset alone in the final 20km.<\/p>\n<p aria-hidden=\"true\" class=\"kiosq-b\">Though his lead extended to one minute, he was reeled in by what remained of the peloton, his heart broken as he was caught with just 800m to go.<\/p>\n<p id=\"elk-b1369d7a-9c8e-11f1-a815-472351239a5e\" aria-hidden=\"true\" class=\"kiosq-b\"><strong>For unbeatable coverage across road, gravel and tech, subscribe to Cyclingnews. You&#8217;ll get comprehensive race coverage of La Vuelta a Espa\u00f1a, subscriber-exclusive analysis from our expert columnists, in-depth features and industry-leading tech insight. Plus, the Cyclingnews app lets you follow the action wherever you go! <\/strong><strong>Join today.<\/strong><\/p>\n<h3 class=\"article-body__section kiosq-b\" id=\"section-results\" aria-hidden=\"true\"><span>Results<\/span><\/h3>\n<div class=\"slice-container table-wrapper slice-container-table kiosq-b\" data-component-name=\"Slice:Table\" id=\"elk-e77071fe-9cac-11f1-abfd-5d37e0d5ed58\" aria-hidden=\"true\">\n<div class=\"table__instruction\">\nSwipe to scroll horizontally<\/p>\n<\/div>\n<div class=\"table__container\">\n<table class=\"table__wrapper table__wrapper--inbodyContent table__wrapper--sticky table__wrapper--divider\">\n<caption class=\"table__caption table__caption--top table__caption--left\">\nTop 10<br \/>\n<\/caption>\n<thead class=\"table__head\">\n<tr class=\"table__head__row\">\n<th class=\"table__head__heading table__head__heading--left\" colspan=\"1\">\n<p>Position<\/p>\n<\/th>\n<th class=\"table__head__heading table__head__heading--left\" colspan=\"1\">\n<p>Rider (Country) Team<\/p>\n<\/th>\n<th class=\"table__head__heading table__head__heading--left\" colspan=\"1\">\n<p>Time<\/p>\n<\/th>\n<\/tr>\n<\/thead>\n<tbody class=\"table__body\">\n<tr class=\"table__body__row\">\n<td class=\"table_body__data\" colspan=\"1\">\n<p>1<\/p>\n<\/td>\n<td class=\"table_body__data\" colspan=\"1\">\n<p>Daan Depuydt (Bel) Baloise Verzekeringen-Het Poetsbureau Lions[cite: 1, 2]<\/p>\n<\/td>\n<td class=\"table_body__data\" colspan=\"1\">\n<p>4:23:26<\/p>\n<\/td>\n<\/tr>\n<tr class=\"table__body__row\">\n<td class=\"table_body__data\" colspan=\"1\">\n<p>2<\/p>\n<\/td>\n<td class=\"table_body__data\" colspan=\"1\">\n<p>Axel Mariault (Fra) CIC Pro Cycling Academy[cite: 1, 2]<\/p>\n<\/td>\n<td class=\"table_body__data\" colspan=\"1\"><span class=\"sr-only\">Row 1 &#8211; Cell 2 <\/span><\/td>\n<\/tr>\n<tr class=\"table__body__row\">\n<td class=\"table_body__data\" colspan=\"1\">\n<p>3<\/p>\n<\/td>\n<td class=\"table_body__data\" colspan=\"1\">\n<p>Alex Aranburu Deva (Spa) Cofidis[cite: 1, 2]<\/p>\n<\/td>\n<td class=\"table_body__data\" colspan=\"1\"><span class=\"sr-only\">Row 2 &#8211; Cell 2 <\/span><\/td>\n<\/tr>\n<tr class=\"table__body__row\">\n<td class=\"table_body__data\" colspan=\"1\">\n<p>4<\/p>\n<\/td>\n<td class=\"table_body__data\" colspan=\"1\">\n<p>Alexandre Delettre (Fra) Team TotalEnergies[cite: 1, 2]<\/p>\n<\/td>\n<td class=\"table_body__data\" colspan=\"1\"><span class=\"sr-only\">Row 3 &#8211; Cell 2 <\/span><\/td>\n<\/tr>\n<tr class=\"table__body__row\">\n<td class=\"table_body__data\" colspan=\"1\">\n<p>5<\/p>\n<\/td>\n<td class=\"table_body__data\" colspan=\"1\">\n<p>Ewen Costiou (Fra) Groupama-FDJ United[cite: 1, 2]<\/p>\n<\/td>\n<td class=\"table_body__data\" colspan=\"1\"><span class=\"sr-only\">Row 4 &#8211; Cell 2 <\/span><\/td>\n<\/tr>\n<tr class=\"table__body__row\">\n<td class=\"table_body__data\" colspan=\"1\">\n<p>6<\/p>\n<\/td>\n<td class=\"table_body__data\" colspan=\"1\">\n<p>Rayan Boulahoite (Fra) Team TotalEnergies[cite: 1, 2]<\/p>\n<\/td>\n<td class=\"table_body__data\" colspan=\"1\"><span class=\"sr-only\">Row 5 &#8211; Cell 2 <\/span><\/td>\n<\/tr>\n<tr class=\"table__body__row\">\n<td class=\"table_body__data\" colspan=\"1\">\n<p>7<\/p>\n<\/td>\n<td class=\"table_body__data\" colspan=\"1\">\n<p>R\u00e9mi Capron (Fra) Van Rysel-Roubaix[cite: 1, 2]<\/p>\n<\/td>\n<td class=\"table_body__data\" colspan=\"1\"><span class=\"sr-only\">Row 6 &#8211; Cell 2 <\/span><\/td>\n<\/tr>\n<tr class=\"table__body__row\">\n<td class=\"table_body__data\" colspan=\"1\">\n<p>8<\/p>\n<\/td>\n<td class=\"table_body__data\" colspan=\"1\">\n<p>Antoine L&#8217;Hote (Fra) Decathlon CMA CGM Team[cite: 1, 2]<\/p>\n<\/td>\n<td class=\"table_body__data\" colspan=\"1\"><span class=\"sr-only\">Row 7 &#8211; Cell 2 <\/span><\/td>\n<\/tr>\n<tr class=\"table__body__row\">\n<td class=\"table_body__data\" colspan=\"1\">\n<p>9<\/p>\n<\/td>\n<td class=\"table_body__data\" colspan=\"1\">\n<p>Mathis Le Berre (Fra) Team TotalEnergies[cite: 1, 2]<\/p>\n<\/td>\n<td class=\"table_body__data\" colspan=\"1\"><span class=\"sr-only\">Row 8 &#8211; Cell 2 <\/span><\/td>\n<\/tr>\n<tr class=\"table__body__row\">\n<td class=\"table_body__data\" colspan=\"1\">\n<p>10<\/p>\n<\/td>\n<td class=\"table_body__data\" colspan=\"1\">\n<p>Guillaume Adam (Fra) Veloce Club Rouen 76[cite: 1, 2]<\/p>\n<\/td>\n<td class=\"table_body__data\" colspan=\"1\"><span class=\"sr-only\">Row 9 &#8211; Cell 2 <\/span><\/td>\n<\/tr>\n<\/tbody>\n<\/table>\n<\/div>\n<\/div>\n<\/div>\n<div id=\"slice-container-authorBio-9JdwLcPtE2CruNvdPkG9JR\" class=\"slice-container slice-author-bio authorBio-9JdwLcPtE2CruNvdPkG9JR slice-container-authorBio\">\n<div class=\"author author__default-layout author--separator author--collapsible\" data-hydrate=\"true\">\n<div class=\"author__header\">\n<div class=\"author__avatar-block\">\n<figure class=\"image-wrapped__wrapper\" data-bordeaux-image-check=\"false\">\n<div class=\"image-wrapped__widthsetter\">\n<div class=\"image-wrapped__aspect-padding\">\n<div><source class=\"author__avatar image-wrapped__image image__image\" type=\"image\/webp\" srcset=\"https:\/\/cdn.mos.cms.futurecdn.net\/5d2CksSry8bfgFKS33vwFi-140-80.jpg.webp 140w\" sizes=\"99vw\" data-normal=\"https:\/\/cdn.mos.cms.futurecdn.net\/5d2CksSry8bfgFKS33vwFi.jpg\" data-original-mos=\"https:\/\/cdn.mos.cms.futurecdn.net\/5d2CksSry8bfgFKS33vwFi.jpg\" data-pin-media=\"https:\/\/cdn.mos.cms.futurecdn.net\/5d2CksSry8bfgFKS33vwFi.jpg\" data-pin-nopin=\"true\" data-slice-image=\"true\" \/><\/div>\n<\/div>\n<\/div>\n<\/figure>\n<\/div>\n<div class=\"author__heading\">\n<div class=\"author__name\">Owen Rogers<\/div>\n<div class=\"author__role\">Staff Writer<\/div>\n<\/div>\n<\/div>\n<div class=\"author__bio-wrapper\">\n<div class=\"author__biography\">\n<p>A recent addition to the Cyclingnews staff, Owen Rogers is an experienced journalist, working as a freelancer covering the sport for various magazines and websites for more than 10 years.<\/p>\n<p>Initially concentrating mainly on the women&#8217;s sport, he has covered hundreds of race days on the ground and interviewed some of the sport&#8217;s biggest names.<\/p>\n<p>Living near Cambridge in the UK, when he&#8217;s not working you&#8217;ll find him either riding his bike or playing drums.<\/p>\n<\/div>\n<\/div>\n<\/div>\n<\/div>\n<\/section>\n<div class=\"relative max-w-[1070px] viafoura-twig-component mt-6 mx-4 lg:mx-0\" data-component-name=\"Viafoura:Comments\" data-nosnippet data-community-guidelines-text=\"&lt;p class=&apos;vfcustom-community-guidelines&apos;&gt;Please follow our &lt;a href=&quot;https:\/\/www.cyclingnews.com\/about\/#section-community-guidelines&quot; target=&quot;_blank&quot;&gt;community guidelines&lt;\/a&gt;.&lt;\/p&gt;\" data-join-the-conversation-text=\"Join the Conversation\">\n<div class=\"absolute top-0 left-0 w-full h-full flex items-center justify-center z-50 bg-white\/90 border-1 rounded-b-[var(--comment-widget-border-radius,0)]\">\n<div class=\"p-2 text-center\">\n<p class=\"mb-3 text-lg!\">You must confirm your public display name before commenting<\/p>\n<p class=\"mb-3 text-sm!\">Please logout and then login again, you will then be prompted to enter your display name.<\/p>\n<\/div>\n<\/div>\n<\/div>\n<section class=\"mx-2 my-5 sm:mx-0\">\n<aside class=\"w-full\" data-nosnippet data-mrf-recirculation=\"article-river-stacked\">\n<div data-recirc-id=\"article-river-stacked-adviser:hybrid\">\n<div class=\"text-white py-4 px-3 mb-4 bg-[#333] uppercase font-bold custom-header-styles\">Read more<\/div>\n<div class=\"grid grid-cols-1 gap-4 mt-4 mb-5\">\n<div>\n<div class=\"aspect-[var(--img-listing-aspect-ratio,16\/9)] relative mb-3.5\">\n    <source type=\"image\/webp\" srcset=\"https:\/\/cdn.mos.cms.futurecdn.net\/yAnsDdKmbgaoEVxVQD5y66-840-80.jpg.webp 840w, https:\/\/cdn.mos.cms.futurecdn.net\/yAnsDdKmbgaoEVxVQD5y66-650-80.jpg.webp 650w, https:\/\/cdn.mos.cms.futurecdn.net\/yAnsDdKmbgaoEVxVQD5y66-500-80.jpg.webp 500w, https:\/\/cdn.mos.cms.futurecdn.net\/yAnsDdKmbgaoEVxVQD5y66-450-80.jpg.webp 450w, https:\/\/cdn.mos.cms.futurecdn.net\/yAnsDdKmbgaoEVxVQD5y66-320-80.jpg.webp 320w\" sizes=\"(min-width: 900px) 925px, (min-width: 700px) 450px, calc(100vw - 48px)\" \/><\/div>\n<p><span class=\"custom-subheading-styles\">Racing<\/span><span class=\"text-base text-black font-bold mx-0 my-2.5 p-0 block custom-text-styles\">Tour du Limousin: Ewen Costiou takes the overall lead after a solo stage 2 victory<\/span><\/div>\n<div class=\"relative recirc-feed sponsored-card min-h-[250px]\" data-recirc-id=\"article-river-stacked-ads:native-cards\" data-mrf-recirculation=\"article-river-ads\" data-nosnippet data-ad-slot-path=\"feed-sponsored-post\" data-attribute-device=\"all\">\n<div class=\"max-w-full sponsored-post--placeholder animate-pulse\">\n<div class=\"relative!\"><span class=\"text-base text-black font-bold mx-0 my-2.5 p-0 block bg-gray-100\">\u00a0<br \/>\u00a0<\/span><\/div>\n<\/div>\n<\/div>\n<div>\n<div class=\"aspect-[var(--img-listing-aspect-ratio,16\/9)] relative mb-3.5\">\n    <source type=\"image\/webp\" srcset=\"https:\/\/cdn.mos.cms.futurecdn.net\/pkwxYUBxo7yMWG2obfPXnm-840-80.jpg.webp 840w, https:\/\/cdn.mos.cms.futurecdn.net\/pkwxYUBxo7yMWG2obfPXnm-650-80.jpg.webp 650w, https:\/\/cdn.mos.cms.futurecdn.net\/pkwxYUBxo7yMWG2obfPXnm-500-80.jpg.webp 500w, https:\/\/cdn.mos.cms.futurecdn.net\/pkwxYUBxo7yMWG2obfPXnm-450-80.jpg.webp 450w, https:\/\/cdn.mos.cms.futurecdn.net\/pkwxYUBxo7yMWG2obfPXnm-320-80.jpg.webp 320w\" sizes=\"(min-width: 900px) 925px, (min-width: 700px) 450px, calc(100vw - 48px)\" \/><\/div>\n<p><span class=\"custom-subheading-styles\">Racing<\/span><span class=\"text-base text-black font-bold mx-0 my-2.5 p-0 block custom-text-styles\">Tour du Limousin: 21-year-old Noa Isidore sprints to first pro victory on stage 1 uphill finish<\/span><\/div>\n<div class=\"relative recirc-feed sponsored-card min-h-[250px]\" data-recirc-id=\"article-river-stacked-ads:native-cards\" data-mrf-recirculation=\"article-river-ads\" data-nosnippet data-ad-slot-path=\"feed-sponsored-post\" data-attribute-device=\"all\">\n<div class=\"max-w-full sponsored-post--placeholder animate-pulse\">\n<div class=\"relative!\"><span class=\"text-base text-black font-bold mx-0 my-2.5 p-0 block bg-gray-100\">\u00a0<br \/>\u00a0<\/span><\/div>\n<\/div>\n<\/div>\n<div>\n<div class=\"aspect-[var(--img-listing-aspect-ratio,16\/9)] relative mb-3.5\">\n    <source type=\"image\/webp\" srcset=\"https:\/\/cdn.mos.cms.futurecdn.net\/j5qRdC7dz3oxgaYAtSKzmW-840-80.jpg.webp 840w, https:\/\/cdn.mos.cms.futurecdn.net\/j5qRdC7dz3oxgaYAtSKzmW-650-80.jpg.webp 650w, https:\/\/cdn.mos.cms.futurecdn.net\/j5qRdC7dz3oxgaYAtSKzmW-500-80.jpg.webp 500w, https:\/\/cdn.mos.cms.futurecdn.net\/j5qRdC7dz3oxgaYAtSKzmW-450-80.jpg.webp 450w, https:\/\/cdn.mos.cms.futurecdn.net\/j5qRdC7dz3oxgaYAtSKzmW-320-80.jpg.webp 320w\" sizes=\"(min-width: 900px) 925px, (min-width: 700px) 450px, calc(100vw - 48px)\" \/><\/div>\n<p><span class=\"custom-subheading-styles\">Racing<\/span><span class=\"text-base text-black font-bold mx-0 my-2.5 p-0 block custom-text-styles\">As it happened: Breakaway succeeds on opening day at Crit\u00e9rium du Dauphin\u00e9 &#8211; Tour Auvergne-Rh\u00f4ne-Alpes stage 1<\/span><\/div>\n<div class=\"relative recirc-feed sponsored-card min-h-[250px]\" data-recirc-id=\"article-river-stacked-ads:native-cards\" data-mrf-recirculation=\"article-river-ads\" data-nosnippet data-ad-slot-path=\"feed-sponsored-post\" data-attribute-device=\"all\">\n<div class=\"max-w-full sponsored-post--placeholder animate-pulse\">\n<div class=\"relative!\"><span class=\"text-base text-black font-bold mx-0 my-2.5 p-0 block bg-gray-100\">\u00a0<br \/>\u00a0<\/span><\/div>\n<\/div>\n<\/div>\n<div>\n<div class=\"aspect-[var(--img-listing-aspect-ratio,16\/9)] relative mb-3.5\">\n    <source type=\"image\/webp\" srcset=\"https:\/\/cdn.mos.cms.futurecdn.net\/bmsHE9qrZA2srQ88AgnvuT-840-80.jpg.webp 840w, https:\/\/cdn.mos.cms.futurecdn.net\/bmsHE9qrZA2srQ88AgnvuT-650-80.jpg.webp 650w, https:\/\/cdn.mos.cms.futurecdn.net\/bmsHE9qrZA2srQ88AgnvuT-500-80.jpg.webp 500w, https:\/\/cdn.mos.cms.futurecdn.net\/bmsHE9qrZA2srQ88AgnvuT-450-80.jpg.webp 450w, https:\/\/cdn.mos.cms.futurecdn.net\/bmsHE9qrZA2srQ88AgnvuT-320-80.jpg.webp 320w\" sizes=\"(min-width: 900px) 925px, (min-width: 700px) 450px, calc(100vw - 48px)\" \/><\/div>\n<p><span class=\"custom-subheading-styles\">Racing<\/span><span class=\"text-base text-black font-bold mx-0 my-2.5 p-0 block custom-text-styles\">As it happened: Yellow jersey changes hands on final day of racing at the Tour Auvergne-Rh\u00f4ne-Alpes after stunning solo climb<\/span><\/div>\n<div class=\"relative recirc-feed sponsored-card min-h-[250px]\" data-recirc-id=\"article-river-stacked-ads:native-cards\" data-mrf-recirculation=\"article-river-ads\" data-nosnippet data-ad-slot-path=\"feed-sponsored-post\" data-attribute-device=\"all\">\n<div class=\"max-w-full sponsored-post--placeholder animate-pulse\">\n<div class=\"relative!\"><span class=\"text-base text-black font-bold mx-0 my-2.5 p-0 block bg-gray-100\">\u00a0<br \/>\u00a0<\/span><\/div>\n<\/div>\n<\/div>\n<div>\n<div class=\"aspect-[var(--img-listing-aspect-ratio,16\/9)] relative mb-3.5\">\n    <source type=\"image\/webp\" srcset=\"https:\/\/cdn.mos.cms.futurecdn.net\/2dv6FPdHzqXJ4mykG7Aj7Q-840-80.jpg.webp 840w, https:\/\/cdn.mos.cms.futurecdn.net\/2dv6FPdHzqXJ4mykG7Aj7Q-650-80.jpg.webp 650w, https:\/\/cdn.mos.cms.futurecdn.net\/2dv6FPdHzqXJ4mykG7Aj7Q-500-80.jpg.webp 500w, https:\/\/cdn.mos.cms.futurecdn.net\/2dv6FPdHzqXJ4mykG7Aj7Q-450-80.jpg.webp 450w, https:\/\/cdn.mos.cms.futurecdn.net\/2dv6FPdHzqXJ4mykG7Aj7Q-320-80.jpg.webp 320w\" sizes=\"(min-width: 900px) 925px, (min-width: 700px) 450px, calc(100vw - 48px)\" \/><\/div>\n<p><span class=\"custom-subheading-styles\">Racing<\/span><span class=\"text-base text-black font-bold mx-0 my-2.5 p-0 block custom-text-styles\">Tour Auvergne-Rh\u00f4ne-Alpes: Wout van Aert answers doubts with commanding stage 5 victory<\/span><\/div>\n<div class=\"relative recirc-feed sponsored-card min-h-[250px]\" data-recirc-id=\"article-river-stacked-ads:native-cards\" data-mrf-recirculation=\"article-river-ads\" data-nosnippet data-ad-slot-path=\"feed-sponsored-post\" data-attribute-device=\"all\">\n<div class=\"max-w-full sponsored-post--placeholder animate-pulse\">\n<div class=\"relative!\"><span class=\"text-base text-black font-bold mx-0 my-2.5 p-0 block bg-gray-100\">\u00a0<br \/>\u00a0<\/span><\/div>\n<\/div>\n<\/div>\n<div>\n<div class=\"aspect-[var(--img-listing-aspect-ratio,16\/9)] relative mb-3.5\">\n    <source type=\"image\/webp\" srcset=\"https:\/\/cdn.mos.cms.futurecdn.net\/mCNzze8TcJng2MT93SQRxa-840-80.jpg.webp 840w, https:\/\/cdn.mos.cms.futurecdn.net\/mCNzze8TcJng2MT93SQRxa-650-80.jpg.webp 650w, https:\/\/cdn.mos.cms.futurecdn.net\/mCNzze8TcJng2MT93SQRxa-500-80.jpg.webp 500w, https:\/\/cdn.mos.cms.futurecdn.net\/mCNzze8TcJng2MT93SQRxa-450-80.jpg.webp 450w, https:\/\/cdn.mos.cms.futurecdn.net\/mCNzze8TcJng2MT93SQRxa-320-80.jpg.webp 320w\" sizes=\"(min-width: 900px) 925px, (min-width: 700px) 450px, calc(100vw - 48px)\" \/><\/div>\n<p><span class=\"custom-subheading-styles\">Racing<\/span><span class=\"text-base text-black font-bold mx-0 my-2.5 p-0 block custom-text-styles\">Deutschland Tour: Louis Barr\u00e9 swipes bonus seconds and surprising win on stage 1 to go into race lead<\/span><\/div>\n<div class=\"relative recirc-feed sponsored-card min-h-[250px]\" data-recirc-id=\"article-river-stacked-ads:native-cards\" data-mrf-recirculation=\"article-river-ads\" data-nosnippet data-ad-slot-path=\"feed-sponsored-post\" data-attribute-device=\"all\">\n<div class=\"max-w-full sponsored-post--placeholder animate-pulse\">\n<div class=\"relative!\"><span class=\"text-base text-black font-bold mx-0 my-2.5 p-0 block bg-gray-100\">\u00a0<br \/>\u00a0<\/span><\/div>\n<\/div>\n<\/div>\n<\/div>\n<\/div>\n<\/aside>\n<aside class=\"w-full\" data-nosnippet data-mrf-recirculation=\"article-river-stacked\">\n<div data-recirc-id=\"article-river-stacked-solr:latest-category\">\n<div class=\"text-white py-4 px-3 mb-4 bg-[#333] uppercase font-bold custom-header-styles\">Latest in Racing<\/div>\n<div class=\"grid grid-cols-1 gap-4 mt-4 mb-5\">\n<div>\n<div class=\"aspect-[var(--img-listing-aspect-ratio,16\/9)] relative mb-3.5\">\n    <source type=\"image\/webp\" srcset=\"https:\/\/cdn.mos.cms.futurecdn.net\/qUtBWLaTFQihN9RdSStaP-840-80.jpg.webp 840w, https:\/\/cdn.mos.cms.futurecdn.net\/qUtBWLaTFQihN9RdSStaP-650-80.jpg.webp 650w, https:\/\/cdn.mos.cms.futurecdn.net\/qUtBWLaTFQihN9RdSStaP-500-80.jpg.webp 500w, https:\/\/cdn.mos.cms.futurecdn.net\/qUtBWLaTFQihN9RdSStaP-450-80.jpg.webp 450w, https:\/\/cdn.mos.cms.futurecdn.net\/qUtBWLaTFQihN9RdSStaP-320-80.jpg.webp 320w\" sizes=\"(min-width: 900px) 925px, (min-width: 700px) 450px, calc(100vw - 48px)\" \/><\/div>\n<p><span class=\"custom-subheading-styles\">Women&#8217;s Cycling<\/span><span class=\"text-base text-black font-bold mx-0 my-2.5 p-0 block custom-text-styles\">Tour of Britain halted for half an hour as road traffic crash blocks the course<\/span><\/div>\n<div class=\"relative recirc-feed sponsored-card min-h-[250px]\" data-recirc-id=\"article-river-stacked-ads:native-cards\" data-mrf-recirculation=\"article-river-ads\" data-nosnippet data-ad-slot-path=\"feed-sponsored-post\" data-attribute-device=\"all\">\n<div class=\"max-w-full sponsored-post--placeholder animate-pulse\">\n<div class=\"relative!\"><span class=\"text-base text-black font-bold mx-0 my-2.5 p-0 block bg-gray-100\">\u00a0<br \/>\u00a0<\/span><\/div>\n<\/div>\n<\/div>\n<div>\n<div class=\"aspect-[var(--img-listing-aspect-ratio,16\/9)] relative mb-3.5\">\n    <source type=\"image\/webp\" srcset=\"https:\/\/cdn.mos.cms.futurecdn.net\/NQ7n2BvqRfrqJ2X3raHwXU-840-80.jpg.webp 840w, https:\/\/cdn.mos.cms.futurecdn.net\/NQ7n2BvqRfrqJ2X3raHwXU-650-80.jpg.webp 650w, https:\/\/cdn.mos.cms.futurecdn.net\/NQ7n2BvqRfrqJ2X3raHwXU-500-80.jpg.webp 500w, https:\/\/cdn.mos.cms.futurecdn.net\/NQ7n2BvqRfrqJ2X3raHwXU-450-80.jpg.webp 450w, https:\/\/cdn.mos.cms.futurecdn.net\/NQ7n2BvqRfrqJ2X3raHwXU-320-80.jpg.webp 320w\" sizes=\"(min-width: 900px) 925px, (min-width: 700px) 450px, calc(100vw - 48px)\" \/><\/div>\n<p><span class=\"custom-subheading-styles\">Women&#8217;s Cycling<\/span><span class=\"text-base text-black font-bold mx-0 my-2.5 p-0 block custom-text-styles\">Tour of Britain Women: Lorena Wiebes doubles up with long-range sprint to win stage 2<\/span><\/div>\n<div class=\"relative recirc-feed sponsored-card min-h-[250px]\" data-recirc-id=\"article-river-stacked-ads:native-cards\" data-mrf-recirculation=\"article-river-ads\" data-nosnippet data-ad-slot-path=\"feed-sponsored-post\" data-attribute-device=\"all\">\n<div class=\"max-w-full sponsored-post--placeholder animate-pulse\">\n<div class=\"relative!\"><span class=\"text-base text-black font-bold mx-0 my-2.5 p-0 block bg-gray-100\">\u00a0<br \/>\u00a0<\/span><\/div>\n<\/div>\n<\/div>\n<div>\n<div class=\"aspect-[var(--img-listing-aspect-ratio,16\/9)] relative mb-3.5\">\n    <source type=\"image\/webp\" srcset=\"https:\/\/cdn.mos.cms.futurecdn.net\/mCNzze8TcJng2MT93SQRxa-840-80.jpg.webp 840w, https:\/\/cdn.mos.cms.futurecdn.net\/mCNzze8TcJng2MT93SQRxa-650-80.jpg.webp 650w, https:\/\/cdn.mos.cms.futurecdn.net\/mCNzze8TcJng2MT93SQRxa-500-80.jpg.webp 500w, https:\/\/cdn.mos.cms.futurecdn.net\/mCNzze8TcJng2MT93SQRxa-450-80.jpg.webp 450w, https:\/\/cdn.mos.cms.futurecdn.net\/mCNzze8TcJng2MT93SQRxa-320-80.jpg.webp 320w\" sizes=\"(min-width: 900px) 925px, (min-width: 700px) 450px, calc(100vw - 48px)\" \/><\/div>\n<p><span class=\"custom-subheading-styles\">Racing<\/span><span class=\"text-base text-black font-bold mx-0 my-2.5 p-0 block custom-text-styles\">Deutschland Tour: Louis Barr\u00e9 swipes bonus seconds and surprising win on stage 1 to go into race lead<\/span><\/div>\n<div class=\"relative recirc-feed sponsored-card min-h-[250px]\" data-recirc-id=\"article-river-stacked-ads:native-cards\" data-mrf-recirculation=\"article-river-ads\" data-nosnippet data-ad-slot-path=\"feed-sponsored-post\" data-attribute-device=\"all\">\n<div class=\"max-w-full sponsored-post--placeholder animate-pulse\">\n<div class=\"relative!\"><span class=\"text-base text-black font-bold mx-0 my-2.5 p-0 block bg-gray-100\">\u00a0<br \/>\u00a0<\/span><\/div>\n<\/div>\n<\/div>\n<div>\n<div class=\"aspect-[var(--img-listing-aspect-ratio,16\/9)] relative mb-3.5\">\n    <source type=\"image\/webp\" srcset=\"https:\/\/cdn.mos.cms.futurecdn.net\/cAaYYBwDpwRfEoSD8gosEa-840-80.jpg.webp 840w, https:\/\/cdn.mos.cms.futurecdn.net\/cAaYYBwDpwRfEoSD8gosEa-650-80.jpg.webp 650w, https:\/\/cdn.mos.cms.futurecdn.net\/cAaYYBwDpwRfEoSD8gosEa-500-80.jpg.webp 500w, https:\/\/cdn.mos.cms.futurecdn.net\/cAaYYBwDpwRfEoSD8gosEa-450-80.jpg.webp 450w, https:\/\/cdn.mos.cms.futurecdn.net\/cAaYYBwDpwRfEoSD8gosEa-320-80.jpg.webp 320w\" sizes=\"(min-width: 900px) 925px, (min-width: 700px) 450px, calc(100vw - 48px)\" \/><\/div>\n<p><span class=\"custom-subheading-styles\">Racing<\/span><span class=\"text-base text-black font-bold mx-0 my-2.5 p-0 block custom-text-styles\">Renewi Tour: Jasper Philipsen storms into race lead with victory on windy and chaotic stage 2<\/span><\/div>\n<div class=\"relative recirc-feed sponsored-card min-h-[250px]\" data-recirc-id=\"article-river-stacked-ads:native-cards\" data-mrf-recirculation=\"article-river-ads\" data-nosnippet data-ad-slot-path=\"feed-sponsored-post\" data-attribute-device=\"all\">\n<div class=\"max-w-full sponsored-post--placeholder animate-pulse\">\n<div class=\"relative!\"><span class=\"text-base text-black font-bold mx-0 my-2.5 p-0 block bg-gray-100\">\u00a0<br \/>\u00a0<\/span><\/div>\n<\/div>\n<\/div>\n<div>\n<div class=\"aspect-[var(--img-listing-aspect-ratio,16\/9)] relative mb-3.5\">\n    <source type=\"image\/webp\" srcset=\"https:\/\/cdn.mos.cms.futurecdn.net\/nsG7gc4HBgUPhAvYvmdxzj-840-80.jpg.webp 840w, https:\/\/cdn.mos.cms.futurecdn.net\/nsG7gc4HBgUPhAvYvmdxzj-650-80.jpg.webp 650w, https:\/\/cdn.mos.cms.futurecdn.net\/nsG7gc4HBgUPhAvYvmdxzj-500-80.jpg.webp 500w, https:\/\/cdn.mos.cms.futurecdn.net\/nsG7gc4HBgUPhAvYvmdxzj-450-80.jpg.webp 450w, https:\/\/cdn.mos.cms.futurecdn.net\/nsG7gc4HBgUPhAvYvmdxzj-320-80.jpg.webp 320w\" sizes=\"(min-width: 900px) 925px, (min-width: 700px) 450px, calc(100vw - 48px)\" \/><\/div>\n<p><span class=\"custom-subheading-styles\">Racing<\/span><span class=\"text-base text-black font-bold mx-0 my-2.5 p-0 block custom-text-styles\">GP Lucien Van Impe: Charlotte Kool sprints to much needed win after a wind and rain soaked race in Belgium<\/span><\/div>\n<div class=\"relative recirc-feed sponsored-card min-h-[250px]\" data-recirc-id=\"article-river-stacked-ads:native-cards\" data-mrf-recirculation=\"article-river-ads\" data-nosnippet data-ad-slot-path=\"feed-sponsored-post\" data-attribute-device=\"all\">\n<div class=\"max-w-full sponsored-post--placeholder animate-pulse\">\n<div class=\"relative!\"><span class=\"text-base text-black font-bold mx-0 my-2.5 p-0 block bg-gray-100\">\u00a0<br \/>\u00a0<\/span><\/div>\n<\/div>\n<\/div>\n<div>\n<div class=\"aspect-[var(--img-listing-aspect-ratio,16\/9)] relative mb-3.5\">\n    <source type=\"image\/webp\" srcset=\"https:\/\/cdn.mos.cms.futurecdn.net\/xaPhNZ65Eb5A24MN8pQZC8-840-80.jpg.webp 840w, https:\/\/cdn.mos.cms.futurecdn.net\/xaPhNZ65Eb5A24MN8pQZC8-650-80.jpg.webp 650w, https:\/\/cdn.mos.cms.futurecdn.net\/xaPhNZ65Eb5A24MN8pQZC8-500-80.jpg.webp 500w, https:\/\/cdn.mos.cms.futurecdn.net\/xaPhNZ65Eb5A24MN8pQZC8-450-80.jpg.webp 450w, https:\/\/cdn.mos.cms.futurecdn.net\/xaPhNZ65Eb5A24MN8pQZC8-320-80.jpg.webp 320w\" sizes=\"(min-width: 900px) 925px, (min-width: 700px) 450px, calc(100vw - 48px)\" \/><\/div>\n<p><span class=\"custom-subheading-styles\">Racing<\/span><span class=\"text-base text-black font-bold mx-0 my-2.5 p-0 block custom-text-styles\">Tadej Poga\u010dar could win the Vuelta a Espa\u00f1a by 10 minutes but total domination is unlikely \u2013 Philippa York analysis<\/span><\/div>\n<div class=\"relative recirc-feed sponsored-card min-h-[250px]\" data-recirc-id=\"article-river-stacked-ads:native-cards\" data-mrf-recirculation=\"article-river-ads\" data-nosnippet data-ad-slot-path=\"feed-sponsored-post\" data-attribute-device=\"all\">\n<div class=\"max-w-full sponsored-post--placeholder animate-pulse\">\n<div class=\"relative!\"><span class=\"text-base text-black font-bold mx-0 my-2.5 p-0 block bg-gray-100\">\u00a0<br \/>\u00a0<\/span><\/div>\n<\/div>\n<\/div>\n<\/div>\n<\/div>\n<\/aside>\n<aside class=\"w-full\" data-nosnippet data-mrf-recirculation=\"article-river-stacked\">\n<div data-recirc-id=\"article-river-stacked-solr:latest-articletype\">\n<div class=\"text-white py-4 px-3 mb-4 bg-[#333] uppercase font-bold custom-header-styles\">Latest in Race Results<\/div>\n<div class=\"grid grid-cols-1 gap-4 mt-4 mb-5\">\n<div>\n<div class=\"aspect-[var(--img-listing-aspect-ratio,16\/9)] relative mb-3.5\">\n    <source type=\"image\/webp\" srcset=\"https:\/\/cdn.mos.cms.futurecdn.net\/NQ7n2BvqRfrqJ2X3raHwXU-840-80.jpg.webp 840w, https:\/\/cdn.mos.cms.futurecdn.net\/NQ7n2BvqRfrqJ2X3raHwXU-650-80.jpg.webp 650w, https:\/\/cdn.mos.cms.futurecdn.net\/NQ7n2BvqRfrqJ2X3raHwXU-500-80.jpg.webp 500w, https:\/\/cdn.mos.cms.futurecdn.net\/NQ7n2BvqRfrqJ2X3raHwXU-450-80.jpg.webp 450w, https:\/\/cdn.mos.cms.futurecdn.net\/NQ7n2BvqRfrqJ2X3raHwXU-320-80.jpg.webp 320w\" sizes=\"(min-width: 900px) 925px, (min-width: 700px) 450px, calc(100vw - 48px)\" \/><\/div>\n<p><span class=\"custom-subheading-styles\">Women&#8217;s Cycling<\/span><span class=\"text-base text-black font-bold mx-0 my-2.5 p-0 block custom-text-styles\">Tour of Britain Women: Lorena Wiebes doubles up with long-range sprint to win stage 2<\/span><\/div>\n<div class=\"relative recirc-feed sponsored-card min-h-[250px]\" data-recirc-id=\"article-river-stacked-ads:native-cards\" data-mrf-recirculation=\"article-river-ads\" data-nosnippet data-ad-slot-path=\"feed-sponsored-post\" data-attribute-device=\"all\">\n<div class=\"max-w-full sponsored-post--placeholder animate-pulse\">\n<div class=\"relative!\"><span class=\"text-base text-black font-bold mx-0 my-2.5 p-0 block bg-gray-100\">\u00a0<br \/>\u00a0<\/span><\/div>\n<\/div>\n<\/div>\n<div>\n<div class=\"aspect-[var(--img-listing-aspect-ratio,16\/9)] relative mb-3.5\">\n    <source type=\"image\/webp\" srcset=\"https:\/\/cdn.mos.cms.futurecdn.net\/mCNzze8TcJng2MT93SQRxa-840-80.jpg.webp 840w, https:\/\/cdn.mos.cms.futurecdn.net\/mCNzze8TcJng2MT93SQRxa-650-80.jpg.webp 650w, https:\/\/cdn.mos.cms.futurecdn.net\/mCNzze8TcJng2MT93SQRxa-500-80.jpg.webp 500w, https:\/\/cdn.mos.cms.futurecdn.net\/mCNzze8TcJng2MT93SQRxa-450-80.jpg.webp 450w, https:\/\/cdn.mos.cms.futurecdn.net\/mCNzze8TcJng2MT93SQRxa-320-80.jpg.webp 320w\" sizes=\"(min-width: 900px) 925px, (min-width: 700px) 450px, calc(100vw - 48px)\" \/><\/div>\n<p><span class=\"custom-subheading-styles\">Racing<\/span><span class=\"text-base text-black font-bold mx-0 my-2.5 p-0 block custom-text-styles\">Deutschland Tour: Louis Barr\u00e9 swipes bonus seconds and surprising win on stage 1 to go into race lead<\/span><\/div>\n<div class=\"relative recirc-feed sponsored-card min-h-[250px]\" data-recirc-id=\"article-river-stacked-ads:native-cards\" data-mrf-recirculation=\"article-river-ads\" data-nosnippet data-ad-slot-path=\"feed-sponsored-post\" data-attribute-device=\"all\">\n<div class=\"max-w-full sponsored-post--placeholder animate-pulse\">\n<div class=\"relative!\"><span class=\"text-base text-black font-bold mx-0 my-2.5 p-0 block bg-gray-100\">\u00a0<br \/>\u00a0<\/span><\/div>\n<\/div>\n<\/div>\n<div>\n<div class=\"aspect-[var(--img-listing-aspect-ratio,16\/9)] relative mb-3.5\">\n    <source type=\"image\/webp\" srcset=\"https:\/\/cdn.mos.cms.futurecdn.net\/cAaYYBwDpwRfEoSD8gosEa-840-80.jpg.webp 840w, https:\/\/cdn.mos.cms.futurecdn.net\/cAaYYBwDpwRfEoSD8gosEa-650-80.jpg.webp 650w, https:\/\/cdn.mos.cms.futurecdn.net\/cAaYYBwDpwRfEoSD8gosEa-500-80.jpg.webp 500w, https:\/\/cdn.mos.cms.futurecdn.net\/cAaYYBwDpwRfEoSD8gosEa-450-80.jpg.webp 450w, https:\/\/cdn.mos.cms.futurecdn.net\/cAaYYBwDpwRfEoSD8gosEa-320-80.jpg.webp 320w\" sizes=\"(min-width: 900px) 925px, (min-width: 700px) 450px, calc(100vw - 48px)\" \/><\/div>\n<p><span class=\"custom-subheading-styles\">Racing<\/span><span class=\"text-base text-black font-bold mx-0 my-2.5 p-0 block custom-text-styles\">Renewi Tour: Jasper Philipsen storms into race lead with victory on windy and chaotic stage 2<\/span><\/div>\n<div class=\"relative recirc-feed sponsored-card min-h-[250px]\" data-recirc-id=\"article-river-stacked-ads:native-cards\" data-mrf-recirculation=\"article-river-ads\" data-nosnippet data-ad-slot-path=\"feed-sponsored-post\" data-attribute-device=\"all\">\n<div class=\"max-w-full sponsored-post--placeholder animate-pulse\">\n<div class=\"relative!\"><span class=\"text-base text-black font-bold mx-0 my-2.5 p-0 block bg-gray-100\">\u00a0<br \/>\u00a0<\/span><\/div>\n<\/div>\n<\/div>\n<div>\n<div class=\"aspect-[var(--img-listing-aspect-ratio,16\/9)] relative mb-3.5\">\n    <source type=\"image\/webp\" srcset=\"https:\/\/cdn.mos.cms.futurecdn.net\/nsG7gc4HBgUPhAvYvmdxzj-840-80.jpg.webp 840w, https:\/\/cdn.mos.cms.futurecdn.net\/nsG7gc4HBgUPhAvYvmdxzj-650-80.jpg.webp 650w, https:\/\/cdn.mos.cms.futurecdn.net\/nsG7gc4HBgUPhAvYvmdxzj-500-80.jpg.webp 500w, https:\/\/cdn.mos.cms.futurecdn.net\/nsG7gc4HBgUPhAvYvmdxzj-450-80.jpg.webp 450w, https:\/\/cdn.mos.cms.futurecdn.net\/nsG7gc4HBgUPhAvYvmdxzj-320-80.jpg.webp 320w\" sizes=\"(min-width: 900px) 925px, (min-width: 700px) 450px, calc(100vw - 48px)\" \/><\/div>\n<p><span class=\"custom-subheading-styles\">Racing<\/span><span class=\"text-base text-black font-bold mx-0 my-2.5 p-0 block custom-text-styles\">GP Lucien Van Impe: Charlotte Kool sprints to much needed win after a wind and rain soaked race in Belgium<\/span><\/div>\n<div class=\"relative recirc-feed sponsored-card min-h-[250px]\" data-recirc-id=\"article-river-stacked-ads:native-cards\" data-mrf-recirculation=\"article-river-ads\" data-nosnippet data-ad-slot-path=\"feed-sponsored-post\" data-attribute-device=\"all\">\n<div class=\"max-w-full sponsored-post--placeholder animate-pulse\">\n<div class=\"relative!\"><span class=\"text-base text-black font-bold mx-0 my-2.5 p-0 block bg-gray-100\">\u00a0<br \/>\u00a0<\/span><\/div>\n<\/div>\n<\/div>\n<div>\n<div class=\"aspect-[var(--img-listing-aspect-ratio,16\/9)] relative mb-3.5\">\n    <source type=\"image\/webp\" srcset=\"https:\/\/cdn.mos.cms.futurecdn.net\/SbcAyX4mTz373kZpRJiv99-840-80.jpg.webp 840w, https:\/\/cdn.mos.cms.futurecdn.net\/SbcAyX4mTz373kZpRJiv99-650-80.jpg.webp 650w, https:\/\/cdn.mos.cms.futurecdn.net\/SbcAyX4mTz373kZpRJiv99-500-80.jpg.webp 500w, https:\/\/cdn.mos.cms.futurecdn.net\/SbcAyX4mTz373kZpRJiv99-450-80.jpg.webp 450w, https:\/\/cdn.mos.cms.futurecdn.net\/SbcAyX4mTz373kZpRJiv99-320-80.jpg.webp 320w\" sizes=\"(min-width: 900px) 925px, (min-width: 700px) 450px, calc(100vw - 48px)\" \/><\/div>\n<p><span class=\"custom-subheading-styles\">Racing<\/span><span class=\"text-base text-black font-bold mx-0 my-2.5 p-0 block custom-text-styles\">Renewi Tour: Jonathan Milan edges out Olav Kooij in photo finish to win a messy opening stage<\/span><\/div>\n<div class=\"relative recirc-feed sponsored-card min-h-[250px]\" data-recirc-id=\"article-river-stacked-ads:native-cards\" data-mrf-recirculation=\"article-river-ads\" data-nosnippet data-ad-slot-path=\"feed-sponsored-post\" data-attribute-device=\"all\">\n<div class=\"max-w-full sponsored-post--placeholder animate-pulse\">\n<div class=\"relative!\"><span class=\"text-base text-black font-bold mx-0 my-2.5 p-0 block bg-gray-100\">\u00a0<br \/>\u00a0<\/span><\/div>\n<\/div>\n<\/div>\n<div>\n<div class=\"aspect-[var(--img-listing-aspect-ratio,16\/9)] relative mb-3.5\">\n    <source type=\"image\/webp\" srcset=\"https:\/\/cdn.mos.cms.futurecdn.net\/8JgxTxPjmbagSKAfvL2u5a-840-80.jpg.webp 840w, https:\/\/cdn.mos.cms.futurecdn.net\/8JgxTxPjmbagSKAfvL2u5a-650-80.jpg.webp 650w, https:\/\/cdn.mos.cms.futurecdn.net\/8JgxTxPjmbagSKAfvL2u5a-500-80.jpg.webp 500w, https:\/\/cdn.mos.cms.futurecdn.net\/8JgxTxPjmbagSKAfvL2u5a-450-80.jpg.webp 450w, https:\/\/cdn.mos.cms.futurecdn.net\/8JgxTxPjmbagSKAfvL2u5a-320-80.jpg.webp 320w\" sizes=\"(min-width: 900px) 925px, (min-width: 700px) 450px, calc(100vw - 48px)\" \/><\/div>\n<p><span class=\"custom-subheading-styles\">Women&#8217;s Cycling<\/span><span class=\"text-base text-black font-bold mx-0 my-2.5 p-0 block custom-text-styles\">Tour of Britain Women: Lorena Wiebes snatches sprint victory on stage 1 ahead of Chiara Consonni<\/span><\/div>\n<div class=\"relative recirc-feed sponsored-card min-h-[250px]\" data-recirc-id=\"article-river-stacked-ads:native-cards\" data-mrf-recirculation=\"article-river-ads\" data-nosnippet data-ad-slot-path=\"feed-sponsored-post\" data-attribute-device=\"all\">\n<div class=\"max-w-full sponsored-post--placeholder animate-pulse\">\n<div class=\"relative!\"><span class=\"text-base text-black font-bold mx-0 my-2.5 p-0 block bg-gray-100\">\u00a0<br \/>\u00a0<\/span><\/div>\n<\/div>\n<\/div>\n<\/div>\n<\/div>\n<\/aside>\n<\/section>\n<\/div>\n<\/div>\n<\/div>\n<div id=\"widgetArea17\" class=\"widget-area md:basis-1\/3 widget-area-g-md-vp-1-3 widget-area-g-lg-vp-1-3 widget-area-g-xl-vp-1-3 page-widget-area-17\">\n<div data-widget-type=\"dynamic\" id=\"popular-data\" class=\"clear-both widget widget-dynamic widget-popular-data widget-dynamic-popular-data widget-dynamic-fter-popular-box\">\n<div class=\"wdn-fte-pb pos-relative space-t20\n\"><\/p>\n<div class=\"slice-container popular-box-slice\">\n<section class=\"popular-box\" data-component-name=\"Slice:PopularBox\">\n<div class=\"popular-box__label\">\n<div class=\"popular-box__label__tab popular-box__label__tab--active\" role=\"heading\">\nLATEST ARTICLES\n<\/div>\n<\/div>\n<ol class=\"popular-box__articles-list popular-box__articles-list--active\">\n<li class=\"popular-box__article-list\">\n<div class=\"popular-box__article-list__container\">\n<div class=\"popular-box__article-list__image-wrapper\">\n<div>\n<source type=\"image\/webp\" srcset=\"https:\/\/cdn.mos.cms.futurecdn.net\/mCNzze8TcJng2MT93SQRxa-1280-80.jpg.webp 1280w, https:\/\/cdn.mos.cms.futurecdn.net\/mCNzze8TcJng2MT93SQRxa-720-80.jpg.webp 720w, https:\/\/cdn.mos.cms.futurecdn.net\/mCNzze8TcJng2MT93SQRxa-640-80.jpg.webp 640w, https:\/\/cdn.mos.cms.futurecdn.net\/mCNzze8TcJng2MT93SQRxa-320-80.jpg.webp 320w\" sizes=\"99vw\" \/><\/div>\n<\/div>\n<div class=\"popular-box__article-list__content\">\n<div class=\"popular-box__article-list__number-text\">1<\/div>\n<div class=\"popular-box__article-list__heading\">\n<p>Deutschland Tour: Louis Barr\u00e9 swipes bonus seconds and surprising win on stage 1 to go into race lead<\/p>\n<\/div>\n<\/div>\n<\/div>\n<\/li>\n<li class=\"popular-box__article-list\">\n<div class=\"popular-box__article-list__container\">\n<div class=\"popular-box__article-list__content\">\n<div class=\"popular-box__article-list__number-text\">2<\/div>\n<div class=\"popular-box__article-list__heading\">\n<p>Tour du Limousin: Daan Depuydt takes a thrilling stage win with a long range sprint as the breakaway is caught inside the final kilometre<\/p>\n<\/div>\n<\/div>\n<\/div>\n<\/li>\n<li class=\"popular-box__article-list\">\n<div class=\"popular-box__article-list__container\">\n<div class=\"popular-box__article-list__content\">\n<div class=\"popular-box__article-list__number-text\">3<\/div>\n<div class=\"popular-box__article-list__heading\">\n<p>Tour of Britain Women: Lorena Wiebes doubles up with long-range sprint to win stage 2<\/p>\n<\/div>\n<\/div>\n<\/div>\n<\/li>\n<li class=\"popular-box__article-list\">\n<div class=\"popular-box__article-list__container\">\n<div class=\"popular-box__article-list__content\">\n<div class=\"popular-box__article-list__number-text\">4<\/div>\n<div class=\"popular-box__article-list__heading\">\n<p>Josh Tarling to start Vuelta a Espa\u00f1a for Netcompany-Ineos days after the death of his brother, Finlay<\/p>\n<\/div>\n<\/div>\n<\/div>\n<\/li>\n<li class=\"popular-box__article-list\">\n<div class=\"popular-box__article-list__container\">\n<div class=\"popular-box__article-list__content\">\n<div class=\"popular-box__article-list__number-text\">5<\/div>\n<div class=\"popular-box__article-list__heading\">\n<p>Tour of Britain halted for half an hour as road traffic crash blocks the course<\/p>\n<\/div>\n<\/div>\n<\/div>\n<\/li>\n<\/ol>\n<\/section>\n<\/div>\n<\/div>\n<\/div>\n<\/div>\n<\/div>\n<\/article>\n<div class=\"news-article\">\n<header data-component-name=\"Article:Hero\">\n<nav class=\"breadcrumb\" aria-label=\"Breadcrumbs\">\n<ol>\n<li>\nPro Cycling\n<\/li>\n<li>\nRacing\n<\/li>\n<li>\nRoad\n<\/li>\n<li>\nTour du Limousin\n<\/li>\n<\/ol>\n<\/nav>\n<h1>Tour du Limousin: Daan Depuydt takes a thrilling stage win with a long range sprint as the breakaway is caught inside the final kilometre<\/h1>\n<div class=\"byline-social\">\n<div class=\"vds-byline-block flex flex-row flex-nowrap my-1.5 gap-2 text-left items-start justify-start\" data-component-name=\"Article:BylineBlock\">\n<p>Race Results<\/p>\n<div class=\"my-auto vds-simple-byline\"><span class=\"inline-block vds-author\"><br \/>\nBy<br \/>\nOwen Rogers <\/span><\/p>\n<div class=\"flex gap-1 vds-byline-with-avatar__meta\"><span class=\"vds-date block font-normal tracking-normal normal-case text-xs\"><br \/>\nPublished<br \/>\n<time data-component-name=\"UI:DateTime\" datetime=\"2026-08-20T15:02:40Z\" class=\"relative-date\"><br \/>\n20 August 2026<br \/>\n<\/time><\/span><\/div>\n<\/div>\n<\/div>\n<p class=\"strapline\">Ewen Costiou retains the overall lead win one stage remaining<\/p>\n<\/div>\n<aside class=\"text-gray-700 flex items-center mx-0 my-5 p-0 justify-start text-left\" id=\"affiliate-disclaimer\" data-component-name=\"AffiliateDisclaimer\" data-hawk-message=\"Affiliate disclaimer removed because hawk deemed there are no affiliate links on this page\">\n<p class=\"text-[color:var(--affiliate-disclaimer--text-color,inherit)] mb-2 text-[length:var(--affiliate-disclaimer--font-size,0.75rem)] leading-[18px] md:text-[13px] [&amp;&gt;a]:text-inherit [&amp;&gt;a]:underline\">\nWhen you purchase through links on our site, we may earn an affiliate commission. Here\u2019s how it works.\n<\/p>\n<\/aside>\n<\/header>\n<\/div>\n<div id=\"article-body\" class=\"text-copy bodyCopy auto paywall-locker\">\n<div data-analytics-id=\"utility-bar\" id=\"utility-bar\" class=\"font-ui-heading flex justify-between items-center py-2 border-t border-b border-gray-300 border-solid mb-5 mx-auto\" data-component-name=\"UtilityBar\" data-mrf-recirculation=\"utility-bar\">\n<div class=\"flex gap-2 text-[#333] subcontainer\">\n<div class=\"relative tooltip-container\" role=\"tooltip\">\n<div data-component-name=\"Social:Dropdown\" role=\"menu\" id=\"utilitybar__dropdown--share\" aria-labelledby=\"utilitybar__button--share\" class=\"absolute left-0 top-full w-44 bg-white rounded-md shadow-md border border-neutral-200 z-[9996] list-none m-0 py-2 px-3 border-solid\">\n<ul class=\"m-0!\">\n<li class=\"!p-0 !m-0 list-none border-b border-gray-200 border-solid\">\n<li class=\"!p-0 !m-0 list-none border-b border-gray-200 border-solid\">\n<p>Facebook<\/p>\n<\/li>\n<li class=\"!p-0 !m-0 list-none border-b border-gray-200 border-solid\">\n<p>X<\/p>\n<\/li>\n<li class=\"!p-0 !m-0 list-none border-b border-gray-200 border-solid\">\n<p>Pinterest<\/p>\n<\/li>\n<li class=\"!p-0 !m-0 list-none border-b border-gray-200 border-solid\">\n<p>Email<\/p>\n<\/li>\n<\/ul>\n<\/div>\n<div class=\"font-ui-heading max-sm:hidden tooltip absolute left-1\/2 bg-gray-900 text-white text-xs leading-none px-3 py-1.5 rounded-md z-[10001] whitespace-nowrap\" id=\"tooltip-share-this-article\" role=\"tooltip\" aria-hidden=\"true\">\nShare this article\n<\/div>\n<\/div>\n<div class=\"relative tooltip-container\" role=\"tooltip\"><span class=\"ml-1 inline-flex h-5 px-2 shrink-0 items-center justify-center self-center overflow-hidden whitespace-nowrap rounded-[10px] bg-primary-500 text-[11px] leading-none font-ui-heading font-semibold text-white\">0<\/span><\/p>\n<div class=\"font-ui-heading max-sm:hidden tooltip absolute left-1\/2 bg-gray-900 text-white text-xs leading-none px-3 py-1.5 rounded-md z-[10001] whitespace-nowrap\" id=\"tooltip-join-the-conversation\" role=\"tooltip\" aria-hidden=\"true\">\nJoin the conversation\n<\/div>\n<\/div>\n<\/div>\n<div class=\"flex gap-2 text-[#333] subcontainer\">\n<div class=\"relative tooltip-container\" role=\"tooltip\">\n<p>Follow us<\/p>\n<div class=\"font-ui-heading max-sm:hidden tooltip absolute left-1\/2 bg-gray-900 text-white text-xs leading-none px-3 py-1.5 rounded-md z-[10001] whitespace-nowrap\" id=\"tooltip-add-us-as-a-preferred-source-on-google\" role=\"tooltip\" aria-hidden=\"true\">\nAdd us as a preferred source on Google\n<\/div>\n<\/div>\n<div class=\"relative tooltip-container\" role=\"tooltip\">\n<div class=\"font-ui-heading max-sm:hidden tooltip absolute left-1\/2 bg-gray-900 text-white text-xs leading-none px-3 py-1.5 rounded-md z-[10001] whitespace-nowrap\" id=\"tooltip-subscribe-to-our-newsletter\" role=\"tooltip\" aria-hidden=\"true\">\nSubscribe to our newsletter\n<\/div>\n<\/div>\n<\/div>\n<\/div>\n<p id=\"elk-82db6ac4-9c88-11f1-a29d-af2532397de4\">Daan Depuydt won the third stage of the Tour du Limousin on Thursday, the Baloise Verzekeringen-Het Postbureau Lion rider winning a two man sprint on the uphill finish into \u00c9gletons.<\/p>\n<p>Depuydt attacked what remained of the peloton inside the final 400 metres, taking Axel Mariault (CIC Academy) with him on their long range sprint. For a while it seemed as though Mariault would overhaul his rival, but the Belgian held on to take his first professional road victory.<\/p>\n<p id=\"elk-82db6ac4-9c88-11f1-a29d-af2532397de4-2\" aria-hidden=\"true\" class=\"kiosq-b\">Alex Aranburu (Cofidis) was third, leading the bunch home on the same time as the winner.<\/p>\n<div class=\"my-6 w-full overflow-hidden rounded-[10px] lg:my-8\" data-component-name=\"JwPlayer:Carousel\" data-jwp-carousel data-jwp-carousel-payload=\"{&quot;ids&quot;:{&quot;playerID&quot;:&quot;jYDCcabO&quot;,&quot;searchPlaylistID&quot;:&quot;gwjdoYHD&quot;,&quot;divID&quot;:&quot;botr_gwjdoYHD_jYDCcabO_div&quot;,&quot;fallbackPlaylistID&quot;:&quot;gwjdoYHD&quot;,&quot;fallbackDivID&quot;:&quot;botr_gwjdoYHD_jYDCcabO_div&quot;,&quot;key&quot;:&quot;X9\/mXVGac0NphghLH9hZaqWA5d3dhAM\/Ih07grnEyMLjuO2E&quot;,&quot;tintLogo&quot;:true,&quot;useSearchPlaylist&quot;:false,&quot;enabled&quot;:true},&quot;signPostingEnabled&quot;:true,&quot;signPostingLinkEnabled&quot;:true,&quot;waitForAdLoad&quot;:false,&quot;hidePlayerOnDesktop&quot;:false,&quot;hidePlayerOnMobile&quot;:false,&quot;hidePlayerOnTablet&quot;:false}\">\n<div class=\"flex flex-nowrap items-center justify-between gap-3 bg-zinc-900 px-[14px] py-3\" data-jwp-carousel-header>\n<div class=\"flex min-w-0 shrink items-center\"><span class=\"inline-flex items-center gap-1.5 text-sm font-article-heading capitalize leading-5 text-white whitespace-nowrap\"><span class=\"jwp-carousel-title-desktop\">Latest Videos From<\/span><span class=\"jwp-carousel-brand\">Cyclingnews<\/span><\/span><\/div>\n<\/div>\n<div class=\"min-h-[44px] bg-zinc-900 px-[14px] py-3\" data-jwp-carousel-signposting><a class=\"invisible block truncate text-sm font-bold leading-5 text-white underline decoration-solid underline-offset-2\" data-jwp-carousel-signposting-link href target=\"_blank\" rel=\"noopener noreferrer\"><span data-jwp-carousel-signposting-title>Watch full video here: <\/span><\/a><\/div>\n<\/div>\n<p aria-hidden=\"true\" class=\"kiosq-b\">After winning stage 2 and taking the yellow jersey, Ewen Costiou (Groupama-FDJ United) finished fifth, retaining the overall lead with an advantage of 21 seconds with one stage to go.<\/p>\n<p aria-hidden=\"true\" class=\"kiosq-b\">It was another lumpy day at the Tour du Limousin, the 181.8km stage between Saint-Privat and \u00c9gletons climbing more than 3,000m.<\/p>\n<aside data-component-name=\"Recirculation:ArticleRiver\" data-recirculation-type=\"inline\" data-mrf-recirculation=\"Trending Bar\" data-nosnippet class=\"clear-both pt-2 pb-0 mb-4\"><span class=\"\n            flex\n            after:content-[&apos;&apos;] after:flex-1 after:ml-4 after:my-[0.7rem] after:border-t after:border-solid after:border-t-[#ccc]\n            before:content-[&apos;&apos;] before:flex-1 before:mr-4 before:my-[0.7rem] before:border-t before:border-solid before:border-t-[#ccc]\n            font-article-heading pb-0 text-[length:var(--article-river-title--font-size,1em)] uppercase sm:text-[length:var(--article-river-title--font-size,0.875em)] font-bold\n        \"><br \/>\n            You may like<br \/>\n        <\/span><\/p>\n<ul class=\"flex flex-col gap-0 m-0 max-w-full\">\n<li class=\"m-0 list-none border-b border-solid border-[#ededed] py-2\" data-recirculation-id=\"recirculation-card-1\" id=\"recirculation-inline-1\" data-analytics-id=\"recirculation-inline-1\" data-mrf-recirculation=\"recirculation-inline-1\">\n    <source type=\"image\/webp\" srcset=\"https:\/\/cdn.mos.cms.futurecdn.net\/yAnsDdKmbgaoEVxVQD5y66-250-80.jpg.webp 250w, https:\/\/cdn.mos.cms.futurecdn.net\/yAnsDdKmbgaoEVxVQD5y66-150-80.jpg.webp 150w\" sizes=\"150px\" \/><span class=\"w-full text-base font-[var(--article-river-item--font-weight,500)] font-article-heading line-clamp-3 md:line-clamp-2\">Tour du Limousin: Ewen Costiou takes the overall lead after a solo stage 2 victory<\/span><\/li>\n<li class=\"m-0 list-none border-b border-solid border-[#ededed] py-2\" data-recirculation-id=\"recirculation-card-2\" id=\"recirculation-inline-2\" data-analytics-id=\"recirculation-inline-2\" data-mrf-recirculation=\"recirculation-inline-2\">\n    <source type=\"image\/webp\" srcset=\"https:\/\/cdn.mos.cms.futurecdn.net\/pkwxYUBxo7yMWG2obfPXnm-250-80.jpg.webp 250w, https:\/\/cdn.mos.cms.futurecdn.net\/pkwxYUBxo7yMWG2obfPXnm-150-80.jpg.webp 150w\" sizes=\"150px\" \/><span class=\"w-full text-base font-[var(--article-river-item--font-weight,500)] font-article-heading line-clamp-3 md:line-clamp-2\">Tour du Limousin: 21-year-old Noa Isidore sprints to first pro victory on stage 1 uphill finish<\/span><\/li>\n<li class=\"m-0 list-none border-b border-solid border-[#ccc] py-2\" data-recirculation-id=\"recirculation-card-3\" id=\"recirculation-inline-3\" data-analytics-id=\"recirculation-inline-3\" data-mrf-recirculation=\"recirculation-inline-3\">\n    <source type=\"image\/webp\" srcset=\"https:\/\/cdn.mos.cms.futurecdn.net\/j5qRdC7dz3oxgaYAtSKzmW-250-80.jpg.webp 250w, https:\/\/cdn.mos.cms.futurecdn.net\/j5qRdC7dz3oxgaYAtSKzmW-150-80.jpg.webp 150w\" sizes=\"150px\" \/><span class=\"w-full text-base font-[var(--article-river-item--font-weight,500)] font-article-heading line-clamp-3 md:line-clamp-2\">As it happened: Breakaway succeeds on opening day at Crit\u00e9rium du Dauphin\u00e9 &#8211; Tour Auvergne-Rh\u00f4ne-Alpes stage 1<\/span><\/li>\n<\/ul>\n<\/aside>\n<p aria-hidden=\"true\" class=\"kiosq-b\">It was another aggressive start to the day, and despite several attacks it took more than 30km for the breakaway to form. Eventually L\u00e9andre Lozouet (CIC Academy), Th\u00e9o Delacroix (St Michel-Preference Homes-Auber93) and the Lotto-Intermarch\u00e9 pair of Matys Grisel and Baptiste Veistroffer, who had been part of the stage two breakaway, got away, building a lead of around a minute.<\/p>\n<p aria-hidden=\"true\" class=\"kiosq-b\">They were soon joined by seven other riders, and an 11-man group set about building their advantage, though such a large group was never going to be allowed too much of an advantage, and they struggled to put more than 1:30 into the peloton.<\/p>\n<div id=\"slice-container-newsletterForm-articleInbodyContent-9JdwLcPtE2CruNvdPkG9JR\" class=\"slice-container newsletter-inbodyContent-slice newsletterForm-articleInbodyContent-9JdwLcPtE2CruNvdPkG9JR slice-container-newsletterForm\">\n<div data-hydrate=\"true\" class=\"newsletter-form__wrapper newsletter-form__wrapper--inbodyContent\">\n<div class=\"newsletter-form__container\">\n<section class=\"newsletter-form__top-bar\">\n<div class=\"newsletter-form__header\">Get The Leadout Newsletter<\/div>\n<\/section>\n<section class=\"newsletter-form__main-section\">\n<p class=\"newsletter-form__strapline\">The latest race content, interviews, features, reviews and expert buying guides, direct to your inbox!<\/p>\n<footer class=\"newsletter-form__footer \">By submitting your information you agree to the Terms &amp; Conditions and Privacy Policy and are aged 16 or over.<\/footer>\n<\/section>\n<\/div>\n<\/div>\n<\/div>\n<p aria-hidden=\"true\" class=\"kiosq-b\">With 32km to go the leaders were caught and two more riders headed up the road, Maxence Place (Lotto-Intermarch\u00e9) and Pierre-Henry Basset (XDS-Astana) attacking on a climb and building a lead of 30 seconds, though Place crashed on a bend leaving Basset alone in the final 20km.<\/p>\n<p aria-hidden=\"true\" class=\"kiosq-b\">Though his lead extended to one minute, he was reeled in by what remained of the peloton, his heart broken as he was caught with just 800m to go.<\/p>\n<p id=\"elk-b1369d7a-9c8e-11f1-a815-472351239a5e\" aria-hidden=\"true\" class=\"kiosq-b\"><strong>For unbeatable coverage across road, gravel and tech, subscribe to Cyclingnews. You&#8217;ll get comprehensive race coverage of La Vuelta a Espa\u00f1a, subscriber-exclusive analysis from our expert columnists, in-depth features and industry-leading tech insight. Plus, the Cyclingnews app lets you follow the action wherever you go! <\/strong><strong>Join today.<\/strong><\/p>\n<h3 class=\"article-body__section kiosq-b\" id=\"section-results\" aria-hidden=\"true\"><span>Results<\/span><\/h3>\n<div class=\"slice-container table-wrapper slice-container-table kiosq-b\" data-component-name=\"Slice:Table\" id=\"elk-e77071fe-9cac-11f1-abfd-5d37e0d5ed58\" aria-hidden=\"true\">\n<div class=\"table__instruction\">\nSwipe to scroll horizontally<\/p>\n<\/div>\n<div class=\"table__container\">\n<table class=\"table__wrapper table__wrapper--inbodyContent table__wrapper--sticky table__wrapper--divider\">\n<caption class=\"table__caption table__caption--top table__caption--left\">\nTop 10<br \/>\n<\/caption>\n<thead class=\"table__head\">\n<tr class=\"table__head__row\">\n<th class=\"table__head__heading table__head__heading--left\" colspan=\"1\">\n<p>Position<\/p>\n<\/th>\n<th class=\"table__head__heading table__head__heading--left\" colspan=\"1\">\n<p>Rider (Country) Team<\/p>\n<\/th>\n<th class=\"table__head__heading table__head__heading--left\" colspan=\"1\">\n<p>Time<\/p>\n<\/th>\n<\/tr>\n<\/thead>\n<tbody class=\"table__body\">\n<tr class=\"table__body__row\">\n<td class=\"table_body__data\" colspan=\"1\">\n<p>1<\/p>\n<\/td>\n<td class=\"table_body__data\" colspan=\"1\">\n<p>Daan Depuydt (Bel) Baloise Verzekeringen-Het Poetsbureau Lions[cite: 1, 2]<\/p>\n<\/td>\n<td class=\"table_body__data\" colspan=\"1\">\n<p>4:23:26<\/p>\n<\/td>\n<\/tr>\n<tr class=\"table__body__row\">\n<td class=\"table_body__data\" colspan=\"1\">\n<p>2<\/p>\n<\/td>\n<td class=\"table_body__data\" colspan=\"1\">\n<p>Axel Mariault (Fra) CIC Pro Cycling Academy[cite: 1, 2]<\/p>\n<\/td>\n<td class=\"table_body__data\" colspan=\"1\"><span class=\"sr-only\">Row 1 &#8211; Cell 2 <\/span><\/td>\n<\/tr>\n<tr class=\"table__body__row\">\n<td class=\"table_body__data\" colspan=\"1\">\n<p>3<\/p>\n<\/td>\n<td class=\"table_body__data\" colspan=\"1\">\n<p>Alex Aranburu Deva (Spa) Cofidis[cite: 1, 2]<\/p>\n<\/td>\n<td class=\"table_body__data\" colspan=\"1\"><span class=\"sr-only\">Row 2 &#8211; Cell 2 <\/span><\/td>\n<\/tr>\n<tr class=\"table__body__row\">\n<td class=\"table_body__data\" colspan=\"1\">\n<p>4<\/p>\n<\/td>\n<td class=\"table_body__data\" colspan=\"1\">\n<p>Alexandre Delettre (Fra) Team TotalEnergies[cite: 1, 2]<\/p>\n<\/td>\n<td class=\"table_body__data\" colspan=\"1\"><span class=\"sr-only\">Row 3 &#8211; Cell 2 <\/span><\/td>\n<\/tr>\n<tr class=\"table__body__row\">\n<td class=\"table_body__data\" colspan=\"1\">\n<p>5<\/p>\n<\/td>\n<td class=\"table_body__data\" colspan=\"1\">\n<p>Ewen Costiou (Fra) Groupama-FDJ United[cite: 1, 2]<\/p>\n<\/td>\n<td class=\"table_body__data\" colspan=\"1\"><span class=\"sr-only\">Row 4 &#8211; Cell 2 <\/span><\/td>\n<\/tr>\n<tr class=\"table__body__row\">\n<td class=\"table_body__data\" colspan=\"1\">\n<p>6<\/p>\n<\/td>\n<td class=\"table_body__data\" colspan=\"1\">\n<p>Rayan Boulahoite (Fra) Team TotalEnergies[cite: 1, 2]<\/p>\n<\/td>\n<td class=\"table_body__data\" colspan=\"1\"><span class=\"sr-only\">Row 5 &#8211; Cell 2 <\/span><\/td>\n<\/tr>\n<tr class=\"table__body__row\">\n<td class=\"table_body__data\" colspan=\"1\">\n<p>7<\/p>\n<\/td>\n<td class=\"table_body__data\" colspan=\"1\">\n<p>R\u00e9mi Capron (Fra) Van Rysel-Roubaix[cite: 1, 2]<\/p>\n<\/td>\n<td class=\"table_body__data\" colspan=\"1\"><span class=\"sr-only\">Row 6 &#8211; Cell 2 <\/span><\/td>\n<\/tr>\n<tr class=\"table__body__row\">\n<td class=\"table_body__data\" colspan=\"1\">\n<p>8<\/p>\n<\/td>\n<td class=\"table_body__data\" colspan=\"1\">\n<p>Antoine L&#8217;Hote (Fra) Decathlon CMA CGM Team[cite: 1, 2]<\/p>\n<\/td>\n<td class=\"table_body__data\" colspan=\"1\"><span class=\"sr-only\">Row 7 &#8211; Cell 2 <\/span><\/td>\n<\/tr>\n<tr class=\"table__body__row\">\n<td class=\"table_body__data\" colspan=\"1\">\n<p>9<\/p>\n<\/td>\n<td class=\"table_body__data\" colspan=\"1\">\n<p>Mathis Le Berre (Fra) Team TotalEnergies[cite: 1, 2]<\/p>\n<\/td>\n<td class=\"table_body__data\" colspan=\"1\"><span class=\"sr-only\">Row 8 &#8211; Cell 2 <\/span><\/td>\n<\/tr>\n<tr class=\"table__body__row\">\n<td class=\"table_body__data\" colspan=\"1\">\n<p>10<\/p>\n<\/td>\n<td class=\"table_body__data\" colspan=\"1\">\n<p>Guillaume Adam (Fra) Veloce Club Rouen 76[cite: 1, 2]<\/p>\n<\/td>\n<td class=\"table_body__data\" colspan=\"1\"><span class=\"sr-only\">Row 9 &#8211; Cell 2 <\/span><\/td>\n<\/tr>\n<\/tbody>\n<\/table>\n<\/div>\n<\/div>\n<\/div>\n<p>[analyse_source url=&#8221;https:\/\/www.cyclingnews.com\/pro-cycling\/racing\/tour-du-limousin-daan-depuydt-takes-a-thrilling-stage-win-with-a-long-range-sprint-as-the-breakaway-is-caught-inside-the-final-kilometre\/&#8221;]<\/p>\n","protected":false},"excerpt":{"rendered":"<p>[analyse_image type=&#8221;featured&#8221; src=&#8221;https:\/\/cdn.mos.cms.futurecdn.net\/XkeTKf9Dxi2vbNkZwEyq2k-1024-80.jpg&#8221;] 1 ADAC Cyclassics Hamburg: Paul Magnier takes sprint win after Soudal-Quickstep takes control in final 10 kilometres 2 Renewi Tour: Jonathan Milan edges out Olav Kooij in photo finish to win a messy opening stage 3 Tour du Limousin: 21-year-old Noa Isidore sprints to first pro victory on stage 1 uphill finish [&hellip;]<\/p>\n","protected":false},"author":1,"featured_media":0,"comment_status":"open","ping_status":"","sticky":false,"template":"","format":"standard","meta":{"footnotes":""},"categories":[2],"tags":[226,68],"class_list":["post-2102994","post","type-post","status-publish","format-standard","hentry","category-politics","tag-crawlmanager","tag-cyclingnews-com"],"_links":{"self":[{"href":"https:\/\/analyse.optim.biz\/index.php?rest_route=\/wp\/v2\/posts\/2102994","targetHints":{"allow":["GET"]}}],"collection":[{"href":"https:\/\/analyse.optim.biz\/index.php?rest_route=\/wp\/v2\/posts"}],"about":[{"href":"https:\/\/analyse.optim.biz\/index.php?rest_route=\/wp\/v2\/types\/post"}],"author":[{"embeddable":true,"href":"https:\/\/analyse.optim.biz\/index.php?rest_route=\/wp\/v2\/users\/1"}],"replies":[{"embeddable":true,"href":"https:\/\/analyse.optim.biz\/index.php?rest_route=%2Fwp%2Fv2%2Fcomments&post=2102994"}],"version-history":[{"count":0,"href":"https:\/\/analyse.optim.biz\/index.php?rest_route=\/wp\/v2\/posts\/2102994\/revisions"}],"wp:attachment":[{"href":"https:\/\/analyse.optim.biz\/index.php?rest_route=%2Fwp%2Fv2%2Fmedia&parent=2102994"}],"wp:term":[{"taxonomy":"category","embeddable":true,"href":"https:\/\/analyse.optim.biz\/index.php?rest_route=%2Fwp%2Fv2%2Fcategories&post=2102994"},{"taxonomy":"post_tag","embeddable":true,"href":"https:\/\/analyse.optim.biz\/index.php?rest_route=%2Fwp%2Fv2%2Ftags&post=2102994"}],"curies":[{"name":"wp","href":"https:\/\/api.w.org\/{rel}","templated":true}]}}