{"id":2102989,"date":"2026-08-20T10:27:37","date_gmt":"2026-08-20T07:27:37","guid":{"rendered":"https:\/\/analyse.optim.biz\/?p=2102989"},"modified":"2026-08-20T10:27:37","modified_gmt":"2026-08-20T07:27:37","slug":"tadej-pogacar-could-win-the-vuelta-a-espana-by-10-minutes-but-total-domination-is-unlikely-philippa-york-analysis","status":"publish","type":"post","link":"https:\/\/analyse.optim.biz\/?p=2102989","title":{"rendered":"Tadej Poga\u010dar could win the Vuelta a Espa\u00f1a by 10 minutes but total domination is unlikely \u2013 Philippa York analysis"},"content":{"rendered":"<p>[analyse_image type=&#8221;featured&#8221; src=&#8221;https:\/\/cdn.mos.cms.futurecdn.net\/xaPhNZ65Eb5A24MN8pQZC8-2000-80.jpg&#8221;]<\/p>\n<p><article class=\"page-content-onecol flex-1\nnews-article article\n\"><\/p>\n<div class=\"widget-area-group widget-area-group-2col flex flex-wrap box-border\">\n<div id=\"widgetArea16\" class=\"widget-area basis-full md:basis-2\/3 widget-area-g-md-vp-2-3 widget-area-g-lg-vp-2-3 widget-area-g-xl-vp-2-3 page-widget-area-16\">\n<div data-widget-type=\"hero\" id=\"hero\" class=\"clear-both widget widget-hero widget-hero widget-hero-hero widget-hero widget-hero-fter-news\">\n<div class=\"news-article\">\n<header data-component-name=\"Article:Hero\">\n<nav class=\"breadcrumb\" aria-label=\"Breadcrumbs\">\n<ol>\n<li>\nPro Cycling\n<\/li>\n<li>\nRacing\n<\/li>\n<li>\nRoad\n<\/li>\n<li>\nVuelta a Espa\u00f1a\n<\/li>\n<\/ol>\n<\/nav>\n<h1>Tadej Poga\u010dar could win the Vuelta a Espa\u00f1a by 10 minutes but total domination is unlikely \u2013 Philippa York analysis<\/h1>\n<div class=\"kiosq-member-label\" data-component-name=\"Article:Hero:KiosqPaywallLabels\"><span class=\"kiosq-member-label-text\"><br \/>\nMEMBER EXCLUSIVE<br \/>\n<\/span><\/div>\n<div class=\"byline-social\">\n<div class=\"vds-byline-block flex flex-row flex-nowrap my-1.5 gap-2 text-left items-start justify-center mx-auto max-sm:text-center max-sm:items-center\" data-component-name=\"Article:BylineBlock\">\n<p>Features<\/p>\n<div class=\"my-auto vds-simple-byline\"><span class=\"inline-block vds-author\"><br \/>\nBy<br \/>\nPhilippa York <\/span><\/p>\n<div class=\"flex gap-1 vds-byline-with-avatar__meta max-sm:justify-center\"><span class=\"vds-date block font-normal tracking-normal normal-case text-xs\"><br \/>\nPublished<br \/>\n<time data-component-name=\"UI:DateTime\" datetime=\"2026-08-20T10:27:37Z\" class=\"relative-date\"><br \/>\n20 August 2026<br \/>\n<\/time><\/span><\/div>\n<\/div>\n<\/div>\n<p class=\"strapline\">Cyclingnews&#8217; expert columnist delves into the main storylines and factors ahead of the Spanish Grand Tour<\/p>\n<\/div>\n<aside class=\"text-gray-700 flex items-center mx-0 my-5 p-0 justify-center text-center\" id=\"affiliate-disclaimer\" data-component-name=\"AffiliateDisclaimer\" data-hawk-message=\"Affiliate disclaimer removed because hawk deemed there are no affiliate links on this page\">\n<p class=\"text-[color:var(--affiliate-disclaimer--text-color,inherit)] mb-2 text-[length:var(--affiliate-disclaimer--font-size,0.75rem)] leading-[18px] md:text-[13px] [&amp;&gt;a]:text-inherit [&amp;&gt;a]:underline\">\nWhen you purchase through links on our site, we may earn an affiliate commission. Here\u2019s how it works.\n<\/p>\n<\/aside>\n<\/header>\n<\/div>\n<\/div>\n<div data-widget-type=\"contentparsed\" id=\"content\" class=\"clear-both widget widget-contentparsed widget-content widget-contentparsed-content widget-content-parsed widget-content-parsed-content_document \">\n<div class=\"wcp-item-content\">\n<section class=\"content-wrapper\">\n<div class=\"box less-space hero-image-wrapper\">\n<figure class=\"mb-0\">\n<source type=\"image\/webp\" srcset=\"https:\/\/cdn.mos.cms.futurecdn.net\/xaPhNZ65Eb5A24MN8pQZC8-2000-80.jpg.webp 2560w, https:\/\/cdn.mos.cms.futurecdn.net\/xaPhNZ65Eb5A24MN8pQZC8-1920-80.jpg.webp 1920w, https:\/\/cdn.mos.cms.futurecdn.net\/xaPhNZ65Eb5A24MN8pQZC8-1600-80.jpg.webp 1600w, https:\/\/cdn.mos.cms.futurecdn.net\/xaPhNZ65Eb5A24MN8pQZC8-1440-80.jpg.webp 1440w, https:\/\/cdn.mos.cms.futurecdn.net\/xaPhNZ65Eb5A24MN8pQZC8-1280-80.jpg.webp 1280w, https:\/\/cdn.mos.cms.futurecdn.net\/xaPhNZ65Eb5A24MN8pQZC8-1200-80.jpg.webp 1200w, https:\/\/cdn.mos.cms.futurecdn.net\/xaPhNZ65Eb5A24MN8pQZC8-1024-80.jpg.webp 1024w, https:\/\/cdn.mos.cms.futurecdn.net\/xaPhNZ65Eb5A24MN8pQZC8-970-80.jpg.webp 970w, https:\/\/cdn.mos.cms.futurecdn.net\/xaPhNZ65Eb5A24MN8pQZC8-750-80.jpg.webp 750w, https:\/\/cdn.mos.cms.futurecdn.net\/xaPhNZ65Eb5A24MN8pQZC8-650-80.jpg.webp 650w, https:\/\/cdn.mos.cms.futurecdn.net\/xaPhNZ65Eb5A24MN8pQZC8-480-80.jpg.webp 480w, https:\/\/cdn.mos.cms.futurecdn.net\/xaPhNZ65Eb5A24MN8pQZC8-320-80.jpg.webp 320w\" sizes=\"100vw\" \/><figcaption class=\"font-article-copy text-(--image--text--color) font-article-copy mt-2\"><span class=\"credit font-article-copy\">(Image credit: Getty Images)<\/span><\/figcaption><\/figure>\n<\/div>\n<div id=\"article-body\" class=\"text-copy bodyCopy auto paywall-locker\">\n<div data-analytics-id=\"utility-bar\" id=\"utility-bar\" class=\"font-ui-heading flex justify-between items-center py-2 border-t border-b border-gray-300 border-solid mb-5 mx-auto\" data-component-name=\"UtilityBar\" data-mrf-recirculation=\"utility-bar\">\n<div class=\"flex gap-2 text-[#333] subcontainer\">\n<div class=\"relative tooltip-container\" role=\"tooltip\">\n<div data-component-name=\"Social:Dropdown\" role=\"menu\" id=\"utilitybar__dropdown--share\" aria-labelledby=\"utilitybar__button--share\" class=\"absolute left-0 top-full w-44 bg-white rounded-md shadow-md border border-neutral-200 z-[9996] list-none m-0 py-2 px-3 border-solid\">\n<ul class=\"m-0!\">\n<li class=\"!p-0 !m-0 list-none border-b border-gray-200 border-solid\">\n<li class=\"!p-0 !m-0 list-none border-b border-gray-200 border-solid\">\n<p>Facebook<\/p>\n<\/li>\n<li class=\"!p-0 !m-0 list-none border-b border-gray-200 border-solid\">\n<p>X<\/p>\n<\/li>\n<li class=\"!p-0 !m-0 list-none border-b border-gray-200 border-solid\">\n<p>Pinterest<\/p>\n<\/li>\n<li class=\"!p-0 !m-0 list-none border-b border-gray-200 border-solid\">\n<p>Email<\/p>\n<\/li>\n<\/ul>\n<\/div>\n<div class=\"font-ui-heading max-sm:hidden tooltip absolute left-1\/2 bg-gray-900 text-white text-xs leading-none px-3 py-1.5 rounded-md z-[10001] whitespace-nowrap\" id=\"tooltip-share-this-article\" role=\"tooltip\" aria-hidden=\"true\">\nShare this article\n<\/div>\n<\/div>\n<div class=\"relative tooltip-container\" role=\"tooltip\"><span class=\"ml-1 inline-flex h-5 px-2 shrink-0 items-center justify-center self-center overflow-hidden whitespace-nowrap rounded-[10px] bg-primary-500 text-[11px] leading-none font-ui-heading font-semibold text-white\">0<\/span><\/p>\n<div class=\"font-ui-heading max-sm:hidden tooltip absolute left-1\/2 bg-gray-900 text-white text-xs leading-none px-3 py-1.5 rounded-md z-[10001] whitespace-nowrap\" id=\"tooltip-join-the-conversation\" role=\"tooltip\" aria-hidden=\"true\">\nJoin the conversation\n<\/div>\n<\/div>\n<\/div>\n<div class=\"flex gap-2 text-[#333] subcontainer\">\n<div class=\"relative tooltip-container\" role=\"tooltip\">\n<p>Follow us<\/p>\n<div class=\"font-ui-heading max-sm:hidden tooltip absolute left-1\/2 bg-gray-900 text-white text-xs leading-none px-3 py-1.5 rounded-md z-[10001] whitespace-nowrap\" id=\"tooltip-add-us-as-a-preferred-source-on-google\" role=\"tooltip\" aria-hidden=\"true\">\nAdd us as a preferred source on Google\n<\/div>\n<\/div>\n<div class=\"relative tooltip-container\" role=\"tooltip\">\n<div class=\"font-ui-heading max-sm:hidden tooltip absolute left-1\/2 bg-gray-900 text-white text-xs leading-none px-3 py-1.5 rounded-md z-[10001] whitespace-nowrap\" id=\"tooltip-subscribe-to-our-newsletter\" role=\"tooltip\" aria-hidden=\"true\">\nSubscribe to our newsletter\n<\/div>\n<\/div>\n<\/div>\n<\/div>\n<p id=\"elk-a2ad0a08-9c7c-11f1-8817-6f6211523801\">Less than three weeks before of the Vuelta a Espa\u00f1a, the majority of those who would be making up the peloton received troubling news \u2013 news that some may have expected but most secretly hoped would never arrive. Tadej Poga\u010dar would be riding the final Grand Tour of the year. In that press release, everything changed, for all the GC riders and all the teams who were basing their race on escaping the clutches of the UAE armada.<\/p>\n<p>There were perhaps two slight hopes that maybe, just maybe, things could be different. Firstly, the world\u2019s No.1 ranked rider might not have recovered fully after his fifth Tour de France victory, and secondly, UAE Team Emirates-XRG could only muster a tired and substandard collective to back him up. Both options seem doomed to failure.<\/p>\n<p id=\"elk-a2ad0a08-9c7c-11f1-8817-6f6211523801-2\" aria-hidden=\"true\" class=\"kiosq-b\">Consulting the Slovenian\u2019s recuperation history, you notice there are no glaring moments of weakness when he has been injury-free. And then with the idea that his teammates might not be up to the task, none of them have done a Grand Tour this year, which means they all arrive at the start in Monaco super motivated to impress everyone.<\/p>\n<p aria-hidden=\"true\" class=\"kiosq-b\">There may have been a few DNFs due to illness, injury and race incidents for the likes of Jo\u00e3o Almeida and Jay Vine but this is an opportunity for each of them to grab with both hands, if they can. Remaining high up in the hierarchy of the number one team means they can be spared most of the daily grind and have the chance to be part of the moments that decide the race. They may be described as super domestiques in the service of Poga\u010dar but it is always good to remember they come with statistics that are rather daunting.<\/p>\n<figure class=\"van-image-figure inline-layout kiosq-b\" data-bordeaux-image-check id=\"elk-e60cb738-9c83-11f1-af03-a7ee97d2aa33\" aria-hidden=\"true\">\n<div class=\"image-full-width-wrapper\">\n<div class=\"image-widthsetter\">\n<p class=\"vanilla-image-block\">\n<source type=\"image\/webp\" srcset=\"https:\/\/cdn.mos.cms.futurecdn.net\/46EgCrjnw7NXBBJKU7GHBZ-1024-80.jpg.webp 2560w, https:\/\/cdn.mos.cms.futurecdn.net\/46EgCrjnw7NXBBJKU7GHBZ-1024-80.jpg.webp 1920w, https:\/\/cdn.mos.cms.futurecdn.net\/46EgCrjnw7NXBBJKU7GHBZ-1024-80.jpg.webp 1440w, https:\/\/cdn.mos.cms.futurecdn.net\/46EgCrjnw7NXBBJKU7GHBZ-1024-80.jpg.webp 1280w, https:\/\/cdn.mos.cms.futurecdn.net\/46EgCrjnw7NXBBJKU7GHBZ-1024-80.jpg.webp 1200w, https:\/\/cdn.mos.cms.futurecdn.net\/46EgCrjnw7NXBBJKU7GHBZ-1024-80.jpg.webp 1024w, https:\/\/cdn.mos.cms.futurecdn.net\/46EgCrjnw7NXBBJKU7GHBZ-970-80.jpg.webp 970w, https:\/\/cdn.mos.cms.futurecdn.net\/46EgCrjnw7NXBBJKU7GHBZ-650-80.jpg.webp 650w, https:\/\/cdn.mos.cms.futurecdn.net\/46EgCrjnw7NXBBJKU7GHBZ-480-80.jpg.webp 480w, https:\/\/cdn.mos.cms.futurecdn.net\/46EgCrjnw7NXBBJKU7GHBZ-320-80.jpg.webp 320w\" sizes=\"100vw\" \/><\/p>\n<\/div>\n<\/div><figcaption class=\" inline-layout\"><span class=\"caption-text\">Jo\u00e3o Almeida alongside Tadej Poga\u010dar at the 2025 Tour de France <\/span><span class=\"credit\">(Image credit: Getty Images)<\/span><\/figcaption><\/figure>\n<p id=\"elk-e60cb7b0-9c83-11f1-982d-bd4851733f9b\" aria-hidden=\"true\" class=\"kiosq-b\">Almeida was second here last year and Jay Vine has won four stages and been best climber twice. Basically, they would be team leaders if they weren\u2019t on UAE, which places them in a similar position to the one Isaac Del Toro enjoyed in this year\u2019s Tour de France.<\/p>\n<p aria-hidden=\"true\" class=\"kiosq-b\">However, contrary to the Tour, the opposition at the Vuelta is certainly weaker. The mathematics are quite simple for Poga\u010dar\u2019s nearest rivals. Jonas Vingegaard rode the Giro d\u2019Italia within himself whenever he could and still finished over five minutes ahead of Felix Gall, and yet one month later on the roads of France the Dane was four and a half minutes in arrears to Poga\u010dar after 14 stages.<\/p>\n<p aria-hidden=\"true\" class=\"kiosq-b\">We didn\u2019t get to find out if that gap would have grown as Vingegaard left the race on day 15 but what it does tell us is if Poga\u010dar wants to make a statement then second on GC is likely to be close to 10 minutes behind by the finish in Granada.<\/p>\n<h2 id=\"total-domination-is-unlikely-3\" aria-hidden=\"true\" class=\"kiosq-b\">Total domination is unlikely<\/h2>\n<p id=\"elk-686431f4-9c7d-11f1-ac12-d9bb2d6ee1fe\" aria-hidden=\"true\" class=\"kiosq-b\">Luckily, there are a couple of things that make total domination unlikely. There\u2019ll still be days when Tadej turns on the afterburners and rides away from everyone but this is a race he will want to get through with the least stress possible. Physically, he will need to be fairly cautious as there remain two big objectives afterwards, the World Championships in Montr\u00e9al and then the season\u2019s final Monument, Il Lombardia, so recovery is important.<\/p>\n<p aria-hidden=\"true\" class=\"kiosq-b\">And then there\u2019s the mental aspect to consider. A three-week race at this stage of the season, when you have won nearly every race that you planned to, might begin to weigh heavy on the mind. Grand Tours are rarely fun and Poga\u010dar will want the least pressure possible, which is where Almeida and Vine step in and take some of the responsibilities off their team leader\u2019s shoulders. If either are given a chance to take the red jersey then that\u2019s fewer media and podium duties and more recovery for Poga\u010dar.<\/p>\n<p aria-hidden=\"true\" class=\"kiosq-b\">It\u2019s an opportunity which often opens up when there\u2019s one big favourite and everyone waits for them to make a move, and if the situation happens out on the road then both of the UAE lieutenants will be expected to seize it.<\/p>\n<p aria-hidden=\"true\" class=\"kiosq-b\">Meanwhile, for those not on UAE, the decision will be when do they start racing for the other podium positions below Poga\u010dar. Cruel it may be, but realistically the other GC riders know they won\u2019t be following Poga\u010dar when he decides it\u2019s a day for winning so the likelihood is the Slovenian will go ahead and do his thing and everyone else will compete amongst themselves.<\/p>\n<h2 id=\"the-best-of-the-rest-3\" aria-hidden=\"true\" class=\"kiosq-b\">The best of the rest<\/h2>\n<p id=\"elk-686432d0-9c7d-11f1-86f8-fd4dc19e96ae\" aria-hidden=\"true\" class=\"kiosq-b\">Looking at the route, the sheer number of mountain or hill-top finishes means it\u2019s unlikely we will see any of the GC challengers completely dominate in what I\u2019ll call the Gall\/Onley group.<\/p>\n<p aria-hidden=\"true\" class=\"kiosq-b\">If you look at Felix Gall, his characteristics suit long sustained uphill efforts, while Oscar Onley is more suited to the sharper steeper climbs. The Netcompany-Ineos leader is more explosive so that\u2019s typically climbing days in Andorra, whilst Gall is much more steady in how he paces himself and that\u2019s the last week down in the south. In between, the middle week, expect some echelons and fighting for position, which isn\u2019t a Felix Gall strong point so the talk of him being the obvious runner-up isn\u2019t a given.<\/p>\n<figure class=\"van-image-figure inline-layout kiosq-b\" data-bordeaux-image-check id=\"elk-e60cb832-9c83-11f1-90c2-cf606364dfd5\" aria-hidden=\"true\">\n<div class=\"image-full-width-wrapper\">\n<div class=\"image-widthsetter\">\n<p class=\"vanilla-image-block\">\n<source type=\"image\/webp\" srcset=\"https:\/\/cdn.mos.cms.futurecdn.net\/ybJGDWhS7XkDGnab5z8Tfc-1024-80.jpg.webp 2560w, https:\/\/cdn.mos.cms.futurecdn.net\/ybJGDWhS7XkDGnab5z8Tfc-1024-80.jpg.webp 1920w, https:\/\/cdn.mos.cms.futurecdn.net\/ybJGDWhS7XkDGnab5z8Tfc-1024-80.jpg.webp 1440w, https:\/\/cdn.mos.cms.futurecdn.net\/ybJGDWhS7XkDGnab5z8Tfc-1024-80.jpg.webp 1280w, https:\/\/cdn.mos.cms.futurecdn.net\/ybJGDWhS7XkDGnab5z8Tfc-1024-80.jpg.webp 1200w, https:\/\/cdn.mos.cms.futurecdn.net\/ybJGDWhS7XkDGnab5z8Tfc-1024-80.jpg.webp 1024w, https:\/\/cdn.mos.cms.futurecdn.net\/ybJGDWhS7XkDGnab5z8Tfc-970-80.jpg.webp 970w, https:\/\/cdn.mos.cms.futurecdn.net\/ybJGDWhS7XkDGnab5z8Tfc-650-80.jpg.webp 650w, https:\/\/cdn.mos.cms.futurecdn.net\/ybJGDWhS7XkDGnab5z8Tfc-480-80.jpg.webp 480w, https:\/\/cdn.mos.cms.futurecdn.net\/ybJGDWhS7XkDGnab5z8Tfc-320-80.jpg.webp 320w\" sizes=\"100vw\" \/><\/p>\n<\/div>\n<\/div><figcaption class=\" inline-layout\"><span class=\"caption-text\">Oscar Onley (middle) and Felix Gall (left) are among the challengers for the podium <\/span><span class=\"credit\">(Image credit: Getty Images)<\/span><\/figcaption><\/figure>\n<p id=\"elk-e60cb8a0-9c83-11f1-99fe-e7e0259a1db3\" aria-hidden=\"true\" class=\"kiosq-b\">What is for sure is in the GC group almost everyone bar Richard Carapaz has something to prove. Cian Uijtdebroeks has to salvage a disappointing season, Enric Mas needs a win and something better than an expected 8th place. Onley requires some confidence and Netcompany a bit of unity to be installed after a few fractious comments between teammates. Over at Lidl-Trek, they can probably count on Mattias Skjelmose to be in the top five but a stage win would be nice along with it.<\/p>\n<p aria-hidden=\"true\" class=\"kiosq-b\">And then there\u2019s Primo\u017e Rogli\u010d. Let\u2019s hope he doesn\u2019t crash in the first week and he can settle into his favourite race. The stated tactic of not riding for GC is an interesting one but few will believe it until he loses 10 minutes because if he\u2019s still there in the last week then with the experience he has the 32km time trial is in his favour. He\u2019s not racing Poga\u010dar but outside of him the other GC riders aren\u2019t exactly specialists on the TT bike.<\/p>\n<h2 id=\"the-fast-men-3\" aria-hidden=\"true\" class=\"kiosq-b\">The fast men<\/h2>\n<p id=\"elk-68643398-9c7d-11f1-957e-ffecaf24e9c2\" aria-hidden=\"true\" class=\"kiosq-b\">The fast men aren\u2019t numerous at this Vuelta, understandably so given the climbing involved. However, we will get to see how Visma-Lease a Bike manage the Wout Van Aert and Matthew Brennan situation.<\/p>\n<p aria-hidden=\"true\" class=\"kiosq-b\">Van Aert is on the rise after a few setbacks in the middle of the season and the young Brit lines up for his first Grand Tour.<\/p>\n<p aria-hidden=\"true\" class=\"kiosq-b\">Jordi Meeus is one place higher in the sprint rankings but with Christophe Laporte also in the Visma line-up the betting person would be right in thinking the odds are in favour of the Dutch squad.<\/p>\n<p aria-hidden=\"true\" class=\"kiosq-b\">And they have Sepp Kuss, who may or may not be GC Kuss. However, commencing Saturday on the shiny streets of Monaco we will have three weeks of action to find out if any of the pre-race speculation was accurate.<\/p>\n<p id=\"elk-68643406-9c7d-11f1-869d-7dab02788d4c\" aria-hidden=\"true\" class=\"kiosq-b\"><strong>For unbeatable coverage across road, gravel and tech, subscribe to Cyclingnews. You&#8217;ll get comprehensive race coverage of La Vuelta a Espa\u00f1a, subscriber-exclusive analysis from our expert columnists, in-depth features and industry-leading tech insight. Plus, the Cyclingnews app lets you follow the action wherever you go! <\/strong><u><strong>Join today.<\/strong><\/u><\/p>\n<\/div>\n<div class=\"block mb-5\" id=\"articleTag\" data-component-name=\"PostArticleLinks\" data-nosnippet data-mrf-recirculation=\"post-article-links\">\n<div class=\"border-b border-b-black border-solid py-2.5 text-black font-bold uppercase\">TOPICS<\/div>\n<nav class=\"py-2.5 flex gap-2.5 flex-wrap\" data-analytics-id=\"article-tag\" data-mrf-recirculation=\"article-tag\">\n<p>Premium Columns<\/p>\n<p>Premium In-Depth Racing<\/p>\n<\/nav>\n<\/div>\n<div id=\"slice-container-authorBio-fGJDsevAVicgDEkM4L4qwW\" class=\"slice-container slice-author-bio authorBio-fGJDsevAVicgDEkM4L4qwW slice-container-authorBio\">\n<div class=\"author author__default-layout author--separator author--collapsible\" data-hydrate=\"true\">\n<div class=\"author__header\">\n<div class=\"author__avatar-block\">\n<figure class=\"image-wrapped__wrapper\" data-bordeaux-image-check=\"false\">\n<div class=\"image-wrapped__widthsetter\">\n<div class=\"image-wrapped__aspect-padding\">\n<div><source class=\"author__avatar image-wrapped__image image__image\" type=\"image\/webp\" srcset=\"https:\/\/cdn.mos.cms.futurecdn.net\/4Ci2ntxBH7J9gCS8kMoyng-140-80.jpg.webp 140w\" sizes=\"99vw\" data-normal=\"https:\/\/cdn.mos.cms.futurecdn.net\/4Ci2ntxBH7J9gCS8kMoyng.jpg\" data-original-mos=\"https:\/\/cdn.mos.cms.futurecdn.net\/4Ci2ntxBH7J9gCS8kMoyng.jpg\" data-pin-media=\"https:\/\/cdn.mos.cms.futurecdn.net\/4Ci2ntxBH7J9gCS8kMoyng.jpg\" data-pin-nopin=\"true\" data-slice-image=\"true\" \/><\/div>\n<\/div>\n<\/div>\n<\/figure>\n<\/div>\n<div class=\"author__heading\">\n<div class=\"author__name\">Philippa York<\/div>\n<div class=\"author__social\">\n<nav class=\"button-social-group author__social-buttons\" aria-labelledby=\"button-social-group- author__social-buttons\">\n<div id=\"button-social-group- author__social-buttons\">Social Links Navigation<\/div>\n<\/nav>\n<\/div>\n<\/div>\n<\/div>\n<div class=\"author__bio-wrapper\">\n<div class=\"author__biography\">\n<p>Philippa York is a long-standing <em>Cyclingnews<\/em> contributor, providing expert racing analysis. As one of the early British racers to take the plunge and relocate to France with the famed ACBB club in the 1980&#8217;s, she was the inspiration for a generation of racing cyclists \u2013 and cycling fans \u2013 from the UK.<\/p>\n<p><\/p>\n<p>The Glaswegian gained a contract with Peugeot in 1980, making her Tour de France debut in 1983 and taking a solo win in Bagn\u00e8res-de-Luchon in the Pyrenees, the mountain range which would prove a happy hunting ground throughout her Tour career.\u00a0<\/p>\n<p><\/p>\n<p>The following year&#8217;s race would prove to be one of her finest seasons, becoming the first rider from the UK to win the polka dot jersey at the Tour, whilst also becoming Britain&#8217;s highest-ever placed GC finisher with 4th spot.\u00a0<\/p>\n<p><\/p>\n<p>She finished runner-up at the Vuelta a Espa\u00f1a in 1985 and 1986, to Pedro Delgado and \u00c1lvaro Pino respectively, and at the Giro d&#8217;Italia in 1987. Stage race victories include the Volta a Catalunya (1985), Tour of Britain (1989) and Crit\u00e9rium du Dauphin\u00e9 Lib\u00e9r\u00e9 (1990). York retired from professional cycling as reigning British champion following the collapse of Le Groupement in 1995.\u00a0<\/p>\n<p><\/p>\n<\/div>\n<\/div>\n<\/div>\n<\/div>\n<\/section>\n<div class=\"relative max-w-[1070px] viafoura-twig-component mt-6 mx-4 lg:mx-0\" data-component-name=\"Viafoura:Comments\" data-nosnippet data-community-guidelines-text=\"&lt;p class=&apos;vfcustom-community-guidelines&apos;&gt;Please follow our &lt;a href=&quot;https:\/\/www.cyclingnews.com\/about\/#section-community-guidelines&quot; target=&quot;_blank&quot;&gt;community guidelines&lt;\/a&gt;.&lt;\/p&gt;\" data-join-the-conversation-text=\"Join the Conversation\">\n<div class=\"absolute top-0 left-0 w-full h-full flex items-center justify-center z-50 bg-white\/90 border-1 rounded-b-[var(--comment-widget-border-radius,0)]\">\n<div class=\"p-2 text-center\">\n<p class=\"mb-3 text-lg!\">You must confirm your public display name before commenting<\/p>\n<p class=\"mb-3 text-sm!\">Please logout and then login again, you will then be prompted to enter your display name.<\/p>\n<\/div>\n<\/div>\n<\/div>\n<\/div>\n<\/div>\n<\/div>\n<div id=\"widgetArea17\" class=\"widget-area md:basis-1\/3 widget-area-g-md-vp-1-3 widget-area-g-lg-vp-1-3 widget-area-g-xl-vp-1-3 page-widget-area-17\">\n<div data-widget-type=\"dynamic\" id=\"popular-data\" class=\"clear-both widget widget-dynamic widget-popular-data widget-dynamic-popular-data widget-dynamic-fter-popular-box\">\n<div class=\"wdn-fte-pb pos-relative space-t20\n\"><\/p>\n<div class=\"slice-container popular-box-slice\">\n<section class=\"popular-box\" data-component-name=\"Slice:PopularBox\">\n<div class=\"popular-box__label\">\n<div class=\"popular-box__label__tab popular-box__label__tab--active\" role=\"heading\">\nLATEST ARTICLES\n<\/div>\n<\/div>\n<ol class=\"popular-box__articles-list popular-box__articles-list--active\">\n<li class=\"popular-box__article-list\">\n<div class=\"popular-box__article-list__container\">\n<div class=\"popular-box__article-list__image-wrapper\">\n<div>\n<source type=\"image\/webp\" srcset=\"https:\/\/cdn.mos.cms.futurecdn.net\/gTFuFSJxwMREWMkPKZVrTF-1280-80.jpg.webp 1280w, https:\/\/cdn.mos.cms.futurecdn.net\/gTFuFSJxwMREWMkPKZVrTF-720-80.jpg.webp 720w, https:\/\/cdn.mos.cms.futurecdn.net\/gTFuFSJxwMREWMkPKZVrTF-640-80.jpg.webp 640w, https:\/\/cdn.mos.cms.futurecdn.net\/gTFuFSJxwMREWMkPKZVrTF-320-80.jpg.webp 320w\" sizes=\"99vw\" \/><\/div>\n<\/div>\n<div class=\"popular-box__article-list__content\">\n<div class=\"popular-box__article-list__number-text\">1<\/div>\n<div class=\"popular-box__article-list__heading\">\n<p>Josh Tarling to start Vuelta a Espa\u00f1a for Netcompany-Ineos days after the death of his brother, Finlay<\/p>\n<\/div>\n<\/div>\n<\/div>\n<\/li>\n<li class=\"popular-box__article-list\">\n<div class=\"popular-box__article-list__container\">\n<div class=\"popular-box__article-list__content\">\n<div class=\"popular-box__article-list__number-text\">2<\/div>\n<div class=\"popular-box__article-list__heading\">\n<p>Tour of Britain halted for half an hour as road traffic crash blocks the course<\/p>\n<\/div>\n<\/div>\n<\/div>\n<\/li>\n<li class=\"popular-box__article-list\">\n<div class=\"popular-box__article-list__container\">\n<div class=\"popular-box__article-list__content\">\n<div class=\"popular-box__article-list__number-text\">3<\/div>\n<div class=\"popular-box__article-list__heading\">\n<p>&#8216;We&#8217;ve had a lot of setbacks this year, starting with me&#8217; &#8211; non-conformist Richard Carapaz determined to fight for Vuelta a Espa\u00f1a GC despite injuries blighting EF Education-EasyPost lineup<\/p>\n<\/div>\n<\/div>\n<\/div>\n<\/li>\n<li class=\"popular-box__article-list\">\n<div class=\"popular-box__article-list__container\">\n<div class=\"popular-box__article-list__content\">\n<div class=\"popular-box__article-list__number-text\">4<\/div>\n<div class=\"popular-box__article-list__heading\">\n<p>UAE Team Emirates-XRG have a new sprinter as young Italian is promoted from the Gen Z squad<\/p>\n<\/div>\n<\/div>\n<\/div>\n<\/li>\n<li class=\"popular-box__article-list\">\n<div class=\"popular-box__article-list__container\">\n<div class=\"popular-box__article-list__content\">\n<div class=\"popular-box__article-list__number-text\">5<\/div>\n<div class=\"popular-box__article-list__heading\">\n<p>Tadej Poga\u010dar could win the Vuelta a Espa\u00f1a by 10 minutes but total domination is unlikely \u2013 Philippa York analysis<\/p>\n<\/div>\n<\/div>\n<\/div>\n<\/li>\n<\/ol>\n<\/section>\n<\/div>\n<\/div>\n<\/div>\n<\/div>\n<\/div>\n<\/article>\n<article class=\"page-content-onecol flex-1\nnews-article article\n\"><\/p>\n<div class=\"widget-area-group widget-area-group-2col flex flex-wrap box-border\">\n<div id=\"widgetArea16\" class=\"widget-area basis-full md:basis-2\/3 widget-area-g-md-vp-2-3 widget-area-g-lg-vp-2-3 widget-area-g-xl-vp-2-3 page-widget-area-16\">\n<div data-widget-type=\"hero\" id=\"hero\" class=\"clear-both widget widget-hero widget-hero widget-hero-hero widget-hero widget-hero-fter-news\">\n<div class=\"news-article\">\n<header data-component-name=\"Article:Hero\">\n<nav class=\"breadcrumb\" aria-label=\"Breadcrumbs\">\n<ol>\n<li>\nPro Cycling\n<\/li>\n<li>\nRacing\n<\/li>\n<li>\nRoad\n<\/li>\n<li>\nVuelta a Espa\u00f1a\n<\/li>\n<\/ol>\n<\/nav>\n<h1>Tadej Poga\u010dar could win the Vuelta a Espa\u00f1a by 10 minutes but total domination is unlikely \u2013 Philippa York analysis<\/h1>\n<div class=\"kiosq-member-label\" data-component-name=\"Article:Hero:KiosqPaywallLabels\"><span class=\"kiosq-member-label-text\"><br \/>\nMEMBER EXCLUSIVE<br \/>\n<\/span><\/div>\n<div class=\"byline-social\">\n<div class=\"vds-byline-block flex flex-row flex-nowrap my-1.5 gap-2 text-left items-start justify-center mx-auto max-sm:text-center max-sm:items-center\" data-component-name=\"Article:BylineBlock\">\n<p>Features<\/p>\n<div class=\"my-auto vds-simple-byline\"><span class=\"inline-block vds-author\"><br \/>\nBy<br \/>\nPhilippa York <\/span><\/p>\n<div class=\"flex gap-1 vds-byline-with-avatar__meta max-sm:justify-center\"><span class=\"vds-date block font-normal tracking-normal normal-case text-xs\"><br \/>\nPublished<br \/>\n<time data-component-name=\"UI:DateTime\" datetime=\"2026-08-20T10:27:37Z\" class=\"relative-date\"><br \/>\n20 August 2026<br \/>\n<\/time><\/span><\/div>\n<\/div>\n<\/div>\n<p class=\"strapline\">Cyclingnews&#8217; expert columnist delves into the main storylines and factors ahead of the Spanish Grand Tour<\/p>\n<\/div>\n<aside class=\"text-gray-700 flex items-center mx-0 my-5 p-0 justify-center text-center\" id=\"affiliate-disclaimer\" data-component-name=\"AffiliateDisclaimer\" data-hawk-message=\"Affiliate disclaimer removed because hawk deemed there are no affiliate links on this page\">\n<p class=\"text-[color:var(--affiliate-disclaimer--text-color,inherit)] mb-2 text-[length:var(--affiliate-disclaimer--font-size,0.75rem)] leading-[18px] md:text-[13px] [&amp;&gt;a]:text-inherit [&amp;&gt;a]:underline\">\nWhen you purchase through links on our site, we may earn an affiliate commission. Here\u2019s how it works.\n<\/p>\n<\/aside>\n<\/header>\n<\/div>\n<\/div>\n<div data-widget-type=\"contentparsed\" id=\"content\" class=\"clear-both widget widget-contentparsed widget-content widget-contentparsed-content widget-content-parsed widget-content-parsed-content_document \">\n<div class=\"wcp-item-content\">\n<section class=\"content-wrapper\">\n<div class=\"box less-space hero-image-wrapper\">\n<figure class=\"mb-0\">\n<source type=\"image\/webp\" srcset=\"https:\/\/cdn.mos.cms.futurecdn.net\/xaPhNZ65Eb5A24MN8pQZC8-2000-80.jpg.webp 2560w, https:\/\/cdn.mos.cms.futurecdn.net\/xaPhNZ65Eb5A24MN8pQZC8-1920-80.jpg.webp 1920w, https:\/\/cdn.mos.cms.futurecdn.net\/xaPhNZ65Eb5A24MN8pQZC8-1600-80.jpg.webp 1600w, https:\/\/cdn.mos.cms.futurecdn.net\/xaPhNZ65Eb5A24MN8pQZC8-1440-80.jpg.webp 1440w, https:\/\/cdn.mos.cms.futurecdn.net\/xaPhNZ65Eb5A24MN8pQZC8-1280-80.jpg.webp 1280w, https:\/\/cdn.mos.cms.futurecdn.net\/xaPhNZ65Eb5A24MN8pQZC8-1200-80.jpg.webp 1200w, https:\/\/cdn.mos.cms.futurecdn.net\/xaPhNZ65Eb5A24MN8pQZC8-1024-80.jpg.webp 1024w, https:\/\/cdn.mos.cms.futurecdn.net\/xaPhNZ65Eb5A24MN8pQZC8-970-80.jpg.webp 970w, https:\/\/cdn.mos.cms.futurecdn.net\/xaPhNZ65Eb5A24MN8pQZC8-750-80.jpg.webp 750w, https:\/\/cdn.mos.cms.futurecdn.net\/xaPhNZ65Eb5A24MN8pQZC8-650-80.jpg.webp 650w, https:\/\/cdn.mos.cms.futurecdn.net\/xaPhNZ65Eb5A24MN8pQZC8-480-80.jpg.webp 480w, https:\/\/cdn.mos.cms.futurecdn.net\/xaPhNZ65Eb5A24MN8pQZC8-320-80.jpg.webp 320w\" sizes=\"100vw\" \/><figcaption class=\"font-article-copy text-(--image--text--color) font-article-copy mt-2\"><span class=\"credit font-article-copy\">(Image credit: Getty Images)<\/span><\/figcaption><\/figure>\n<\/div>\n<div id=\"article-body\" class=\"text-copy bodyCopy auto paywall-locker\">\n<div data-analytics-id=\"utility-bar\" id=\"utility-bar\" class=\"font-ui-heading flex justify-between items-center py-2 border-t border-b border-gray-300 border-solid mb-5 mx-auto\" data-component-name=\"UtilityBar\" data-mrf-recirculation=\"utility-bar\">\n<div class=\"flex gap-2 text-[#333] subcontainer\">\n<div class=\"relative tooltip-container\" role=\"tooltip\">\n<div data-component-name=\"Social:Dropdown\" role=\"menu\" id=\"utilitybar__dropdown--share\" aria-labelledby=\"utilitybar__button--share\" class=\"absolute left-0 top-full w-44 bg-white rounded-md shadow-md border border-neutral-200 z-[9996] list-none m-0 py-2 px-3 border-solid\">\n<ul class=\"m-0!\">\n<li class=\"!p-0 !m-0 list-none border-b border-gray-200 border-solid\">\n<li class=\"!p-0 !m-0 list-none border-b border-gray-200 border-solid\">\n<p>Facebook<\/p>\n<\/li>\n<li class=\"!p-0 !m-0 list-none border-b border-gray-200 border-solid\">\n<p>X<\/p>\n<\/li>\n<li class=\"!p-0 !m-0 list-none border-b border-gray-200 border-solid\">\n<p>Pinterest<\/p>\n<\/li>\n<li class=\"!p-0 !m-0 list-none border-b border-gray-200 border-solid\">\n<p>Email<\/p>\n<\/li>\n<\/ul>\n<\/div>\n<div class=\"font-ui-heading max-sm:hidden tooltip absolute left-1\/2 bg-gray-900 text-white text-xs leading-none px-3 py-1.5 rounded-md z-[10001] whitespace-nowrap\" id=\"tooltip-share-this-article\" role=\"tooltip\" aria-hidden=\"true\">\nShare this article\n<\/div>\n<\/div>\n<div class=\"relative tooltip-container\" role=\"tooltip\"><span class=\"ml-1 inline-flex h-5 px-2 shrink-0 items-center justify-center self-center overflow-hidden whitespace-nowrap rounded-[10px] bg-primary-500 text-[11px] leading-none font-ui-heading font-semibold text-white\">0<\/span><\/p>\n<div class=\"font-ui-heading max-sm:hidden tooltip absolute left-1\/2 bg-gray-900 text-white text-xs leading-none px-3 py-1.5 rounded-md z-[10001] whitespace-nowrap\" id=\"tooltip-join-the-conversation\" role=\"tooltip\" aria-hidden=\"true\">\nJoin the conversation\n<\/div>\n<\/div>\n<\/div>\n<div class=\"flex gap-2 text-[#333] subcontainer\">\n<div class=\"relative tooltip-container\" role=\"tooltip\">\n<p>Follow us<\/p>\n<div class=\"font-ui-heading max-sm:hidden tooltip absolute left-1\/2 bg-gray-900 text-white text-xs leading-none px-3 py-1.5 rounded-md z-[10001] whitespace-nowrap\" id=\"tooltip-add-us-as-a-preferred-source-on-google\" role=\"tooltip\" aria-hidden=\"true\">\nAdd us as a preferred source on Google\n<\/div>\n<\/div>\n<div class=\"relative tooltip-container\" role=\"tooltip\">\n<div class=\"font-ui-heading max-sm:hidden tooltip absolute left-1\/2 bg-gray-900 text-white text-xs leading-none px-3 py-1.5 rounded-md z-[10001] whitespace-nowrap\" id=\"tooltip-subscribe-to-our-newsletter\" role=\"tooltip\" aria-hidden=\"true\">\nSubscribe to our newsletter\n<\/div>\n<\/div>\n<\/div>\n<\/div>\n<p id=\"elk-a2ad0a08-9c7c-11f1-8817-6f6211523801\">Less than three weeks before of the Vuelta a Espa\u00f1a, the majority of those who would be making up the peloton received troubling news \u2013 news that some may have expected but most secretly hoped would never arrive. Tadej Poga\u010dar would be riding the final Grand Tour of the year. In that press release, everything changed, for all the GC riders and all the teams who were basing their race on escaping the clutches of the UAE armada.<\/p>\n<p>There were perhaps two slight hopes that maybe, just maybe, things could be different. Firstly, the world\u2019s No.1 ranked rider might not have recovered fully after his fifth Tour de France victory, and secondly, UAE Team Emirates-XRG could only muster a tired and substandard collective to back him up. Both options seem doomed to failure.<\/p>\n<p id=\"elk-a2ad0a08-9c7c-11f1-8817-6f6211523801-2\" aria-hidden=\"true\" class=\"kiosq-b\">Consulting the Slovenian\u2019s recuperation history, you notice there are no glaring moments of weakness when he has been injury-free. And then with the idea that his teammates might not be up to the task, none of them have done a Grand Tour this year, which means they all arrive at the start in Monaco super motivated to impress everyone.<\/p>\n<p aria-hidden=\"true\" class=\"kiosq-b\">There may have been a few DNFs due to illness, injury and race incidents for the likes of Jo\u00e3o Almeida and Jay Vine but this is an opportunity for each of them to grab with both hands, if they can. Remaining high up in the hierarchy of the number one team means they can be spared most of the daily grind and have the chance to be part of the moments that decide the race. They may be described as super domestiques in the service of Poga\u010dar but it is always good to remember they come with statistics that are rather daunting.<\/p>\n<figure class=\"van-image-figure inline-layout kiosq-b\" data-bordeaux-image-check id=\"elk-e60cb738-9c83-11f1-af03-a7ee97d2aa33\" aria-hidden=\"true\">\n<div class=\"image-full-width-wrapper\">\n<div class=\"image-widthsetter\">\n<p class=\"vanilla-image-block\">\n<source type=\"image\/webp\" srcset=\"https:\/\/cdn.mos.cms.futurecdn.net\/46EgCrjnw7NXBBJKU7GHBZ-1024-80.jpg.webp 2560w, https:\/\/cdn.mos.cms.futurecdn.net\/46EgCrjnw7NXBBJKU7GHBZ-1024-80.jpg.webp 1920w, https:\/\/cdn.mos.cms.futurecdn.net\/46EgCrjnw7NXBBJKU7GHBZ-1024-80.jpg.webp 1440w, https:\/\/cdn.mos.cms.futurecdn.net\/46EgCrjnw7NXBBJKU7GHBZ-1024-80.jpg.webp 1280w, https:\/\/cdn.mos.cms.futurecdn.net\/46EgCrjnw7NXBBJKU7GHBZ-1024-80.jpg.webp 1200w, https:\/\/cdn.mos.cms.futurecdn.net\/46EgCrjnw7NXBBJKU7GHBZ-1024-80.jpg.webp 1024w, https:\/\/cdn.mos.cms.futurecdn.net\/46EgCrjnw7NXBBJKU7GHBZ-970-80.jpg.webp 970w, https:\/\/cdn.mos.cms.futurecdn.net\/46EgCrjnw7NXBBJKU7GHBZ-650-80.jpg.webp 650w, https:\/\/cdn.mos.cms.futurecdn.net\/46EgCrjnw7NXBBJKU7GHBZ-480-80.jpg.webp 480w, https:\/\/cdn.mos.cms.futurecdn.net\/46EgCrjnw7NXBBJKU7GHBZ-320-80.jpg.webp 320w\" sizes=\"100vw\" \/><\/p>\n<\/div>\n<\/div><figcaption class=\" inline-layout\"><span class=\"caption-text\">Jo\u00e3o Almeida alongside Tadej Poga\u010dar at the 2025 Tour de France <\/span><span class=\"credit\">(Image credit: Getty Images)<\/span><\/figcaption><\/figure>\n<p id=\"elk-e60cb7b0-9c83-11f1-982d-bd4851733f9b\" aria-hidden=\"true\" class=\"kiosq-b\">Almeida was second here last year and Jay Vine has won four stages and been best climber twice. Basically, they would be team leaders if they weren\u2019t on UAE, which places them in a similar position to the one Isaac Del Toro enjoyed in this year\u2019s Tour de France.<\/p>\n<p aria-hidden=\"true\" class=\"kiosq-b\">However, contrary to the Tour, the opposition at the Vuelta is certainly weaker. The mathematics are quite simple for Poga\u010dar\u2019s nearest rivals. Jonas Vingegaard rode the Giro d\u2019Italia within himself whenever he could and still finished over five minutes ahead of Felix Gall, and yet one month later on the roads of France the Dane was four and a half minutes in arrears to Poga\u010dar after 14 stages.<\/p>\n<p aria-hidden=\"true\" class=\"kiosq-b\">We didn\u2019t get to find out if that gap would have grown as Vingegaard left the race on day 15 but what it does tell us is if Poga\u010dar wants to make a statement then second on GC is likely to be close to 10 minutes behind by the finish in Granada.<\/p>\n<h2 id=\"total-domination-is-unlikely-3\" aria-hidden=\"true\" class=\"kiosq-b\">Total domination is unlikely<\/h2>\n<p id=\"elk-686431f4-9c7d-11f1-ac12-d9bb2d6ee1fe\" aria-hidden=\"true\" class=\"kiosq-b\">Luckily, there are a couple of things that make total domination unlikely. There\u2019ll still be days when Tadej turns on the afterburners and rides away from everyone but this is a race he will want to get through with the least stress possible. Physically, he will need to be fairly cautious as there remain two big objectives afterwards, the World Championships in Montr\u00e9al and then the season\u2019s final Monument, Il Lombardia, so recovery is important.<\/p>\n<p aria-hidden=\"true\" class=\"kiosq-b\">And then there\u2019s the mental aspect to consider. A three-week race at this stage of the season, when you have won nearly every race that you planned to, might begin to weigh heavy on the mind. Grand Tours are rarely fun and Poga\u010dar will want the least pressure possible, which is where Almeida and Vine step in and take some of the responsibilities off their team leader\u2019s shoulders. If either are given a chance to take the red jersey then that\u2019s fewer media and podium duties and more recovery for Poga\u010dar.<\/p>\n<p aria-hidden=\"true\" class=\"kiosq-b\">It\u2019s an opportunity which often opens up when there\u2019s one big favourite and everyone waits for them to make a move, and if the situation happens out on the road then both of the UAE lieutenants will be expected to seize it.<\/p>\n<p aria-hidden=\"true\" class=\"kiosq-b\">Meanwhile, for those not on UAE, the decision will be when do they start racing for the other podium positions below Poga\u010dar. Cruel it may be, but realistically the other GC riders know they won\u2019t be following Poga\u010dar when he decides it\u2019s a day for winning so the likelihood is the Slovenian will go ahead and do his thing and everyone else will compete amongst themselves.<\/p>\n<h2 id=\"the-best-of-the-rest-3\" aria-hidden=\"true\" class=\"kiosq-b\">The best of the rest<\/h2>\n<p id=\"elk-686432d0-9c7d-11f1-86f8-fd4dc19e96ae\" aria-hidden=\"true\" class=\"kiosq-b\">Looking at the route, the sheer number of mountain or hill-top finishes means it\u2019s unlikely we will see any of the GC challengers completely dominate in what I\u2019ll call the Gall\/Onley group.<\/p>\n<p aria-hidden=\"true\" class=\"kiosq-b\">If you look at Felix Gall, his characteristics suit long sustained uphill efforts, while Oscar Onley is more suited to the sharper steeper climbs. The Netcompany-Ineos leader is more explosive so that\u2019s typically climbing days in Andorra, whilst Gall is much more steady in how he paces himself and that\u2019s the last week down in the south. In between, the middle week, expect some echelons and fighting for position, which isn\u2019t a Felix Gall strong point so the talk of him being the obvious runner-up isn\u2019t a given.<\/p>\n<figure class=\"van-image-figure inline-layout kiosq-b\" data-bordeaux-image-check id=\"elk-e60cb832-9c83-11f1-90c2-cf606364dfd5\" aria-hidden=\"true\">\n<div class=\"image-full-width-wrapper\">\n<div class=\"image-widthsetter\">\n<p class=\"vanilla-image-block\">\n<source type=\"image\/webp\" srcset=\"https:\/\/cdn.mos.cms.futurecdn.net\/ybJGDWhS7XkDGnab5z8Tfc-1024-80.jpg.webp 2560w, https:\/\/cdn.mos.cms.futurecdn.net\/ybJGDWhS7XkDGnab5z8Tfc-1024-80.jpg.webp 1920w, https:\/\/cdn.mos.cms.futurecdn.net\/ybJGDWhS7XkDGnab5z8Tfc-1024-80.jpg.webp 1440w, https:\/\/cdn.mos.cms.futurecdn.net\/ybJGDWhS7XkDGnab5z8Tfc-1024-80.jpg.webp 1280w, https:\/\/cdn.mos.cms.futurecdn.net\/ybJGDWhS7XkDGnab5z8Tfc-1024-80.jpg.webp 1200w, https:\/\/cdn.mos.cms.futurecdn.net\/ybJGDWhS7XkDGnab5z8Tfc-1024-80.jpg.webp 1024w, https:\/\/cdn.mos.cms.futurecdn.net\/ybJGDWhS7XkDGnab5z8Tfc-970-80.jpg.webp 970w, https:\/\/cdn.mos.cms.futurecdn.net\/ybJGDWhS7XkDGnab5z8Tfc-650-80.jpg.webp 650w, https:\/\/cdn.mos.cms.futurecdn.net\/ybJGDWhS7XkDGnab5z8Tfc-480-80.jpg.webp 480w, https:\/\/cdn.mos.cms.futurecdn.net\/ybJGDWhS7XkDGnab5z8Tfc-320-80.jpg.webp 320w\" sizes=\"100vw\" \/><\/p>\n<\/div>\n<\/div><figcaption class=\" inline-layout\"><span class=\"caption-text\">Oscar Onley (middle) and Felix Gall (left) are among the challengers for the podium <\/span><span class=\"credit\">(Image credit: Getty Images)<\/span><\/figcaption><\/figure>\n<p id=\"elk-e60cb8a0-9c83-11f1-99fe-e7e0259a1db3\" aria-hidden=\"true\" class=\"kiosq-b\">What is for sure is in the GC group almost everyone bar Richard Carapaz has something to prove. Cian Uijtdebroeks has to salvage a disappointing season, Enric Mas needs a win and something better than an expected 8th place. Onley requires some confidence and Netcompany a bit of unity to be installed after a few fractious comments between teammates. Over at Lidl-Trek, they can probably count on Mattias Skjelmose to be in the top five but a stage win would be nice along with it.<\/p>\n<p aria-hidden=\"true\" class=\"kiosq-b\">And then there\u2019s Primo\u017e Rogli\u010d. Let\u2019s hope he doesn\u2019t crash in the first week and he can settle into his favourite race. The stated tactic of not riding for GC is an interesting one but few will believe it until he loses 10 minutes because if he\u2019s still there in the last week then with the experience he has the 32km time trial is in his favour. He\u2019s not racing Poga\u010dar but outside of him the other GC riders aren\u2019t exactly specialists on the TT bike.<\/p>\n<h2 id=\"the-fast-men-3\" aria-hidden=\"true\" class=\"kiosq-b\">The fast men<\/h2>\n<p id=\"elk-68643398-9c7d-11f1-957e-ffecaf24e9c2\" aria-hidden=\"true\" class=\"kiosq-b\">The fast men aren\u2019t numerous at this Vuelta, understandably so given the climbing involved. However, we will get to see how Visma-Lease a Bike manage the Wout Van Aert and Matthew Brennan situation.<\/p>\n<p aria-hidden=\"true\" class=\"kiosq-b\">Van Aert is on the rise after a few setbacks in the middle of the season and the young Brit lines up for his first Grand Tour.<\/p>\n<p aria-hidden=\"true\" class=\"kiosq-b\">Jordi Meeus is one place higher in the sprint rankings but with Christophe Laporte also in the Visma line-up the betting person would be right in thinking the odds are in favour of the Dutch squad.<\/p>\n<p aria-hidden=\"true\" class=\"kiosq-b\">And they have Sepp Kuss, who may or may not be GC Kuss. However, commencing Saturday on the shiny streets of Monaco we will have three weeks of action to find out if any of the pre-race speculation was accurate.<\/p>\n<p id=\"elk-68643406-9c7d-11f1-869d-7dab02788d4c\" aria-hidden=\"true\" class=\"kiosq-b\"><strong>For unbeatable coverage across road, gravel and tech, subscribe to Cyclingnews. You&#8217;ll get comprehensive race coverage of La Vuelta a Espa\u00f1a, subscriber-exclusive analysis from our expert columnists, in-depth features and industry-leading tech insight. Plus, the Cyclingnews app lets you follow the action wherever you go! <\/strong><u><strong>Join today.<\/strong><\/u><\/p>\n<\/div>\n<div class=\"block mb-5\" id=\"articleTag\" data-component-name=\"PostArticleLinks\" data-nosnippet data-mrf-recirculation=\"post-article-links\">\n<div class=\"border-b border-b-black border-solid py-2.5 text-black font-bold uppercase\">TOPICS<\/div>\n<nav class=\"py-2.5 flex gap-2.5 flex-wrap\" data-analytics-id=\"article-tag\" data-mrf-recirculation=\"article-tag\">\n<p>Premium Columns<\/p>\n<p>Premium In-Depth Racing<\/p>\n<\/nav>\n<\/div>\n<div id=\"slice-container-authorBio-fGJDsevAVicgDEkM4L4qwW\" class=\"slice-container slice-author-bio authorBio-fGJDsevAVicgDEkM4L4qwW slice-container-authorBio\">\n<div class=\"author author__default-layout author--separator author--collapsible\" data-hydrate=\"true\">\n<div class=\"author__header\">\n<div class=\"author__avatar-block\">\n<figure class=\"image-wrapped__wrapper\" data-bordeaux-image-check=\"false\">\n<div class=\"image-wrapped__widthsetter\">\n<div class=\"image-wrapped__aspect-padding\">\n<div><source class=\"author__avatar image-wrapped__image image__image\" type=\"image\/webp\" srcset=\"https:\/\/cdn.mos.cms.futurecdn.net\/4Ci2ntxBH7J9gCS8kMoyng-140-80.jpg.webp 140w\" sizes=\"99vw\" data-normal=\"https:\/\/cdn.mos.cms.futurecdn.net\/4Ci2ntxBH7J9gCS8kMoyng.jpg\" data-original-mos=\"https:\/\/cdn.mos.cms.futurecdn.net\/4Ci2ntxBH7J9gCS8kMoyng.jpg\" data-pin-media=\"https:\/\/cdn.mos.cms.futurecdn.net\/4Ci2ntxBH7J9gCS8kMoyng.jpg\" data-pin-nopin=\"true\" data-slice-image=\"true\" \/><\/div>\n<\/div>\n<\/div>\n<\/figure>\n<\/div>\n<div class=\"author__heading\">\n<div class=\"author__name\">Philippa York<\/div>\n<div class=\"author__social\">\n<nav class=\"button-social-group author__social-buttons\" aria-labelledby=\"button-social-group- author__social-buttons\">\n<div id=\"button-social-group- author__social-buttons\">Social Links Navigation<\/div>\n<\/nav>\n<\/div>\n<\/div>\n<\/div>\n<div class=\"author__bio-wrapper\">\n<div class=\"author__biography\">\n<p>Philippa York is a long-standing <em>Cyclingnews<\/em> contributor, providing expert racing analysis. As one of the early British racers to take the plunge and relocate to France with the famed ACBB club in the 1980&#8217;s, she was the inspiration for a generation of racing cyclists \u2013 and cycling fans \u2013 from the UK.<\/p>\n<p><\/p>\n<p>The Glaswegian gained a contract with Peugeot in 1980, making her Tour de France debut in 1983 and taking a solo win in Bagn\u00e8res-de-Luchon in the Pyrenees, the mountain range which would prove a happy hunting ground throughout her Tour career.\u00a0<\/p>\n<p><\/p>\n<p>The following year&#8217;s race would prove to be one of her finest seasons, becoming the first rider from the UK to win the polka dot jersey at the Tour, whilst also becoming Britain&#8217;s highest-ever placed GC finisher with 4th spot.\u00a0<\/p>\n<p><\/p>\n<p>She finished runner-up at the Vuelta a Espa\u00f1a in 1985 and 1986, to Pedro Delgado and \u00c1lvaro Pino respectively, and at the Giro d&#8217;Italia in 1987. Stage race victories include the Volta a Catalunya (1985), Tour of Britain (1989) and Crit\u00e9rium du Dauphin\u00e9 Lib\u00e9r\u00e9 (1990). York retired from professional cycling as reigning British champion following the collapse of Le Groupement in 1995.\u00a0<\/p>\n<p><\/p>\n<\/div>\n<\/div>\n<\/div>\n<\/div>\n<\/section>\n<div class=\"relative max-w-[1070px] viafoura-twig-component mt-6 mx-4 lg:mx-0\" data-component-name=\"Viafoura:Comments\" data-nosnippet data-community-guidelines-text=\"&lt;p class=&apos;vfcustom-community-guidelines&apos;&gt;Please follow our &lt;a href=&quot;https:\/\/www.cyclingnews.com\/about\/#section-community-guidelines&quot; target=&quot;_blank&quot;&gt;community guidelines&lt;\/a&gt;.&lt;\/p&gt;\" data-join-the-conversation-text=\"Join the Conversation\">\n<div class=\"absolute top-0 left-0 w-full h-full flex items-center justify-center z-50 bg-white\/90 border-1 rounded-b-[var(--comment-widget-border-radius,0)]\">\n<div class=\"p-2 text-center\">\n<p class=\"mb-3 text-lg!\">You must confirm your public display name before commenting<\/p>\n<p class=\"mb-3 text-sm!\">Please logout and then login again, you will then be prompted to enter your display name.<\/p>\n<\/div>\n<\/div>\n<\/div>\n<\/div>\n<\/div>\n<\/div>\n<div id=\"widgetArea17\" class=\"widget-area md:basis-1\/3 widget-area-g-md-vp-1-3 widget-area-g-lg-vp-1-3 widget-area-g-xl-vp-1-3 page-widget-area-17\">\n<div data-widget-type=\"dynamic\" id=\"popular-data\" class=\"clear-both widget widget-dynamic widget-popular-data widget-dynamic-popular-data widget-dynamic-fter-popular-box\">\n<div class=\"wdn-fte-pb pos-relative space-t20\n\"><\/p>\n<div class=\"slice-container popular-box-slice\">\n<section class=\"popular-box\" data-component-name=\"Slice:PopularBox\">\n<div class=\"popular-box__label\">\n<div class=\"popular-box__label__tab popular-box__label__tab--active\" role=\"heading\">\nLATEST ARTICLES\n<\/div>\n<\/div>\n<ol class=\"popular-box__articles-list popular-box__articles-list--active\">\n<li class=\"popular-box__article-list\">\n<div class=\"popular-box__article-list__container\">\n<div class=\"popular-box__article-list__image-wrapper\">\n<div>\n<source type=\"image\/webp\" srcset=\"https:\/\/cdn.mos.cms.futurecdn.net\/gTFuFSJxwMREWMkPKZVrTF-1280-80.jpg.webp 1280w, https:\/\/cdn.mos.cms.futurecdn.net\/gTFuFSJxwMREWMkPKZVrTF-720-80.jpg.webp 720w, https:\/\/cdn.mos.cms.futurecdn.net\/gTFuFSJxwMREWMkPKZVrTF-640-80.jpg.webp 640w, https:\/\/cdn.mos.cms.futurecdn.net\/gTFuFSJxwMREWMkPKZVrTF-320-80.jpg.webp 320w\" sizes=\"99vw\" \/><\/div>\n<\/div>\n<div class=\"popular-box__article-list__content\">\n<div class=\"popular-box__article-list__number-text\">1<\/div>\n<div class=\"popular-box__article-list__heading\">\n<p>Josh Tarling to start Vuelta a Espa\u00f1a for Netcompany-Ineos days after the death of his brother, Finlay<\/p>\n<\/div>\n<\/div>\n<\/div>\n<\/li>\n<li class=\"popular-box__article-list\">\n<div class=\"popular-box__article-list__container\">\n<div class=\"popular-box__article-list__content\">\n<div class=\"popular-box__article-list__number-text\">2<\/div>\n<div class=\"popular-box__article-list__heading\">\n<p>Tour of Britain halted for half an hour as road traffic crash blocks the course<\/p>\n<\/div>\n<\/div>\n<\/div>\n<\/li>\n<li class=\"popular-box__article-list\">\n<div class=\"popular-box__article-list__container\">\n<div class=\"popular-box__article-list__content\">\n<div class=\"popular-box__article-list__number-text\">3<\/div>\n<div class=\"popular-box__article-list__heading\">\n<p>&#8216;We&#8217;ve had a lot of setbacks this year, starting with me&#8217; &#8211; non-conformist Richard Carapaz determined to fight for Vuelta a Espa\u00f1a GC despite injuries blighting EF Education-EasyPost lineup<\/p>\n<\/div>\n<\/div>\n<\/div>\n<\/li>\n<li class=\"popular-box__article-list\">\n<div class=\"popular-box__article-list__container\">\n<div class=\"popular-box__article-list__content\">\n<div class=\"popular-box__article-list__number-text\">4<\/div>\n<div class=\"popular-box__article-list__heading\">\n<p>UAE Team Emirates-XRG have a new sprinter as young Italian is promoted from the Gen Z squad<\/p>\n<\/div>\n<\/div>\n<\/div>\n<\/li>\n<li class=\"popular-box__article-list\">\n<div class=\"popular-box__article-list__container\">\n<div class=\"popular-box__article-list__content\">\n<div class=\"popular-box__article-list__number-text\">5<\/div>\n<div class=\"popular-box__article-list__heading\">\n<p>Tadej Poga\u010dar could win the Vuelta a Espa\u00f1a by 10 minutes but total domination is unlikely \u2013 Philippa York analysis<\/p>\n<\/div>\n<\/div>\n<\/div>\n<\/li>\n<\/ol>\n<\/section>\n<\/div>\n<\/div>\n<\/div>\n<\/div>\n<\/div>\n<\/article>\n<div class=\"news-article\">\n<header data-component-name=\"Article:Hero\">\n<nav class=\"breadcrumb\" aria-label=\"Breadcrumbs\">\n<ol>\n<li>\nPro Cycling\n<\/li>\n<li>\nRacing\n<\/li>\n<li>\nRoad\n<\/li>\n<li>\nVuelta a Espa\u00f1a\n<\/li>\n<\/ol>\n<\/nav>\n<h1>Tadej Poga\u010dar could win the Vuelta a Espa\u00f1a by 10 minutes but total domination is unlikely \u2013 Philippa York analysis<\/h1>\n<div class=\"kiosq-member-label\" data-component-name=\"Article:Hero:KiosqPaywallLabels\"><span class=\"kiosq-member-label-text\"><br \/>\nMEMBER EXCLUSIVE<br \/>\n<\/span><\/div>\n<div class=\"byline-social\">\n<div class=\"vds-byline-block flex flex-row flex-nowrap my-1.5 gap-2 text-left items-start justify-center mx-auto max-sm:text-center max-sm:items-center\" data-component-name=\"Article:BylineBlock\">\n<p>Features<\/p>\n<div class=\"my-auto vds-simple-byline\"><span class=\"inline-block vds-author\"><br \/>\nBy<br \/>\nPhilippa York <\/span><\/p>\n<div class=\"flex gap-1 vds-byline-with-avatar__meta max-sm:justify-center\"><span class=\"vds-date block font-normal tracking-normal normal-case text-xs\"><br \/>\nPublished<br \/>\n<time data-component-name=\"UI:DateTime\" datetime=\"2026-08-20T10:27:37Z\" class=\"relative-date\"><br \/>\n20 August 2026<br \/>\n<\/time><\/span><\/div>\n<\/div>\n<\/div>\n<p class=\"strapline\">Cyclingnews&#8217; expert columnist delves into the main storylines and factors ahead of the Spanish Grand Tour<\/p>\n<\/div>\n<aside class=\"text-gray-700 flex items-center mx-0 my-5 p-0 justify-center text-center\" id=\"affiliate-disclaimer\" data-component-name=\"AffiliateDisclaimer\" data-hawk-message=\"Affiliate disclaimer removed because hawk deemed there are no affiliate links on this page\">\n<p class=\"text-[color:var(--affiliate-disclaimer--text-color,inherit)] mb-2 text-[length:var(--affiliate-disclaimer--font-size,0.75rem)] leading-[18px] md:text-[13px] [&amp;&gt;a]:text-inherit [&amp;&gt;a]:underline\">\nWhen you purchase through links on our site, we may earn an affiliate commission. Here\u2019s how it works.\n<\/p>\n<\/aside>\n<\/header>\n<\/div>\n<div id=\"article-body\" class=\"text-copy bodyCopy auto paywall-locker\">\n<div data-analytics-id=\"utility-bar\" id=\"utility-bar\" class=\"font-ui-heading flex justify-between items-center py-2 border-t border-b border-gray-300 border-solid mb-5 mx-auto\" data-component-name=\"UtilityBar\" data-mrf-recirculation=\"utility-bar\">\n<div class=\"flex gap-2 text-[#333] subcontainer\">\n<div class=\"relative tooltip-container\" role=\"tooltip\">\n<div data-component-name=\"Social:Dropdown\" role=\"menu\" id=\"utilitybar__dropdown--share\" aria-labelledby=\"utilitybar__button--share\" class=\"absolute left-0 top-full w-44 bg-white rounded-md shadow-md border border-neutral-200 z-[9996] list-none m-0 py-2 px-3 border-solid\">\n<ul class=\"m-0!\">\n<li class=\"!p-0 !m-0 list-none border-b border-gray-200 border-solid\">\n<li class=\"!p-0 !m-0 list-none border-b border-gray-200 border-solid\">\n<p>Facebook<\/p>\n<\/li>\n<li class=\"!p-0 !m-0 list-none border-b border-gray-200 border-solid\">\n<p>X<\/p>\n<\/li>\n<li class=\"!p-0 !m-0 list-none border-b border-gray-200 border-solid\">\n<p>Pinterest<\/p>\n<\/li>\n<li class=\"!p-0 !m-0 list-none border-b border-gray-200 border-solid\">\n<p>Email<\/p>\n<\/li>\n<\/ul>\n<\/div>\n<div class=\"font-ui-heading max-sm:hidden tooltip absolute left-1\/2 bg-gray-900 text-white text-xs leading-none px-3 py-1.5 rounded-md z-[10001] whitespace-nowrap\" id=\"tooltip-share-this-article\" role=\"tooltip\" aria-hidden=\"true\">\nShare this article\n<\/div>\n<\/div>\n<div class=\"relative tooltip-container\" role=\"tooltip\"><span class=\"ml-1 inline-flex h-5 px-2 shrink-0 items-center justify-center self-center overflow-hidden whitespace-nowrap rounded-[10px] bg-primary-500 text-[11px] leading-none font-ui-heading font-semibold text-white\">0<\/span><\/p>\n<div class=\"font-ui-heading max-sm:hidden tooltip absolute left-1\/2 bg-gray-900 text-white text-xs leading-none px-3 py-1.5 rounded-md z-[10001] whitespace-nowrap\" id=\"tooltip-join-the-conversation\" role=\"tooltip\" aria-hidden=\"true\">\nJoin the conversation\n<\/div>\n<\/div>\n<\/div>\n<div class=\"flex gap-2 text-[#333] subcontainer\">\n<div class=\"relative tooltip-container\" role=\"tooltip\">\n<p>Follow us<\/p>\n<div class=\"font-ui-heading max-sm:hidden tooltip absolute left-1\/2 bg-gray-900 text-white text-xs leading-none px-3 py-1.5 rounded-md z-[10001] whitespace-nowrap\" id=\"tooltip-add-us-as-a-preferred-source-on-google\" role=\"tooltip\" aria-hidden=\"true\">\nAdd us as a preferred source on Google\n<\/div>\n<\/div>\n<div class=\"relative tooltip-container\" role=\"tooltip\">\n<div class=\"font-ui-heading max-sm:hidden tooltip absolute left-1\/2 bg-gray-900 text-white text-xs leading-none px-3 py-1.5 rounded-md z-[10001] whitespace-nowrap\" id=\"tooltip-subscribe-to-our-newsletter\" role=\"tooltip\" aria-hidden=\"true\">\nSubscribe to our newsletter\n<\/div>\n<\/div>\n<\/div>\n<\/div>\n<p id=\"elk-a2ad0a08-9c7c-11f1-8817-6f6211523801\">Less than three weeks before of the Vuelta a Espa\u00f1a, the majority of those who would be making up the peloton received troubling news \u2013 news that some may have expected but most secretly hoped would never arrive. Tadej Poga\u010dar would be riding the final Grand Tour of the year. In that press release, everything changed, for all the GC riders and all the teams who were basing their race on escaping the clutches of the UAE armada.<\/p>\n<p>There were perhaps two slight hopes that maybe, just maybe, things could be different. Firstly, the world\u2019s No.1 ranked rider might not have recovered fully after his fifth Tour de France victory, and secondly, UAE Team Emirates-XRG could only muster a tired and substandard collective to back him up. Both options seem doomed to failure.<\/p>\n<p id=\"elk-a2ad0a08-9c7c-11f1-8817-6f6211523801-2\" aria-hidden=\"true\" class=\"kiosq-b\">Consulting the Slovenian\u2019s recuperation history, you notice there are no glaring moments of weakness when he has been injury-free. And then with the idea that his teammates might not be up to the task, none of them have done a Grand Tour this year, which means they all arrive at the start in Monaco super motivated to impress everyone.<\/p>\n<p aria-hidden=\"true\" class=\"kiosq-b\">There may have been a few DNFs due to illness, injury and race incidents for the likes of Jo\u00e3o Almeida and Jay Vine but this is an opportunity for each of them to grab with both hands, if they can. Remaining high up in the hierarchy of the number one team means they can be spared most of the daily grind and have the chance to be part of the moments that decide the race. They may be described as super domestiques in the service of Poga\u010dar but it is always good to remember they come with statistics that are rather daunting.<\/p>\n<figure class=\"van-image-figure inline-layout kiosq-b\" data-bordeaux-image-check id=\"elk-e60cb738-9c83-11f1-af03-a7ee97d2aa33\" aria-hidden=\"true\">\n<div class=\"image-full-width-wrapper\">\n<div class=\"image-widthsetter\">\n<p class=\"vanilla-image-block\">\n<source type=\"image\/webp\" srcset=\"https:\/\/cdn.mos.cms.futurecdn.net\/46EgCrjnw7NXBBJKU7GHBZ-1024-80.jpg.webp 2560w, https:\/\/cdn.mos.cms.futurecdn.net\/46EgCrjnw7NXBBJKU7GHBZ-1024-80.jpg.webp 1920w, https:\/\/cdn.mos.cms.futurecdn.net\/46EgCrjnw7NXBBJKU7GHBZ-1024-80.jpg.webp 1440w, https:\/\/cdn.mos.cms.futurecdn.net\/46EgCrjnw7NXBBJKU7GHBZ-1024-80.jpg.webp 1280w, https:\/\/cdn.mos.cms.futurecdn.net\/46EgCrjnw7NXBBJKU7GHBZ-1024-80.jpg.webp 1200w, https:\/\/cdn.mos.cms.futurecdn.net\/46EgCrjnw7NXBBJKU7GHBZ-1024-80.jpg.webp 1024w, https:\/\/cdn.mos.cms.futurecdn.net\/46EgCrjnw7NXBBJKU7GHBZ-970-80.jpg.webp 970w, https:\/\/cdn.mos.cms.futurecdn.net\/46EgCrjnw7NXBBJKU7GHBZ-650-80.jpg.webp 650w, https:\/\/cdn.mos.cms.futurecdn.net\/46EgCrjnw7NXBBJKU7GHBZ-480-80.jpg.webp 480w, https:\/\/cdn.mos.cms.futurecdn.net\/46EgCrjnw7NXBBJKU7GHBZ-320-80.jpg.webp 320w\" sizes=\"100vw\" \/><\/p>\n<\/div>\n<\/div><figcaption class=\" inline-layout\"><span class=\"caption-text\">Jo\u00e3o Almeida alongside Tadej Poga\u010dar at the 2025 Tour de France <\/span><span class=\"credit\">(Image credit: Getty Images)<\/span><\/figcaption><\/figure>\n<p id=\"elk-e60cb7b0-9c83-11f1-982d-bd4851733f9b\" aria-hidden=\"true\" class=\"kiosq-b\">Almeida was second here last year and Jay Vine has won four stages and been best climber twice. Basically, they would be team leaders if they weren\u2019t on UAE, which places them in a similar position to the one Isaac Del Toro enjoyed in this year\u2019s Tour de France.<\/p>\n<p aria-hidden=\"true\" class=\"kiosq-b\">However, contrary to the Tour, the opposition at the Vuelta is certainly weaker. The mathematics are quite simple for Poga\u010dar\u2019s nearest rivals. Jonas Vingegaard rode the Giro d\u2019Italia within himself whenever he could and still finished over five minutes ahead of Felix Gall, and yet one month later on the roads of France the Dane was four and a half minutes in arrears to Poga\u010dar after 14 stages.<\/p>\n<p aria-hidden=\"true\" class=\"kiosq-b\">We didn\u2019t get to find out if that gap would have grown as Vingegaard left the race on day 15 but what it does tell us is if Poga\u010dar wants to make a statement then second on GC is likely to be close to 10 minutes behind by the finish in Granada.<\/p>\n<h2 id=\"total-domination-is-unlikely-3\" aria-hidden=\"true\" class=\"kiosq-b\">Total domination is unlikely<\/h2>\n<p id=\"elk-686431f4-9c7d-11f1-ac12-d9bb2d6ee1fe\" aria-hidden=\"true\" class=\"kiosq-b\">Luckily, there are a couple of things that make total domination unlikely. There\u2019ll still be days when Tadej turns on the afterburners and rides away from everyone but this is a race he will want to get through with the least stress possible. Physically, he will need to be fairly cautious as there remain two big objectives afterwards, the World Championships in Montr\u00e9al and then the season\u2019s final Monument, Il Lombardia, so recovery is important.<\/p>\n<p aria-hidden=\"true\" class=\"kiosq-b\">And then there\u2019s the mental aspect to consider. A three-week race at this stage of the season, when you have won nearly every race that you planned to, might begin to weigh heavy on the mind. Grand Tours are rarely fun and Poga\u010dar will want the least pressure possible, which is where Almeida and Vine step in and take some of the responsibilities off their team leader\u2019s shoulders. If either are given a chance to take the red jersey then that\u2019s fewer media and podium duties and more recovery for Poga\u010dar.<\/p>\n<p aria-hidden=\"true\" class=\"kiosq-b\">It\u2019s an opportunity which often opens up when there\u2019s one big favourite and everyone waits for them to make a move, and if the situation happens out on the road then both of the UAE lieutenants will be expected to seize it.<\/p>\n<p aria-hidden=\"true\" class=\"kiosq-b\">Meanwhile, for those not on UAE, the decision will be when do they start racing for the other podium positions below Poga\u010dar. Cruel it may be, but realistically the other GC riders know they won\u2019t be following Poga\u010dar when he decides it\u2019s a day for winning so the likelihood is the Slovenian will go ahead and do his thing and everyone else will compete amongst themselves.<\/p>\n<h2 id=\"the-best-of-the-rest-3\" aria-hidden=\"true\" class=\"kiosq-b\">The best of the rest<\/h2>\n<p id=\"elk-686432d0-9c7d-11f1-86f8-fd4dc19e96ae\" aria-hidden=\"true\" class=\"kiosq-b\">Looking at the route, the sheer number of mountain or hill-top finishes means it\u2019s unlikely we will see any of the GC challengers completely dominate in what I\u2019ll call the Gall\/Onley group.<\/p>\n<p aria-hidden=\"true\" class=\"kiosq-b\">If you look at Felix Gall, his characteristics suit long sustained uphill efforts, while Oscar Onley is more suited to the sharper steeper climbs. The Netcompany-Ineos leader is more explosive so that\u2019s typically climbing days in Andorra, whilst Gall is much more steady in how he paces himself and that\u2019s the last week down in the south. In between, the middle week, expect some echelons and fighting for position, which isn\u2019t a Felix Gall strong point so the talk of him being the obvious runner-up isn\u2019t a given.<\/p>\n<figure class=\"van-image-figure inline-layout kiosq-b\" data-bordeaux-image-check id=\"elk-e60cb832-9c83-11f1-90c2-cf606364dfd5\" aria-hidden=\"true\">\n<div class=\"image-full-width-wrapper\">\n<div class=\"image-widthsetter\">\n<p class=\"vanilla-image-block\">\n<source type=\"image\/webp\" srcset=\"https:\/\/cdn.mos.cms.futurecdn.net\/ybJGDWhS7XkDGnab5z8Tfc-1024-80.jpg.webp 2560w, https:\/\/cdn.mos.cms.futurecdn.net\/ybJGDWhS7XkDGnab5z8Tfc-1024-80.jpg.webp 1920w, https:\/\/cdn.mos.cms.futurecdn.net\/ybJGDWhS7XkDGnab5z8Tfc-1024-80.jpg.webp 1440w, https:\/\/cdn.mos.cms.futurecdn.net\/ybJGDWhS7XkDGnab5z8Tfc-1024-80.jpg.webp 1280w, https:\/\/cdn.mos.cms.futurecdn.net\/ybJGDWhS7XkDGnab5z8Tfc-1024-80.jpg.webp 1200w, https:\/\/cdn.mos.cms.futurecdn.net\/ybJGDWhS7XkDGnab5z8Tfc-1024-80.jpg.webp 1024w, https:\/\/cdn.mos.cms.futurecdn.net\/ybJGDWhS7XkDGnab5z8Tfc-970-80.jpg.webp 970w, https:\/\/cdn.mos.cms.futurecdn.net\/ybJGDWhS7XkDGnab5z8Tfc-650-80.jpg.webp 650w, https:\/\/cdn.mos.cms.futurecdn.net\/ybJGDWhS7XkDGnab5z8Tfc-480-80.jpg.webp 480w, https:\/\/cdn.mos.cms.futurecdn.net\/ybJGDWhS7XkDGnab5z8Tfc-320-80.jpg.webp 320w\" sizes=\"100vw\" \/><\/p>\n<\/div>\n<\/div><figcaption class=\" inline-layout\"><span class=\"caption-text\">Oscar Onley (middle) and Felix Gall (left) are among the challengers for the podium <\/span><span class=\"credit\">(Image credit: Getty Images)<\/span><\/figcaption><\/figure>\n<p id=\"elk-e60cb8a0-9c83-11f1-99fe-e7e0259a1db3\" aria-hidden=\"true\" class=\"kiosq-b\">What is for sure is in the GC group almost everyone bar Richard Carapaz has something to prove. Cian Uijtdebroeks has to salvage a disappointing season, Enric Mas needs a win and something better than an expected 8th place. Onley requires some confidence and Netcompany a bit of unity to be installed after a few fractious comments between teammates. Over at Lidl-Trek, they can probably count on Mattias Skjelmose to be in the top five but a stage win would be nice along with it.<\/p>\n<p aria-hidden=\"true\" class=\"kiosq-b\">And then there\u2019s Primo\u017e Rogli\u010d. Let\u2019s hope he doesn\u2019t crash in the first week and he can settle into his favourite race. The stated tactic of not riding for GC is an interesting one but few will believe it until he loses 10 minutes because if he\u2019s still there in the last week then with the experience he has the 32km time trial is in his favour. He\u2019s not racing Poga\u010dar but outside of him the other GC riders aren\u2019t exactly specialists on the TT bike.<\/p>\n<h2 id=\"the-fast-men-3\" aria-hidden=\"true\" class=\"kiosq-b\">The fast men<\/h2>\n<p id=\"elk-68643398-9c7d-11f1-957e-ffecaf24e9c2\" aria-hidden=\"true\" class=\"kiosq-b\">The fast men aren\u2019t numerous at this Vuelta, understandably so given the climbing involved. However, we will get to see how Visma-Lease a Bike manage the Wout Van Aert and Matthew Brennan situation.<\/p>\n<p aria-hidden=\"true\" class=\"kiosq-b\">Van Aert is on the rise after a few setbacks in the middle of the season and the young Brit lines up for his first Grand Tour.<\/p>\n<p aria-hidden=\"true\" class=\"kiosq-b\">Jordi Meeus is one place higher in the sprint rankings but with Christophe Laporte also in the Visma line-up the betting person would be right in thinking the odds are in favour of the Dutch squad.<\/p>\n<p aria-hidden=\"true\" class=\"kiosq-b\">And they have Sepp Kuss, who may or may not be GC Kuss. However, commencing Saturday on the shiny streets of Monaco we will have three weeks of action to find out if any of the pre-race speculation was accurate.<\/p>\n<p id=\"elk-68643406-9c7d-11f1-869d-7dab02788d4c\" aria-hidden=\"true\" class=\"kiosq-b\"><strong>For unbeatable coverage across road, gravel and tech, subscribe to Cyclingnews. You&#8217;ll get comprehensive race coverage of La Vuelta a Espa\u00f1a, subscriber-exclusive analysis from our expert columnists, in-depth features and industry-leading tech insight. Plus, the Cyclingnews app lets you follow the action wherever you go! <\/strong><u><strong>Join today.<\/strong><\/u><\/p>\n<\/div>\n<p>[analyse_source url=&#8221;https:\/\/www.cyclingnews.com\/pro-cycling\/racing\/tadej-pogacar-could-win-the-vuelta-a-espana-by-10-minutes-but-total-domination-is-unlikely-philippa-york-analysis\/&#8221;]<\/p>\n","protected":false},"excerpt":{"rendered":"<p>[analyse_image type=&#8221;featured&#8221; src=&#8221;https:\/\/cdn.mos.cms.futurecdn.net\/xaPhNZ65Eb5A24MN8pQZC8-2000-80.jpg&#8221;] Pro Cycling Racing Road Vuelta a Espa\u00f1a Tadej Poga\u010dar could win the Vuelta a Espa\u00f1a by 10 minutes but total domination is unlikely \u2013 Philippa York analysis MEMBER EXCLUSIVE Features By Philippa York Published 20 August 2026 Cyclingnews&#8217; expert columnist delves into the main storylines and factors ahead of the Spanish Grand [&hellip;]<\/p>\n","protected":false},"author":1,"featured_media":0,"comment_status":"open","ping_status":"","sticky":false,"template":"","format":"standard","meta":{"footnotes":""},"categories":[2],"tags":[226,68],"class_list":["post-2102989","post","type-post","status-publish","format-standard","hentry","category-politics","tag-crawlmanager","tag-cyclingnews-com"],"_links":{"self":[{"href":"https:\/\/analyse.optim.biz\/index.php?rest_route=\/wp\/v2\/posts\/2102989","targetHints":{"allow":["GET"]}}],"collection":[{"href":"https:\/\/analyse.optim.biz\/index.php?rest_route=\/wp\/v2\/posts"}],"about":[{"href":"https:\/\/analyse.optim.biz\/index.php?rest_route=\/wp\/v2\/types\/post"}],"author":[{"embeddable":true,"href":"https:\/\/analyse.optim.biz\/index.php?rest_route=\/wp\/v2\/users\/1"}],"replies":[{"embeddable":true,"href":"https:\/\/analyse.optim.biz\/index.php?rest_route=%2Fwp%2Fv2%2Fcomments&post=2102989"}],"version-history":[{"count":0,"href":"https:\/\/analyse.optim.biz\/index.php?rest_route=\/wp\/v2\/posts\/2102989\/revisions"}],"wp:attachment":[{"href":"https:\/\/analyse.optim.biz\/index.php?rest_route=%2Fwp%2Fv2%2Fmedia&parent=2102989"}],"wp:term":[{"taxonomy":"category","embeddable":true,"href":"https:\/\/analyse.optim.biz\/index.php?rest_route=%2Fwp%2Fv2%2Fcategories&post=2102989"},{"taxonomy":"post_tag","embeddable":true,"href":"https:\/\/analyse.optim.biz\/index.php?rest_route=%2Fwp%2Fv2%2Ftags&post=2102989"}],"curies":[{"name":"wp","href":"https:\/\/api.w.org\/{rel}","templated":true}]}}