{"id":210298,"date":"2014-03-05T12:46:34","date_gmt":"2014-03-05T09:46:34","guid":{"rendered":"https:\/\/analyse.optim.biz\/?p=210298"},"modified":"2014-03-05T12:46:34","modified_gmt":"2014-03-05T09:46:34","slug":"bec-ia-in-discutie-inregistrarea-aliantei-psd-unpr-pc","status":"publish","type":"post","link":"https:\/\/analyse.optim.biz\/?p=210298","title":{"rendered":"BEC ia \u00een discu\u0163ie \u00eenregistrarea alian\u0163ei PSD-UNPR-PC"},"content":{"rendered":"<div class=\"entry data-app-meta data-app-meta-article\" data-embed-base-url-canonical=\"https:\/\/www.digi24.ro\/embed\/stiri\/actualitate\/politica\/bec-ia-in-discutie-inregistrarea-aliantei-psd-unpr-pc-209839\">\n<p data-index=\"1\"><img decoding=\"async\" src=\"https:\/\/analyse.optim.biz\/wp-content\/uploads\/2024\/09\/jnc9odawjmhhc2g9mthkmzrhmznim2jlyzfhztrlntdjnwq3mjmyntdhmju-thumb_.jpg\" data-skip-htmlfix=\"1\" title=\"jnc9odawjmhhc2g9mthkmzrhmznim2jlyzfhztrlntdjnwq3mjmyntdhmju-thumb_\"><\/p>\n<p data-index=\"2\">Miercuri BEC va lua \u00een discu\u0163ie solicitarea de \u00eenregistrare a alian\u0163ei electorale PSD-UNPR-PC, urm\u00e2nd s\u0103 se pronun\u0163e asupra \u00eenfiin\u0163\u0103rii acesteia.<\/p>\n<p data-index=\"3\">Dac\u0103 BEC va da o decizie pozitiv\u0103, atunci PSD, UNPR \u015fi PC vor candida \u00een comun la alegerile pentru Parlamentul European, organizate pe 25 mai.<\/p>\n<p data-index=\"4\">\u00cen paralel, PSD \u015fi PC au contestat decizia BEC de respingere a alian\u0163ei electorale USD.<\/p>\n<p data-index=\"5\">Biroul Electoral Central a respins, luni, \u00eenregistrarea pentru alegerile europarlamentare a alian\u0163ei electorale USD, format\u0103 din PSD, UNPR \u015fi PC.<\/p>\n<\/div>\n<p> Source URL: https:\/\/www.digi24.ro\/stiri\/actualitate\/politica\/bec-ia-in-discutie-inregistrarea-aliantei-psd-unpr-pc-209839<\/p>\n","protected":false},"excerpt":{"rendered":"<p>Miercuri BEC va lua \u00een discu\u0163ie solicitarea de \u00eenregistrare a alian\u0163ei electorale PSD-UNPR-PC, urm\u00e2nd s\u0103 se pronun\u0163e asupra \u00eenfiin\u0163\u0103rii acesteia. Dac\u0103 BEC va da o decizie pozitiv\u0103, atunci PSD, UNPR \u015fi PC vor candida \u00een comun la alegerile pentru Parlamentul European, organizate pe 25 mai. \u00cen paralel, PSD \u015fi PC au contestat decizia BEC de [&hellip;]<\/p>\n","protected":false},"author":1,"featured_media":210299,"comment_status":"open","ping_status":"","sticky":false,"template":"","format":"standard","meta":{"footnotes":""},"categories":[2],"tags":[11],"class_list":["post-210298","post","type-post","status-publish","format-standard","has-post-thumbnail","hentry","category-politics","tag-digi24"],"_links":{"self":[{"href":"https:\/\/analyse.optim.biz\/index.php?rest_route=\/wp\/v2\/posts\/210298","targetHints":{"allow":["GET"]}}],"collection":[{"href":"https:\/\/analyse.optim.biz\/index.php?rest_route=\/wp\/v2\/posts"}],"about":[{"href":"https:\/\/analyse.optim.biz\/index.php?rest_route=\/wp\/v2\/types\/post"}],"author":[{"embeddable":true,"href":"https:\/\/analyse.optim.biz\/index.php?rest_route=\/wp\/v2\/users\/1"}],"replies":[{"embeddable":true,"href":"https:\/\/analyse.optim.biz\/index.php?rest_route=%2Fwp%2Fv2%2Fcomments&post=210298"}],"version-history":[{"count":0,"href":"https:\/\/analyse.optim.biz\/index.php?rest_route=\/wp\/v2\/posts\/210298\/revisions"}],"wp:featuredmedia":[{"embeddable":true,"href":"https:\/\/analyse.optim.biz\/index.php?rest_route=\/wp\/v2\/media\/210299"}],"wp:attachment":[{"href":"https:\/\/analyse.optim.biz\/index.php?rest_route=%2Fwp%2Fv2%2Fmedia&parent=210298"}],"wp:term":[{"taxonomy":"category","embeddable":true,"href":"https:\/\/analyse.optim.biz\/index.php?rest_route=%2Fwp%2Fv2%2Fcategories&post=210298"},{"taxonomy":"post_tag","embeddable":true,"href":"https:\/\/analyse.optim.biz\/index.php?rest_route=%2Fwp%2Fv2%2Ftags&post=210298"}],"curies":[{"name":"wp","href":"https:\/\/api.w.org\/{rel}","templated":true}]}}