{"id":2102818,"date":"2026-08-20T11:14:41","date_gmt":"2026-08-20T08:14:41","guid":{"rendered":"https:\/\/analyse.optim.biz\/?p=2102818"},"modified":"2026-08-20T11:14:41","modified_gmt":"2026-08-20T08:14:41","slug":"selectie-sub-panou-scm-timisoara-isi-formeaza-o-noua-echipa-care-va-fi-inscrisa-in-campionatul-national-u13","status":"publish","type":"post","link":"https:\/\/analyse.optim.biz\/?p=2102818","title":{"rendered":"Selec\u021bie sub panou. SCM Timi\u0219oara \u00ee\u0219i formeaz\u0103 o nou\u0103 echip\u0103 care va fi \u00eenscris\u0103 \u00een Campionatul Na\u021bional U13"},"content":{"rendered":"<p>[analyse_image type=&#8221;featured&#8221; src=&#8221;https:\/\/renasterea.ro\/ro\/wp-content\/uploads\/2026\/08\/Nikola-Aksentijevic.jpghttps:\/\/renasterea.ro\/ro\/wp-content\/uploads\/2026\/08\/Nikola-Aksentijevic.jpg&#8221;]<\/p>\n<div class=\"entry-content\"><img loading=\"lazy\" decoding=\"async\" width=\"579\" height=\"460\" src=\"https:\/\/renasterea.ro\/ro\/wp-content\/uploads\/2026\/08\/Nikola-Aksentijevic-579x460.jpg\" class=\"attachment-medium size-medium wp-post-image\" alt=\"Selec\u021bie sub panou. SCM Timi\u0219oara \u00ee\u0219i formeaz\u0103 o nou\u0103 echip\u0103 care va fi \u00eenscris\u0103 \u00een Campionatul Na\u021bional U13\" title=\"Selec\u021bie sub panou. SCM Timi\u0219oara \u00ee\u0219i formeaz\u0103 o nou\u0103 echip\u0103 care va fi \u00eenscris\u0103 \u00een Campionatul Na\u021bional U13 1\"><\/p>\n<h4>Sec\u021bia de baschet SCM Timi\u0219oara \u00ee\u0219i formeaz\u0103 o nou\u0103 echip\u0103 care va fi \u00eenscris\u0103 \u00een Campionatul Na\u021bional. Este vorba despre o garnitur\u0103 a copiilor n\u0103scu\u021bi \u00een anii 2014 \u0219i 2015, \u00eencadrat\u0103 la categoria de v\u00e2rst\u0103 U13.<\/h4>\n<p>\u00cen vederea constituirii acestei forma\u021bii, <strong>s\u00e2mb\u0103t\u0103, 22 august, de la ora 12,30<\/strong>, <strong>la Sala \u201eConstantin Jude\u201d<\/strong>, antrenorii structurii sportive a municipalit\u0103\u021bii vor organiza o selec\u021bie la care sunt a\u0219tepta\u021bi juniori de la alte cluburi locale \u0219i care nu au mai fost legitima\u021bi p\u00e2n\u0103 \u00een prezent. Va fi cea de-a patra echip\u0103 din sectorul juvenil al SCM Timi\u0219oara, dup\u0103 U14, U15 \u0219i U16.<\/p>\n<p>Antrenorul juniorilor U13 va fi s\u00e2rbul Nikola Aksentijevi\u0107 (37 de ani). N\u0103scut la Kragujevac, acesta a practicat sportul cu mingea la co\u0219 p\u00e2n\u0103 la v\u00e2rsta de 25 de ani, cu convoc\u0103ri primite la na\u021bionalele U16 \u0219i U17 ale Serbiei. Mai multe accident\u0103ri l-au for\u021bat s\u0103 abandoneze cariera de baschetbalist.<\/p>\n<p>\u00cen Rom\u00e2nia a ajuns ca antrenor \u00een 2019, iar prima \u0219i totodat\u0103 cea mai lung\u0103 experien\u021b\u0103 a avut-o la Sibiu. Acolo a antrenat timp de patru ani, \u00een perioade egale activ\u00e2nd la Alpha Basketball \u0219i CSU Sibiu. A urmat un sezon la Pite\u0219ti, apoi a venit la MP Sport Timi\u0219oara, unde a antrenat cu succes \u00een ultimele dou\u0103 sezoane. \u00cenregimentarea lui Aksentijevi\u0107 este practic o continuare a colabor\u0103rii \u00eencepute cu \u0219ase ani \u00een urm\u0103 \u00eentre SCM Timi\u0219oara \u0219i MP Sport Timi\u0219oara, clubul cu care acesta avea un contract \u00een derulare.<\/p>\n<h2>CITE\u015eTE \u015eI: <span><a href=\"https:\/\/renasterea.ro\/handbal-feminin-cupa-uvt-gata-de-start\/\">Handbal feminin. \u201eCupa UVT\u201d, gata de start!<\/a><\/span><\/h2>\n<p>\u201eS\u00e2mb\u0103t\u0103 \u00eei a\u0219tept\u0103m pe cei mici la selec\u021bia de la sala &lt;&lt;Constantin Jude&gt;&gt;. \u0218i cariera mea \u00een baschetul de performan\u021b\u0103 a \u00eenceput a\u0219a. Acum sunt juc\u0103tor profesionist la echipa din ora\u0219ul meu, Timi\u0219oara\u201d, a declarat \u0218erban Horga (19 ani).<\/p>\n<p>\u201eS\u00e2mb\u0103t\u0103, cei mici vor avea \u0219ansa s\u0103 \u00ee\u0219i \u00eenceap\u0103 cariera de baschetbali\u0219ti. \u00cei a\u0219tept\u0103m la selec\u021bia noastr\u0103\u201d, este mesajul transmis de Robert Schipor (23 ani), \u0219i el un produs de nivel \u00eenalt al baschetului timi\u0219orean.<\/p>\n<\/div>\n<p>[analyse_source url=&#8221;https:\/\/renasterea.ro\/selectie-sub-panou-scm-timisoara-isi-formeaza-o-noua-echipa-care-va-fi-inscrisa-in-campionatul-national-u13\/&#8221;]<\/p>\n","protected":false},"excerpt":{"rendered":"<p>[analyse_image type=&#8221;featured&#8221; src=&#8221;https:\/\/renasterea.ro\/ro\/wp-content\/uploads\/2026\/08\/Nikola-Aksentijevic.jpghttps:\/\/renasterea.ro\/ro\/wp-content\/uploads\/2026\/08\/Nikola-Aksentijevic.jpg&#8221;] Sec\u021bia de baschet SCM Timi\u0219oara \u00ee\u0219i formeaz\u0103 o nou\u0103 echip\u0103 care va fi \u00eenscris\u0103 \u00een Campionatul Na\u021bional. Este vorba despre o garnitur\u0103 a copiilor n\u0103scu\u021bi \u00een anii 2014 \u0219i 2015, \u00eencadrat\u0103 la categoria de v\u00e2rst\u0103 U13. \u00cen vederea constituirii acestei forma\u021bii, s\u00e2mb\u0103t\u0103, 22 august, de la ora 12,30, la Sala \u201eConstantin Jude\u201d, [&hellip;]<\/p>\n","protected":false},"author":1,"featured_media":0,"comment_status":"open","ping_status":"","sticky":false,"template":"","format":"standard","meta":{"footnotes":""},"categories":[89],"tags":[226,188],"class_list":["post-2102818","post","type-post","status-publish","format-standard","hentry","category-romania","tag-crawlmanager","tag-renasterea-ro"],"_links":{"self":[{"href":"https:\/\/analyse.optim.biz\/index.php?rest_route=\/wp\/v2\/posts\/2102818","targetHints":{"allow":["GET"]}}],"collection":[{"href":"https:\/\/analyse.optim.biz\/index.php?rest_route=\/wp\/v2\/posts"}],"about":[{"href":"https:\/\/analyse.optim.biz\/index.php?rest_route=\/wp\/v2\/types\/post"}],"author":[{"embeddable":true,"href":"https:\/\/analyse.optim.biz\/index.php?rest_route=\/wp\/v2\/users\/1"}],"replies":[{"embeddable":true,"href":"https:\/\/analyse.optim.biz\/index.php?rest_route=%2Fwp%2Fv2%2Fcomments&post=2102818"}],"version-history":[{"count":0,"href":"https:\/\/analyse.optim.biz\/index.php?rest_route=\/wp\/v2\/posts\/2102818\/revisions"}],"wp:attachment":[{"href":"https:\/\/analyse.optim.biz\/index.php?rest_route=%2Fwp%2Fv2%2Fmedia&parent=2102818"}],"wp:term":[{"taxonomy":"category","embeddable":true,"href":"https:\/\/analyse.optim.biz\/index.php?rest_route=%2Fwp%2Fv2%2Fcategories&post=2102818"},{"taxonomy":"post_tag","embeddable":true,"href":"https:\/\/analyse.optim.biz\/index.php?rest_route=%2Fwp%2Fv2%2Ftags&post=2102818"}],"curies":[{"name":"wp","href":"https:\/\/api.w.org\/{rel}","templated":true}]}}