{"id":2102815,"date":"2026-08-20T07:48:59","date_gmt":"2026-08-20T04:48:59","guid":{"rendered":"https:\/\/analyse.optim.biz\/?p=2102815"},"modified":"2026-08-20T07:48:59","modified_gmt":"2026-08-20T04:48:59","slug":"minorul-ranit-in-accidentul-de-pe-dn6-s-a-stins-cum-s-a-produs-tragedia-video","status":"publish","type":"post","link":"https:\/\/analyse.optim.biz\/?p=2102815","title":{"rendered":"Minorul r\u0103nit \u00een accidentul de pe DN6 s-a stins&#8230; Cum s-a produs tragedia (video)"},"content":{"rendered":"<p>[analyse_image type=&#8221;featured&#8221; src=&#8221;https:\/\/renasterea.ro\/ro\/wp-content\/uploads\/2026\/08\/accident-dn6.jpghttps:\/\/renasterea.ro\/ro\/wp-content\/uploads\/2026\/08\/accident-dn6.jpg&#8221;]<\/p>\n<div class=\"entry-content\"><img loading=\"lazy\" decoding=\"async\" width=\"650\" height=\"365\" src=\"https:\/\/renasterea.ro\/ro\/wp-content\/uploads\/2026\/08\/accident-dn6.jpg\" class=\"attachment-medium size-medium wp-post-image\" alt=\"Minorul r\u0103nit \u00een accidentul de pe DN6 s-a stins... Cum s-a produs tragedia (video)\" title=\"Minorul r\u0103nit \u00een accidentul de pe DN6 s-a stins... Cum s-a produs tragedia (video) 1\"><\/p>\n<h4>Joi, 20 august, la ora 6.25, pe DN6, \u00een afara localit\u0103\u021bii Jupa, s-a produs <a href=\"https:\/\/renasterea.ro\/accident-extrem-de-grav-pe-soseaua-lugoj-caransebes-minor-dus-la-spital-in-stare-inconstienta-video\/\">un accident rutier<\/a> soldat cu decesul unui t\u00e2n\u0103r \u0219i r\u0103nirea altor dou\u0103 persoane.<\/h4>\n<p>Din primele cercet\u0103ri s-a stabilit c\u0103 \u00een timp ce un b\u0103rbat de 58 de ani din jude\u021bul Hunedoara conducea un autoturism din direc\u021bia Caransebe\u0219 c\u0103tre Lugoj, la km 465, \u00een afara localit\u0103\u021bii Jupa, ar fi efectuat o manevr\u0103 de dep\u0103\u0219ire a unui alt autoturism, moment \u00een care ar fi pierdut controlul asupra direc\u021biei de deplasare, intr\u00e2nd \u00een coliziune cu un ansamblu de vehicule \u00eenmatriculat \u00een Polonia.<\/p>\n<p>\u00cen urma accidentului a rezultat decesul unui minor de 16 ani, pasager pe bancheta din spate a autoturismului, \u0219i r\u0103nirea conduc\u0103torului auto \u0219i a pasagerei dreapta fa\u021b\u0103, ambii foond transporta\u021bi la spital pentru investiga\u021bii \u0219i \u00eengrijiri medicale, a transmis IPJ Cara\u015f-Severin.<\/p>\n<p>Cei doi conduc\u0103tori auto au fost testa\u021bi cu privire la consumul de alcool, rezultatele fiind negative.<\/p>\n<p>Poli\u021bi\u0219tii continu\u0103 cercet\u0103rile \u00een acest caz \u00een vederea stabilirii cu exactitate a tuturor cauzelor \u0219i \u00eemprejur\u0103rilor \u00een care s-a produs accidentul.<\/p>\n<iframe loading=\"lazy\" title=\"Accident \u00een Cara\u0219-Severin\" width=\"540\" height=\"960\" src=\"https:\/\/www.youtube.com\/embed\/27pAYyinrns?feature=oembed\" frameborder allow=\"accelerometer; autoplay; clipboard-write; encrypted-media; gyroscope; picture-in-picture; web-share\" referrerpolicy=\"strict-origin-when-cross-origin\" allowfullscreen><\/iframe>\n<p><em>Sursa foto \/ video: ISU Cara\u015f-Severin<\/em><\/p>\n<\/div>\n<p>[analyse_source url=&#8221;https:\/\/renasterea.ro\/minorul-ranit-in-accidentul-de-pe-dn6-s-a-stins-cum-s-a-produs-tragedia-video\/&#8221;]<\/p>\n","protected":false},"excerpt":{"rendered":"<p>[analyse_image type=&#8221;featured&#8221; src=&#8221;https:\/\/renasterea.ro\/ro\/wp-content\/uploads\/2026\/08\/accident-dn6.jpghttps:\/\/renasterea.ro\/ro\/wp-content\/uploads\/2026\/08\/accident-dn6.jpg&#8221;] Joi, 20 august, la ora 6.25, pe DN6, \u00een afara localit\u0103\u021bii Jupa, s-a produs un accident rutier soldat cu decesul unui t\u00e2n\u0103r \u0219i r\u0103nirea altor dou\u0103 persoane. Din primele cercet\u0103ri s-a stabilit c\u0103 \u00een timp ce un b\u0103rbat de 58 de ani din jude\u021bul Hunedoara conducea un autoturism din direc\u021bia Caransebe\u0219 c\u0103tre [&hellip;]<\/p>\n","protected":false},"author":1,"featured_media":0,"comment_status":"open","ping_status":"","sticky":false,"template":"","format":"standard","meta":{"footnotes":""},"categories":[89],"tags":[226,188],"class_list":["post-2102815","post","type-post","status-publish","format-standard","hentry","category-romania","tag-crawlmanager","tag-renasterea-ro"],"_links":{"self":[{"href":"https:\/\/analyse.optim.biz\/index.php?rest_route=\/wp\/v2\/posts\/2102815","targetHints":{"allow":["GET"]}}],"collection":[{"href":"https:\/\/analyse.optim.biz\/index.php?rest_route=\/wp\/v2\/posts"}],"about":[{"href":"https:\/\/analyse.optim.biz\/index.php?rest_route=\/wp\/v2\/types\/post"}],"author":[{"embeddable":true,"href":"https:\/\/analyse.optim.biz\/index.php?rest_route=\/wp\/v2\/users\/1"}],"replies":[{"embeddable":true,"href":"https:\/\/analyse.optim.biz\/index.php?rest_route=%2Fwp%2Fv2%2Fcomments&post=2102815"}],"version-history":[{"count":0,"href":"https:\/\/analyse.optim.biz\/index.php?rest_route=\/wp\/v2\/posts\/2102815\/revisions"}],"wp:attachment":[{"href":"https:\/\/analyse.optim.biz\/index.php?rest_route=%2Fwp%2Fv2%2Fmedia&parent=2102815"}],"wp:term":[{"taxonomy":"category","embeddable":true,"href":"https:\/\/analyse.optim.biz\/index.php?rest_route=%2Fwp%2Fv2%2Fcategories&post=2102815"},{"taxonomy":"post_tag","embeddable":true,"href":"https:\/\/analyse.optim.biz\/index.php?rest_route=%2Fwp%2Fv2%2Ftags&post=2102815"}],"curies":[{"name":"wp","href":"https:\/\/api.w.org\/{rel}","templated":true}]}}