{"id":2102807,"date":"2026-08-20T08:24:58","date_gmt":"2026-08-20T05:24:58","guid":{"rendered":"https:\/\/analyse.optim.biz\/?p=2102807"},"modified":"2026-08-20T08:24:58","modified_gmt":"2026-08-20T05:24:58","slug":"peste-30-de-hectare-afectate-de-un-incendiu-in-zona-baile-herculane-domogled-video","status":"publish","type":"post","link":"https:\/\/analyse.optim.biz\/?p=2102807","title":{"rendered":"Peste 30 de hectare, afectate de un incendiu \u00een zona B\u0103ile Herculane \u2013 Domogled (video)"},"content":{"rendered":"<p>[analyse_image type=&#8221;featured&#8221; src=&#8221;https:\/\/renasterea.ro\/ro\/wp-content\/uploads\/2026\/08\/incendiu-domogled.jpghttps:\/\/renasterea.ro\/ro\/wp-content\/uploads\/2026\/08\/incendiu-domogled.jpg&#8221;]<\/p>\n<div class=\"entry-content\"><img loading=\"lazy\" decoding=\"async\" width=\"650\" height=\"365\" src=\"https:\/\/renasterea.ro\/ro\/wp-content\/uploads\/2026\/08\/incendiu-domogled.jpg\" class=\"attachment-medium size-medium wp-post-image\" alt=\"Peste 30 de hectare, afectate de un incendiu \u00een zona B\u0103ile Herculane \u2013 Domogled (video)\" title=\"Peste 30 de hectare, afectate de un incendiu \u00een zona B\u0103ile Herculane \u2013 Domogled (video) 1\"><\/p>\n<h4>Inspectoratul pentru Situa\u021bii de Urgen\u021b\u0103 \u201eSemenic\u201d al jude\u021bului Cara\u0219-Severin continu\u0103 misiunea de localizare \u0219i lichidare a incendiului manifestat la nivelul litierei \u0219i fondului forestier \u00een zona muntoas\u0103 B\u0103ile Herculane \u2013 Domogled. P\u00e2n\u0103 la aceast\u0103 or\u0103, suprafa\u021ba total\u0103 afectat\u0103 este de aproximativ 31 de hectare.<\/h4>\n<p>Din cauza terenului extrem de abrupt \u0219i inaccesibil, interven\u021bia echipajelor pedestre nu este posibil\u0103 \u00een condi\u021bii de siguran\u021b\u0103. Din acest motiv, ac\u021biunile de stingere se concentreaz\u0103 pe cale aerian\u0103.<\/p>\n<p>Un elicopter din cadrul Inspectoratului General de Avia\u021bie (IGAv), la bordul c\u0103ruia se afl\u0103 \u0219i un subofi\u021ber ISU Cara\u0219-Severin ca observator, a executat p\u00e2n\u0103 la ora 11:00 un num\u0103r de 19 arunc\u0103ri de ap\u0103.<\/p>\n<p>Pentru eficientizarea misiunii \u0219i asigurarea m\u0103surilor de protec\u021bie, din cadrul Deta\u0219amentului de Pompieri Caransebe\u0219 a dislocat un echipaj cu 6 militari. Dintre ace\u0219tia, un pompier va asigura coordonarea zborurilor cu elicopterul, iar ceilal\u021bi 5 vor fi pozi\u021biona\u021bi strategic pentru a interveni defensiv \u0219i a proteja imobilele din zon\u0103 \u00een cazul \u00een care exist\u0103 riscul ca fl\u0103c\u0103rile s\u0103 se propage spre cl\u0103diri.<\/p>\n<h2>CITE\u015eTE \u015eI: <span><a href=\"https:\/\/renasterea.ro\/festivalul-banat-la-eibenthal-in-perioada-19-23-august\/\">Festivalul Banat, la Eibenthal, \u00een perioada 19 \u2013 23 august<\/a><\/span><\/h2>\n<p>Situa\u021bia este monitorizat\u0103 permanent, iar dinamica interven\u021biei va fi transmis\u0103 pe parcursul evolu\u021biei evenimentului, a transmis ISU \u201eSemenic\u201d.<\/p>\n<iframe loading=\"lazy\" title=\"Incendiu B\u0103ile Herculane - Domogled\" width=\"540\" height=\"960\" src=\"https:\/\/www.youtube.com\/embed\/epkWyq1W0Mc?feature=oembed\" frameborder allow=\"accelerometer; autoplay; clipboard-write; encrypted-media; gyroscope; picture-in-picture; web-share\" referrerpolicy=\"strict-origin-when-cross-origin\" allowfullscreen><\/iframe>\n<\/div>\n<p>[analyse_source url=&#8221;https:\/\/renasterea.ro\/peste-30-de-hectare-afectate-de-un-incendiu-in-zona-baile-herculane-domogled-video\/&#8221;]<\/p>\n","protected":false},"excerpt":{"rendered":"<p>[analyse_image type=&#8221;featured&#8221; src=&#8221;https:\/\/renasterea.ro\/ro\/wp-content\/uploads\/2026\/08\/incendiu-domogled.jpghttps:\/\/renasterea.ro\/ro\/wp-content\/uploads\/2026\/08\/incendiu-domogled.jpg&#8221;] Inspectoratul pentru Situa\u021bii de Urgen\u021b\u0103 \u201eSemenic\u201d al jude\u021bului Cara\u0219-Severin continu\u0103 misiunea de localizare \u0219i lichidare a incendiului manifestat la nivelul litierei \u0219i fondului forestier \u00een zona muntoas\u0103 B\u0103ile Herculane \u2013 Domogled. P\u00e2n\u0103 la aceast\u0103 or\u0103, suprafa\u021ba total\u0103 afectat\u0103 este de aproximativ 31 de hectare. Din cauza terenului extrem de abrupt \u0219i inaccesibil, [&hellip;]<\/p>\n","protected":false},"author":1,"featured_media":0,"comment_status":"open","ping_status":"","sticky":false,"template":"","format":"standard","meta":{"footnotes":""},"categories":[89],"tags":[226,188],"class_list":["post-2102807","post","type-post","status-publish","format-standard","hentry","category-romania","tag-crawlmanager","tag-renasterea-ro"],"_links":{"self":[{"href":"https:\/\/analyse.optim.biz\/index.php?rest_route=\/wp\/v2\/posts\/2102807","targetHints":{"allow":["GET"]}}],"collection":[{"href":"https:\/\/analyse.optim.biz\/index.php?rest_route=\/wp\/v2\/posts"}],"about":[{"href":"https:\/\/analyse.optim.biz\/index.php?rest_route=\/wp\/v2\/types\/post"}],"author":[{"embeddable":true,"href":"https:\/\/analyse.optim.biz\/index.php?rest_route=\/wp\/v2\/users\/1"}],"replies":[{"embeddable":true,"href":"https:\/\/analyse.optim.biz\/index.php?rest_route=%2Fwp%2Fv2%2Fcomments&post=2102807"}],"version-history":[{"count":0,"href":"https:\/\/analyse.optim.biz\/index.php?rest_route=\/wp\/v2\/posts\/2102807\/revisions"}],"wp:attachment":[{"href":"https:\/\/analyse.optim.biz\/index.php?rest_route=%2Fwp%2Fv2%2Fmedia&parent=2102807"}],"wp:term":[{"taxonomy":"category","embeddable":true,"href":"https:\/\/analyse.optim.biz\/index.php?rest_route=%2Fwp%2Fv2%2Fcategories&post=2102807"},{"taxonomy":"post_tag","embeddable":true,"href":"https:\/\/analyse.optim.biz\/index.php?rest_route=%2Fwp%2Fv2%2Ftags&post=2102807"}],"curies":[{"name":"wp","href":"https:\/\/api.w.org\/{rel}","templated":true}]}}