{"id":2102806,"date":"2026-08-20T06:51:28","date_gmt":"2026-08-20T03:51:28","guid":{"rendered":"https:\/\/analyse.optim.biz\/?p=2102806"},"modified":"2026-08-20T06:51:28","modified_gmt":"2026-08-20T03:51:28","slug":"accident-extrem-de-grav-pe-soseaua-lugoj-caransebes-minor-dus-la-spital-in-stare-inconstienta-video","status":"publish","type":"post","link":"https:\/\/analyse.optim.biz\/?p=2102806","title":{"rendered":"Accident extrem de grav pe \u015foseaua Lugoj &#8211; Caransebe\u015f. Minor dus la spital \u00een stare incon\u0219tien\u0163\u0103 (video)"},"content":{"rendered":"<p>[analyse_image type=&#8221;featured&#8221; src=&#8221;https:\/\/renasterea.ro\/ro\/wp-content\/uploads\/2026\/08\/accident-jupa.jpghttps:\/\/renasterea.ro\/ro\/wp-content\/uploads\/2026\/08\/accident-jupa.jpg&#8221;]<\/p>\n<div class=\"entry-content\"><img loading=\"lazy\" decoding=\"async\" width=\"731\" height=\"431\" src=\"https:\/\/renasterea.ro\/ro\/wp-content\/uploads\/2026\/08\/accident-jupa.jpg\" class=\"attachment-medium size-medium wp-post-image\" alt=\"Accident extrem de grav pe \u015foseaua Lugoj - Caransebe\u015f. Minor dus la spital \u00een stare incon\u0219tien\u0163\u0103 (video)\" title=\"Accident extrem de grav pe \u015foseaua Lugoj - Caransebe\u015f. Minor dus la spital \u00een stare incon\u0219tien\u0163\u0103 (video) 1\"><\/p>\n<h4>Accident extrem de grav pe \u015foseaua Lugoj \u2013 Caransebe\u015f. Minor dus la spital \u00een stare incon\u0219tien\u0163\u0103<\/h4>\n<p>Pompierii militari din cadrul Inspectoratului pentru Situa\u021bii de Urgen\u021b\u0103 Cara\u015f-Severin au fost solicita\u021bi s\u0103 intervin\u0103, joi diminea\u021b\u0103, \u00een urma unui accident rutier produs pe DN 6, \u00eentre localit\u0103\u021bile Jupa \u0219i C\u0103v\u0103ran. \u00cen evenimentul rutier au fost implicate un autoturism \u0219i un autotren.<\/p>\n<p>La fa\u021ba locului s-au deplasat de urgen\u021b\u0103 echipaje de pompieri cu autospeciale de stingere, descarcerare \u0219i prim ajutor, precum \u0219i echipaje ale Serviciului de Ambulan\u021b\u0103 Jude\u021bean (SAJ).<\/p>\n<p>\u00cen urma impactului au rezultat trei victime (doi adul\u021bi \u0219i un minor). Una dintre persoane a r\u0103mas \u00eencarcerat\u0103 \u00een automobil, fiind extras\u0103 \u00een siguran\u021b\u0103 de echipajele de descarcerare.<\/p>\n<p>Toate cele trei victime au primit \u00eengrijiri medicale la fa\u021ba locului \u0219i au fost transportate la spital pentru investiga\u021bii complexe. Adul\u021bii au fost prelua\u021bi \u00een stare con\u0219tient\u0103, iar minorul a fost transportat la unitatea medical\u0103 incon\u0219tient.<\/p>\n<h2>CITE\u015eTE \u015eI: <span><a href=\"https:\/\/renasterea.ro\/ca-n-filme-in-timis-falsi-politisti-de-la-antidrog-au-furat-dintr-o-masina-90-000-de-lire-sterline\/\">Ca-n filme, \u00een Timi\u0219! Fal\u0219i \u201epoli\u021bi\u0219ti de la Antidrog\u201d au furat dintr-o ma\u0219in\u0103 90.000 de lire sterline<\/a><\/span><\/h2>\n<p>Pompierii au asigurat, de asemenea, m\u0103surile de prevenire \u0219i stingere a incendiilor la locul accidentului. Traficul \u00een zon\u0103 a fost afectat pe durata interven\u021biei. Organele abilitate continu\u0103 cercet\u0103rile pentru stabilirea cauzelor exacte ale producerii accidentului.<\/p>\n<iframe loading=\"lazy\" title=\"Accident \u00een Cara\u0219-Severin\" width=\"540\" height=\"960\" src=\"https:\/\/www.youtube.com\/embed\/27pAYyinrns?feature=oembed\" frameborder allow=\"accelerometer; autoplay; clipboard-write; encrypted-media; gyroscope; picture-in-picture; web-share\" referrerpolicy=\"strict-origin-when-cross-origin\" allowfullscreen><\/iframe>\n<p><em>Sursa imagini: ISU Cara\u015f-Severin \/ DRDP Timi\u015foara<\/em><\/p>\n<\/div>\n<p>[analyse_source url=&#8221;https:\/\/renasterea.ro\/accident-extrem-de-grav-pe-soseaua-lugoj-caransebes-minor-dus-la-spital-in-stare-inconstienta-video\/&#8221;]<\/p>\n","protected":false},"excerpt":{"rendered":"<p>[analyse_image type=&#8221;featured&#8221; src=&#8221;https:\/\/renasterea.ro\/ro\/wp-content\/uploads\/2026\/08\/accident-jupa.jpghttps:\/\/renasterea.ro\/ro\/wp-content\/uploads\/2026\/08\/accident-jupa.jpg&#8221;] Accident extrem de grav pe \u015foseaua Lugoj \u2013 Caransebe\u015f. Minor dus la spital \u00een stare incon\u0219tien\u0163\u0103 Pompierii militari din cadrul Inspectoratului pentru Situa\u021bii de Urgen\u021b\u0103 Cara\u015f-Severin au fost solicita\u021bi s\u0103 intervin\u0103, joi diminea\u021b\u0103, \u00een urma unui accident rutier produs pe DN 6, \u00eentre localit\u0103\u021bile Jupa \u0219i C\u0103v\u0103ran. \u00cen evenimentul rutier au fost [&hellip;]<\/p>\n","protected":false},"author":1,"featured_media":0,"comment_status":"open","ping_status":"","sticky":false,"template":"","format":"standard","meta":{"footnotes":""},"categories":[89],"tags":[226,188],"class_list":["post-2102806","post","type-post","status-publish","format-standard","hentry","category-romania","tag-crawlmanager","tag-renasterea-ro"],"_links":{"self":[{"href":"https:\/\/analyse.optim.biz\/index.php?rest_route=\/wp\/v2\/posts\/2102806","targetHints":{"allow":["GET"]}}],"collection":[{"href":"https:\/\/analyse.optim.biz\/index.php?rest_route=\/wp\/v2\/posts"}],"about":[{"href":"https:\/\/analyse.optim.biz\/index.php?rest_route=\/wp\/v2\/types\/post"}],"author":[{"embeddable":true,"href":"https:\/\/analyse.optim.biz\/index.php?rest_route=\/wp\/v2\/users\/1"}],"replies":[{"embeddable":true,"href":"https:\/\/analyse.optim.biz\/index.php?rest_route=%2Fwp%2Fv2%2Fcomments&post=2102806"}],"version-history":[{"count":0,"href":"https:\/\/analyse.optim.biz\/index.php?rest_route=\/wp\/v2\/posts\/2102806\/revisions"}],"wp:attachment":[{"href":"https:\/\/analyse.optim.biz\/index.php?rest_route=%2Fwp%2Fv2%2Fmedia&parent=2102806"}],"wp:term":[{"taxonomy":"category","embeddable":true,"href":"https:\/\/analyse.optim.biz\/index.php?rest_route=%2Fwp%2Fv2%2Fcategories&post=2102806"},{"taxonomy":"post_tag","embeddable":true,"href":"https:\/\/analyse.optim.biz\/index.php?rest_route=%2Fwp%2Fv2%2Ftags&post=2102806"}],"curies":[{"name":"wp","href":"https:\/\/api.w.org\/{rel}","templated":true}]}}