{"id":2102802,"date":"2026-08-19T13:37:56","date_gmt":"2026-08-19T10:37:56","guid":{"rendered":"https:\/\/analyse.optim.biz\/?p=2102802"},"modified":"2026-08-19T13:37:56","modified_gmt":"2026-08-19T10:37:56","slug":"festivalul-banat-la-eibenthal-in-perioada-19-23-august","status":"publish","type":"post","link":"https:\/\/analyse.optim.biz\/?p=2102802","title":{"rendered":"Festivalul Banat, la Eibenthal, \u00een perioada 19 &#8211; 23 august"},"content":{"rendered":"<p>[analyse_image type=&#8221;featured&#8221; src=&#8221;https:\/\/renasterea.ro\/ro\/wp-content\/uploads\/2026\/08\/eibenthal.jpghttps:\/\/renasterea.ro\/ro\/wp-content\/uploads\/2026\/08\/eibenthal.jpg&#8221;]<\/p>\n<div class=\"entry-content\"><img loading=\"lazy\" decoding=\"async\" width=\"690\" height=\"460\" src=\"https:\/\/renasterea.ro\/ro\/wp-content\/uploads\/2026\/08\/eibenthal-690x460.jpg\" class=\"attachment-medium size-medium wp-post-image\" alt=\"Festivalul Banat, la Eibenthal, \u00een perioada 19 - 23 august\" title=\"Festivalul Banat, la Eibenthal, \u00een perioada 19 - 23 august 1\"><\/p>\n<h4>\u00cen perioada 19\u201323 august, Festival Banat \u00ee\u0219i va deschide por\u021bile \u00een regiunea Banatului rom\u00e2nesc. Cea de-a 15-a edi\u021bie se va desf\u0103\u0219ura pe mai multe scene din Eibenthal, satul cehesc din Clisura Dun\u0103rii, \u0219i va reuni 24 de forma\u021bii din scena muzical\u0103 independent\u0103 ceh\u0103, dar \u0219i arti\u0219ti de hip-hop, rap, rock \u0219i folk.<\/h4>\n<p><strong>Concerte de muzic<\/strong><strong>\u0103 ceh\u0103, ateliere, drume\u021bii \u0219i activit\u0103\u021bi pentru toate genera\u021biile<\/strong><\/p>\n<p>Cei peste 2000 de participan\u021bii se vor putea bucura \u0219i de un program bogat de activit\u0103\u021bi conexe, care include drume\u021bii organizate \u00eempreun\u0103 cu Clubul Ceh al Turi\u0219tilor, conferin\u021be, ateliere, spectacole de teatru pentru copii \u0219i numeroase activit\u0103\u021bi creative.<\/p>\n<p>Printre capetele de afi\u0219 ale edi\u021biei din acest an se num\u0103r\u0103 <strong>Lenka Dusilov\u00e1<\/strong>, rapperul <strong>Rest<\/strong> \u0219i trupele <strong>Midi Lidi<\/strong> \u0219i <strong>Mutanti hledaj v\u00fdchodisko<\/strong>. Pe scenele festivalului vor urca \u0219i arti\u0219ti deja consacra\u021bi pentru publicul din Banat, precum <strong>Circus Problem, 12, Cimb\u00e1lov\u00e1 muzika Pentla, David Pomaha\u010d, Timudej, Lucie Redlov\u00e1<\/strong> \u0219i <strong>B\u00e1ra Zmekov\u00e1<\/strong>. Dup\u0103 o pauz\u0103 de peste 18 ani, grupul de hip-hop <strong>Bow Wave<\/strong> va reveni pe scen\u0103 \u0219i \u00ee\u0219i va sus\u021bine concertul de revenire chiar la Festivalul Ban\u00e1t.<\/p>\n<h3><strong>Ban\u00e1t Express, cel mai lung tren din Europa Central\u0103 ajunge plin de cehi la Or\u0219ova<\/strong><\/h3>\n<p>\u0218i \u00een acest an, spre Rom\u00e2nia a pornit Ban\u00e1t Express, considerat cel mai lung tren din Europa Central\u0103. Garnitura c\u0103l\u0103tore\u0219te de la Praga p\u00e2n\u0103 la Or\u0219ova, fiind tractat\u0103 de dou\u0103 locomotive \u0219i alc\u0103tuit\u0103 din 16 vagoane, printre care se num\u0103r\u0103 vagoane de dormit, un vagon-restaurant \u0219i un adev\u0103rat spa\u021biu dedicat petrecerilor, cu baruri improvizate \u0219i momente muzicale spontane. O parte dintre participan\u021bi vor ajunge tot azi \u00een Banat \u0219i prin intermediul noii conexiuni aeriene c\u0103tre Timi\u0219oara.<\/p>\n<h3><strong>Festivalul ajunge \u0219i \u00een celelalte sate cehe\u0219ti din Clisura Dun\u0103rii<\/strong><\/h3>\n<p>Festivalul nu se limiteaz\u0103 la Eibenthal. O parte dintre evenimente se desf\u0103\u0219oar\u0103 \u0219i \u00een satele din apropiere. De exemplu, \u00een localitatea B\u00edgr va avea loc tradi\u021bionala B\u00edgr Night. Pe l\u00e2ng\u0103 concerte, programul include excursii \u00een natur\u0103, ateliere, spectacole de teatru \u0219i activit\u0103\u021bi dedicate copiilor.<\/p>\n<h3><strong>Sprijin pentru comunitatea ceh\u0103 din Banat<\/strong><strong>s\u0103 nu se depopuleze<\/strong><\/h3>\n<p>\u201eFestivalul reune\u0219te toate genera\u021biile, iar \u00een ultimii ani l-am deschis tot mai mult c\u0103tre familiile cu copii. Aceasta este \u0219i ideea principal\u0103 a acestui proiect pe care \u00eel organiz\u0103m deja de cincisprezece ani. Ne dorim s\u0103 sprijinim comunitatea ceh\u0103 local\u0103, astfel \u00eenc\u00e2t satele din aceast\u0103 zon\u0103 s\u0103 nu se depopuleze. Vrem s\u0103 le ar\u0103t\u0103m oamenilor c\u0103, de\u0219i tr\u0103iesc la o mie de kilometri de Republica Ceh\u0103, nu sunt singuri \u0219i c\u0103 vrem s\u0103 \u00eei ajut\u0103m s\u0103 \u00ee\u0219i p\u0103streze tradi\u021biile \u0219i istoria. \u00cencerc\u0103m s\u0103 reconstruim treptat via\u021ba comunitar\u0103, serviciile locale, educa\u021bia copiilor \u0219i oportunit\u0103\u021bile economice. Anul viitor, satele cehe\u0219ti din Banat vor s\u0103rb\u0103tori impresionanta aniversare a 200 de ani de la \u00eenfiin\u021bare\u201d, a declarat \u0160t\u011bp\u00e1n Slan\u00fd, fondatorul \u0219i directorul festivalului.<\/p>\n<h3><strong>Comunitatea ceh\u0103 din Banat se preg\u0103te\u0219te pentru aniversarea a 200 de ani de la \u00eentemeierea satelor cehe\u0219ti<\/strong><\/h3>\n<p>\u201ePentru mine, acest festival este ceva foarte personal. Sunt un fiu al satului, m-am n\u0103scut la Eibenthal \u0219i am v\u0103zut cum comunitatea noastr\u0103 s-a schimbat dup\u0103 \u00eenchiderea minelor. Mul\u021bi oameni au plecat \u00een Cehia, iar la un moment dat p\u0103rea c\u0103 acest sat nu mai are niciun viitor. Acum 15 ani, \u00eempreun\u0103 cu \u0160t\u011bp\u00e1n Slan\u00fd \u0219i Honza Duben, am \u00eenceput s\u0103 vis\u0103m c\u0103 putem schimba acest lucru. Ast\u0103zi, c\u00e2nd v\u0103d peste 1.100 de cehi cobor\u00e2nd din Ban\u00e1t Express \u00een gara din Or\u0219ova \u0219i umpl\u00e2nd uli\u021bele satului, simt c\u0103 ne tr\u0103im visul. Cel mai mult m\u0103 bucur c\u0103, dincolo de muzic\u0103, cei care vin din Cehia \u00ee\u0219i caut\u0103 r\u0103d\u0103cinile, descoper\u0103 pove\u0219tile familiilor care au plecat din Boemia \u0219i s-au stabilit \u00een Banat \u00eentre 1823 \u0219i 1827, stau de vorb\u0103 cu localnicii \u0219i descoper\u0103 o limb\u0103 ceh\u0103 pe care mul\u021bi o consider\u0103 arhaic\u0103, dar pe care noi am p\u0103strat-o vie aici, de aproape dou\u0103 secole\u201d, declar\u0103 pentru pres\u0103 Tiberiu Posp\u00ed\u0161il, unul dintre organizatorii Festivalului Ban\u00e1t \u0219i viceprimarul comunei Dubova.<\/p>\n<p>\u201eParticipan\u021bii nu mai sunt simpli turi\u0219ti. Vin an de an la Eibenthal. Pe durata Festival Banat, ei marcheaz\u0103 trasee al\u0103turi de Clubul Ceh al Turi\u0219tilor, particip\u0103 la ac\u021biuni de voluntariat, ajut\u0103 la \u00eendep\u0103rtarea resturilor din Pe\u0219tera Ponicova, descoper\u0103 traseele din jurul satului, admir\u0103 Cazanele Mari, m\u0103n\u00e2nc\u0103 \u00een gospod\u0103riile localnicilor \u0219i devin parte din comunitatea noastr\u0103.<\/p>\n<p>Poate c\u0103 cea mai mare satisfac\u021bie este faptul c\u0103 Eibenthal este din nou un sat care tr\u0103ie\u0219te. Ast\u0103zi, vocile copiilor se aud din nou prin sat. \u00cen 2024, Eibenthal a \u00eenregistrat 25 de copii, un record pentru comunit\u0103\u021bile cehe din Banat \u0219i un semn c\u0103 satul \u00ee\u0219i rec\u00e2\u0219tig\u0103 viitorul. Avem din nou familii care se \u00eentorc acas\u0103, iar acest lucru ne d\u0103 speran\u021b\u0103. Acesta este, pentru mine, cel mai important rezultat al festivalului. Anul 2027 va fi unul cu totul special pentru comunitatea noastr\u0103, deoarece vom marca 200 de ani de la \u00eentemeierea satelor cehe\u0219ti din Banat. Preg\u0103tim deja aceast\u0103 aniversare \u0219i ne dorim s\u0103 \u00eei avem al\u0103turi pe to\u021bi cei care se simt lega\u021bi de acest loc \u0219i de istoria comunit\u0103\u021bii noastre\u201d, transmite, cu emo\u021bie, Tiberiu Posp\u00ed\u0161il.<\/p>\n<h3><strong>\u00centregul sat se transform\u0103 \u00eentr-un spa\u021biu gastronomic<\/strong><\/h3>\n<p>Pe durata festivalului, participan\u021bii vor avea la dispozi\u021bie mai multe op\u021biuni culinare:<\/p>\n<p>Restaurantul cehesc Eibenthal, pr\u00e2nzurile comunit\u0103\u021bii cehe, standurile gastronomice ale comunit\u0103\u021bii.<\/p>\n<h3><strong>De la gula\u0219ul cehesc la berea creat\u0103 special pentru Eibenthal<\/strong><\/h3>\n<p>\u00cen inima satului se afl\u0103 restaurantul cehesc Eibenthal, considerat singurul restaurant cu specific cehesc din Rom\u00e2nia. Pe durata festivalului, aici sunt servite mese \u00een sistem bufet, mic dejun, pr\u00e2nz, cin\u0103, iar meniul include preparate tradi\u021bionale, printre care \u0219i renumitul gula\u0219 cehesc. Tot aici, participan\u021bii pot descoperi magazinul de suveniruri al satului, de unde pot achizi\u021biona produse cu brandul Eibenthal, dar \u0219i berea Eibenthal, produs\u0103 \u00een Cehia dup\u0103 o re\u021bet\u0103 creat\u0103 special pentru aceast\u0103 comunitate din Banat.<\/p>\n<h3><strong>La Jen\u00edka, etalon de ospitalitate &amp; <\/strong><strong>vi\u0219inat\u0103<\/strong><\/h3>\n<p><strong>U JEN\u00cdKA <\/strong><strong>este u<\/strong>n loc tradi\u021bional al comunit\u0103\u021bii cehe, amenajat \u00een curtea lui Jen\u00edk \u0219i a lui Anu\u0161ka. Aici cei care vin la Festival Banat vor descoperi o selec\u021bie generoas\u0103 de supe \u0219i feluri principale, pe care le vor putea \u00eenso\u021bi cu un pahar de vi\u0219inat\u0103, chiar al\u0103turi de Jen\u00edk. Spa\u021biul pentru servirea mesei se afl\u0103 la mic\u0103 distan\u021b\u0103 de Tab\u0103ra trenului, a\u0219a c\u0103 este aproape imposibil s\u0103-l rata\u021bi.<\/p>\n<h3><strong>La Farma Posp\u00ed\u0161il: de la micul dejun la gr\u0103tarul de sear\u0103<\/strong><\/h3>\n<p><strong>LA FARMA POSP\u00cd\u0160IL <\/strong><strong>v<\/strong>a servi pe durata Festival Banat m\u00e2ncare pe tot parcursul zilei: mic dejun, pr\u00e2nz \u0219i cin\u0103. La pr\u00e2nz, participan\u021bii vor putea alege dintre mai multe preparate, inclusiv variante vegetariene. Seara, restaurantul va trece la preparate g\u0103tite la gr\u0103tar \u0219i la fripturi, iar programul se va prelungi p\u00e2n\u0103 t\u00e2rziu \u00een noapte. Situat \u00een apropierea Campingului comunit\u0103\u021bii cehe U Honzy, restaurantul Posp\u00ed\u0161il ofer\u0103 mic dejunuri consistente, supe \u0219i feluri principale. Zona de servire se afl\u0103 la doar c\u00e2teva minute de mers pe jos de Tab\u0103ra trenului.<\/p>\n<h3><strong>Mese \u00een gospod\u0103riile comunit\u0103\u021bii cehe<\/strong><\/h3>\n<p><strong>HAJDA HAJDA. <\/strong>Pe l\u00e2ng\u0103 tradi\u021bionala cl\u0103tit\u0103 de cartofi, Hajda Hajda preg\u0103te\u0219te \u0219i p\u00e2ine pr\u0103jit\u0103 crocant\u0103, acoperit\u0103 cu zakuska tradi\u021bional\u0103, salat\u0103 de vinete sau carne de porc g\u0103tit\u0103 lent, servit\u0103 cu dulcea\u021b\u0103 de ceap\u0103 preparat\u0103 \u00een cas\u0103, sos BBQ \u0219i un strop de ardei iute b\u0103n\u0103\u021bean. La desert, se vor putea bucura de cl\u0103tite proaspete, produse de patiserie \u0219i pr\u0103jituri. Standul este amplasat \u00eentre scena principal\u0103 \u0219i pia\u021beta satului.<\/p>\n<h3><strong>Mic dejun \u00een hambar, o noutate a acestei edi\u021bii<\/strong><\/h3>\n<p>Noutatea acestei edi\u021bii este servirea micului dejun \u0219i \u00een hambar, \u00eentre orele 8:30 \u0219i 11:00, la aproximativ trei minute de mers pe jos de stand, \u00een direc\u021bia Nov\u00e9 Doly.<\/p>\n<p>\u0218i alte gospod\u0103rii ale comunit\u0103\u021bii cehe \u00ee\u0219i vor deschide por\u021bile \u00een timpul festivalului. Standuri culinare sunt r\u0103sp\u00e2ndite \u00een tot satul Eibenthal, \u00cen diferite col\u021buri ale satului, localnicii vor amenaja standuri gastronomice \u00een propriile gospod\u0103rii, unde vor oferi numeroase preparate tradi\u021bionale. Pentru a le descoperi pe toate, participan\u021bii vor trebui s\u0103 exploreze \u00eentregul sat \u0219i s\u0103 guste c\u00e2t mai multe dintre specialit\u0103\u021bile preg\u0103tite de comunitate.<\/p>\n<h3><strong>Eibenthal, un model european de dezvoltare comunitar\u0103<\/strong><strong>construit \u00een Banatul rom\u00e2nesc<\/strong><\/h3>\n<p>\u201eAm aflat despre Festivalul Ban\u00e1t \u00een Republica Ceh\u0103 \u0219i mi s-a p\u0103rut fascinant c\u0103 unul dintre cele mai importante evenimente dedicate culturii cehe are loc nu \u00een Boemia sau \u00een Moravia, ci \u00eentr-un sat din Banatul rom\u00e2nesc. O comunitate cu pu\u021bin peste 200 de locuitori, care reu\u0219e\u0219te s\u0103 primeasc\u0103 \u0219i hr\u0103neasc\u0103 zilnic, pe durata festivalului, peste 2.000 de participan\u021bi, majoritatea cehi din Cehia.<\/p>\n<p>Modelul gastronomic de la Eibenthal este interesant \u0219i pentru c\u0103 dep\u0103\u0219e\u0219te conceptul clasic de restaurant. Satul func\u021bioneaz\u0103, pentru c\u00e2teva zile, ca o re\u021bea de mici buc\u0103t\u0103rii \u0219i standuri de \u201estreet food s\u0103tesc\u201d, iar gospod\u0103riile, cur\u021bile \u0219i spa\u021biile comunitare devin locuri de \u00eent\u00e2lnire \u00een jurul mesei. Eibenthalul se transform\u0103, pentru c\u00e2teva zile, \u00eentr-o mare sufragerie \u00een aer liber.<\/p>\n<p>Fiecare localnic contribuie la aceast\u0103 experien\u021b\u0103 gastronomic\u0103 autentic\u0103, iar din aceast\u0103 perspectiv\u0103, Eibenthal demonstreaz\u0103 c\u0103 patrimoniul gastronomic poate deveni un instrument de dezvoltare local\u0103 \u0219i un exemplu pentru multe dintre Punctele Gastronomice Locale din Rom\u00e2nia. Cel mai emo\u021bionant este s\u0103 vezi, ca rom\u00e2n, c\u0103 un asemenea model se construie\u0219te \u00eentr-un sat cehesc din Banat, \u00een Rom\u00e2nia\u201d, declar\u0103 pentru pres\u0103 Romana Rista, Fata care g\u0103te\u0219te cu flori, \u201eprimul diplomat culinar al Rom\u00e2niei\u201d.<\/p>\n<\/div>\n<p>[analyse_source url=&#8221;https:\/\/renasterea.ro\/festivalul-banat-la-eibenthal-in-perioada-19-23-august\/&#8221;]<\/p>\n","protected":false},"excerpt":{"rendered":"<p>[analyse_image type=&#8221;featured&#8221; src=&#8221;https:\/\/renasterea.ro\/ro\/wp-content\/uploads\/2026\/08\/eibenthal.jpghttps:\/\/renasterea.ro\/ro\/wp-content\/uploads\/2026\/08\/eibenthal.jpg&#8221;] \u00cen perioada 19\u201323 august, Festival Banat \u00ee\u0219i va deschide por\u021bile \u00een regiunea Banatului rom\u00e2nesc. Cea de-a 15-a edi\u021bie se va desf\u0103\u0219ura pe mai multe scene din Eibenthal, satul cehesc din Clisura Dun\u0103rii, \u0219i va reuni 24 de forma\u021bii din scena muzical\u0103 independent\u0103 ceh\u0103, dar \u0219i arti\u0219ti de hip-hop, rap, rock \u0219i folk. [&hellip;]<\/p>\n","protected":false},"author":1,"featured_media":0,"comment_status":"open","ping_status":"","sticky":false,"template":"","format":"standard","meta":{"footnotes":""},"categories":[89],"tags":[226,188],"class_list":["post-2102802","post","type-post","status-publish","format-standard","hentry","category-romania","tag-crawlmanager","tag-renasterea-ro"],"_links":{"self":[{"href":"https:\/\/analyse.optim.biz\/index.php?rest_route=\/wp\/v2\/posts\/2102802","targetHints":{"allow":["GET"]}}],"collection":[{"href":"https:\/\/analyse.optim.biz\/index.php?rest_route=\/wp\/v2\/posts"}],"about":[{"href":"https:\/\/analyse.optim.biz\/index.php?rest_route=\/wp\/v2\/types\/post"}],"author":[{"embeddable":true,"href":"https:\/\/analyse.optim.biz\/index.php?rest_route=\/wp\/v2\/users\/1"}],"replies":[{"embeddable":true,"href":"https:\/\/analyse.optim.biz\/index.php?rest_route=%2Fwp%2Fv2%2Fcomments&post=2102802"}],"version-history":[{"count":0,"href":"https:\/\/analyse.optim.biz\/index.php?rest_route=\/wp\/v2\/posts\/2102802\/revisions"}],"wp:attachment":[{"href":"https:\/\/analyse.optim.biz\/index.php?rest_route=%2Fwp%2Fv2%2Fmedia&parent=2102802"}],"wp:term":[{"taxonomy":"category","embeddable":true,"href":"https:\/\/analyse.optim.biz\/index.php?rest_route=%2Fwp%2Fv2%2Fcategories&post=2102802"},{"taxonomy":"post_tag","embeddable":true,"href":"https:\/\/analyse.optim.biz\/index.php?rest_route=%2Fwp%2Fv2%2Ftags&post=2102802"}],"curies":[{"name":"wp","href":"https:\/\/api.w.org\/{rel}","templated":true}]}}