{"id":2102800,"date":"2026-08-20T10:11:19","date_gmt":"2026-08-20T07:11:19","guid":{"rendered":"https:\/\/analyse.optim.biz\/?p=2102800"},"modified":"2026-08-20T10:11:19","modified_gmt":"2026-08-20T07:11:19","slug":"mesaj-important-al-pompierilor-timiseni-pentru-populatia-judetului","status":"publish","type":"post","link":"https:\/\/analyse.optim.biz\/?p=2102800","title":{"rendered":"Mesaj important al pompierilor timi\u015feni pentru popula\u0163ia jude\u0163ului"},"content":{"rendered":"<p>[analyse_image type=&#8221;featured&#8221; src=&#8221;https:\/\/renasterea.ro\/ro\/wp-content\/uploads\/2026\/08\/isu-timis.jpghttps:\/\/renasterea.ro\/ro\/wp-content\/uploads\/2026\/08\/isu-timis.jpg&#8221;]<\/p>\n<div class=\"entry-content\"><img loading=\"lazy\" decoding=\"async\" width=\"700\" height=\"393\" src=\"https:\/\/renasterea.ro\/ro\/wp-content\/uploads\/2026\/08\/isu-timis.jpg\" class=\"attachment-medium size-medium wp-post-image\" alt=\"Mesaj important al pompierilor timi\u015feni pentru popula\u0163ia jude\u0163ului\" title=\"Mesaj important al pompierilor timi\u015feni pentru popula\u0163ia jude\u0163ului 1\"><\/p>\n<h4>Av\u00e2nd \u00een vedere sesiz\u0103rile privind prezen\u021ba unor degaj\u0103ri de fum \u00een municipiul Timi\u0219oara \u0219i \u00een alte localit\u0103\u021bi din jude\u021bul Timi\u0219, ISU Timi\u0219 a dispus efectuarea unor misiuni de recunoa\u0219tere \u00een teren, \u00een vederea verific\u0103rii \u0219i identific\u0103rii eventualelor focare de incendiu.<\/h4>\n<p>\u00cen urma verific\u0103rilor efectuate, \ud835\udc27\ud835\udc2e \ud835\udc1a\ud835\udc2e \ud835\udc1f\ud835\udc28\ud835\udc2c\ud835\udc2d \ud835\udc22\ud835\udc1d\ud835\udc1e\ud835\udc27\ud835\udc2d\ud835\udc22\ud835\udc1f\ud835\udc22\ud835\udc1c\ud835\udc1a\ud835\udc2d\ud835\udc1e \ud835\udc22\ud835\udc27\ud835\udc1c\ud835\udc1e\ud835\udc27\ud835\udc1d\ud835\udc22\ud835\udc22 \ud835\udc22\u0302\ud835\udc27 \ud835\udc33\ud835\udc28\ud835\udc27\ud835\udc1e\ud835\udc25\ud835\udc1e \ud835\udc2f\ud835\udc22\ud835\udc33\ud835\udc1a\ud835\udc2d\ud835\udc1e.<\/p>\n<p>Din informa\u021biile disponibile, degaj\u0103rile de fum observate \u00een jude\u021bul Timi\u0219 ar putea proveni, cel mai probabil, de la incendiile de vegeta\u021bie uscat\u0103 de amploare din zona Dubovac, Serbia. \u00cen func\u021bie de condi\u021biile meteorologice \u0219i de direc\u021bia v\u00e2ntului, fumul poate fi resim\u021bit \u0219i \u00een jude\u021bul nostru.<\/p>\n<p><strong>Pompierii recomand\u0103 cet\u0103\u0163enilor:<\/strong><br \/>\n\u2013 s\u0103 \u00ee\u0219i p\u0103streze calmul \u0219i s\u0103 nu se alarmeze \u00een cazul observ\u0103rii unor degaj\u0103ri de fum f\u0103r\u0103 surs\u0103;<br \/>\n\u2013 s\u0103 evite, pe c\u00e2t posibil, expunerea prelungit\u0103 \u00een aer liber \u00een zonele \u00een care fumul este mai dens;<br \/>\n\u2013 s\u0103 respecte recomand\u0103rile autorit\u0103\u021bilor \u0219i s\u0103 urm\u0103reasc\u0103 inform\u0103rile oficiale;<br \/>\n\u2013 \u00een cazul \u00een care observ\u0103 un focar de incendiu sau o situa\u021bie care poate pune \u00een pericol persoane ori bunuri, s\u0103 apeleze num\u0103rul unic de urgen\u021b\u0103 112.<\/p>\n<h2>CITE\u015eTE \u015eI: <span><a href=\"https:\/\/renasterea.ro\/peste-30-de-hectare-afectate-de-un-incendiu-in-zona-baile-herculane-domogled-video\/\">Peste 30 de hectare, afectate de un incendiu \u00een zona B\u0103ile Herculane \u2013 Domogled (video)<\/a><\/span><\/h2>\n<p>ISU Timi\u0219 monitorizeaz\u0103 situa\u021bia \u0219i va interveni, cu promptitudine, \u00een cazul \u00een care vor fi identificate situa\u021bii care necesit\u0103 interven\u021bia echipajelor de urgen\u021b\u0103.<\/p>\n<\/div>\n<p>[analyse_source url=&#8221;https:\/\/renasterea.ro\/mesaj-important-al-pompierilor-timiseni-pentru-populatia-judetului\/&#8221;]<\/p>\n","protected":false},"excerpt":{"rendered":"<p>[analyse_image type=&#8221;featured&#8221; src=&#8221;https:\/\/renasterea.ro\/ro\/wp-content\/uploads\/2026\/08\/isu-timis.jpghttps:\/\/renasterea.ro\/ro\/wp-content\/uploads\/2026\/08\/isu-timis.jpg&#8221;] Av\u00e2nd \u00een vedere sesiz\u0103rile privind prezen\u021ba unor degaj\u0103ri de fum \u00een municipiul Timi\u0219oara \u0219i \u00een alte localit\u0103\u021bi din jude\u021bul Timi\u0219, ISU Timi\u0219 a dispus efectuarea unor misiuni de recunoa\u0219tere \u00een teren, \u00een vederea verific\u0103rii \u0219i identific\u0103rii eventualelor focare de incendiu. \u00cen urma verific\u0103rilor efectuate, \ud835\udc27\ud835\udc2e \ud835\udc1a\ud835\udc2e \ud835\udc1f\ud835\udc28\ud835\udc2c\ud835\udc2d \ud835\udc22\ud835\udc1d\ud835\udc1e\ud835\udc27\ud835\udc2d\ud835\udc22\ud835\udc1f\ud835\udc22\ud835\udc1c\ud835\udc1a\ud835\udc2d\ud835\udc1e \ud835\udc22\ud835\udc27\ud835\udc1c\ud835\udc1e\ud835\udc27\ud835\udc1d\ud835\udc22\ud835\udc22 \ud835\udc22\u0302\ud835\udc27 \ud835\udc33\ud835\udc28\ud835\udc27\ud835\udc1e\ud835\udc25\ud835\udc1e \ud835\udc2f\ud835\udc22\ud835\udc33\ud835\udc1a\ud835\udc2d\ud835\udc1e. [&hellip;]<\/p>\n","protected":false},"author":1,"featured_media":0,"comment_status":"open","ping_status":"","sticky":false,"template":"","format":"standard","meta":{"footnotes":""},"categories":[89],"tags":[226,188],"class_list":["post-2102800","post","type-post","status-publish","format-standard","hentry","category-romania","tag-crawlmanager","tag-renasterea-ro"],"_links":{"self":[{"href":"https:\/\/analyse.optim.biz\/index.php?rest_route=\/wp\/v2\/posts\/2102800","targetHints":{"allow":["GET"]}}],"collection":[{"href":"https:\/\/analyse.optim.biz\/index.php?rest_route=\/wp\/v2\/posts"}],"about":[{"href":"https:\/\/analyse.optim.biz\/index.php?rest_route=\/wp\/v2\/types\/post"}],"author":[{"embeddable":true,"href":"https:\/\/analyse.optim.biz\/index.php?rest_route=\/wp\/v2\/users\/1"}],"replies":[{"embeddable":true,"href":"https:\/\/analyse.optim.biz\/index.php?rest_route=%2Fwp%2Fv2%2Fcomments&post=2102800"}],"version-history":[{"count":0,"href":"https:\/\/analyse.optim.biz\/index.php?rest_route=\/wp\/v2\/posts\/2102800\/revisions"}],"wp:attachment":[{"href":"https:\/\/analyse.optim.biz\/index.php?rest_route=%2Fwp%2Fv2%2Fmedia&parent=2102800"}],"wp:term":[{"taxonomy":"category","embeddable":true,"href":"https:\/\/analyse.optim.biz\/index.php?rest_route=%2Fwp%2Fv2%2Fcategories&post=2102800"},{"taxonomy":"post_tag","embeddable":true,"href":"https:\/\/analyse.optim.biz\/index.php?rest_route=%2Fwp%2Fv2%2Ftags&post=2102800"}],"curies":[{"name":"wp","href":"https:\/\/api.w.org\/{rel}","templated":true}]}}