{"id":2102790,"date":"2026-08-20T14:54:06","date_gmt":"2026-08-20T11:54:06","guid":{"rendered":"https:\/\/analyse.optim.biz\/?p=2102790"},"modified":"2026-08-20T14:54:06","modified_gmt":"2026-08-20T11:54:06","slug":"arhiepiscopia-sucevei-si-radautilor-alaturi-de-comunitatea-armeana-la-hramul-manastirii-hagigadar","status":"publish","type":"post","link":"https:\/\/analyse.optim.biz\/?p=2102790","title":{"rendered":"Arhiepiscopia Sucevei \u0219i R\u0103d\u0103u\u021bilor al\u0103turi de comunitatea armean\u0103 la hramul M\u0103n\u0103stirii Hagigadar"},"content":{"rendered":"<p>[analyse_image type=&#8221;featured&#8221; src=&#8221;https:\/\/img.svnews.ro\/foto\/2026\/08\/20\/554705\/49a08a8d04613701bf1783977.jpg&#8221;]<\/p>\n<div class=\"entry\"><img loading=\"lazy\" decoding=\"async\" width=\"650\" height=\"325\" src=\"https:\/\/img.svnews.ro\/foto\/2026\/08\/20\/554705\/49a08a8d04613701bf178397706500325.jpg\" alt><\/p>\n<div class=\"entry_content\">\n<p><strong>Leg\u0103turi fr\u0103\u021be\u0219ti la S\u0103rb\u0103toarea Hramului M\u0103n\u0103stirii Hagigadar<\/strong><\/p>\n<p>\u00cen duminica a XII-a dup\u0103 Rusalii, 16 august 2026, comunitatea armean\u0103 din Bucovina a \u00eembr\u0103cat haine de s\u0103rb\u0103toare cu prilejul hramului M\u0103n\u0103stirii Hagigadar (\u201eM\u0103n\u0103stirea Dorin\u021belor\u201d), a\u0219ez\u0103m\u00e2nt monahal de o deosebit\u0103 importan\u021b\u0103 istoric\u0103 \u0219i spiritual\u0103 situat \u00een apropierea Sucevei. S\u0103rb\u0103toarea Adormirii Maicii Domnului a adunat sute de credincio\u0219i armeni \u0219i rom\u00e2ni veni\u021bi din toate col\u021burile \u021b\u0103rii, al\u0103turi de o delega\u021bie a Uniunii Armenilor din Rom\u00e2nia \u0219i de reprezentan\u021bi ai vie\u021bii publice \u0219i parlamentare, printre care \u0219i liderul Grupului Parlamentar al Minorit\u0103\u021bilor Na\u021bionale. La eveniment au participat: domnul Varujan Vozganian, pre\u0219edintele Uniunii Armenilor din Rom\u00e2nia, domnul deputat Varujan Pambuccian, liderul grupului parlamentar al minorit\u0103\u021bilor na\u021bionale, domnul Ioan Cu\u0219nir, viceprimar al Municipiului Suceava \u0219i domnul Eduard Dziminschi, primarul Comunei Moara.<\/p>\n<p>Cu binecuv\u00e2ntarea \u0219i din \u00eencredin\u021barea \u00cenaltpreasfin\u021bitului P\u0103rinte Calinic, Arhiepiscop al Sucevei \u0219i R\u0103d\u0103u\u021bilor, Arhiepiscopia noastr\u0103 a fost reprezentat\u0103 la acest eveniment de seam\u0103 de c\u0103tre p\u0103rintele consilier eparhial Mihai Cobziuc.<\/p>\n<p><strong>Mesajul IPS P\u0103rinte Arhiepiscop Calinic transmis Preasfin\u021bitului P\u0103rinte Datev Hagopian, la \u00eemplinirea a 60 de ani de via\u021b\u0103<\/strong><\/p>\n<p>La finalul Sfintei Liturghii, p\u0103rintele delegat a dat citire mesajului festiv de felicitare transmis de c\u0103tre \u00cenaltpreasfin\u021bitul P\u0103rinte Arhiepiscop Calinic Preasfin\u021bitului Datev Hagopian, \u00cent\u00e2ist\u0103t\u0103torul Eparhiei Armene din Rom\u00e2nia, Exarh Eparhial de Bulgaria \u0219i Delegat Patriarhal pentru \u021a\u0103rile Baltice, cu ocazia \u00eendoitei sale anivers\u0103ri: \u00eemplinirea v\u00e2rstei de 60 de ani de via\u021b\u0103 \u0219i a 15 ani de slujire arhiereasc\u0103.<\/p>\n<p>\u00cen cadrul mesajului, \u00cenaltpreasfin\u021bitul P\u0103rinte Calinic a subliniat bunele rela\u021bii de fr\u0103\u021bietate \u0219i respect reciproc dintre cele dou\u0103 comunit\u0103\u021bi confesionale din Bucovina, apreciind totodat\u0103 bogata activitate pastoral\u0103, misionar\u0103 \u0219i ecumenic\u0103 pe care Preasfin\u021bitul Datev o desf\u0103\u0219oar\u0103 \u00een fruntea Eparhiei Armene.<\/p>\n<p>Ca semn al pre\u021buirii fr\u0103\u021be\u0219ti \u0219i al continuit\u0103\u021bii spirituale pe aceste meleaguri, din partea \u00cenaltpreasfin\u021bitului P\u0103rinte Arhiepiscop Calinic i-a fost oferit Ierarhului armean volumul album \u201eVe\u0219nicii din \u021aara Mu\u0219atinilor\u201d, ap\u0103rut la Editura Crimca a Arhiepiscopiei Sucevei \u0219i R\u0103d\u0103u\u021bilor \u2013 o lucrare de referin\u021b\u0103 ce pune \u00een lumin\u0103 patrimoniul material \u0219i spiritual de excep\u021bie al Bucovinei. Totodat\u0103 p\u0103rintele Mihai Cobziuc a subliniat importan\u021ba p\u0103str\u0103rii tradi\u021biilor spirituale \u0219i a colabor\u0103rii armonioase \u00eentre etniile \u0219i confesiunile din regiune.<\/p>\n<p>Preasfin\u021bitul Datev Hagopian a adus calde mul\u021bumiri \u00cenaltpreasfin\u021bitului P\u0103rinte Calinic pentru aten\u021bia, dragostea \u0219i mesajul de felicitare transmis, eviden\u021biind leg\u0103tura istoric\u0103 profund\u0103 dintre comunitatea armean\u0103 \u0219i Biserica Ortodox\u0103 din Bucovina, un spa\u021biu al convie\u021buirii pa\u0219nice \u0219i al m\u0103rturisirii cre\u0219tine comune.<\/p>\n<p>Prezen\u021ba reprezentantului eparhiei la aceast\u0103 mare s\u0103rb\u0103toare reconfirm\u0103 angajamentul arhiepiscopiei Sucevei \u0219i R\u0103d\u0103u\u021bilor de a sprijni via\u021ba cultic\u0103 \u0219i cultural\u0103 a minorit\u0103\u021bilor etnice din Bucovina, promov\u00e2nd pacea, unitatea \u0219i dragostea cre\u0219tin\u0103.<\/p>\n<p>S\u0103rb\u0103toarea de la Hagigadar s-a \u00eencheiat cu tradi\u021bionala binecuv\u00e2ntare a strugurilor (<em>Vasdavar I Khaghoghorhnrk<\/em>) \u0219i a bucatelor \u00eentr-o atmosfer\u0103 de aleas\u0103 bucurie, de momente de p\u0103rt\u0103\u0219ie care au adus \u00eempreun\u0103 pelerini armeni \u0219i rom\u00e2ni din \u00eentreaga \u021bar\u0103, confirm\u00e2nd \u00eenc\u0103 o dat\u0103 c\u0103\u00a0 valorile cre\u0219tine \u0219i credin\u021ba r\u0103m\u00e2n pun\u021bi statornice de comuniune \u0219i colaborare \u00eentre popoare.<\/p>\n<p><img loading=\"lazy\" decoding=\"async\" class=\"alignnone size-medium wp-image-554706\" src=\"https:\/\/img.svnews.ro\/foto\/2026\/08\/20\/554705\/fc9bfd8c7d669750badce902806500867.jpg\" alt width=\"650\" height=\"867\"><\/p>\n<p><img loading=\"lazy\" decoding=\"async\" class=\"alignnone size-medium wp-image-554707\" src=\"https:\/\/img.svnews.ro\/foto\/2026\/08\/20\/554705\/9ed43b95dcecbd478c18b45e006500867.jpg\" alt width=\"650\" height=\"867\"><\/p>\n<p><img decoding=\"async\" loading=\"lazy\" class=\"alignnone size-medium wp-image-554708\" src=\"https:\/\/img.svnews.ro\/foto\/2026\/08\/20\/554705\/2d744029dd9ce8a8df273b81c06500488.jpg\" alt width=\"650\" height=\"488\"><\/p>\n<\/div>\n<div>\n<div>VN:F [1.9.22_1171]<\/div>\n<div class=\"ratingblock \">\n<div class=\"ratingstars \">\n<div id=\"article_loader_554705\" class=\"ratingloaderarticle\">\n<div class=\"loader arrows \">\n<div class=\"loaderinner\">se actualizeaz\u0103&#8230;<\/div>\n<\/div>\n<\/div>\n<\/div>\n<div class=\"ratingtext \">\n<div id=\"gdr_text_a554705\">Rating: 0.0\/<strong>10<\/strong> (0 votes cast)<\/div>\n<\/div>\n<\/div>\n<\/div>\n<\/div>\n<div class=\"entry_content\">\n<p><strong>Leg\u0103turi fr\u0103\u021be\u0219ti la S\u0103rb\u0103toarea Hramului M\u0103n\u0103stirii Hagigadar<\/strong><\/p>\n<p>\u00cen duminica a XII-a dup\u0103 Rusalii, 16 august 2026, comunitatea armean\u0103 din Bucovina a \u00eembr\u0103cat haine de s\u0103rb\u0103toare cu prilejul hramului M\u0103n\u0103stirii Hagigadar (\u201eM\u0103n\u0103stirea Dorin\u021belor\u201d), a\u0219ez\u0103m\u00e2nt monahal de o deosebit\u0103 importan\u021b\u0103 istoric\u0103 \u0219i spiritual\u0103 situat \u00een apropierea Sucevei. S\u0103rb\u0103toarea Adormirii Maicii Domnului a adunat sute de credincio\u0219i armeni \u0219i rom\u00e2ni veni\u021bi din toate col\u021burile \u021b\u0103rii, al\u0103turi de o delega\u021bie a Uniunii Armenilor din Rom\u00e2nia \u0219i de reprezentan\u021bi ai vie\u021bii publice \u0219i parlamentare, printre care \u0219i liderul Grupului Parlamentar al Minorit\u0103\u021bilor Na\u021bionale. La eveniment au participat: domnul Varujan Vozganian, pre\u0219edintele Uniunii Armenilor din Rom\u00e2nia, domnul deputat Varujan Pambuccian, liderul grupului parlamentar al minorit\u0103\u021bilor na\u021bionale, domnul Ioan Cu\u0219nir, viceprimar al Municipiului Suceava \u0219i domnul Eduard Dziminschi, primarul Comunei Moara.<\/p>\n<p>Cu binecuv\u00e2ntarea \u0219i din \u00eencredin\u021barea \u00cenaltpreasfin\u021bitului P\u0103rinte Calinic, Arhiepiscop al Sucevei \u0219i R\u0103d\u0103u\u021bilor, Arhiepiscopia noastr\u0103 a fost reprezentat\u0103 la acest eveniment de seam\u0103 de c\u0103tre p\u0103rintele consilier eparhial Mihai Cobziuc.<\/p>\n<p><strong>Mesajul IPS P\u0103rinte Arhiepiscop Calinic transmis Preasfin\u021bitului P\u0103rinte Datev Hagopian, la \u00eemplinirea a 60 de ani de via\u021b\u0103<\/strong><\/p>\n<p>La finalul Sfintei Liturghii, p\u0103rintele delegat a dat citire mesajului festiv de felicitare transmis de c\u0103tre \u00cenaltpreasfin\u021bitul P\u0103rinte Arhiepiscop Calinic Preasfin\u021bitului Datev Hagopian, \u00cent\u00e2ist\u0103t\u0103torul Eparhiei Armene din Rom\u00e2nia, Exarh Eparhial de Bulgaria \u0219i Delegat Patriarhal pentru \u021a\u0103rile Baltice, cu ocazia \u00eendoitei sale anivers\u0103ri: \u00eemplinirea v\u00e2rstei de 60 de ani de via\u021b\u0103 \u0219i a 15 ani de slujire arhiereasc\u0103.<\/p>\n<p>\u00cen cadrul mesajului, \u00cenaltpreasfin\u021bitul P\u0103rinte Calinic a subliniat bunele rela\u021bii de fr\u0103\u021bietate \u0219i respect reciproc dintre cele dou\u0103 comunit\u0103\u021bi confesionale din Bucovina, apreciind totodat\u0103 bogata activitate pastoral\u0103, misionar\u0103 \u0219i ecumenic\u0103 pe care Preasfin\u021bitul Datev o desf\u0103\u0219oar\u0103 \u00een fruntea Eparhiei Armene.<\/p>\n<p>Ca semn al pre\u021buirii fr\u0103\u021be\u0219ti \u0219i al continuit\u0103\u021bii spirituale pe aceste meleaguri, din partea \u00cenaltpreasfin\u021bitului P\u0103rinte Arhiepiscop Calinic i-a fost oferit Ierarhului armean volumul album \u201eVe\u0219nicii din \u021aara Mu\u0219atinilor\u201d, ap\u0103rut la Editura Crimca a Arhiepiscopiei Sucevei \u0219i R\u0103d\u0103u\u021bilor \u2013 o lucrare de referin\u021b\u0103 ce pune \u00een lumin\u0103 patrimoniul material \u0219i spiritual de excep\u021bie al Bucovinei. Totodat\u0103 p\u0103rintele Mihai Cobziuc a subliniat importan\u021ba p\u0103str\u0103rii tradi\u021biilor spirituale \u0219i a colabor\u0103rii armonioase \u00eentre etniile \u0219i confesiunile din regiune.<\/p>\n<p>Preasfin\u021bitul Datev Hagopian a adus calde mul\u021bumiri \u00cenaltpreasfin\u021bitului P\u0103rinte Calinic pentru aten\u021bia, dragostea \u0219i mesajul de felicitare transmis, eviden\u021biind leg\u0103tura istoric\u0103 profund\u0103 dintre comunitatea armean\u0103 \u0219i Biserica Ortodox\u0103 din Bucovina, un spa\u021biu al convie\u021buirii pa\u0219nice \u0219i al m\u0103rturisirii cre\u0219tine comune.<\/p>\n<p>Prezen\u021ba reprezentantului eparhiei la aceast\u0103 mare s\u0103rb\u0103toare reconfirm\u0103 angajamentul arhiepiscopiei Sucevei \u0219i R\u0103d\u0103u\u021bilor de a sprijni via\u021ba cultic\u0103 \u0219i cultural\u0103 a minorit\u0103\u021bilor etnice din Bucovina, promov\u00e2nd pacea, unitatea \u0219i dragostea cre\u0219tin\u0103.<\/p>\n<p>S\u0103rb\u0103toarea de la Hagigadar s-a \u00eencheiat cu tradi\u021bionala binecuv\u00e2ntare a strugurilor (<em>Vasdavar I Khaghoghorhnrk<\/em>) \u0219i a bucatelor \u00eentr-o atmosfer\u0103 de aleas\u0103 bucurie, de momente de p\u0103rt\u0103\u0219ie care au adus \u00eempreun\u0103 pelerini armeni \u0219i rom\u00e2ni din \u00eentreaga \u021bar\u0103, confirm\u00e2nd \u00eenc\u0103 o dat\u0103 c\u0103\u00a0 valorile cre\u0219tine \u0219i credin\u021ba r\u0103m\u00e2n pun\u021bi statornice de comuniune \u0219i colaborare \u00eentre popoare.<\/p>\n<p><img loading=\"lazy\" decoding=\"async\" class=\"alignnone size-medium wp-image-554706\" src=\"https:\/\/img.svnews.ro\/foto\/2026\/08\/20\/554705\/fc9bfd8c7d669750badce902806500867.jpg\" alt width=\"650\" height=\"867\"><\/p>\n<p><img loading=\"lazy\" decoding=\"async\" class=\"alignnone size-medium wp-image-554707\" src=\"https:\/\/img.svnews.ro\/foto\/2026\/08\/20\/554705\/9ed43b95dcecbd478c18b45e006500867.jpg\" alt width=\"650\" height=\"867\"><\/p>\n<p><img decoding=\"async\" loading=\"lazy\" class=\"alignnone size-medium wp-image-554708\" src=\"https:\/\/img.svnews.ro\/foto\/2026\/08\/20\/554705\/2d744029dd9ce8a8df273b81c06500488.jpg\" alt width=\"650\" height=\"488\"><\/p>\n<\/div>\n<p>[analyse_source url=&#8221;https:\/\/www.svnews.ro\/arhiepiscopia-sucevei-si-radautilor-alaturi-de-comunitatea-armeana-la-hramul-manastirii-hagigadar\/554705\/&#8221;]<\/p>\n","protected":false},"excerpt":{"rendered":"<p>[analyse_image type=&#8221;featured&#8221; src=&#8221;https:\/\/img.svnews.ro\/foto\/2026\/08\/20\/554705\/49a08a8d04613701bf1783977.jpg&#8221;] Leg\u0103turi fr\u0103\u021be\u0219ti la S\u0103rb\u0103toarea Hramului M\u0103n\u0103stirii Hagigadar \u00cen duminica a XII-a dup\u0103 Rusalii, 16 august 2026, comunitatea armean\u0103 din Bucovina a \u00eembr\u0103cat haine de s\u0103rb\u0103toare cu prilejul hramului M\u0103n\u0103stirii Hagigadar (\u201eM\u0103n\u0103stirea Dorin\u021belor\u201d), a\u0219ez\u0103m\u00e2nt monahal de o deosebit\u0103 importan\u021b\u0103 istoric\u0103 \u0219i spiritual\u0103 situat \u00een apropierea Sucevei. S\u0103rb\u0103toarea Adormirii Maicii Domnului a adunat sute [&hellip;]<\/p>\n","protected":false},"author":1,"featured_media":0,"comment_status":"open","ping_status":"","sticky":false,"template":"","format":"standard","meta":{"footnotes":""},"categories":[89],"tags":[226,175],"class_list":["post-2102790","post","type-post","status-publish","format-standard","hentry","category-romania","tag-crawlmanager","tag-svnews-ro"],"_links":{"self":[{"href":"https:\/\/analyse.optim.biz\/index.php?rest_route=\/wp\/v2\/posts\/2102790","targetHints":{"allow":["GET"]}}],"collection":[{"href":"https:\/\/analyse.optim.biz\/index.php?rest_route=\/wp\/v2\/posts"}],"about":[{"href":"https:\/\/analyse.optim.biz\/index.php?rest_route=\/wp\/v2\/types\/post"}],"author":[{"embeddable":true,"href":"https:\/\/analyse.optim.biz\/index.php?rest_route=\/wp\/v2\/users\/1"}],"replies":[{"embeddable":true,"href":"https:\/\/analyse.optim.biz\/index.php?rest_route=%2Fwp%2Fv2%2Fcomments&post=2102790"}],"version-history":[{"count":0,"href":"https:\/\/analyse.optim.biz\/index.php?rest_route=\/wp\/v2\/posts\/2102790\/revisions"}],"wp:attachment":[{"href":"https:\/\/analyse.optim.biz\/index.php?rest_route=%2Fwp%2Fv2%2Fmedia&parent=2102790"}],"wp:term":[{"taxonomy":"category","embeddable":true,"href":"https:\/\/analyse.optim.biz\/index.php?rest_route=%2Fwp%2Fv2%2Fcategories&post=2102790"},{"taxonomy":"post_tag","embeddable":true,"href":"https:\/\/analyse.optim.biz\/index.php?rest_route=%2Fwp%2Fv2%2Ftags&post=2102790"}],"curies":[{"name":"wp","href":"https:\/\/api.w.org\/{rel}","templated":true}]}}