{"id":2102789,"date":"2026-08-04T13:14:00","date_gmt":"2026-08-04T10:14:00","guid":{"rendered":"https:\/\/analyse.optim.biz\/?p=2102789"},"modified":"2026-08-04T13:14:00","modified_gmt":"2026-08-04T10:14:00","slug":"sfarsit-cumplit-pentru-ciobanul-care-si-a-dat-foc-din-cauza-durerilor-insuportabile-la-ostra-barbatul-a-murit-pe-patul-de-spital","status":"publish","type":"post","link":"https:\/\/analyse.optim.biz\/?p=2102789","title":{"rendered":"Sf\u00e2r\u0219it cumplit pentru ciobanul care \u0219i-a dat foc din cauza durerilor insuportabile, la Ostra! B\u0103rbatul a murit pe patul de spital"},"content":{"rendered":"<p>[analyse_image type=&#8221;featured&#8221; src=&#8221;https:\/\/blogger.googleusercontent.com\/img\/b\/R29vZ2xl\/AVvXsEi1l8WYENLgHvyVy5H4S_7DMe9cm1YwYcd9ta5Uf9j6tILIgXCBdwjiYhHlpnZkxnKrbUwJUkqLKj-yTrlLgbIuXLc4o8EuYmUvyU-DtWZWzfh4PHTgLksgcWAlPgRb4T2g2hLshv3c0lhFExmIcCZiWEJ8n0WqUcde88Rc-DeXvjXoST9TWlcBnFB2vBs\/w1600\/stana-cioban-politie.jpg&#8221;]<\/p>\n<div class=\"post-body entry-content\" id=\"post-body\">\n<div class=\"separator\"><a href=\"https:\/\/blogger.googleusercontent.com\/img\/b\/R29vZ2xl\/AVvXsEi1l8WYENLgHvyVy5H4S_7DMe9cm1YwYcd9ta5Uf9j6tILIgXCBdwjiYhHlpnZkxnKrbUwJUkqLKj-yTrlLgbIuXLc4o8EuYmUvyU-DtWZWzfh4PHTgLksgcWAlPgRb4T2g2hLshv3c0lhFExmIcCZiWEJ8n0WqUcde88Rc-DeXvjXoST9TWlcBnFB2vBs\/w1600\/stana-cioban-politie.jpg\"><img decoding=\"async\" alt=\"Sf\u00e2r\u0219it cumplit pentru ciobanul care \u0219i-a dat foc din cauza durerilor insurportabile, la Ostra! B\u0103rbatul a murit pe patul de spital\" border=\"0\" height=\"335\" loading=\"lazy\" src=\"https:\/\/blogger.googleusercontent.com\/img\/b\/R29vZ2xl\/AVvXsEi1l8WYENLgHvyVy5H4S_7DMe9cm1YwYcd9ta5Uf9j6tILIgXCBdwjiYhHlpnZkxnKrbUwJUkqLKj-yTrlLgbIuXLc4o8EuYmUvyU-DtWZWzfh4PHTgLksgcWAlPgRb4T2g2hLshv3c0lhFExmIcCZiWEJ8n0WqUcde88Rc-DeXvjXoST9TWlcBnFB2vBs\/w640-h335-rw\/stana-cioban-politie.jpg\" title=\"Sf\u00e2r\u0219it cumplit pentru ciobanul care \u0219i-a dat foc din cauza durerilor insurportabile, la Ostra! B\u0103rbatul a murit pe patul de spital\" width=\"640\"><\/a><\/div>\n<p><strong>B\u0103rbatul care a recurs la un gest extrem la sf\u00e2r\u0219itul lunii iulie, d\u00e2ndu-\u0219i foc din cauza unor suferin\u021be fizice, a decedat pe patul de spital. Autorit\u0103\u021bile au finalizat primele etape ale anchetei, iar \u00een urma decesului victimei, \u00eencadrarea juridic\u0103 a faptei a fost modificat\u0103 conform procedurilor legale.<\/strong><\/p>\n<p>Incidentul ini\u021bial s-a produs \u00een data de 30 iulie 2026, pe raza localit\u0103\u021bii Ostra. Poli\u021bia ora\u0219ului Frasin a fost alertat\u0103 prin num\u0103rul de urgen\u021b\u0103 112 de c\u0103tre Petru G., care a sesizat c\u0103 o persoan\u0103 s-a autoincendiat. Din cercet\u0103rile efectuate a reie\u0219it c\u0103 victima, Vasile P., locuia la aceea\u0219i adres\u0103 cu apelantul.<\/p>\n<h2>Diminea\u021b\u0103 de co\u0219mar! G\u0103sit complet dezbr\u0103cat, cu trupul carbonizat \u00een propor\u021bie de 90%<\/h2>\n<p>Conform datelor ob\u021binute de anchetatori, de aproximativ dou\u0103 s\u0103pt\u0103m\u00e2ni, b\u0103rbatul acuza dureri generalizate \u00een tot corpul, urm\u00e2nd un tratament medicamentos care nu a dat rezultatele a\u0219teptate. \u00cen noaptea de 29 spre 30 iulie, \u00een jurul orei 03:00, starea acestuia s-a agravat, motiv pentru care s-a retras \u00een camera sa.<\/p>\n<p>C\u00e2teva ore mai t\u00e2rziu, \u00een jurul orei 08:30, apelantul a f\u0103cut o descoperire \u0219ocant\u0103. L-a g\u0103sit pe Vasile P. \u00een fa\u021ba imobilului, complet dezbr\u0103cat \u0219i cu arsuri grave pe corp. La sosirea echipajelor medicale, victima era con\u0219tient\u0103 \u0219i a declarat verbal c\u0103 s-a autoincendiat inten\u021bionat deoarece nu mai putea suporta durerile fizice.<\/p>\n<h3>Agonia s-a sf\u00e2r\u0219it la Terapie Intensiv\u0103. Poli\u021bia deschide un dosar pentru ucidere din culp\u0103<\/h3>\n<p>B\u0103rbatul a fost preluat de ambulan\u021b\u0103 cu arsuri pe aproximativ 90% din suprafa\u021ba corpului. Fi\u0219a de constat\u0103ri preliminare emis\u0103 de Serviciul Jude\u021bean de Medicin\u0103 Legal\u0103 (S.J.M.L.) Suceava \u00een data de 31 iulie 2026 a confirmat prezen\u021ba unor arsuri de gradul I \u0219i II, produse prin flac\u0103r\u0103, leziunile pun\u00e2nd \u00een pericol iminent via\u021ba pacientului.<\/p>\n<p>B\u0103rbatul a fost internat \u00een sec\u021bia de Anestezie \u0219i Terapie Intensiv\u0103 (ATI) a Spitalului Jude\u021bean de Urgen\u021b\u0103 \u201eSf\u00e2ntul Ioan cel Nou\u201d din Suceava. Din nefericire, organismul s\u0103u a cedat, decesul fiind declarat \u00een data de 2 august 2026. <\/p>\n<p>Poli\u021bi\u0219tii au precizat c\u0103, \u00een urma administr\u0103rii probatoriului, nu exist\u0103 indicii privind implicarea unei alte persoane \u00een acest caz. Ca urmare a decesului, lucr\u0103torii Poli\u021biei ora\u0219ului Frasin vor schimba \u00eencadrarea juridic\u0103 a faptei din \u201ev\u0103t\u0103mare corporal\u0103 din culp\u0103\u201d \u00een \u201eucidere din culp\u0103\u201d, dosarul urm\u00e2nd cursul procedural standard \u00een astfel de situa\u021bii.<\/p>\n<\/div>\n<div class=\"post-body entry-content\" id=\"post-body\">\n<div class=\"separator\"><a href=\"https:\/\/blogger.googleusercontent.com\/img\/b\/R29vZ2xl\/AVvXsEi1l8WYENLgHvyVy5H4S_7DMe9cm1YwYcd9ta5Uf9j6tILIgXCBdwjiYhHlpnZkxnKrbUwJUkqLKj-yTrlLgbIuXLc4o8EuYmUvyU-DtWZWzfh4PHTgLksgcWAlPgRb4T2g2hLshv3c0lhFExmIcCZiWEJ8n0WqUcde88Rc-DeXvjXoST9TWlcBnFB2vBs\/w1600\/stana-cioban-politie.jpg\"><img decoding=\"async\" alt=\"Sf\u00e2r\u0219it cumplit pentru ciobanul care \u0219i-a dat foc din cauza durerilor insurportabile, la Ostra! B\u0103rbatul a murit pe patul de spital\" border=\"0\" height=\"335\" loading=\"lazy\" src=\"https:\/\/blogger.googleusercontent.com\/img\/b\/R29vZ2xl\/AVvXsEi1l8WYENLgHvyVy5H4S_7DMe9cm1YwYcd9ta5Uf9j6tILIgXCBdwjiYhHlpnZkxnKrbUwJUkqLKj-yTrlLgbIuXLc4o8EuYmUvyU-DtWZWzfh4PHTgLksgcWAlPgRb4T2g2hLshv3c0lhFExmIcCZiWEJ8n0WqUcde88Rc-DeXvjXoST9TWlcBnFB2vBs\/w640-h335-rw\/stana-cioban-politie.jpg\" title=\"Sf\u00e2r\u0219it cumplit pentru ciobanul care \u0219i-a dat foc din cauza durerilor insurportabile, la Ostra! B\u0103rbatul a murit pe patul de spital\" width=\"640\"><\/a><\/div>\n<p><strong>B\u0103rbatul care a recurs la un gest extrem la sf\u00e2r\u0219itul lunii iulie, d\u00e2ndu-\u0219i foc din cauza unor suferin\u021be fizice, a decedat pe patul de spital. Autorit\u0103\u021bile au finalizat primele etape ale anchetei, iar \u00een urma decesului victimei, \u00eencadrarea juridic\u0103 a faptei a fost modificat\u0103 conform procedurilor legale.<\/strong><\/p>\n<p>Incidentul ini\u021bial s-a produs \u00een data de 30 iulie 2026, pe raza localit\u0103\u021bii Ostra. Poli\u021bia ora\u0219ului Frasin a fost alertat\u0103 prin num\u0103rul de urgen\u021b\u0103 112 de c\u0103tre Petru G., care a sesizat c\u0103 o persoan\u0103 s-a autoincendiat. Din cercet\u0103rile efectuate a reie\u0219it c\u0103 victima, Vasile P., locuia la aceea\u0219i adres\u0103 cu apelantul.<\/p>\n<h2>Diminea\u021b\u0103 de co\u0219mar! G\u0103sit complet dezbr\u0103cat, cu trupul carbonizat \u00een propor\u021bie de 90%<\/h2>\n<p>Conform datelor ob\u021binute de anchetatori, de aproximativ dou\u0103 s\u0103pt\u0103m\u00e2ni, b\u0103rbatul acuza dureri generalizate \u00een tot corpul, urm\u00e2nd un tratament medicamentos care nu a dat rezultatele a\u0219teptate. \u00cen noaptea de 29 spre 30 iulie, \u00een jurul orei 03:00, starea acestuia s-a agravat, motiv pentru care s-a retras \u00een camera sa.<\/p>\n<p>C\u00e2teva ore mai t\u00e2rziu, \u00een jurul orei 08:30, apelantul a f\u0103cut o descoperire \u0219ocant\u0103. L-a g\u0103sit pe Vasile P. \u00een fa\u021ba imobilului, complet dezbr\u0103cat \u0219i cu arsuri grave pe corp. La sosirea echipajelor medicale, victima era con\u0219tient\u0103 \u0219i a declarat verbal c\u0103 s-a autoincendiat inten\u021bionat deoarece nu mai putea suporta durerile fizice.<\/p>\n<h3>Agonia s-a sf\u00e2r\u0219it la Terapie Intensiv\u0103. Poli\u021bia deschide un dosar pentru ucidere din culp\u0103<\/h3>\n<p>B\u0103rbatul a fost preluat de ambulan\u021b\u0103 cu arsuri pe aproximativ 90% din suprafa\u021ba corpului. Fi\u0219a de constat\u0103ri preliminare emis\u0103 de Serviciul Jude\u021bean de Medicin\u0103 Legal\u0103 (S.J.M.L.) Suceava \u00een data de 31 iulie 2026 a confirmat prezen\u021ba unor arsuri de gradul I \u0219i II, produse prin flac\u0103r\u0103, leziunile pun\u00e2nd \u00een pericol iminent via\u021ba pacientului.<\/p>\n<p>B\u0103rbatul a fost internat \u00een sec\u021bia de Anestezie \u0219i Terapie Intensiv\u0103 (ATI) a Spitalului Jude\u021bean de Urgen\u021b\u0103 \u201eSf\u00e2ntul Ioan cel Nou\u201d din Suceava. Din nefericire, organismul s\u0103u a cedat, decesul fiind declarat \u00een data de 2 august 2026. <\/p>\n<p>Poli\u021bi\u0219tii au precizat c\u0103, \u00een urma administr\u0103rii probatoriului, nu exist\u0103 indicii privind implicarea unei alte persoane \u00een acest caz. Ca urmare a decesului, lucr\u0103torii Poli\u021biei ora\u0219ului Frasin vor schimba \u00eencadrarea juridic\u0103 a faptei din \u201ev\u0103t\u0103mare corporal\u0103 din culp\u0103\u201d \u00een \u201eucidere din culp\u0103\u201d, dosarul urm\u00e2nd cursul procedural standard \u00een astfel de situa\u021bii.<\/p>\n<\/div>\n<p>[analyse_source url=&#8221;https:\/\/www.stirisuceava.net\/2026\/08\/sfarsit-cumplit-pentru-ciobanul-care-si.html&#8221;]<\/p>\n","protected":false},"excerpt":{"rendered":"<p>[analyse_image type=&#8221;featured&#8221; src=&#8221;https:\/\/blogger.googleusercontent.com\/img\/b\/R29vZ2xl\/AVvXsEi1l8WYENLgHvyVy5H4S_7DMe9cm1YwYcd9ta5Uf9j6tILIgXCBdwjiYhHlpnZkxnKrbUwJUkqLKj-yTrlLgbIuXLc4o8EuYmUvyU-DtWZWzfh4PHTgLksgcWAlPgRb4T2g2hLshv3c0lhFExmIcCZiWEJ8n0WqUcde88Rc-DeXvjXoST9TWlcBnFB2vBs\/w1600\/stana-cioban-politie.jpg&#8221;] B\u0103rbatul care a recurs la un gest extrem la sf\u00e2r\u0219itul lunii iulie, d\u00e2ndu-\u0219i foc din cauza unor suferin\u021be fizice, a decedat pe patul de spital. Autorit\u0103\u021bile au finalizat primele etape ale anchetei, iar \u00een urma decesului victimei, \u00eencadrarea juridic\u0103 a faptei a fost modificat\u0103 conform procedurilor legale. Incidentul ini\u021bial s-a produs \u00een [&hellip;]<\/p>\n","protected":false},"author":1,"featured_media":0,"comment_status":"open","ping_status":"","sticky":false,"template":"","format":"standard","meta":{"footnotes":""},"categories":[89],"tags":[226,172],"class_list":["post-2102789","post","type-post","status-publish","format-standard","hentry","category-romania","tag-crawlmanager","tag-stirisuceava-net"],"_links":{"self":[{"href":"https:\/\/analyse.optim.biz\/index.php?rest_route=\/wp\/v2\/posts\/2102789","targetHints":{"allow":["GET"]}}],"collection":[{"href":"https:\/\/analyse.optim.biz\/index.php?rest_route=\/wp\/v2\/posts"}],"about":[{"href":"https:\/\/analyse.optim.biz\/index.php?rest_route=\/wp\/v2\/types\/post"}],"author":[{"embeddable":true,"href":"https:\/\/analyse.optim.biz\/index.php?rest_route=\/wp\/v2\/users\/1"}],"replies":[{"embeddable":true,"href":"https:\/\/analyse.optim.biz\/index.php?rest_route=%2Fwp%2Fv2%2Fcomments&post=2102789"}],"version-history":[{"count":0,"href":"https:\/\/analyse.optim.biz\/index.php?rest_route=\/wp\/v2\/posts\/2102789\/revisions"}],"wp:attachment":[{"href":"https:\/\/analyse.optim.biz\/index.php?rest_route=%2Fwp%2Fv2%2Fmedia&parent=2102789"}],"wp:term":[{"taxonomy":"category","embeddable":true,"href":"https:\/\/analyse.optim.biz\/index.php?rest_route=%2Fwp%2Fv2%2Fcategories&post=2102789"},{"taxonomy":"post_tag","embeddable":true,"href":"https:\/\/analyse.optim.biz\/index.php?rest_route=%2Fwp%2Fv2%2Ftags&post=2102789"}],"curies":[{"name":"wp","href":"https:\/\/api.w.org\/{rel}","templated":true}]}}