{"id":2102787,"date":"2026-08-20T08:50:32","date_gmt":"2026-08-20T05:50:32","guid":{"rendered":"https:\/\/analyse.optim.biz\/?p=2102787"},"modified":"2026-08-20T08:50:32","modified_gmt":"2026-08-20T05:50:32","slug":"primarul-vasile-rimbu-anunta-finalizarea-asfaltarii-strazii-bujorilor-din-burdujeni-la-termenul-promis-cuvant-dat-cuvant-respectat-foto","status":"publish","type":"post","link":"https:\/\/analyse.optim.biz\/?p=2102787","title":{"rendered":"Primarul Vasile R\u00eembu anun\u021b\u0103 finalizarea asfalt\u0103rii str\u0103zii Bujorilor din Burdujeni la termenul promis. \u201eCuv\u00e2nt dat, cuv\u00e2nt respectat\u201d (foto)"},"content":{"rendered":"<p>[analyse_image type=&#8221;featured&#8221; src=&#8221;https:\/\/img.svnews.ro\/foto\/2026\/08\/20\/554583\/113659481f433de933dac8979.jpg&#8221;]<\/p>\n<div class=\"entry\"><img loading=\"lazy\" decoding=\"async\" width=\"650\" height=\"325\" src=\"https:\/\/img.svnews.ro\/foto\/2026\/08\/20\/554583\/113659481f433de933dac897906500325.jpg\" alt><\/p>\n<div class=\"entry_content\">\n<p>\u201eMi-am propus ca fiecare proiect asumat, s\u0103 reprezinte o dovad\u0103 incontestabil\u0103 c\u0103 faptele pot \u0219i trebuie s\u0103 vorbeasc\u0103 mai tare dec\u00e2t orice vorb\u0103. \u00cenc\u0103 nu e gata luna august, \u0219i pe str. Bujorilor (Burdujeni) s-a turnat ieri ultimul strat de asfalt. Stratul de uzur\u0103. Au mai r\u0103mas detaliile de final: b\u0103ncile, balustradele \u0219i p\u0103m\u00e2ntul vegetal pentru zonele verzi.\u00cen ritm ne\u00eentrerupt, vom ajunge peste tot\u201d, a declarat Vasile R\u00eembu.<\/p>\n<p><img loading=\"lazy\" decoding=\"async\" class=\"alignnone size-medium wp-image-554584\" src=\"https:\/\/img.svnews.ro\/foto\/2026\/08\/20\/554583\/d774fa926c68cdf592e97a48f06500488.jpg\" alt width=\"650\" height=\"488\"><img loading=\"lazy\" decoding=\"async\" class=\"alignnone size-medium wp-image-554585\" src=\"https:\/\/img.svnews.ro\/foto\/2026\/08\/20\/554583\/70dccb3ad1375e4db8335694306500488.jpg\" alt width=\"650\" height=\"488\"><img decoding=\"async\" loading=\"lazy\" class=\"alignnone size-medium wp-image-554586\" src=\"https:\/\/img.svnews.ro\/foto\/2026\/08\/20\/554583\/113659481f433de933dac897906500488.jpg\" alt width=\"650\" height=\"488\"><img decoding=\"async\" loading=\"lazy\" class=\"alignnone size-medium wp-image-554587\" src=\"https:\/\/img.svnews.ro\/foto\/2026\/08\/20\/554583\/9323a14ed86211e041b941e5306500488.jpg\" alt width=\"650\" height=\"488\"><img decoding=\"async\" loading=\"lazy\" class=\"alignnone size-medium wp-image-554588\" src=\"https:\/\/img.svnews.ro\/foto\/2026\/08\/20\/554583\/17dc2cfa38a77ca2d8c06500706500488.jpg\" alt width=\"650\" height=\"488\"><\/p>\n<\/div>\n<div>\n<div>VN:F [1.9.22_1171]<\/div>\n<div class=\"ratingblock \">\n<div class=\"ratingstars \">\n<div id=\"article_loader_554583\" class=\"ratingloaderarticle\">\n<div class=\"loader arrows \">\n<div class=\"loaderinner\">se actualizeaz\u0103&#8230;<\/div>\n<\/div>\n<\/div>\n<\/div>\n<div class=\"ratingtext \">\n<div id=\"gdr_text_a554583\">Rating: 0.0\/<strong>10<\/strong> (0 votes cast)<\/div>\n<\/div>\n<\/div>\n<\/div>\n<\/div>\n<div class=\"entry_content\">\n<p>\u201eMi-am propus ca fiecare proiect asumat, s\u0103 reprezinte o dovad\u0103 incontestabil\u0103 c\u0103 faptele pot \u0219i trebuie s\u0103 vorbeasc\u0103 mai tare dec\u00e2t orice vorb\u0103. \u00cenc\u0103 nu e gata luna august, \u0219i pe str. Bujorilor (Burdujeni) s-a turnat ieri ultimul strat de asfalt. Stratul de uzur\u0103. Au mai r\u0103mas detaliile de final: b\u0103ncile, balustradele \u0219i p\u0103m\u00e2ntul vegetal pentru zonele verzi.\u00cen ritm ne\u00eentrerupt, vom ajunge peste tot\u201d, a declarat Vasile R\u00eembu.<\/p>\n<p><img loading=\"lazy\" decoding=\"async\" class=\"alignnone size-medium wp-image-554584\" src=\"https:\/\/img.svnews.ro\/foto\/2026\/08\/20\/554583\/d774fa926c68cdf592e97a48f06500488.jpg\" alt width=\"650\" height=\"488\"><img loading=\"lazy\" decoding=\"async\" class=\"alignnone size-medium wp-image-554585\" src=\"https:\/\/img.svnews.ro\/foto\/2026\/08\/20\/554583\/70dccb3ad1375e4db8335694306500488.jpg\" alt width=\"650\" height=\"488\"><img decoding=\"async\" loading=\"lazy\" class=\"alignnone size-medium wp-image-554586\" src=\"https:\/\/img.svnews.ro\/foto\/2026\/08\/20\/554583\/113659481f433de933dac897906500488.jpg\" alt width=\"650\" height=\"488\"><img decoding=\"async\" loading=\"lazy\" class=\"alignnone size-medium wp-image-554587\" src=\"https:\/\/img.svnews.ro\/foto\/2026\/08\/20\/554583\/9323a14ed86211e041b941e5306500488.jpg\" alt width=\"650\" height=\"488\"><img decoding=\"async\" loading=\"lazy\" class=\"alignnone size-medium wp-image-554588\" src=\"https:\/\/img.svnews.ro\/foto\/2026\/08\/20\/554583\/17dc2cfa38a77ca2d8c06500706500488.jpg\" alt width=\"650\" height=\"488\"><\/p>\n<\/div>\n<p>[analyse_source url=&#8221;https:\/\/www.svnews.ro\/primarul-vasile-rimbu-anunta-finalizarea-asfaltarii-strazii-bujorilor-din-burdujeni-la-termenul-promis-cuvant-dat-cuvant-respectat-foto\/554583\/&#8221;]<\/p>\n","protected":false},"excerpt":{"rendered":"<p>[analyse_image type=&#8221;featured&#8221; src=&#8221;https:\/\/img.svnews.ro\/foto\/2026\/08\/20\/554583\/113659481f433de933dac8979.jpg&#8221;] \u201eMi-am propus ca fiecare proiect asumat, s\u0103 reprezinte o dovad\u0103 incontestabil\u0103 c\u0103 faptele pot \u0219i trebuie s\u0103 vorbeasc\u0103 mai tare dec\u00e2t orice vorb\u0103. \u00cenc\u0103 nu e gata luna august, \u0219i pe str. Bujorilor (Burdujeni) s-a turnat ieri ultimul strat de asfalt. Stratul de uzur\u0103. Au mai r\u0103mas detaliile de final: b\u0103ncile, balustradele [&hellip;]<\/p>\n","protected":false},"author":1,"featured_media":0,"comment_status":"open","ping_status":"","sticky":false,"template":"","format":"standard","meta":{"footnotes":""},"categories":[89],"tags":[226,175],"class_list":["post-2102787","post","type-post","status-publish","format-standard","hentry","category-romania","tag-crawlmanager","tag-svnews-ro"],"_links":{"self":[{"href":"https:\/\/analyse.optim.biz\/index.php?rest_route=\/wp\/v2\/posts\/2102787","targetHints":{"allow":["GET"]}}],"collection":[{"href":"https:\/\/analyse.optim.biz\/index.php?rest_route=\/wp\/v2\/posts"}],"about":[{"href":"https:\/\/analyse.optim.biz\/index.php?rest_route=\/wp\/v2\/types\/post"}],"author":[{"embeddable":true,"href":"https:\/\/analyse.optim.biz\/index.php?rest_route=\/wp\/v2\/users\/1"}],"replies":[{"embeddable":true,"href":"https:\/\/analyse.optim.biz\/index.php?rest_route=%2Fwp%2Fv2%2Fcomments&post=2102787"}],"version-history":[{"count":0,"href":"https:\/\/analyse.optim.biz\/index.php?rest_route=\/wp\/v2\/posts\/2102787\/revisions"}],"wp:attachment":[{"href":"https:\/\/analyse.optim.biz\/index.php?rest_route=%2Fwp%2Fv2%2Fmedia&parent=2102787"}],"wp:term":[{"taxonomy":"category","embeddable":true,"href":"https:\/\/analyse.optim.biz\/index.php?rest_route=%2Fwp%2Fv2%2Fcategories&post=2102787"},{"taxonomy":"post_tag","embeddable":true,"href":"https:\/\/analyse.optim.biz\/index.php?rest_route=%2Fwp%2Fv2%2Ftags&post=2102787"}],"curies":[{"name":"wp","href":"https:\/\/api.w.org\/{rel}","templated":true}]}}