{"id":2102785,"date":"2026-08-20T08:04:17","date_gmt":"2026-08-20T05:04:17","guid":{"rendered":"https:\/\/analyse.optim.biz\/?p=2102785"},"modified":"2026-08-20T08:04:17","modified_gmt":"2026-08-20T05:04:17","slug":"lupta-contra-cronometru-pentru-finalizarea-investitiilor-prin-pnrr-prefectul-bogdan-pastrav-face-apel-la-primari-sa-se-implice-total-din-cele-235-de-proiecte-din-judet-95-sunt-un-faza-finala-foto","status":"publish","type":"post","link":"https:\/\/analyse.optim.biz\/?p=2102785","title":{"rendered":"Lupt\u0103 contra cronometru pentru finalizarea investi\u021biilor prin PNRR. Prefectul Bogdan P\u0103str\u0103v face apel la primari s\u0103 se implice total. Din cele 235 de proiecte din jude\u021b 95 sunt un faza final\u0103 (foto)"},"content":{"rendered":"<p>[analyse_image type=&#8221;featured&#8221; src=&#8221;https:\/\/img.svnews.ro\/foto\/2026\/08\/20\/554560\/254c06253e055ab878302515a.jpg&#8221;]<\/p>\n<div class=\"entry\"><img loading=\"lazy\" decoding=\"async\" width=\"650\" height=\"325\" src=\"https:\/\/img.svnews.ro\/foto\/2026\/08\/20\/554560\/254c06253e055ab878302515a06500325.jpg\" alt><\/p>\n<div class=\"entry_content\">\n<p>Ast\u0103zi, 20 august 2026, la sediul Ministerului Afacerilor Interne, a avut loc o videoconferin\u021b\u0103 av\u00e2nd ca tem\u0103 implementarea \u0219i finalizarea proiectelor finan\u021bate prin Planul Na\u021bional de Redresare \u0219i Rezilien\u021b\u0103 (PNRR), organizat\u0103 sub conducerea domnului Cseke Attila, ministrul Dezvolt\u0103rii, Lucr\u0103rilor Publice \u0219i Administra\u021biei, cu participarea domnului Mihai Dimian, ministrul Educa\u021biei, \u0219i a domnului Raed Arafat, secretar de stat \u00een Ministerul Afacerilor Interne.<\/p>\n<p>\u00cen cadrul videoconferin\u021bei au fost analizate stadiul proiectelor finan\u021bate prin PNRR, m\u0103surile necesare pentru accelerarea implement\u0103rii acestora \u0219i, \u00een mod special, respectarea termenelor pentru finalizarea \u0219i recep\u021bia investi\u021biilor.<\/p>\n<p>La nivelul jude\u021bului Suceava, din totalul celor 235 de proiecte aprobate \u0219i derulate de unit\u0103\u021bile administrativ-teritoriale \u0219i unit\u0103\u021bile de \u00eenv\u0103\u021b\u0103m\u00e2nt prin PNRR, 95 de proiecte se afl\u0103 \u00een etapa final\u0103 de implementare \u0219i urmeaz\u0103 s\u0103 fie recep\u021bionate p\u00e2n\u0103 la data de 31 august 2026.<\/p>\n<p>Pentru sprijinirea autorit\u0103\u021bilor locale \u00een procesul de finalizare \u0219i recep\u021bie a investi\u021biilor, Institu\u021bia Prefectului \u2013 Jude\u021bul Suceava va continua colaborarea cu Inspectoratul de Stat \u00een Construc\u021bii Suceava, Inspectoratul pentru Situa\u021bii de Urgen\u021b\u0103 \u201eBucovina\u201d al jude\u021bului Suceava, Direc\u021bia de S\u0103n\u0103tate Public\u0103 Jude\u021bean\u0103 Suceava, Direc\u021bia Jude\u021bean\u0103 pentru Cultur\u0103 Suceava \u0219i Direc\u021bia Jude\u021bean\u0103 de Mediu Suceava, institu\u021bii cu atribu\u021bii \u00een domeniul verific\u0103rii \u0219i recep\u021bion\u0103rii investi\u021biilor.<\/p>\n<p>Totodat\u0103, Institu\u021bia Prefectului \u2013 Jude\u021bul Suceava va monitoriza \u00een continuare stadiul proiectelor \u0219i va men\u021bine un dialog permanent cu reprezentan\u021bii unit\u0103\u021bilor administrativ-teritoriale \u0219i ai unit\u0103\u021bilor de \u00eenv\u0103\u021b\u0103m\u00e2nt, astfel \u00eenc\u00e2t toate demersurile necesare pentru finalizarea \u0219i recep\u021bia investi\u021biilor s\u0103 fie realizate \u00een cel mai scurt timp, cu respectarea termenelor \u0219i a prevederilor legale.<\/p>\n<p>\u00cen acest context, prefectul jude\u021bului Suceava, Bogdan George P\u0103str\u0103v, face un apel c\u0103tre to\u021bi primarii din jude\u021bul Suceava s\u0103 acorde prioritate finaliz\u0103rii investi\u021biilor \u0219i s\u0103 \u00eentreprind\u0103 toate demersurile necesare pentru realizarea, \u00een termen, a recep\u021biilor finale.<\/p>\n<p>\u201eFac apel c\u0103tre to\u021bi primarii din jude\u021bul Suceava s\u0103 acorde o aten\u021bie deosebit\u0103 finaliz\u0103rii proiectelor finan\u021bate prin PNRR \u0219i s\u0103 se asigure c\u0103 recep\u021biile finale sunt realizate p\u00e2n\u0103 la termenul stabilit. Este esen\u021bial ca investi\u021biile s\u0103 fie finalizate \u0219i s\u0103 poat\u0103 fi utilizate de comunit\u0103\u021bile locale. Institu\u021bia Prefectului \u2013 Jude\u021bul Suceava este al\u0103turi de administra\u021biile locale \u0219i va acorda sprijinul necesar, \u00een limitele competen\u021belor legale, pentru solu\u021bionarea eventualelor probleme \u0219i pentru respectarea termenelor asumate\u201d, a declarat prefectul jude\u021bului Suceava, Bogdan George P\u0103str\u0103v.<\/p>\n<p><img loading=\"lazy\" decoding=\"async\" class=\"alignnone size-medium wp-image-554561\" src=\"https:\/\/img.svnews.ro\/foto\/2026\/08\/20\/554560\/88e84a484a098ef14951a93ee06500488.jpg\" alt width=\"650\" height=\"488\"><img loading=\"lazy\" decoding=\"async\" class=\"alignnone size-medium wp-image-554562\" src=\"https:\/\/img.svnews.ro\/foto\/2026\/08\/20\/554560\/fba28f9c69176c8863bd8148806500488.jpg\" alt width=\"650\" height=\"488\"><img decoding=\"async\" loading=\"lazy\" class=\"alignnone size-medium wp-image-554563\" src=\"https:\/\/img.svnews.ro\/foto\/2026\/08\/20\/554560\/254c06253e055ab878302515a06500488.jpg\" alt width=\"650\" height=\"488\"><img decoding=\"async\" loading=\"lazy\" class=\"alignnone size-medium wp-image-554564\" src=\"https:\/\/img.svnews.ro\/foto\/2026\/08\/20\/554560\/1a7be9d3108fdc2f69aceb54a06500771.jpg\" alt width=\"650\" height=\"771\"><\/p>\n<\/div>\n<div>\n<div>VN:F [1.9.22_1171]<\/div>\n<div class=\"ratingblock \">\n<div class=\"ratingstars \">\n<div id=\"article_loader_554560\" class=\"ratingloaderarticle\">\n<div class=\"loader arrows \">\n<div class=\"loaderinner\">se actualizeaz\u0103&#8230;<\/div>\n<\/div>\n<\/div>\n<\/div>\n<div class=\"ratingtext \">\n<div id=\"gdr_text_a554560\">Rating: 0.0\/<strong>10<\/strong> (0 votes cast)<\/div>\n<\/div>\n<\/div>\n<\/div>\n<\/div>\n<div class=\"entry_content\">\n<p>Ast\u0103zi, 20 august 2026, la sediul Ministerului Afacerilor Interne, a avut loc o videoconferin\u021b\u0103 av\u00e2nd ca tem\u0103 implementarea \u0219i finalizarea proiectelor finan\u021bate prin Planul Na\u021bional de Redresare \u0219i Rezilien\u021b\u0103 (PNRR), organizat\u0103 sub conducerea domnului Cseke Attila, ministrul Dezvolt\u0103rii, Lucr\u0103rilor Publice \u0219i Administra\u021biei, cu participarea domnului Mihai Dimian, ministrul Educa\u021biei, \u0219i a domnului Raed Arafat, secretar de stat \u00een Ministerul Afacerilor Interne.<\/p>\n<p>\u00cen cadrul videoconferin\u021bei au fost analizate stadiul proiectelor finan\u021bate prin PNRR, m\u0103surile necesare pentru accelerarea implement\u0103rii acestora \u0219i, \u00een mod special, respectarea termenelor pentru finalizarea \u0219i recep\u021bia investi\u021biilor.<\/p>\n<p>La nivelul jude\u021bului Suceava, din totalul celor 235 de proiecte aprobate \u0219i derulate de unit\u0103\u021bile administrativ-teritoriale \u0219i unit\u0103\u021bile de \u00eenv\u0103\u021b\u0103m\u00e2nt prin PNRR, 95 de proiecte se afl\u0103 \u00een etapa final\u0103 de implementare \u0219i urmeaz\u0103 s\u0103 fie recep\u021bionate p\u00e2n\u0103 la data de 31 august 2026.<\/p>\n<p>Pentru sprijinirea autorit\u0103\u021bilor locale \u00een procesul de finalizare \u0219i recep\u021bie a investi\u021biilor, Institu\u021bia Prefectului \u2013 Jude\u021bul Suceava va continua colaborarea cu Inspectoratul de Stat \u00een Construc\u021bii Suceava, Inspectoratul pentru Situa\u021bii de Urgen\u021b\u0103 \u201eBucovina\u201d al jude\u021bului Suceava, Direc\u021bia de S\u0103n\u0103tate Public\u0103 Jude\u021bean\u0103 Suceava, Direc\u021bia Jude\u021bean\u0103 pentru Cultur\u0103 Suceava \u0219i Direc\u021bia Jude\u021bean\u0103 de Mediu Suceava, institu\u021bii cu atribu\u021bii \u00een domeniul verific\u0103rii \u0219i recep\u021bion\u0103rii investi\u021biilor.<\/p>\n<p>Totodat\u0103, Institu\u021bia Prefectului \u2013 Jude\u021bul Suceava va monitoriza \u00een continuare stadiul proiectelor \u0219i va men\u021bine un dialog permanent cu reprezentan\u021bii unit\u0103\u021bilor administrativ-teritoriale \u0219i ai unit\u0103\u021bilor de \u00eenv\u0103\u021b\u0103m\u00e2nt, astfel \u00eenc\u00e2t toate demersurile necesare pentru finalizarea \u0219i recep\u021bia investi\u021biilor s\u0103 fie realizate \u00een cel mai scurt timp, cu respectarea termenelor \u0219i a prevederilor legale.<\/p>\n<p>\u00cen acest context, prefectul jude\u021bului Suceava, Bogdan George P\u0103str\u0103v, face un apel c\u0103tre to\u021bi primarii din jude\u021bul Suceava s\u0103 acorde prioritate finaliz\u0103rii investi\u021biilor \u0219i s\u0103 \u00eentreprind\u0103 toate demersurile necesare pentru realizarea, \u00een termen, a recep\u021biilor finale.<\/p>\n<p>\u201eFac apel c\u0103tre to\u021bi primarii din jude\u021bul Suceava s\u0103 acorde o aten\u021bie deosebit\u0103 finaliz\u0103rii proiectelor finan\u021bate prin PNRR \u0219i s\u0103 se asigure c\u0103 recep\u021biile finale sunt realizate p\u00e2n\u0103 la termenul stabilit. Este esen\u021bial ca investi\u021biile s\u0103 fie finalizate \u0219i s\u0103 poat\u0103 fi utilizate de comunit\u0103\u021bile locale. Institu\u021bia Prefectului \u2013 Jude\u021bul Suceava este al\u0103turi de administra\u021biile locale \u0219i va acorda sprijinul necesar, \u00een limitele competen\u021belor legale, pentru solu\u021bionarea eventualelor probleme \u0219i pentru respectarea termenelor asumate\u201d, a declarat prefectul jude\u021bului Suceava, Bogdan George P\u0103str\u0103v.<\/p>\n<p><img loading=\"lazy\" decoding=\"async\" class=\"alignnone size-medium wp-image-554561\" src=\"https:\/\/img.svnews.ro\/foto\/2026\/08\/20\/554560\/88e84a484a098ef14951a93ee06500488.jpg\" alt width=\"650\" height=\"488\"><img loading=\"lazy\" decoding=\"async\" class=\"alignnone size-medium wp-image-554562\" src=\"https:\/\/img.svnews.ro\/foto\/2026\/08\/20\/554560\/fba28f9c69176c8863bd8148806500488.jpg\" alt width=\"650\" height=\"488\"><img decoding=\"async\" loading=\"lazy\" class=\"alignnone size-medium wp-image-554563\" src=\"https:\/\/img.svnews.ro\/foto\/2026\/08\/20\/554560\/254c06253e055ab878302515a06500488.jpg\" alt width=\"650\" height=\"488\"><img decoding=\"async\" loading=\"lazy\" class=\"alignnone size-medium wp-image-554564\" src=\"https:\/\/img.svnews.ro\/foto\/2026\/08\/20\/554560\/1a7be9d3108fdc2f69aceb54a06500771.jpg\" alt width=\"650\" height=\"771\"><\/p>\n<\/div>\n<p>[analyse_source url=&#8221;https:\/\/www.svnews.ro\/lupta-contra-cronometru-pentru-finalizarea-investitiilor-prin-pnrr-prefectul-bogdan-pastrav-face-apel-la-primari-sa-se-implice-total-din-cele-235-de-proiecte-din-judet-95-sunt-un-faza-finala-foto\/554560\/&#8221;]<\/p>\n","protected":false},"excerpt":{"rendered":"<p>[analyse_image type=&#8221;featured&#8221; src=&#8221;https:\/\/img.svnews.ro\/foto\/2026\/08\/20\/554560\/254c06253e055ab878302515a.jpg&#8221;] Ast\u0103zi, 20 august 2026, la sediul Ministerului Afacerilor Interne, a avut loc o videoconferin\u021b\u0103 av\u00e2nd ca tem\u0103 implementarea \u0219i finalizarea proiectelor finan\u021bate prin Planul Na\u021bional de Redresare \u0219i Rezilien\u021b\u0103 (PNRR), organizat\u0103 sub conducerea domnului Cseke Attila, ministrul Dezvolt\u0103rii, Lucr\u0103rilor Publice \u0219i Administra\u021biei, cu participarea domnului Mihai Dimian, ministrul Educa\u021biei, \u0219i a domnului [&hellip;]<\/p>\n","protected":false},"author":1,"featured_media":0,"comment_status":"open","ping_status":"","sticky":false,"template":"","format":"standard","meta":{"footnotes":""},"categories":[89],"tags":[226,175],"class_list":["post-2102785","post","type-post","status-publish","format-standard","hentry","category-romania","tag-crawlmanager","tag-svnews-ro"],"_links":{"self":[{"href":"https:\/\/analyse.optim.biz\/index.php?rest_route=\/wp\/v2\/posts\/2102785","targetHints":{"allow":["GET"]}}],"collection":[{"href":"https:\/\/analyse.optim.biz\/index.php?rest_route=\/wp\/v2\/posts"}],"about":[{"href":"https:\/\/analyse.optim.biz\/index.php?rest_route=\/wp\/v2\/types\/post"}],"author":[{"embeddable":true,"href":"https:\/\/analyse.optim.biz\/index.php?rest_route=\/wp\/v2\/users\/1"}],"replies":[{"embeddable":true,"href":"https:\/\/analyse.optim.biz\/index.php?rest_route=%2Fwp%2Fv2%2Fcomments&post=2102785"}],"version-history":[{"count":0,"href":"https:\/\/analyse.optim.biz\/index.php?rest_route=\/wp\/v2\/posts\/2102785\/revisions"}],"wp:attachment":[{"href":"https:\/\/analyse.optim.biz\/index.php?rest_route=%2Fwp%2Fv2%2Fmedia&parent=2102785"}],"wp:term":[{"taxonomy":"category","embeddable":true,"href":"https:\/\/analyse.optim.biz\/index.php?rest_route=%2Fwp%2Fv2%2Fcategories&post=2102785"},{"taxonomy":"post_tag","embeddable":true,"href":"https:\/\/analyse.optim.biz\/index.php?rest_route=%2Fwp%2Fv2%2Ftags&post=2102785"}],"curies":[{"name":"wp","href":"https:\/\/api.w.org\/{rel}","templated":true}]}}