{"id":2102783,"date":"2026-08-20T12:18:49","date_gmt":"2026-08-20T09:18:49","guid":{"rendered":"https:\/\/analyse.optim.biz\/?p=2102783"},"modified":"2026-08-20T12:18:49","modified_gmt":"2026-08-20T09:18:49","slug":"presedintele-soldan-anunta-ca-drumul-judetean-panaci-bilbor-este-aproape-de-finalizare-drumul-va-face-legatura-directa-intre-vatra-dornei-si-toplita-prin-pasul-bilbor-si-va-scurta","status":"publish","type":"post","link":"https:\/\/analyse.optim.biz\/?p=2102783","title":{"rendered":"Pre\u0219edintele \u0218oldan anun\u021b\u0103 c\u0103 drumul jude\u021bean Panaci\u2013Bilbor este aproape de finalizare. \u201dDrumul va face leg\u0103tura direct\u0103 \u00eentre Vatra Dornei \u0219i Topli\u021ba, prin Pasul Bilbor, \u0219i va scurta cu 92 de kilometri traseul actual prin Bistri\u021ba\u201d (foto)"},"content":{"rendered":"<p>[analyse_image type=&#8221;featured&#8221; src=&#8221;https:\/\/img.svnews.ro\/foto\/2026\/08\/20\/554621\/8fcc66d8290be3ac9fc7de33e.jpg&#8221;]<\/p>\n<div class=\"entry\"><img loading=\"lazy\" decoding=\"async\" width=\"650\" height=\"325\" src=\"https:\/\/img.svnews.ro\/foto\/2026\/08\/20\/554621\/8fcc66d8290be3ac9fc7de33e06500325.jpg\" alt><\/p>\n<div class=\"entry_content\">\n<p>Pre\u0219edintele Consiliului Jude\u021bean, Gheorghe \u0218oldan, a anun\u021bat c\u0103 drumul jude\u021bean Panaci\u2013Bilbor este aproape de finalizare zilele acestea urm\u00e2nd s\u0103 se toarne ultimul strat de asfalt, p\u00e2n\u0103 la limita cu jude\u021bul Harghita. \u201dAm preluat acest proiect de la fosta administra\u021bie, \u00een octombrie 2024, la un stadiu fizic de aproximativ 30% \u0219i cu \u00eent\u00e2rzieri foarte mari. Ast\u0103zi, lucr\u0103rile au dep\u0103\u0219it 90%, iar p\u00e2n\u0103 la sf\u00e2r\u0219itul lunii octombrie 2026 drumul va fi finalizat. I-am cerut constructorului s\u0103 accelereze lucr\u0103rile \u0219i s\u0103 recupereze \u00eent\u00e2rzierile, iar rezultatele se v\u0103d \u00een teren: de la 30% \u00een octombrie 2024 la peste 90% \u00een august 2026, \u00een mai pu\u021bin de doi ani. Nu a fost un proiect u\u0219or. Drumul este construit pe un versant \u00eemp\u0103durit, cu acces dintr-o singur\u0103 direc\u021bie \u0219i f\u0103r\u0103 posibilitatea de a lucra simultan pe mai multe fronturi. \u00cen plus, condi\u021biile meteo din aceast\u0103 zon\u0103 montan\u0103 nu permit desf\u0103\u0219urarea lucr\u0103rilor din noiembrie p\u00e2n\u0103 \u00een aprilie sau chiar p\u00e2n\u0103 \u00een mai. Ast\u0103zi, cele patru serpentine sunt realizate, lucr\u0103rile de consolidare sunt finalizate, iar podul peste p\u00e2r\u00e2ul Neagra Bro\u0219tenilor a fost reabilitat. \u00cen perioada urm\u0103toare vor fi montate plasele de protec\u021bie a versan\u021bilor \u0219i vor fi finalizate parapetele \u0219i semnalizarea rutier\u0103\u201d, a declarat \u0218oldan.<\/p>\n<p>Noul drum jude\u021bean, DJ 174C, va face leg\u0103tura direct\u0103 \u00eentre Vatra Dornei \u0219i Topli\u021ba, prin Pasul Bilbor, \u0219i va scurta cu 92 de kilometri traseul actual prin Bistri\u021ba. Este un drum important pentru dezvoltarea turistic\u0103 \u0219i economic\u0103 a \u00eentregii zone, un drum pe care \u00eel finaliz\u0103m \u00een aceast\u0103 toamn\u0103.<\/p>\n<p>\ud835\udc03\ud835\udc1a\ud835\udc2d\ud835\udc1e \ud835\udc1d\ud835\udc1e\ud835\udc2c\ud835\udc29\ud835\udc2b\ud835\udc1e \ud835\udc22\ud835\udc27\ud835\udc2f\ud835\udc1e\ud835\udc2c\ud835\udc2d\ud835\udc22\ud835\udc2d\u0326\ud835\udc22\ud835\udc1e:<\/p>\n<p>\u2022 Traseul pe raza jude\u021bului Suceava are o lungime de 2,837 kilometri.<\/p>\n<p>\u2022 Drumul va avea o platform\u0103 lat\u0103 de 8 metri: 6 metri parte carosabil\u0103 \u0219i dou\u0103 acostamente de c\u00e2te un metru.<\/p>\n<p>\u2022 Cuprinde patru serpentine, rigole pentru colectarea apelor pluviale, pode\u021be, ziduri de sprijin, plase pentru protec\u021bia versan\u021bilor \u0219i parapete de siguran\u021b\u0103 H2 \u0219i H3.<\/p>\n<p>\u2022 Structura rutier\u0103 include dou\u0103 straturi de funda\u021bie, un strat de leg\u0103tur\u0103 din beton asfaltic de 8 centimetri \u0219i un strat de uzur\u0103 de 5 centimetri.<\/p>\n<p>\u2022 Valoarea total\u0103 actualizat\u0103 a investi\u021biei este de 42,97 milioane de lei, cu TVA.<\/p>\n<p>\u2022 Investi\u021bia este finan\u021bat\u0103 prin Programul Na\u021bional de Dezvoltare Local\u0103 \u2013 PNDL II \u0219i din bugetul jude\u021bului Suceava.<\/p>\n<p>\u2022 Constructor: asocierea Construc\u021bii Montaj SRL \u2013 CTT Construc\u021bii Safe SRL.<\/p>\n<p><img loading=\"lazy\" decoding=\"async\" class=\"alignnone size-medium wp-image-554640\" src=\"https:\/\/img.svnews.ro\/foto\/2026\/08\/20\/554621\/f2f208328b0e5f0f25116f39d06500366.jpg\" alt width=\"650\" height=\"366\"><img loading=\"lazy\" decoding=\"async\" class=\"alignnone size-medium wp-image-554641\" src=\"https:\/\/img.svnews.ro\/foto\/2026\/08\/20\/554621\/9748b91c05a8d9a63b175f74a06500433.jpg\" alt width=\"650\" height=\"433\"><img decoding=\"async\" loading=\"lazy\" class=\"alignnone size-medium wp-image-554642\" src=\"https:\/\/img.svnews.ro\/foto\/2026\/08\/20\/554621\/4551e67b593feba0c9b32c01406500366.jpg\" alt width=\"650\" height=\"366\"><img decoding=\"async\" loading=\"lazy\" class=\"alignnone size-medium wp-image-554643\" src=\"https:\/\/img.svnews.ro\/foto\/2026\/08\/20\/554621\/b78341753fb46cccd2ce9a6c806500433.jpg\" alt width=\"650\" height=\"433\"><img decoding=\"async\" loading=\"lazy\" class=\"alignnone size-medium wp-image-554644\" src=\"https:\/\/img.svnews.ro\/foto\/2026\/08\/20\/554621\/07948cd129ec3a593e505e6e906500366.jpg\" alt width=\"650\" height=\"366\"><img decoding=\"async\" loading=\"lazy\" class=\"alignnone size-medium wp-image-554645\" src=\"https:\/\/img.svnews.ro\/foto\/2026\/08\/20\/554621\/8fcc66d8290be3ac9fc7de33e06500366.jpg\" alt width=\"650\" height=\"366\"><img decoding=\"async\" loading=\"lazy\" class=\"alignnone size-medium wp-image-554646\" src=\"https:\/\/img.svnews.ro\/foto\/2026\/08\/20\/554621\/06f315e7e314d628d997c640506500366.jpg\" alt width=\"650\" height=\"366\"><img decoding=\"async\" loading=\"lazy\" class=\"alignnone size-medium wp-image-554647\" src=\"https:\/\/img.svnews.ro\/foto\/2026\/08\/20\/554621\/054c9a084488ae12f08546a9c06500366.jpg\" alt width=\"650\" height=\"366\"><\/p>\n<\/div>\n<div>\n<div>VN:F [1.9.22_1171]<\/div>\n<div class=\"ratingblock \">\n<div class=\"ratingstars \">\n<div id=\"article_loader_554621\" class=\"ratingloaderarticle\">\n<div class=\"loader arrows \">\n<div class=\"loaderinner\">se actualizeaz\u0103&#8230;<\/div>\n<\/div>\n<\/div>\n<\/div>\n<div class=\"ratingtext \">\n<div id=\"gdr_text_a554621\">Rating: 0.0\/<strong>10<\/strong> (0 votes cast)<\/div>\n<\/div>\n<\/div>\n<\/div>\n<\/div>\n<div class=\"entry_content\">\n<p>Pre\u0219edintele Consiliului Jude\u021bean, Gheorghe \u0218oldan, a anun\u021bat c\u0103 drumul jude\u021bean Panaci\u2013Bilbor este aproape de finalizare zilele acestea urm\u00e2nd s\u0103 se toarne ultimul strat de asfalt, p\u00e2n\u0103 la limita cu jude\u021bul Harghita. \u201dAm preluat acest proiect de la fosta administra\u021bie, \u00een octombrie 2024, la un stadiu fizic de aproximativ 30% \u0219i cu \u00eent\u00e2rzieri foarte mari. Ast\u0103zi, lucr\u0103rile au dep\u0103\u0219it 90%, iar p\u00e2n\u0103 la sf\u00e2r\u0219itul lunii octombrie 2026 drumul va fi finalizat. I-am cerut constructorului s\u0103 accelereze lucr\u0103rile \u0219i s\u0103 recupereze \u00eent\u00e2rzierile, iar rezultatele se v\u0103d \u00een teren: de la 30% \u00een octombrie 2024 la peste 90% \u00een august 2026, \u00een mai pu\u021bin de doi ani. Nu a fost un proiect u\u0219or. Drumul este construit pe un versant \u00eemp\u0103durit, cu acces dintr-o singur\u0103 direc\u021bie \u0219i f\u0103r\u0103 posibilitatea de a lucra simultan pe mai multe fronturi. \u00cen plus, condi\u021biile meteo din aceast\u0103 zon\u0103 montan\u0103 nu permit desf\u0103\u0219urarea lucr\u0103rilor din noiembrie p\u00e2n\u0103 \u00een aprilie sau chiar p\u00e2n\u0103 \u00een mai. Ast\u0103zi, cele patru serpentine sunt realizate, lucr\u0103rile de consolidare sunt finalizate, iar podul peste p\u00e2r\u00e2ul Neagra Bro\u0219tenilor a fost reabilitat. \u00cen perioada urm\u0103toare vor fi montate plasele de protec\u021bie a versan\u021bilor \u0219i vor fi finalizate parapetele \u0219i semnalizarea rutier\u0103\u201d, a declarat \u0218oldan.<\/p>\n<p>Noul drum jude\u021bean, DJ 174C, va face leg\u0103tura direct\u0103 \u00eentre Vatra Dornei \u0219i Topli\u021ba, prin Pasul Bilbor, \u0219i va scurta cu 92 de kilometri traseul actual prin Bistri\u021ba. Este un drum important pentru dezvoltarea turistic\u0103 \u0219i economic\u0103 a \u00eentregii zone, un drum pe care \u00eel finaliz\u0103m \u00een aceast\u0103 toamn\u0103.<\/p>\n<p>\ud835\udc03\ud835\udc1a\ud835\udc2d\ud835\udc1e \ud835\udc1d\ud835\udc1e\ud835\udc2c\ud835\udc29\ud835\udc2b\ud835\udc1e \ud835\udc22\ud835\udc27\ud835\udc2f\ud835\udc1e\ud835\udc2c\ud835\udc2d\ud835\udc22\ud835\udc2d\u0326\ud835\udc22\ud835\udc1e:<\/p>\n<p>\u2022 Traseul pe raza jude\u021bului Suceava are o lungime de 2,837 kilometri.<\/p>\n<p>\u2022 Drumul va avea o platform\u0103 lat\u0103 de 8 metri: 6 metri parte carosabil\u0103 \u0219i dou\u0103 acostamente de c\u00e2te un metru.<\/p>\n<p>\u2022 Cuprinde patru serpentine, rigole pentru colectarea apelor pluviale, pode\u021be, ziduri de sprijin, plase pentru protec\u021bia versan\u021bilor \u0219i parapete de siguran\u021b\u0103 H2 \u0219i H3.<\/p>\n<p>\u2022 Structura rutier\u0103 include dou\u0103 straturi de funda\u021bie, un strat de leg\u0103tur\u0103 din beton asfaltic de 8 centimetri \u0219i un strat de uzur\u0103 de 5 centimetri.<\/p>\n<p>\u2022 Valoarea total\u0103 actualizat\u0103 a investi\u021biei este de 42,97 milioane de lei, cu TVA.<\/p>\n<p>\u2022 Investi\u021bia este finan\u021bat\u0103 prin Programul Na\u021bional de Dezvoltare Local\u0103 \u2013 PNDL II \u0219i din bugetul jude\u021bului Suceava.<\/p>\n<p>\u2022 Constructor: asocierea Construc\u021bii Montaj SRL \u2013 CTT Construc\u021bii Safe SRL.<\/p>\n<p><img loading=\"lazy\" decoding=\"async\" class=\"alignnone size-medium wp-image-554640\" src=\"https:\/\/img.svnews.ro\/foto\/2026\/08\/20\/554621\/f2f208328b0e5f0f25116f39d06500366.jpg\" alt width=\"650\" height=\"366\"><img loading=\"lazy\" decoding=\"async\" class=\"alignnone size-medium wp-image-554641\" src=\"https:\/\/img.svnews.ro\/foto\/2026\/08\/20\/554621\/9748b91c05a8d9a63b175f74a06500433.jpg\" alt width=\"650\" height=\"433\"><img decoding=\"async\" loading=\"lazy\" class=\"alignnone size-medium wp-image-554642\" src=\"https:\/\/img.svnews.ro\/foto\/2026\/08\/20\/554621\/4551e67b593feba0c9b32c01406500366.jpg\" alt width=\"650\" height=\"366\"><img decoding=\"async\" loading=\"lazy\" class=\"alignnone size-medium wp-image-554643\" src=\"https:\/\/img.svnews.ro\/foto\/2026\/08\/20\/554621\/b78341753fb46cccd2ce9a6c806500433.jpg\" alt width=\"650\" height=\"433\"><img decoding=\"async\" loading=\"lazy\" class=\"alignnone size-medium wp-image-554644\" src=\"https:\/\/img.svnews.ro\/foto\/2026\/08\/20\/554621\/07948cd129ec3a593e505e6e906500366.jpg\" alt width=\"650\" height=\"366\"><img decoding=\"async\" loading=\"lazy\" class=\"alignnone size-medium wp-image-554645\" src=\"https:\/\/img.svnews.ro\/foto\/2026\/08\/20\/554621\/8fcc66d8290be3ac9fc7de33e06500366.jpg\" alt width=\"650\" height=\"366\"><img decoding=\"async\" loading=\"lazy\" class=\"alignnone size-medium wp-image-554646\" src=\"https:\/\/img.svnews.ro\/foto\/2026\/08\/20\/554621\/06f315e7e314d628d997c640506500366.jpg\" alt width=\"650\" height=\"366\"><img decoding=\"async\" loading=\"lazy\" class=\"alignnone size-medium wp-image-554647\" src=\"https:\/\/img.svnews.ro\/foto\/2026\/08\/20\/554621\/054c9a084488ae12f08546a9c06500366.jpg\" alt width=\"650\" height=\"366\"><\/p>\n<\/div>\n<p>[analyse_source url=&#8221;https:\/\/www.svnews.ro\/presedintele-soldan-anunta-ca-drumul-judetean-panaci-bilbor-este-aproape-de-finalizare-drumul-va-face-legatura-directa-intre-vatra-dornei-si-toplita-prin-pasul-bilbor-si-va-scurta\/554621\/&#8221;]<\/p>\n","protected":false},"excerpt":{"rendered":"<p>[analyse_image type=&#8221;featured&#8221; src=&#8221;https:\/\/img.svnews.ro\/foto\/2026\/08\/20\/554621\/8fcc66d8290be3ac9fc7de33e.jpg&#8221;] Pre\u0219edintele Consiliului Jude\u021bean, Gheorghe \u0218oldan, a anun\u021bat c\u0103 drumul jude\u021bean Panaci\u2013Bilbor este aproape de finalizare zilele acestea urm\u00e2nd s\u0103 se toarne ultimul strat de asfalt, p\u00e2n\u0103 la limita cu jude\u021bul Harghita. \u201dAm preluat acest proiect de la fosta administra\u021bie, \u00een octombrie 2024, la un stadiu fizic de aproximativ 30% \u0219i cu \u00eent\u00e2rzieri [&hellip;]<\/p>\n","protected":false},"author":1,"featured_media":0,"comment_status":"open","ping_status":"","sticky":false,"template":"","format":"standard","meta":{"footnotes":""},"categories":[89],"tags":[226,175],"class_list":["post-2102783","post","type-post","status-publish","format-standard","hentry","category-romania","tag-crawlmanager","tag-svnews-ro"],"_links":{"self":[{"href":"https:\/\/analyse.optim.biz\/index.php?rest_route=\/wp\/v2\/posts\/2102783","targetHints":{"allow":["GET"]}}],"collection":[{"href":"https:\/\/analyse.optim.biz\/index.php?rest_route=\/wp\/v2\/posts"}],"about":[{"href":"https:\/\/analyse.optim.biz\/index.php?rest_route=\/wp\/v2\/types\/post"}],"author":[{"embeddable":true,"href":"https:\/\/analyse.optim.biz\/index.php?rest_route=\/wp\/v2\/users\/1"}],"replies":[{"embeddable":true,"href":"https:\/\/analyse.optim.biz\/index.php?rest_route=%2Fwp%2Fv2%2Fcomments&post=2102783"}],"version-history":[{"count":0,"href":"https:\/\/analyse.optim.biz\/index.php?rest_route=\/wp\/v2\/posts\/2102783\/revisions"}],"wp:attachment":[{"href":"https:\/\/analyse.optim.biz\/index.php?rest_route=%2Fwp%2Fv2%2Fmedia&parent=2102783"}],"wp:term":[{"taxonomy":"category","embeddable":true,"href":"https:\/\/analyse.optim.biz\/index.php?rest_route=%2Fwp%2Fv2%2Fcategories&post=2102783"},{"taxonomy":"post_tag","embeddable":true,"href":"https:\/\/analyse.optim.biz\/index.php?rest_route=%2Fwp%2Fv2%2Ftags&post=2102783"}],"curies":[{"name":"wp","href":"https:\/\/api.w.org\/{rel}","templated":true}]}}