{"id":2102510,"date":"2026-08-19T23:10:00","date_gmt":"2026-08-19T20:10:00","guid":{"rendered":"https:\/\/analyse.optim.biz\/?p=2102510"},"modified":"2026-08-19T23:10:00","modified_gmt":"2026-08-19T20:10:00","slug":"primaria-vaslui-anunta-amenajarea-unui-noi-parcari-cu-85-de-locuri-cu-banii-din-parcarile-cu-plata","status":"publish","type":"post","link":"https:\/\/analyse.optim.biz\/?p=2102510","title":{"rendered":"Prim\u0103ria Vaslui anun\u021b\u0103 amenajarea unui noi parc\u0103ri, cu 85 de locuri, cu banii din parc\u0103rile cu plat\u0103"},"content":{"rendered":"<p>[analyse_image type=&#8221;featured&#8221; src=&#8221;&#8221;]<\/p>\n<div class=\"tdb-block-inner td-fix-index\"><a class=\"tdb-logo-a\" href=\"https:\/\/www.monitoruldevaslui.ro\/\"><span class=\"tdb-logo-img-wrap\"><img decoding=\"async\" class=\"tdb-logo-img td-retina-data\" data-retina=\"https:\/\/www.monitoruldevaslui.ro\/wp-content\/uploads\/2025\/07\/Monitorul-logo-motto-2.png\" src=\"https:\/\/www.monitoruldevaslui.ro\/wp-content\/uploads\/2025\/07\/Monitorul-logo-motto-2.png\" alt=\"Logo\" title><\/span><span class=\"tdb-logo-text-wrap\"><span class=\"tdb-logo-text-title\">News<\/span><span class=\"tdb-logo-text-tagline\">Hub<\/span><\/span><\/a><\/div>\n<div class=\"tdb-block-inner td-fix-index\"><a class=\"tdb-logo-a\" href=\"https:\/\/www.monitoruldevaslui.ro\/\"><span class=\"tdb-logo-img-wrap\"><img decoding=\"async\" class=\"tdb-logo-img td-retina-data\" data-retina=\"https:\/\/www.monitoruldevaslui.ro\/wp-content\/uploads\/2025\/07\/Monitorul-logo-motto-2.png\" src=\"https:\/\/www.monitoruldevaslui.ro\/wp-content\/uploads\/2025\/07\/Monitorul-logo-motto-2.png\" alt=\"Logo\" title><\/span><\/a><\/div>\n<div class=\"tdb-block-inner td-fix-index\">\n<div class=\"tdb-weather-deg-wrap\" data-block-uid=\"tdb_header_weather_uid\"><span class=\"tdb-weather-deg\">33.5<\/span><span class=\"tdb-weather-unit\">C<\/span><\/div>\n<div class=\"tdb-weather-city\">Vaslui<\/div>\n<\/div>\n<div class=\"td-post-content tagdiv-type\">\n<p class=\"wp-block-paragraph\"><strong>\u00cen \u0219edin\u021ba de ast\u0103zi a Comisiei Tehnico-Economic\u0103 de la nivelul Prim\u0103ria Vaslui a fost aprobat\u0103 amenajaea unui noi parc\u0103ri auto pe locul vechiului bazar. Parcarea va avea 71 de locuri standard, 3 special amenajate pentru persoanele cu dizabilit\u0103\u021bi, 8 locuri petru biciclet\u0103\u0219i 3 locuri pentrui motociclete.<\/strong><\/p>\n<div class=\"wp-block-image\">\n<figure class=\"aligncenter size-full is-resized\"><img loading=\"lazy\" decoding=\"async\" width=\"947\" height=\"600\" src=\"https:\/\/www.monitoruldevaslui.ro\/wp-content\/uploads\/2026\/04\/Fost-bazar-parcare-centru-comercial-kaufland-strada-Decebal.png\" alt class=\"wp-image-98707\"><\/figure>\n<\/div>\n<p class=\"wp-block-paragraph\">\u201eAst\u0103zi, 20 august 2026, \u00een cadrul \u0219edin\u021bei Comisiei Tehnico-Economice a fost aprobat\u0103 amenajarea unei noi parc\u0103ri auto \u00een incinta vechiului bazar (strada Decebal). Acest proiect, absolut necesar pentru suplimentarea locurilor de parcare din municipiu, va fi realizat prin reinvestirea sumelor generate de parc\u0103rile stradale cu plat\u0103\u201d, a anun\u021bat Prim\u0103ria Vaslui ast\u0103zi, preciz\u00e2nc c\u0103 veniturile ob\u021binute \u00een urma investi\u021biilor efectuate anul trecut \u00een gestionarea parc\u0103rilor publice sunt direc\u021bionate c\u0103tre extinderea infrastructurii urbane.<\/p>\n<p class=\"wp-block-paragraph\">Noul obiectiv de investi\u021bii va pune la dispozi\u021bia vasluienilor un num\u0103r total de 85 de locuri de parcare: 71 de locuri standard, 3 special amenajate pentru persoanele cu dizabilit\u0103\u021bi, 8 locuri petru biciclet\u0103\u0219i 3 locuri pentrui motociclete.<\/p>\n<p class=\"wp-block-paragraph\">Munipalitatea vasluian\u0103 arat\u0103 c\u0103 proiectul tehnic include amenajarea de spa\u021bii verzi adiacente, implementarea unui sistem modern de iluminat public, iar suplimentar\u00a0dou\u0103 locuri de parcare dotate cu sta\u021bii de \u00eenc\u0103rcare electric\u0103.<\/p>\n<p class=\"wp-block-paragraph\">\u201eFondurile ob\u021binute din administrarea parc\u0103rilor publice sunt reinvestite \u00een proiecte destinate vasluienilor. Aprobarea obiectivului de pe strada Decebal este o m\u0103sur\u0103 administrativ\u0103 prin care utiliz\u0103m resursele colectate pentru a r\u0103spunde nevoilor reale ale cet\u0103\u021benilor, asigur\u00e2nd extinderea infrastructurii \u0219i suplimentarea locurilor de parcare \u00een municipiu\u201d, a spus Lucian Brani\u0219te, primarul municipiului Vaslui<\/p>\n<\/div>\n<p>[analyse_source url=&#8221;https:\/\/www.monitoruldevaslui.ro\/2026\/08\/primaria-vaslui-anunta-amenajarea-unui-noi-parcari-cu-85-de-locuri-cu-banii-din-parcarile-cu-plata\/#new_tab&#8221;]<\/p>\n","protected":false},"excerpt":{"rendered":"<p>[analyse_image type=&#8221;featured&#8221; src=&#8221;&#8221;] NewsHub 33.5C Vaslui \u00cen \u0219edin\u021ba de ast\u0103zi a Comisiei Tehnico-Economic\u0103 de la nivelul Prim\u0103ria Vaslui a fost aprobat\u0103 amenajaea unui noi parc\u0103ri auto pe locul vechiului bazar. Parcarea va avea 71 de locuri standard, 3 special amenajate pentru persoanele cu dizabilit\u0103\u021bi, 8 locuri petru biciclet\u0103\u0219i 3 locuri pentrui motociclete. \u201eAst\u0103zi, 20 august [&hellip;]<\/p>\n","protected":false},"author":1,"featured_media":0,"comment_status":"open","ping_status":"","sticky":false,"template":"","format":"standard","meta":{"footnotes":""},"categories":[89],"tags":[226,217],"class_list":["post-2102510","post","type-post","status-publish","format-standard","hentry","category-romania","tag-crawlmanager","tag-vaslui-robo-stiri-ro"],"_links":{"self":[{"href":"https:\/\/analyse.optim.biz\/index.php?rest_route=\/wp\/v2\/posts\/2102510","targetHints":{"allow":["GET"]}}],"collection":[{"href":"https:\/\/analyse.optim.biz\/index.php?rest_route=\/wp\/v2\/posts"}],"about":[{"href":"https:\/\/analyse.optim.biz\/index.php?rest_route=\/wp\/v2\/types\/post"}],"author":[{"embeddable":true,"href":"https:\/\/analyse.optim.biz\/index.php?rest_route=\/wp\/v2\/users\/1"}],"replies":[{"embeddable":true,"href":"https:\/\/analyse.optim.biz\/index.php?rest_route=%2Fwp%2Fv2%2Fcomments&post=2102510"}],"version-history":[{"count":0,"href":"https:\/\/analyse.optim.biz\/index.php?rest_route=\/wp\/v2\/posts\/2102510\/revisions"}],"wp:attachment":[{"href":"https:\/\/analyse.optim.biz\/index.php?rest_route=%2Fwp%2Fv2%2Fmedia&parent=2102510"}],"wp:term":[{"taxonomy":"category","embeddable":true,"href":"https:\/\/analyse.optim.biz\/index.php?rest_route=%2Fwp%2Fv2%2Fcategories&post=2102510"},{"taxonomy":"post_tag","embeddable":true,"href":"https:\/\/analyse.optim.biz\/index.php?rest_route=%2Fwp%2Fv2%2Ftags&post=2102510"}],"curies":[{"name":"wp","href":"https:\/\/api.w.org\/{rel}","templated":true}]}}