{"id":2102497,"date":"2026-08-20T10:20:19","date_gmt":"2026-08-20T07:20:19","guid":{"rendered":"https:\/\/analyse.optim.biz\/?p=2102497"},"modified":"2026-08-20T10:20:19","modified_gmt":"2026-08-20T07:20:19","slug":"cel-mai-mare-festival-de-muzica-folk-din-tara-isi-deschide-portile-la-putna-pe-28-si-29-august","status":"publish","type":"post","link":"https:\/\/analyse.optim.biz\/?p=2102497","title":{"rendered":"Cel mai mare festival de muzic\u0103 folk din \u021bar\u0103 \u00ee\u0219i deschide por\u021bile la Putna pe 28 \u0219i 29 august"},"content":{"rendered":"<p>[analyse_image type=&#8221;featured&#8221; src=&#8221;https:\/\/img.svnews.ro\/foto\/2026\/08\/20\/554590\/95b2b0cd928d34c67b2cc808a.jpg&#8221;]<\/p>\n<div class=\"entry\"><img loading=\"lazy\" decoding=\"async\" width=\"650\" height=\"325\" src=\"https:\/\/img.svnews.ro\/foto\/2026\/08\/20\/554590\/95b2b0cd928d34c67b2cc808a06500325.jpg\" alt><\/p>\n<div class=\"entry_content\">\n<p>Comuna sucevean\u0103 Putna va g\u0103zdui, la finalul lunii august, cea de-a VII-a edi\u021bie a Festivalului Na\u021bional de Muzic\u0103 Folk \u201eRidic\u0103-te, \u0218tefane!\u201d. Festivalul se va desf\u0103\u0219ura pe parcursul a dou\u0103 zile, 28 \u0219i 29 august, reunind pe scen\u0103 arti\u0219ti consacra\u021bi ai muzicii folk. \u00cen prima zi, publicul \u00eei va putea asculta pe Vasile \u0218eicaru, Ducu Bertzi, trupa Sunt Un Frate T\u00e2n\u0103r, Mihai Napu \u0219i CALEnDAR. Programul celei de-a doua seri \u00eei aduce \u00een fa\u021ba spectatorilor pe Mircea Baniciu, Semnal M, Emeric Imre, Cristian Buic\u0103 \u0219i Dan Van\u0103. \u201dMai sunt doar c\u00e2teva zile p\u00e2n\u0103 c\u00e2nd Putna va deveni, din nou, locul de \u00eent\u00e2lnire al iubitorilor de muzic\u0103 folk. Pe 28 \u0219i 29 august, v\u0103 a\u0219tept\u0103m la cea de-a VII-a edi\u021bie a Festivalului Na\u021bional de Muzic\u0103 Folk \u201eRidic\u0103-te, \u0218tefane!\u201d, dou\u0103 seri cu arti\u0219ti \u00eendr\u0103gi\u021bi, atmosfer\u0103 deosebit\u0103 \u0219i intrare liber\u0103. Ne vedem la Putna!\u201d, a transmis primarul Gheorghe Coroam\u0103.<\/p>\n<p><img loading=\"lazy\" decoding=\"async\" class=\"alignnone size-medium wp-image-554591\" src=\"https:\/\/img.svnews.ro\/foto\/2026\/08\/20\/554590\/95b2b0cd928d34c67b2cc808a06500776.jpg\" alt width=\"650\" height=\"776\"><\/p>\n<\/div>\n<div>\n<div>VN:F [1.9.22_1171]<\/div>\n<div class=\"ratingblock \">\n<div class=\"ratingstars \">\n<div id=\"article_loader_554590\" class=\"ratingloaderarticle\">\n<div class=\"loader arrows \">\n<div class=\"loaderinner\">se actualizeaz\u0103&#8230;<\/div>\n<\/div>\n<\/div>\n<\/div>\n<div class=\"ratingtext \">\n<div id=\"gdr_text_a554590\">Rating: 0.0\/<strong>10<\/strong> (0 votes cast)<\/div>\n<\/div>\n<\/div>\n<\/div>\n<\/div>\n<div class=\"entry_content\">\n<p>Comuna sucevean\u0103 Putna va g\u0103zdui, la finalul lunii august, cea de-a VII-a edi\u021bie a Festivalului Na\u021bional de Muzic\u0103 Folk \u201eRidic\u0103-te, \u0218tefane!\u201d. Festivalul se va desf\u0103\u0219ura pe parcursul a dou\u0103 zile, 28 \u0219i 29 august, reunind pe scen\u0103 arti\u0219ti consacra\u021bi ai muzicii folk. \u00cen prima zi, publicul \u00eei va putea asculta pe Vasile \u0218eicaru, Ducu Bertzi, trupa Sunt Un Frate T\u00e2n\u0103r, Mihai Napu \u0219i CALEnDAR. Programul celei de-a doua seri \u00eei aduce \u00een fa\u021ba spectatorilor pe Mircea Baniciu, Semnal M, Emeric Imre, Cristian Buic\u0103 \u0219i Dan Van\u0103. \u201dMai sunt doar c\u00e2teva zile p\u00e2n\u0103 c\u00e2nd Putna va deveni, din nou, locul de \u00eent\u00e2lnire al iubitorilor de muzic\u0103 folk. Pe 28 \u0219i 29 august, v\u0103 a\u0219tept\u0103m la cea de-a VII-a edi\u021bie a Festivalului Na\u021bional de Muzic\u0103 Folk \u201eRidic\u0103-te, \u0218tefane!\u201d, dou\u0103 seri cu arti\u0219ti \u00eendr\u0103gi\u021bi, atmosfer\u0103 deosebit\u0103 \u0219i intrare liber\u0103. Ne vedem la Putna!\u201d, a transmis primarul Gheorghe Coroam\u0103.<\/p>\n<p><img loading=\"lazy\" decoding=\"async\" class=\"alignnone size-medium wp-image-554591\" src=\"https:\/\/img.svnews.ro\/foto\/2026\/08\/20\/554590\/95b2b0cd928d34c67b2cc808a06500776.jpg\" alt width=\"650\" height=\"776\"><\/p>\n<\/div>\n<p>[analyse_source url=&#8221;https:\/\/www.svnews.ro\/cel-mai-mare-festival-de-muzica-folk-din-tara-isi-deschide-portile-la-putna-pe-28-si-29-august\/554590\/&#8221;]<\/p>\n","protected":false},"excerpt":{"rendered":"<p>[analyse_image type=&#8221;featured&#8221; src=&#8221;https:\/\/img.svnews.ro\/foto\/2026\/08\/20\/554590\/95b2b0cd928d34c67b2cc808a.jpg&#8221;] Comuna sucevean\u0103 Putna va g\u0103zdui, la finalul lunii august, cea de-a VII-a edi\u021bie a Festivalului Na\u021bional de Muzic\u0103 Folk \u201eRidic\u0103-te, \u0218tefane!\u201d. Festivalul se va desf\u0103\u0219ura pe parcursul a dou\u0103 zile, 28 \u0219i 29 august, reunind pe scen\u0103 arti\u0219ti consacra\u021bi ai muzicii folk. \u00cen prima zi, publicul \u00eei va putea asculta pe Vasile [&hellip;]<\/p>\n","protected":false},"author":1,"featured_media":0,"comment_status":"open","ping_status":"","sticky":false,"template":"","format":"standard","meta":{"footnotes":""},"categories":[89],"tags":[226,175],"class_list":["post-2102497","post","type-post","status-publish","format-standard","hentry","category-romania","tag-crawlmanager","tag-svnews-ro"],"_links":{"self":[{"href":"https:\/\/analyse.optim.biz\/index.php?rest_route=\/wp\/v2\/posts\/2102497","targetHints":{"allow":["GET"]}}],"collection":[{"href":"https:\/\/analyse.optim.biz\/index.php?rest_route=\/wp\/v2\/posts"}],"about":[{"href":"https:\/\/analyse.optim.biz\/index.php?rest_route=\/wp\/v2\/types\/post"}],"author":[{"embeddable":true,"href":"https:\/\/analyse.optim.biz\/index.php?rest_route=\/wp\/v2\/users\/1"}],"replies":[{"embeddable":true,"href":"https:\/\/analyse.optim.biz\/index.php?rest_route=%2Fwp%2Fv2%2Fcomments&post=2102497"}],"version-history":[{"count":0,"href":"https:\/\/analyse.optim.biz\/index.php?rest_route=\/wp\/v2\/posts\/2102497\/revisions"}],"wp:attachment":[{"href":"https:\/\/analyse.optim.biz\/index.php?rest_route=%2Fwp%2Fv2%2Fmedia&parent=2102497"}],"wp:term":[{"taxonomy":"category","embeddable":true,"href":"https:\/\/analyse.optim.biz\/index.php?rest_route=%2Fwp%2Fv2%2Fcategories&post=2102497"},{"taxonomy":"post_tag","embeddable":true,"href":"https:\/\/analyse.optim.biz\/index.php?rest_route=%2Fwp%2Fv2%2Ftags&post=2102497"}],"curies":[{"name":"wp","href":"https:\/\/api.w.org\/{rel}","templated":true}]}}