{"id":2102485,"date":"2026-08-18T14:43:15","date_gmt":"2026-08-18T11:43:15","guid":{"rendered":"https:\/\/analyse.optim.biz\/?p=2102485"},"modified":"2026-08-18T14:43:15","modified_gmt":"2026-08-18T11:43:15","slug":"paradoxul-legii-integritatii-dominic-fritz-poate-pierde-mandatul-pentru-o-fapta-care-nu-mai-e-conflict-de","status":"publish","type":"post","link":"https:\/\/analyse.optim.biz\/?p=2102485","title":{"rendered":"Paradoxul Legii Integrit\u0103\u021bii: Dominic Fritz poate pierde mandatul pentru o fapt\u0103 care nu mai e conflict de"},"content":{"rendered":"<p>[analyse_image type=&#8221;featured&#8221; src=&#8221;https:\/\/orasul-timisoara.ro\/wp-content\/uploads\/2026\/08\/dominic-fritz-009.jpg&#8221;]<\/p>\n<article id=\"post-40306\" class=\"td-post-template-7 post-40306 post type-post status-publish format-standard has-post-thumbnail category-featured category-politic category-stiri-timisoara tag-ani tag-ccr tag-conflict-de-interese tag-curtea-constitutionala tag-dominic-fritz tag-iccj-2 tag-inalta-curte-de-casatie-si-justitie tag-legea-ani tag-legea-integritatii tag-pnrr tag-primaria-timisoara-2 tag-psd tag-timisoara-2 tag-usr td-container-wrap\">\n<div class=\"td-full-screen-header-image-wrap\">\n<div class=\"td-container td-post-header\">\n<div class=\"td-crumb-container\">\n<div class=\"entry-crumbs\"><span><a title=\"Vede\u021bi toate articolele \u00een Politic\" class=\"entry-crumb\" href=\"https:\/\/orasul-timisoara.ro\/local-category\/politic\/\">Politic<\/a><\/span><span class=\"td-bred-no-url-last\">Paradoxul Legii Integrit\u0103\u021bii: Dominic Fritz poate pierde mandatul pentru o fapt\u0103 care&#8230;<\/span><\/div>\n<\/div>\n<div class=\"td-post-header-holder\">\n<div class=\"td-parallax-header\">\n<header class=\"td-post-title\">\n<ul class=\"td-category\">\n<li class=\"entry-category\"><a href=\"https:\/\/orasul-timisoara.ro\/local-category\/politic\/\">Politic<\/a><\/li>\n<li class=\"entry-category\"><a href=\"https:\/\/orasul-timisoara.ro\/local-category\/stiri-timisoara\/\">\u0218tiri Locale<\/a><\/li>\n<\/ul>\n<h1 class=\"entry-title\">Paradoxul Legii Integrit\u0103\u021bii: Dominic Fritz poate pierde mandatul pentru o fapt\u0103 care nu mai e conflict de interese<\/h1>\n<div class=\"td-module-meta-info\">\n<div class=\"td-post-author-name\">\n<div class=\"td-author-by\">De c\u0103tre<\/div>\n<p><a href=\"https:\/\/orasul-timisoara.ro\/author\/timisoara\/\">redactia<\/a><\/p>\n<div class=\"td-author-line\"> &#8211; <\/div>\n<\/div>\n<p><span class=\"td-post-date\"><time class=\"entry-date updated td-module-date\" datetime=\"2026-08-18T17:43:15+03:00\">18\/08\/2026<\/time><\/span><\/div>\n<\/header>\n<\/div>\n<\/div>\n<\/div>\n<div id=\"td-full-screen-header-image\" class=\"td-image-gradient-style7\"><img decoding=\"async\" class=\"td-backstretch\" src=\"https:\/\/orasul-timisoara.ro\/wp-content\/uploads\/2026\/08\/dominic-fritz-009.jpg\"><\/div>\n<\/div>\n<div class=\"td-container\">\n<div class=\"td-pb-row\">\n<div class=\"td-pb-span8 td-main-content\" role=\"main\">\n<div class=\"td-ss-main-content\">\n<div class=\"td-post-sharing-top\">\n<div class=\"td-post-sharing-classic\"><iframe title=\"topFacebookLike\" frameborder src=\"https:\/\/www.facebook.com\/plugins\/like.php?href=https:\/\/orasul-timisoara.ro\/local-40306\/&amp;layout=button_count&amp;show_faces=false&amp;width=105&amp;action=like&amp;colorscheme=light&amp;height=21\"><\/iframe><\/div>\n<div id=\"td_social_sharing_article_top\" class=\"td-post-sharing td-ps-bg td-ps-notext td-post-sharing-style1 \">\n<div class=\"td-post-sharing-visible\"><a class=\"td-social-sharing-button td-social-sharing-button-js td-social-network td-social-facebook\" href=\"https:\/\/www.facebook.com\/sharer.php?u=https%3A%2F%2Forasul-timisoara.ro%2Flocal-40306%2F\" title=\"Facebook\"><\/p>\n<div class=\"td-social-but-text\">Facebook<\/div>\n<p><\/a><a class=\"td-social-sharing-button td-social-sharing-button-js td-social-network td-social-twitter\" href=\"https:\/\/twitter.com\/intent\/tweet?text=Paradoxul+Legii+Integrit%C4%83%C8%9Bii%3A+Dominic+Fritz+poate+pierde+mandatul+pentru+o+fapt%C4%83+care+nu+mai+e+conflict+de+interese&amp;url=https%3A%2F%2Forasul-timisoara.ro%2Flocal-40306%2F&amp;via=orasultm\" title=\"Twitter\"><\/p>\n<div class=\"td-social-but-text\">Twitter<\/div>\n<p><\/a><a class=\"td-social-sharing-button td-social-sharing-button-js td-social-network td-social-whatsapp\" href=\"https:\/\/api.whatsapp.com\/send?text=Paradoxul+Legii+Integrit%C4%83%C8%9Bii%3A+Dominic+Fritz+poate+pierde+mandatul+pentru+o+fapt%C4%83+care+nu+mai+e+conflict+de+interese%20%0A%0A%20https:\/\/orasul-timisoara.ro\/local-40306\/\" title=\"WhatsApp\"><\/p>\n<div class=\"td-social-but-text\">WhatsApp<\/div>\n<p><\/a><a class=\"td-social-sharing-button td-social-sharing-button-js td-social-network td-social-linkedin\" href=\"https:\/\/www.linkedin.com\/shareArticle?mini=true&amp;url=https:\/\/orasul-timisoara.ro\/local-40306\/&amp;title=Paradoxul+Legii+Integrit%C4%83%C8%9Bii%3A+Dominic+Fritz+poate+pierde+mandatul+pentru+o+fapt%C4%83+care+nu+mai+e+conflict+de+interese\" title=\"Linkedin\"><\/p>\n<div class=\"td-social-but-text\">Linkedin<\/div>\n<p><\/a><a class=\"td-social-sharing-button td-social-sharing-button-js td-social-network td-social-reddit\" href=\"https:\/\/reddit.com\/submit?url=https:\/\/orasul-timisoara.ro\/local-40306\/&amp;title=Paradoxul+Legii+Integrit%C4%83%C8%9Bii%3A+Dominic+Fritz+poate+pierde+mandatul+pentru+o+fapt%C4%83+care+nu+mai+e+conflict+de+interese\" title=\"ReddIt\"><\/p>\n<div class=\"td-social-but-text\">ReddIt<\/div>\n<p><\/a><a class=\"td-social-sharing-button td-social-sharing-button-js td-social-network td-social-mail\" href=\"mailto:?subject=Paradoxul%20Legii%20Integrit%C4%83%C8%9Bii:%20Dominic%20Fritz%20poate%20pierde%20mandatul%20pentru%20o%20fapt%C4%83%20care%20nu%20mai%20e%20conflict%20de%20interese&amp;body=https:\/\/orasul-timisoara.ro\/local-40306\/\" title=\"Email\"><\/p>\n<div class=\"td-social-but-text\">Email<\/div>\n<p><\/a><a class=\"td-social-sharing-button td-social-sharing-button-js td-social-network td-social-print\" href=\"https:\/\/orasul-timisoara.ro\/local-40306\/\" title=\"Imprimare\"><\/p>\n<div class=\"td-social-but-text\">Imprimare<\/div>\n<p><\/a><\/div>\n<\/div>\n<\/div>\n<div class=\"td-post-content tagdiv-type\">\n<p class=\"wp-block-paragraph\">Noua form\u0103 a Legii Integrit\u0103\u021bii produce o situa\u021bie juridic\u0103 neobi\u0219nuit\u0103 \u00een cazul primarului Timi\u0219oarei, Dominic Fritz. Pe de o parte, prevederea declarat\u0103 constitu\u021bional\u0103 de Curtea Constitu\u021bional\u0103 poate duce la \u00eencetarea mandatului s\u0103u \u00een termen de 30 de zile, pentru un conflict de interese constatat definitiv \u00eenainte de intrarea \u00een vigoare a noii legi. Pe de alt\u0103 parte, aceea\u0219i form\u0103 a legii prevede c\u0103 un ales local nu se afl\u0103 \u00een conflict de interese atunci c\u00e2nd particip\u0103 la emiterea sau adoptarea unui act administrativ cu caracter normativ.<\/p>\n<p class=\"wp-block-paragraph\">Situa\u021bia este relevant\u0103 pentru cazul lui Fritz deoarece \u00cenalta Curte de Casa\u021bie \u0219i Justi\u021bie a confirmat definitiv \u00een iunie 2026 existen\u021ba conflictului de interese \u00een cazul s\u0103u. \u00cen acela\u0219i timp, noul text de lege introduce o excep\u021bie care vizeaz\u0103 exact participarea ale\u0219ilor locali la emiterea sau adoptarea actelor administrative cu caracter normativ, categorie \u00een care se \u00eencadreaz\u0103 hot\u0103r\u00e2rile de consiliu local privind aprobarea planurilor urbanistice zonale.<\/p>\n<h2 class=\"wp-block-heading\">Legea Integrit\u0103\u021bii creeaz\u0103 un paradox \u00een cazul lui Dominic Fritz<\/h2>\n<p class=\"wp-block-paragraph\">\u00cen forma trimis\u0103 spre promulgare, noua Lege a Integrit\u0103\u021bii introduce o excep\u021bie important\u0103 \u00een materia conflictelor de interese pentru ale\u0219ii locali. Textul prevede c\u0103 nu se afl\u0103 \u00een situa\u021bie de conflict de interese alesul local care emite sau particip\u0103 la emiterea ori adoptarea unui act administrativ cu caracter normativ.<\/p>\n<p class=\"wp-block-paragraph\">Prevederea este relevant\u0103 pentru Dominic Fritz deoarece conflictul de interese constatat definitiv de instan\u021be are leg\u0103tur\u0103 cu participarea sa la procedura de aprobare a unui plan urbanistic zonal. Astfel, apare o situa\u021bie aparent contradictorie: aceea\u0219i lege care poate duce la \u00eencetarea mandatului primarului pentru un conflict de interese constatat \u00een trecut exclude, pentru viitor, din sfera conflictului de interese tocmai participarea la emiterea sau adoptarea unor acte administrative cu caracter normativ.<\/p>\n<p class=\"wp-block-paragraph\">Este una dintre cele mai importante controverse juridice generate de noul text legislativ, iar efectele sale asupra cazului Fritz depind de modul \u00een care prevederile vor fi aplicate dup\u0103 intrarea \u00een vigoare a legii.<\/p>\n<h2 class=\"wp-block-heading\">Pentru ce fapt\u0103 a fost declarat Fritz \u00een conflict de interese<\/h2>\n<p class=\"wp-block-paragraph\">Cazul lui Dominic Fritz \u00ee\u0219i are originea \u00een anul 2020, c\u00e2nd primarul Timi\u0219oarei a participat la procedura administrativ\u0103 privind aprobarea unui plan urbanistic zonal solicitat de un dezvoltator imobiliar.<\/p>\n<p class=\"wp-block-paragraph\">\u00cen noiembrie 2020, Fritz a semnat un referat de aprobare a proiectului de hot\u0103r\u00e2re de Consiliu Local prin care urma s\u0103 fie aprobat PUZ-ul. Agen\u021bia Na\u021bional\u0103 de Integritate a considerat c\u0103 participarea sa la aceast\u0103 procedur\u0103 a reprezentat un conflict de interese, \u00een condi\u021biile \u00een care dezvoltatorul era legat de persoana care \u00eei acordase primarului un \u00eemprumut pentru finan\u021barea campaniei electorale.<\/p>\n<p class=\"wp-block-paragraph\">Curtea de Apel Timi\u0219oara a stabilit c\u0103 semnarea referatului de aprobare reprezenta participarea primarului la procesul de emitere \u0219i adoptare a actului administrativ. Instan\u021ba a re\u021binut c\u0103, f\u0103r\u0103 acest document, proiectul nu putea ajunge \u00een mod legal la dezbaterea Consiliului Local.<\/p>\n<h2 class=\"wp-block-heading\">\u00cenalta Curte a confirmat definitiv conflictul de interese<\/h2>\n<p class=\"wp-block-paragraph\">Dominic Fritz a contestat raportul \u00eentocmit de ANI, \u00eens\u0103 demersul s\u0103u \u00een instan\u021b\u0103 nu a avut c\u00e2\u0219tig de cauz\u0103. Curtea de Apel Timi\u0219oara a men\u021binut raportul de evaluare, iar \u00cenalta Curte de Casa\u021bie \u0219i Justi\u021bie a respins ulterior recursul formulat de primarul Timi\u0219oarei.<\/p>\n<p class=\"wp-block-paragraph\">Solu\u021bia \u00cenaltei Cur\u021bi din iunie 2026 a confirmat definitiv existen\u021ba conflictului de interese. Potrivit comunic\u0103rii instan\u021bei supreme, Fritz a participat la emiterea unui act administrativ prin care, folosindu-\u0219i autoritatea func\u021biei, a procurat beneficii propriului creditor, de la care primise un \u00eemprumut pentru finan\u021barea campaniei electorale.<\/p>\n<p class=\"wp-block-paragraph\">Prin urmare, existen\u021ba conflictului de interese \u00een cazul lui Dominic Fritz nu mai reprezint\u0103 o chestiune aflat\u0103 \u00een litigiu. Instan\u021bele au confirmat definitiv situa\u021bia juridic\u0103 stabilit\u0103 \u00een raportul ANI.<\/p>\n<h2 class=\"wp-block-heading\">PUZ-ul, considerat act administrativ cu caracter normativ<\/h2>\n<p class=\"wp-block-paragraph\">Un element esen\u021bial pentru \u00een\u021belegerea situa\u021biei este natura juridic\u0103 a actului administrativ \u00een discu\u021bie. Printr-o decizie din 2021, \u00cenalta Curte a stabilit c\u0103 hot\u0103r\u00e2rea consiliului local prin care este aprobat un plan urbanistic zonal reprezint\u0103 un act administrativ cu caracter normativ.<\/p>\n<p class=\"wp-block-paragraph\">Aceast\u0103 interpretare devine important\u0103 \u00een raport cu noua Lege a Integrit\u0103\u021bii. Textul adoptat de Parlament prevede c\u0103 alesul local nu se afl\u0103 \u00een conflict de interese atunci c\u00e2nd emite sau particip\u0103 la emiterea ori adoptarea unui act administrativ cu caracter normativ.<\/p>\n<p class=\"wp-block-paragraph\">\u00cen cazul lui Fritz, instan\u021bele au stabilit c\u0103 semnarea referatului de aprobare a PUZ-ului a reprezentat participarea sa la procesul de emitere \u0219i adoptare a actului administrativ. Tocmai aceast\u0103 \u00eemprejurare face ca noua formulare a legii s\u0103 fie relevant\u0103 pentru situa\u021bia sa.<\/p>\n<h2 class=\"wp-block-heading\">Aceea\u0219i lege poate duce la pierderea mandatului<\/h2>\n<p class=\"wp-block-paragraph\">Paradoxul devine \u0219i mai evident printr-o alt\u0103 prevedere introdus\u0103 \u00een noua lege. Aceasta stabile\u0219te c\u0103 demnitarii \u0219i ale\u0219ii locali fa\u021b\u0103 de care a fost constatat\u0103 definitiv o stare de incompatibilitate sau un conflict de interese anterior intr\u0103rii \u00een vigoare a noii legi \u00ee\u0219i pierd mandatul \u00een termen de 30 de zile.<\/p>\n<p class=\"wp-block-paragraph\">A\u0219a-numitul \u201eamendament Fritz\u201d, introdus de PSD, este prevederea care \u00eel poate afecta direct pe primarul Timi\u0219oarei. Conflictul s\u0103u de interese a fost constatat definitiv \u00eenainte de intrarea \u00een vigoare a noii reglement\u0103ri.<\/p>\n<p class=\"wp-block-paragraph\">Curtea Constitu\u021bional\u0103 a declarat constitu\u021bional\u0103 aceast\u0103 prevedere. Potrivit informa\u021biilor publice despre decizia CCR, amendamentul a trecut de controlul de constitu\u021bionalitate cu cinci voturi la trei.<\/p>\n<p class=\"wp-block-paragraph\">\u00cen cazul \u00een care legea va fi promulgat\u0103 \u0219i va intra \u00een vigoare \u00een forma actual\u0103, prevederea poate constitui baza legal\u0103 pentru \u00eencetarea mandatului lui Dominic Fritz.<\/p>\n<h2 class=\"wp-block-heading\">Fapta pentru care Fritz a fost sanc\u021bionat nu ar mai constitui conflict de interese \u00een acelea\u0219i condi\u021bii<\/h2>\n<p class=\"wp-block-paragraph\">Aici apare principala contradic\u021bie semnalat\u0103 de juri\u0219ti \u0219i comentatori publici. Potrivit noii forme a Legii Integrit\u0103\u021bii, un ales local nu se mai afl\u0103 \u00een conflict de interese atunci c\u00e2nd particip\u0103 la emiterea sau adoptarea unui act administrativ cu caracter normativ.<\/p>\n<p class=\"wp-block-paragraph\">\u00cen cazul lui Dominic Fritz, exact participarea la procedura de adoptare a unui asemenea act administrativ a stat la baza constat\u0103rii conflictului de interese.<\/p>\n<p class=\"wp-block-paragraph\">Prin urmare, dac\u0103 aceea\u0219i situa\u021bie ar avea loc dup\u0103 intrarea \u00een vigoare a noii legi, cadrul juridic ar fi diferit. Un ales local care ar participa la emiterea sau adoptarea unui act administrativ cu caracter normativ nu ar mai intra, prin aceast\u0103 conduit\u0103, \u00een categoria conflictelor de interese prev\u0103zut\u0103 de noul text.<\/p>\n<p class=\"wp-block-paragraph\">Sorin Ioni\u021b\u0103 a remarcat aceast\u0103 situa\u021bie \u00eentr-o postare public\u0103, sus\u021bin\u00e2nd c\u0103, dup\u0103 modific\u0103rile aduse legisla\u021biei integrit\u0103\u021bii, fapta pentru care Fritz a fost sanc\u021bionat nu ar mai fi tratat\u0103 \u00een acela\u0219i mod.<\/p>\n<h2 class=\"wp-block-heading\">Nu este vorba despre anularea retroactiv\u0103 a deciziei ANI<\/h2>\n<p class=\"wp-block-paragraph\">Faptul c\u0103 noua lege schimb\u0103 regimul juridic pentru viitor nu \u00eenseamn\u0103 automat c\u0103 raportul ANI sau hot\u0103r\u00e2rile instan\u021belor prin care a fost confirmat conflictul de interese al lui Dominic Fritz sunt desfiin\u021bate.<\/p>\n<p class=\"wp-block-paragraph\">Conflictul de interese a fost constatat \u00een baza legisla\u021biei aplicabile la momentul faptelor, iar instan\u021bele au confirmat definitiv aceast\u0103 situa\u021bie. Noua lege stabile\u0219te \u00eens\u0103 un alt regim pentru anumite conduite ale ale\u0219ilor locali.<\/p>\n<p class=\"wp-block-paragraph\">De aceea, problema juridic\u0103 este mai complex\u0103 dec\u00e2t simpla afirma\u021bie c\u0103 \u201efapta a fost dezincriminat\u0103\u201d. Conflictul de interese administrativ nu este o infrac\u021biune \u00een sens penal, iar modificarea legislativ\u0103 schimb\u0103 condi\u021biile \u00een care o anumit\u0103 conduit\u0103 este \u00eencadrat\u0103 \u00een materia integrit\u0103\u021bii administrative.<\/p>\n<h2 class=\"wp-block-heading\">CCR a validat prevederea privind mandatele deja afectate<\/h2>\n<p class=\"wp-block-paragraph\">Curtea Constitu\u021bional\u0103 a avut de analizat \u0219i prevederea care vizeaz\u0103 ale\u0219ii locali \u0219i demnitarii pentru care existen\u021ba unei incompatibilit\u0103\u021bi sau a unui conflict de interese a fost stabilit\u0103 definitiv \u00eenainte de intrarea \u00een vigoare a noii legi.<\/p>\n<p class=\"wp-block-paragraph\">Opozi\u021bia \u0219i mai mul\u021bi speciali\u0219ti \u00een drept au criticat aceast\u0103 prevedere, sus\u021bin\u00e2nd c\u0103 ar putea ridica probleme \u00een raport cu principiul neretroactivit\u0103\u021bii legii.<\/p>\n<p class=\"wp-block-paragraph\">CCR a considerat \u00eens\u0103 constitu\u021bional\u0103 prevederea. \u00cen consecin\u021b\u0103, \u00een cazul \u00een care legea va intra \u00een vigoare \u00een forma actual\u0103, faptul c\u0103 situa\u021bia lui Dominic Fritz este anterioar\u0103 noii reglement\u0103ri nu \u00eempiedic\u0103, \u00een principiu, aplicarea mecanismului privind \u00eencetarea mandatului.<\/p>\n<p class=\"wp-block-paragraph\">R\u0103m\u00e2ne \u00eens\u0103 de parcurs procedura administrativ\u0103 necesar\u0103 dup\u0103 promulgarea \u0219i publicarea legii.<\/p>\n<h2 class=\"wp-block-heading\">Ce se \u00eent\u00e2mpl\u0103 cu mandatul lui Dominic Fritz<\/h2>\n<p class=\"wp-block-paragraph\">Dominic Fritz nu \u0219i-a pierdut \u00een acest moment mandatul de primar al Timi\u0219oarei. Pentru ca acest lucru s\u0103 se \u00eent\u00e2mple, noua lege trebuie s\u0103 intre \u00een vigoare, iar prevederile sale trebuie aplicate \u00een procedura prev\u0103zut\u0103 de legisla\u021bie.<\/p>\n<p class=\"wp-block-paragraph\">Decizia CCR privind constitu\u021bionalitatea amendamentului reprezint\u0103 \u00eens\u0103 un pas important \u00een aceast\u0103 direc\u021bie. Dac\u0103 legea va fi promulgat\u0103 \u00een forma actual\u0103, situa\u021bia lui Fritz va trebui analizat\u0103 prin raportare la prevederea care stabile\u0219te \u00eencetarea mandatului pentru incompatibilit\u0103\u021bi \u0219i conflicte de interese constatate definitiv anterior.<\/p>\n<p class=\"wp-block-paragraph\">\u00cen paralel, r\u0103m\u00e2ne problema aparent contradictorie creat\u0103 de aceea\u0219i lege: conduita pentru care Fritz a fost declarat \u00een conflict de interese ar urma s\u0103 fie tratat\u0103 diferit \u00een cazul unor situa\u021bii similare produse dup\u0103 intrarea \u00een vigoare a noilor prevederi.<\/p>\n<h2 class=\"wp-block-heading\">Un paradox care pune \u00een discu\u021bie noul regim al integrit\u0103\u021bii<\/h2>\n<p class=\"wp-block-paragraph\">Cazul Dominic Fritz pune fa\u021b\u0103 \u00een fa\u021b\u0103 dou\u0103 prevederi ale aceleia\u0219i legi. Prima poate produce efecte asupra unui ales local pentru un conflict de interese constatat definitiv \u00eenainte de intrarea \u00een vigoare a noii reglement\u0103ri. A doua restr\u00e2nge \u00eens\u0103, pentru viitor, sfera conflictului de interese \u00een cazul particip\u0103rii la acte administrative cu caracter normativ.<\/p>\n<p class=\"wp-block-paragraph\">\u00cen cazul primarului Timi\u0219oarei, aceast\u0103 suprapunere creeaz\u0103 o situa\u021bie juridic\u0103 aparte. Fritz ar putea pierde mandatul pentru un conflict de interese confirmat definitiv de instan\u021be, \u00een timp ce o conduit\u0103 similar\u0103, produs\u0103 dup\u0103 intrarea \u00een vigoare a noii legi, nu ar mai fi \u00eencadrat\u0103 \u00een acelea\u0219i condi\u021bii ca un conflict de interese.<\/p>\n<p class=\"wp-block-paragraph\">Pentru Timi\u0219oara, miza este direct\u0103. Mandatul lui Dominic Fritz poate fi afectat de noua legisla\u021bie, de\u0219i aceea\u0219i reglementare schimb\u0103 tocmai regula juridic\u0103 aplicabil\u0103 unei conduite care a stat la baza conflictului de interese constatat \u00een cazul s\u0103u.<\/p>\n<p class=\"wp-block-paragraph\">Situa\u021bia va depinde de promulgarea \u0219i intrarea \u00een vigoare a legii, precum \u0219i de aplicarea concret\u0103 a noilor prevederi. P\u00e2n\u0103 atunci, conflictul de interese al lui Dominic Fritz r\u0103m\u00e2ne definitiv stabilit de instan\u021be, iar efectul noii Legi a Integrit\u0103\u021bii asupra mandatului s\u0103u reprezint\u0103 urm\u0103toarea etap\u0103 a disputei juridice \u0219i administrative.<\/p>\n<\/div>\n<footer>\n<div class=\"td-post-source-tags\">\n<ul class=\"td-tags td-post-small-box clearfix\">\n<li><span>ETICHETE<\/span><\/li>\n<li><a href=\"https:\/\/orasul-timisoara.ro\/local-tag\/ani\/\">ani<\/a><\/li>\n<li><a href=\"https:\/\/orasul-timisoara.ro\/local-tag\/ccr\/\">ccr<\/a><\/li>\n<li><a href=\"https:\/\/orasul-timisoara.ro\/local-tag\/conflict-de-interese\/\">conflict de interese<\/a><\/li>\n<li><a href=\"https:\/\/orasul-timisoara.ro\/local-tag\/curtea-constitutionala\/\">Curtea Constitu\u021bional\u0103<\/a><\/li>\n<li><a href=\"https:\/\/orasul-timisoara.ro\/local-tag\/dominic-fritz\/\">dominic fritz<\/a><\/li>\n<li><a href=\"https:\/\/orasul-timisoara.ro\/local-tag\/iccj-2\/\">\u00ceCCJ<\/a><\/li>\n<li><a href=\"https:\/\/orasul-timisoara.ro\/local-tag\/inalta-curte-de-casatie-si-justitie\/\">\u00cenalta Curte de Casa\u021bie \u0219i Justi\u021bie<\/a><\/li>\n<li><a href=\"https:\/\/orasul-timisoara.ro\/local-tag\/legea-ani\/\">legea ANI<\/a><\/li>\n<li><a href=\"https:\/\/orasul-timisoara.ro\/local-tag\/legea-integritatii\/\">Legea Integrit\u0103\u021bii<\/a><\/li>\n<li><a href=\"https:\/\/orasul-timisoara.ro\/local-tag\/pnrr\/\">pnrr<\/a><\/li>\n<li><a href=\"https:\/\/orasul-timisoara.ro\/local-tag\/primaria-timisoara-2\/\">Prim\u0103ria Timi\u0219oara<\/a><\/li>\n<li><a href=\"https:\/\/orasul-timisoara.ro\/local-tag\/psd\/\">psd<\/a><\/li>\n<li><a href=\"https:\/\/orasul-timisoara.ro\/local-tag\/timisoara-2\/\">timi\u0219oara<\/a><\/li>\n<li><a href=\"https:\/\/orasul-timisoara.ro\/local-tag\/usr\/\">usr<\/a><\/li>\n<\/ul>\n<\/div>\n<div class=\"td-post-sharing-bottom\">\n<div class=\"td-post-sharing-classic\"><iframe title=\"bottomFacebookLike\" frameborder src=\"https:\/\/www.facebook.com\/plugins\/like.php?href=https:\/\/orasul-timisoara.ro\/local-40306\/&amp;layout=button_count&amp;show_faces=false&amp;width=105&amp;action=like&amp;colorscheme=light&amp;height=21\"><\/iframe><\/div>\n<div id=\"td_social_sharing_article_bottom\" class=\"td-post-sharing td-ps-bg td-ps-notext td-post-sharing-style1 \">\n<div class=\"td-post-sharing-visible\"><a class=\"td-social-sharing-button td-social-sharing-button-js td-social-network td-social-facebook\" href=\"https:\/\/www.facebook.com\/sharer.php?u=https%3A%2F%2Forasul-timisoara.ro%2Flocal-40306%2F\" title=\"Facebook\"><\/p>\n<div class=\"td-social-but-text\">Facebook<\/div>\n<p><\/a><a class=\"td-social-sharing-button td-social-sharing-button-js td-social-network td-social-twitter\" href=\"https:\/\/twitter.com\/intent\/tweet?text=Paradoxul+Legii+Integrit%C4%83%C8%9Bii%3A+Dominic+Fritz+poate+pierde+mandatul+pentru+o+fapt%C4%83+care+nu+mai+e+conflict+de+interese&amp;url=https%3A%2F%2Forasul-timisoara.ro%2Flocal-40306%2F&amp;via=orasultm\" title=\"Twitter\"><\/p>\n<div class=\"td-social-but-text\">Twitter<\/div>\n<p><\/a><a class=\"td-social-sharing-button td-social-sharing-button-js td-social-network td-social-whatsapp\" href=\"https:\/\/api.whatsapp.com\/send?text=Paradoxul+Legii+Integrit%C4%83%C8%9Bii%3A+Dominic+Fritz+poate+pierde+mandatul+pentru+o+fapt%C4%83+care+nu+mai+e+conflict+de+interese%20%0A%0A%20https:\/\/orasul-timisoara.ro\/local-40306\/\" title=\"WhatsApp\"><\/p>\n<div class=\"td-social-but-text\">WhatsApp<\/div>\n<p><\/a><a class=\"td-social-sharing-button td-social-sharing-button-js td-social-network td-social-linkedin\" href=\"https:\/\/www.linkedin.com\/shareArticle?mini=true&amp;url=https:\/\/orasul-timisoara.ro\/local-40306\/&amp;title=Paradoxul+Legii+Integrit%C4%83%C8%9Bii%3A+Dominic+Fritz+poate+pierde+mandatul+pentru+o+fapt%C4%83+care+nu+mai+e+conflict+de+interese\" title=\"Linkedin\"><\/p>\n<div class=\"td-social-but-text\">Linkedin<\/div>\n<p><\/a><a class=\"td-social-sharing-button td-social-sharing-button-js td-social-network td-social-reddit\" href=\"https:\/\/reddit.com\/submit?url=https:\/\/orasul-timisoara.ro\/local-40306\/&amp;title=Paradoxul+Legii+Integrit%C4%83%C8%9Bii%3A+Dominic+Fritz+poate+pierde+mandatul+pentru+o+fapt%C4%83+care+nu+mai+e+conflict+de+interese\" title=\"ReddIt\"><\/p>\n<div class=\"td-social-but-text\">ReddIt<\/div>\n<p><\/a><a class=\"td-social-sharing-button td-social-sharing-button-js td-social-network td-social-mail\" href=\"mailto:?subject=Paradoxul%20Legii%20Integrit%C4%83%C8%9Bii:%20Dominic%20Fritz%20poate%20pierde%20mandatul%20pentru%20o%20fapt%C4%83%20care%20nu%20mai%20e%20conflict%20de%20interese&amp;body=https:\/\/orasul-timisoara.ro\/local-40306\/\" title=\"Email\"><\/p>\n<div class=\"td-social-but-text\">Email<\/div>\n<p><\/a><a class=\"td-social-sharing-button td-social-sharing-button-js td-social-network td-social-print\" href=\"https:\/\/orasul-timisoara.ro\/local-40306\/\" title=\"Imprimare\"><\/p>\n<div class=\"td-social-but-text\">Imprimare<\/div>\n<p><\/a><\/div>\n<\/div>\n<\/div>\n<div class=\"td-block-row td-post-next-prev\">\n<div class=\"td-block-span6 td-post-prev-post\">\n<div class=\"td-post-next-prev-content\"><span>Articolul precedent<\/span><a href=\"https:\/\/orasul-timisoara.ro\/local-40303\/\">Avram Iancu, din Petro\u0219ani \u00een istorie: premier\u0103 rom\u00e2neasc\u0103 pe Canalul M\u00e2necii<\/a><\/div>\n<\/div>\n<div class=\"td-block-span6 td-post-next-post\">\n<div class=\"td-post-next-prev-content\"><span>Articolul urm\u0103tor<\/span><a href=\"https:\/\/orasul-timisoara.ro\/local-40308\/\">Dominic Fritz, mesaj dur dup\u0103 decizia CCR: \u201eNu voi pleca nic\u0103ieri. Timi\u0219oara r\u0103m\u00e2ne casa mea\u201d<\/a><\/div>\n<\/div>\n<\/div>\n<div class=\"td-author-name vcard author\"><span class=\"fn\"><a href=\"https:\/\/orasul-timisoara.ro\/author\/timisoara\/\">redactia<\/a><\/span><\/div>\n<p><span class=\"td-page-meta\"><\/span><span class=\"td-page-meta\"><span class=\"td-page-meta\"><\/span><\/span><span class=\"td-page-meta\"><\/span><\/footer>\n<div class=\"td_block_wrap td_block_related_posts tdi_3 td_with_ajax_pagination td-pb-border-top td_block_template_8\" data-td-block-uid=\"tdi_3\">\n<h4 class=\"td-related-title td-block-title\"><a id=\"tdi_4\" class=\"td-related-left td-cur-simple-item\" data-td_filter_value data-td_block_id=\"tdi_3\" href=\"https:\/\/orasul-timisoara.ro\/local-40306\/\">ARTICOLE SIMILARE<\/a><a id=\"tdi_5\" class=\"td-related-right\" data-td_filter_value=\"td_related_more_from_author\" data-td_block_id=\"tdi_3\" href=\"https:\/\/orasul-timisoara.ro\/local-40306\/\">DE LA ACELA\u0218I AUTOR<\/a><\/h4>\n<div id=\"tdi_3\" class=\"td_block_inner\">\n<div class=\"td-related-row\">\n<div class=\"td-related-span4\">\n<div class=\"td_module_related_posts td-animation-stack td_mod_related_posts\">\n<div class=\"td-module-image\">\n<div class=\"td-module-thumb\"><a href=\"https:\/\/orasul-timisoara.ro\/local-40328\/\" rel=\"bookmark\" class=\"td-image-wrap \" title=\"Protest civic la Timi\u0219oara \u00eempotriva efectelor noii Legi a Integrit\u0103\u021bii\"><img loading=\"lazy\" decoding=\"async\" class=\"entry-thumb\" src=\"https:\/\/orasul-timisoara.ro\/wp-content\/uploads\/2026\/08\/protest-436x300.jpg\" alt title=\"Protest civic la Timi\u0219oara \u00eempotriva efectelor noii Legi a Integrit\u0103\u021bii\" width=\"218\" height=\"150\"><\/a><\/div>\n<\/div>\n<div class=\"item-details\">\n<h3 class=\"entry-title td-module-title\"><a href=\"https:\/\/orasul-timisoara.ro\/local-40328\/\" rel=\"bookmark\" title=\"Protest civic la Timi\u0219oara \u00eempotriva efectelor noii Legi a Integrit\u0103\u021bii\">Protest civic la Timi\u0219oara \u00eempotriva efectelor noii Legi a Integrit\u0103\u021bii<\/a><\/h3>\n<\/div>\n<\/div>\n<\/div>\n<div class=\"td-related-span4\">\n<div class=\"td_module_related_posts td-animation-stack td_mod_related_posts\">\n<div class=\"td-module-image\">\n<div class=\"td-module-thumb\"><a href=\"https:\/\/orasul-timisoara.ro\/local-40308\/\" rel=\"bookmark\" class=\"td-image-wrap \" title=\"Dominic Fritz, mesaj dur dup\u0103 decizia CCR: \u201eNu voi pleca nic\u0103ieri. Timi\u0219oara r\u0103m\u00e2ne casa mea\u201d\"><img loading=\"lazy\" decoding=\"async\" class=\"entry-thumb\" src=\"https:\/\/orasul-timisoara.ro\/wp-content\/uploads\/2026\/03\/dominic-fritz-usr-01-436x300.jpg\" alt title=\"Dominic Fritz, mesaj dur dup\u0103 decizia CCR: \u201eNu voi pleca nic\u0103ieri. Timi\u0219oara r\u0103m\u00e2ne casa mea\u201d\" width=\"218\" height=\"150\"><\/a><\/div>\n<\/div>\n<div class=\"item-details\">\n<h3 class=\"entry-title td-module-title\"><a href=\"https:\/\/orasul-timisoara.ro\/local-40308\/\" rel=\"bookmark\" title=\"Dominic Fritz, mesaj dur dup\u0103 decizia CCR: \u201eNu voi pleca nic\u0103ieri. Timi\u0219oara r\u0103m\u00e2ne casa mea\u201d\">Dominic Fritz, mesaj dur dup\u0103 decizia CCR: \u201eNu voi pleca nic\u0103ieri. Timi\u0219oara r\u0103m\u00e2ne casa mea\u201d<\/a><\/h3>\n<\/div>\n<\/div>\n<\/div>\n<div class=\"td-related-span4\">\n<div class=\"td_module_related_posts td-animation-stack td_mod_related_posts\">\n<div class=\"td-module-image\">\n<div class=\"td-module-thumb\"><a href=\"https:\/\/orasul-timisoara.ro\/local-40282\/\" rel=\"bookmark\" class=\"td-image-wrap \" title=\"Alin Nica avertizeaz\u0103 asupra efectelor Legii ANI pentru Timi\u0219oara\"><img loading=\"lazy\" decoding=\"async\" class=\"entry-thumb\" src=\"https:\/\/orasul-timisoara.ro\/wp-content\/uploads\/2024\/04\/nica-fritz-aeroport-436x300.jpg\" alt title=\"Alin Nica avertizeaz\u0103 asupra efectelor Legii ANI pentru Timi\u0219oara\" width=\"218\" height=\"150\"><\/a><\/div>\n<\/div>\n<div class=\"item-details\">\n<h3 class=\"entry-title td-module-title\"><a href=\"https:\/\/orasul-timisoara.ro\/local-40282\/\" rel=\"bookmark\" title=\"Alin Nica avertizeaz\u0103 asupra efectelor Legii ANI pentru Timi\u0219oara\">Alin Nica avertizeaz\u0103 asupra efectelor Legii ANI pentru Timi\u0219oara<\/a><\/h3>\n<\/div>\n<\/div>\n<\/div>\n<\/div>\n<\/div>\n<\/div>\n<div class=\"comments\" id=\"comments\">\n<div id=\"respond\" class=\"comment-respond\">\n<h3 id=\"reply-title\" class=\"comment-reply-title\">L\u0102SA\u021aI UN MESAJ<\/h3>\n<div class=\"comment-form-input-wrap td-form-comment\">\n<div class=\"td-warning-comment\">V\u0103 rug\u0103m s\u0103 introduce\u021bi comentariul dvs.!<\/div>\n<\/div>\n<div class=\"comment-form-input-wrap td-form-author\">\n<div class=\"td-warning-author\">Introduce\u021bi aici numele dvs.<\/div>\n<\/div>\n<div class=\"comment-form-input-wrap td-form-email\">\n<div class=\"td-warning-email-error\">A\u021bi introdus o adres\u0103 de e-mail incorect\u0103!<\/div>\n<div class=\"td-warning-email\">V\u0103 rug\u0103m s\u0103 introduce\u021bi adresa dvs. de e-mail aici<\/div>\n<\/div>\n<\/div>\n<p class=\"akismet_comment_form_privacy_notice\">Acest site folose\u0219te Akismet pentru a reduce spamul. <a href=\"https:\/\/akismet.com\/privacy\/\" target=\"_blank\" rel=\"nofollow noopener\">Afl\u0103 cum sunt procesate datele comentariilor tale<\/a>.<\/p>\n<\/div>\n<\/div>\n<\/div>\n<div class=\"td-pb-span4 td-main-sidebar\" role=\"complementary\">\n<div class=\"td-ss-main-sidebar\">\n<aside id=\"block-4\" class=\"td_block_template_8 widget block-4 widget_block widget_media_image\">\n<figure class=\"wp-block-image size-full\"><img loading=\"lazy\" decoding=\"async\" width=\"336\" height=\"280\" src=\"https:\/\/orasul-timisoara.ro\/wp-content\/uploads\/2024\/11\/ReTIM-Abonamentul-Verde-Google-Ads-336x280px.gif\" alt class=\"wp-image-29257\"><\/figure>\n<\/aside>\n<div class=\"td_block_wrap td_block_social_counter td_block_widget tdi_6 td-social-style5 td-social-boxed td-pb-border-top td_block_template_8\">\n<div class=\"td-block-title-wrap\">\n<h4 class=\"td-block-title\"><span>Urm\u0103re\u0219te-ne pe Social Media<\/span><\/h4>\n<\/div>\n<div class=\"td-social-list\">\n<div class=\"td_social_type td-pb-margin-side td_social_facebook\">\n<div class=\"td-social-box\"><span class=\"td_social_info td_social_info_counter\">344,595<\/span><span class=\"td_social_info td_social_info_name\">Fani<\/span><span class=\"td_social_button\"><a href=\"https:\/\/www.facebook.com\/247timisoara\" target=\"_blank\" rel=\"nofollow\">\u00cemi place<\/a><\/span><\/div>\n<\/div>\n<div class=\"td_social_type td-pb-margin-side td_social_instagram\">\n<div class=\"td-social-box\"><span class=\"td_social_info td_social_info_counter\">4,416<\/span><span class=\"td_social_info td_social_info_name\">Cititori<\/span><span class=\"td_social_button\"><a href=\"https:\/\/instagram.com\/orasultimisoararo\/\" target=\"_blank\" rel=\"nofollow\">Conecta\u021bi-v\u0103<\/a><\/span><\/div>\n<\/div>\n<div class=\"td_social_type td-pb-margin-side td_social_rss\">\n<div class=\"td-social-box\"><span class=\"td_social_info td_social_info_counter\">12,506<\/span><span class=\"td_social_info td_social_info_name\">Cititori<\/span><span class=\"td_social_button\"><a href=\"https:\/\/orasul-timisoara.ro\/feed\/\" target=\"_blank\" rel=\"nofollow\">Conecta\u021bi-v\u0103<\/a><\/span><\/div>\n<\/div>\n<div class=\"td_social_type td-pb-margin-side td_social_tiktok\">\n<div class=\"td-social-box\"><span class=\"td_social_info td_social_info_counter\">1,500<\/span><span class=\"td_social_info td_social_info_name\">Cititori<\/span><span class=\"td_social_button\"><a href=\"https:\/\/www.tiktok.com\/@orasultimisoara\" target=\"_blank\" rel=\"nofollow\">Conecta\u021bi-v\u0103<\/a><\/span><\/div>\n<\/div>\n<div class=\"td_social_type td-pb-margin-side td_social_twitter\">\n<div class=\"td-social-box\"><span class=\"td_social_info td_social_info_counter\">1,595<\/span><span class=\"td_social_info td_social_info_name\">Cititori<\/span><span class=\"td_social_button\"><a href=\"https:\/\/twitter.com\/orasultm\" target=\"_blank\" rel=\"nofollow\">Conecta\u021bi-v\u0103<\/a><\/span><\/div>\n<\/div>\n<div class=\"td_social_type td-pb-margin-side td_social_youtube\">\n<div class=\"td-social-box\"><span class=\"td_social_info td_social_info_counter\">3,506<\/span><span class=\"td_social_info td_social_info_name\">Abona\u021bi<\/span><span class=\"td_social_button\"><a href=\"https:\/\/www.youtube.com\/channel\/UCQNsQvs2XCSIm1Z-AHRturw?sub_confirmation=1\" target=\"_blank\" rel=\"nofollow\">Abona\u021bi-v\u0103<\/a><\/span><\/div>\n<\/div>\n<\/div>\n<\/div>\n<aside id=\"text-7\" class=\"td_block_template_8 widget text-7 widget_text\">\n<h4 class=\"td-block-title\"><span>C\u0103ut\u0103ri populare pe OTM<\/span><\/h4>\n<div class=\"textwidget\"><a href=\"https:\/\/orasul-timisoara.ro\/?s=timisoara\"><span>Timisoara<\/span><\/a><a href=\"https:\/\/orasul-timisoara.ro\/?s=calin+dobra\"><span>Calin Dobra<\/span><\/a><a href=\"https:\/\/orasul-timisoara.ro\/?s=primaria+timisoara\"><span>Primaria Timisoara<\/span><\/a><a href=\"https:\/\/orasul-timisoara.ro\/?s=dominic+fritz\"><span>Dominic Fritz<\/span><\/a><a href=\"https:\/\/orasul-timisoara.ro\/?s=nicolae+robu\"><span>Nicolae Robu<\/span><\/a><a href=\"https:\/\/orasul-timisoara.ro\/?s=consiliul+local+timisoara\">Consiliul Local Timisoara<\/a><a href=\"https:\/\/orasul-timisoara.ro\/?s=consiliul+judetean+timis\"><span>Consiliul Judetean Timis<\/span><\/a><a href=\"https:\/\/orasul-timisoara.ro\/?s=cjt\"><span>CJT<\/span><\/a><a href=\"https:\/\/orasul-timisoara.ro\/?s=Alfred+Simonis\"><span>Alfred Simonis<\/span><\/a><a href=\"https:\/\/orasul-timisoara.ro\/?s=PNL\"><span>PNL<\/span><\/a><a href=\"https:\/\/orasul-timisoara.ro\/?s=coronavirus\"><span>coronavirus<\/span><\/a><a href=\"https:\/\/orasul-timisoara.ro\/?s=teatru+timisoara\">teatru Timisoara<\/a><a href=\"https:\/\/orasul-timisoara.ro\/?s=restaurante\"><span>restaurante Timisoara<\/span><\/a><a href=\"https:\/\/orasul-timisoara.ro\/?s=diskoteka\"><span>Diskoteka<\/span><\/a><a href=\"https:\/\/orasul-timisoara.ro\/?s=iulius+town\"><span>Iulius Town<\/span><\/a><a href=\"https:\/\/orasul-timisoara.ro\/?s=iulius+mall\"><span>Iulius Mall<\/span><\/a><a href=\"https:\/\/orasul-timisoara.ro\/?s=stpt\"><span>STPT<\/span><\/a><a href=\"https:\/\/orasul-timisoara.ro\/?s=alin+nica\"><span>Alin Nica<\/span><\/a><a href=\"https:\/\/orasul-timisoara.ro\/?s=psd\"><span>PSD<\/span><\/a><a href=\"https:\/\/orasul-timisoara.ro\/?s=aeroport\"><span>Aeroportul International Timisoara<\/span><\/a><a href=\"https:\/\/orasul-timisoara.ro\/?s=babes\"><span>Spitalul Victor Babes Timisoara<\/span><\/a><a href=\"https:\/\/orasul-timisoara.ro\/?s=poli\"><span>Poli Timi\u0219oara<\/span><\/a><a href=\"https:\/\/orasul-timisoara.ro\/?s=carantina\"><span>carantina<\/span><\/a><a href=\"https:\/\/orasul-timisoara.ro\/?s=aquatim\"><span>Aquatim<\/span><\/a><a href=\"https:\/\/orasul-timisoara.ro\/local-category\/stiri-timisoara\/\"><span>Stiri Timisoara<\/span><\/a><a href=\"https:\/\/orasul-timisoara.ro\/local-category\/investitii-in-timisoara\/\"><span>Investi\u021bii in Timi\u0219oara<\/span><\/a><a href=\"https:\/\/orasul-timisoara.ro\/local-9463\/\"><span>shaorma<\/span><\/a><a href=\"https:\/\/orasul-timisoara.ro\/?s=trafic\"><span>trafic rutier<\/span><\/a><a href=\"https:\/\/orasul-timisoara.ro\/?s=politia\"><span>politia locala timisoara<\/span><\/a><a href=\"https:\/\/orasul-timisoara.ro\/?s=roxana\"><span>Roxana Iliescu<\/span><\/a><a href=\"https:\/\/orasul-timisoara.ro\/?s=colterm\"><span>Colterm<\/span><\/a><a href=\"https:\/\/orasul-timisoara.ro\/?s=latcau\"><span>Ruben La\u021bc\u0103u<\/span><\/a><a href=\"https:\/\/orasul-timisoara.ro\/?s=timis\"><span>\u0218tiri din Timi\u0219<\/span><\/a><a href=\"https:\/\/orasul-timisoara.ro\/?s=spital\"><span>Spitale din Timi\u0219oara<\/span><\/a><a href=\"https:\/\/orasul-timisoara.ro\/?s=tabara\"><span>Cosmin Tab\u0103r\u0103<\/span><\/a><\/div>\n<\/aside>\n<aside id=\"rss-2\" class=\"td_block_template_8 widget rss-2 widget_rss\">\n<h4 class=\"td-block-title\"><span><a class=\"rsswidget rss-widget-feed\" href=\"https:\/\/fashionfridays.ro\/feed\"><img decoding=\"async\" class=\"rss-widget-icon\" width=\"14\" height=\"14\" src=\"https:\/\/orasul-timisoara.ro\/wp-includes\/images\/rss.png\" alt=\"Flux RSS: Fashion Fridays\" loading=\"lazy\"><\/a><a class=\"rsswidget rss-widget-title\" href=\"https:\/\/fashionfridays.ro\/\">Fashion Fridays<\/a><\/span><\/h4>\n<ul>\n<li><a class=\"rsswidget\" href=\"https:\/\/fashionfridays.ro\/romania-devine-a-29-a-piata-vogue-o-noua-era-pentru-industria-locala-de-moda\/\">Rom\u00e2nia devine a 29-a pia\u021b\u0103 Vogue: o nou\u0103 er\u0103 pentru industria local\u0103 de mod\u0103<\/a>\n<div class=\"rssSummary\">Revista Vogue \u00ee\u0219i extinde prezen\u021ba global\u0103 \u0219i va fi lansat\u0103 oficial \u00een Rom\u00e2nia \u00een prim\u0103vara anului 2027, marc\u00e2nd intrarea pe cea de-a 29-a pia\u021b\u0103 interna\u021bional\u0103. Proiectul este realizat \u00een parteneriat cu AEMME Publishing, o companie media recent \u00eenfiin\u021bat\u0103, care va publica edi\u021bia local\u0103 sub licen\u021b\u0103. Noua edi\u021bie, Vogue Rom\u00e2nia, \u00ee\u0219i propune s\u0103 combine autoritatea global\u0103 [\u2026]<\/div>\n<\/li>\n<\/ul>\n<\/aside>\n<aside id=\"rss-4\" class=\"td_block_template_8 widget rss-4 widget_rss\">\n<h4 class=\"td-block-title\"><span><a class=\"rsswidget rss-widget-feed\" href=\"https:\/\/emasini.ro\/feed\"><img decoding=\"async\" class=\"rss-widget-icon\" width=\"14\" height=\"14\" src=\"https:\/\/orasul-timisoara.ro\/wp-includes\/images\/rss.png\" alt=\"Flux RSS: eMasini\" loading=\"lazy\"><\/a><a class=\"rsswidget rss-widget-title\" href=\"https:\/\/emasini.ro\/\">eMasini<\/a><\/span><\/h4>\n<ul>\n<li><a class=\"rsswidget\" href=\"https:\/\/emasini.ro\/adio-bordurilor-pline-de-ecrane-mercedes-benz-readuce-butoanele-in-noile-masini-produse\/\">Adio bordurilor pline de ecrane? Mercedes-Benz readuce butoanele \u00een noile ma\u0219ini produse<\/a>\n<div class=\"rssSummary\">Mercedes-Benz \u00ee\u0219i schimb\u0103 direc\u021bia \u00een ceea ce prive\u0219te designul interioarelor \u0219i va readuce comenzile fizice pentru anumite func\u021bii importante. Constructorul german nu renun\u021b\u0103 la ecranele mari \u0219i la tehnologiile digitale, dar recunoa\u0219te c\u0103 a mers prea departe prin eliminarea unor butoane \u0219i comenzi tactile. Ola K\u00e4llenius, pre\u0219edintele Consiliului de Administra\u021bie al Mercedes-Benz Group \u0219i CEO [\u2026]<\/div>\n<\/li>\n<\/ul>\n<\/aside>\n<\/div>\n<\/div>\n<\/div>\n<\/div>\n<\/article>\n<div class=\"td-post-content tagdiv-type\">\n<p class=\"wp-block-paragraph\">Noua form\u0103 a Legii Integrit\u0103\u021bii produce o situa\u021bie juridic\u0103 neobi\u0219nuit\u0103 \u00een cazul primarului Timi\u0219oarei, Dominic Fritz. Pe de o parte, prevederea declarat\u0103 constitu\u021bional\u0103 de Curtea Constitu\u021bional\u0103 poate duce la \u00eencetarea mandatului s\u0103u \u00een termen de 30 de zile, pentru un conflict de interese constatat definitiv \u00eenainte de intrarea \u00een vigoare a noii legi. Pe de alt\u0103 parte, aceea\u0219i form\u0103 a legii prevede c\u0103 un ales local nu se afl\u0103 \u00een conflict de interese atunci c\u00e2nd particip\u0103 la emiterea sau adoptarea unui act administrativ cu caracter normativ.<\/p>\n<p class=\"wp-block-paragraph\">Situa\u021bia este relevant\u0103 pentru cazul lui Fritz deoarece \u00cenalta Curte de Casa\u021bie \u0219i Justi\u021bie a confirmat definitiv \u00een iunie 2026 existen\u021ba conflictului de interese \u00een cazul s\u0103u. \u00cen acela\u0219i timp, noul text de lege introduce o excep\u021bie care vizeaz\u0103 exact participarea ale\u0219ilor locali la emiterea sau adoptarea actelor administrative cu caracter normativ, categorie \u00een care se \u00eencadreaz\u0103 hot\u0103r\u00e2rile de consiliu local privind aprobarea planurilor urbanistice zonale.<\/p>\n<h2 class=\"wp-block-heading\">Legea Integrit\u0103\u021bii creeaz\u0103 un paradox \u00een cazul lui Dominic Fritz<\/h2>\n<p class=\"wp-block-paragraph\">\u00cen forma trimis\u0103 spre promulgare, noua Lege a Integrit\u0103\u021bii introduce o excep\u021bie important\u0103 \u00een materia conflictelor de interese pentru ale\u0219ii locali. Textul prevede c\u0103 nu se afl\u0103 \u00een situa\u021bie de conflict de interese alesul local care emite sau particip\u0103 la emiterea ori adoptarea unui act administrativ cu caracter normativ.<\/p>\n<p class=\"wp-block-paragraph\">Prevederea este relevant\u0103 pentru Dominic Fritz deoarece conflictul de interese constatat definitiv de instan\u021be are leg\u0103tur\u0103 cu participarea sa la procedura de aprobare a unui plan urbanistic zonal. Astfel, apare o situa\u021bie aparent contradictorie: aceea\u0219i lege care poate duce la \u00eencetarea mandatului primarului pentru un conflict de interese constatat \u00een trecut exclude, pentru viitor, din sfera conflictului de interese tocmai participarea la emiterea sau adoptarea unor acte administrative cu caracter normativ.<\/p>\n<p class=\"wp-block-paragraph\">Este una dintre cele mai importante controverse juridice generate de noul text legislativ, iar efectele sale asupra cazului Fritz depind de modul \u00een care prevederile vor fi aplicate dup\u0103 intrarea \u00een vigoare a legii.<\/p>\n<h2 class=\"wp-block-heading\">Pentru ce fapt\u0103 a fost declarat Fritz \u00een conflict de interese<\/h2>\n<p class=\"wp-block-paragraph\">Cazul lui Dominic Fritz \u00ee\u0219i are originea \u00een anul 2020, c\u00e2nd primarul Timi\u0219oarei a participat la procedura administrativ\u0103 privind aprobarea unui plan urbanistic zonal solicitat de un dezvoltator imobiliar.<\/p>\n<p class=\"wp-block-paragraph\">\u00cen noiembrie 2020, Fritz a semnat un referat de aprobare a proiectului de hot\u0103r\u00e2re de Consiliu Local prin care urma s\u0103 fie aprobat PUZ-ul. Agen\u021bia Na\u021bional\u0103 de Integritate a considerat c\u0103 participarea sa la aceast\u0103 procedur\u0103 a reprezentat un conflict de interese, \u00een condi\u021biile \u00een care dezvoltatorul era legat de persoana care \u00eei acordase primarului un \u00eemprumut pentru finan\u021barea campaniei electorale.<\/p>\n<p class=\"wp-block-paragraph\">Curtea de Apel Timi\u0219oara a stabilit c\u0103 semnarea referatului de aprobare reprezenta participarea primarului la procesul de emitere \u0219i adoptare a actului administrativ. Instan\u021ba a re\u021binut c\u0103, f\u0103r\u0103 acest document, proiectul nu putea ajunge \u00een mod legal la dezbaterea Consiliului Local.<\/p>\n<h2 class=\"wp-block-heading\">\u00cenalta Curte a confirmat definitiv conflictul de interese<\/h2>\n<p class=\"wp-block-paragraph\">Dominic Fritz a contestat raportul \u00eentocmit de ANI, \u00eens\u0103 demersul s\u0103u \u00een instan\u021b\u0103 nu a avut c\u00e2\u0219tig de cauz\u0103. Curtea de Apel Timi\u0219oara a men\u021binut raportul de evaluare, iar \u00cenalta Curte de Casa\u021bie \u0219i Justi\u021bie a respins ulterior recursul formulat de primarul Timi\u0219oarei.<\/p>\n<p class=\"wp-block-paragraph\">Solu\u021bia \u00cenaltei Cur\u021bi din iunie 2026 a confirmat definitiv existen\u021ba conflictului de interese. Potrivit comunic\u0103rii instan\u021bei supreme, Fritz a participat la emiterea unui act administrativ prin care, folosindu-\u0219i autoritatea func\u021biei, a procurat beneficii propriului creditor, de la care primise un \u00eemprumut pentru finan\u021barea campaniei electorale.<\/p>\n<p class=\"wp-block-paragraph\">Prin urmare, existen\u021ba conflictului de interese \u00een cazul lui Dominic Fritz nu mai reprezint\u0103 o chestiune aflat\u0103 \u00een litigiu. Instan\u021bele au confirmat definitiv situa\u021bia juridic\u0103 stabilit\u0103 \u00een raportul ANI.<\/p>\n<h2 class=\"wp-block-heading\">PUZ-ul, considerat act administrativ cu caracter normativ<\/h2>\n<p class=\"wp-block-paragraph\">Un element esen\u021bial pentru \u00een\u021belegerea situa\u021biei este natura juridic\u0103 a actului administrativ \u00een discu\u021bie. Printr-o decizie din 2021, \u00cenalta Curte a stabilit c\u0103 hot\u0103r\u00e2rea consiliului local prin care este aprobat un plan urbanistic zonal reprezint\u0103 un act administrativ cu caracter normativ.<\/p>\n<p class=\"wp-block-paragraph\">Aceast\u0103 interpretare devine important\u0103 \u00een raport cu noua Lege a Integrit\u0103\u021bii. Textul adoptat de Parlament prevede c\u0103 alesul local nu se afl\u0103 \u00een conflict de interese atunci c\u00e2nd emite sau particip\u0103 la emiterea ori adoptarea unui act administrativ cu caracter normativ.<\/p>\n<p class=\"wp-block-paragraph\">\u00cen cazul lui Fritz, instan\u021bele au stabilit c\u0103 semnarea referatului de aprobare a PUZ-ului a reprezentat participarea sa la procesul de emitere \u0219i adoptare a actului administrativ. Tocmai aceast\u0103 \u00eemprejurare face ca noua formulare a legii s\u0103 fie relevant\u0103 pentru situa\u021bia sa.<\/p>\n<h2 class=\"wp-block-heading\">Aceea\u0219i lege poate duce la pierderea mandatului<\/h2>\n<p class=\"wp-block-paragraph\">Paradoxul devine \u0219i mai evident printr-o alt\u0103 prevedere introdus\u0103 \u00een noua lege. Aceasta stabile\u0219te c\u0103 demnitarii \u0219i ale\u0219ii locali fa\u021b\u0103 de care a fost constatat\u0103 definitiv o stare de incompatibilitate sau un conflict de interese anterior intr\u0103rii \u00een vigoare a noii legi \u00ee\u0219i pierd mandatul \u00een termen de 30 de zile.<\/p>\n<p class=\"wp-block-paragraph\">A\u0219a-numitul \u201eamendament Fritz\u201d, introdus de PSD, este prevederea care \u00eel poate afecta direct pe primarul Timi\u0219oarei. Conflictul s\u0103u de interese a fost constatat definitiv \u00eenainte de intrarea \u00een vigoare a noii reglement\u0103ri.<\/p>\n<p class=\"wp-block-paragraph\">Curtea Constitu\u021bional\u0103 a declarat constitu\u021bional\u0103 aceast\u0103 prevedere. Potrivit informa\u021biilor publice despre decizia CCR, amendamentul a trecut de controlul de constitu\u021bionalitate cu cinci voturi la trei.<\/p>\n<p class=\"wp-block-paragraph\">\u00cen cazul \u00een care legea va fi promulgat\u0103 \u0219i va intra \u00een vigoare \u00een forma actual\u0103, prevederea poate constitui baza legal\u0103 pentru \u00eencetarea mandatului lui Dominic Fritz.<\/p>\n<h2 class=\"wp-block-heading\">Fapta pentru care Fritz a fost sanc\u021bionat nu ar mai constitui conflict de interese \u00een acelea\u0219i condi\u021bii<\/h2>\n<p class=\"wp-block-paragraph\">Aici apare principala contradic\u021bie semnalat\u0103 de juri\u0219ti \u0219i comentatori publici. Potrivit noii forme a Legii Integrit\u0103\u021bii, un ales local nu se mai afl\u0103 \u00een conflict de interese atunci c\u00e2nd particip\u0103 la emiterea sau adoptarea unui act administrativ cu caracter normativ.<\/p>\n<p class=\"wp-block-paragraph\">\u00cen cazul lui Dominic Fritz, exact participarea la procedura de adoptare a unui asemenea act administrativ a stat la baza constat\u0103rii conflictului de interese.<\/p>\n<p class=\"wp-block-paragraph\">Prin urmare, dac\u0103 aceea\u0219i situa\u021bie ar avea loc dup\u0103 intrarea \u00een vigoare a noii legi, cadrul juridic ar fi diferit. Un ales local care ar participa la emiterea sau adoptarea unui act administrativ cu caracter normativ nu ar mai intra, prin aceast\u0103 conduit\u0103, \u00een categoria conflictelor de interese prev\u0103zut\u0103 de noul text.<\/p>\n<p class=\"wp-block-paragraph\">Sorin Ioni\u021b\u0103 a remarcat aceast\u0103 situa\u021bie \u00eentr-o postare public\u0103, sus\u021bin\u00e2nd c\u0103, dup\u0103 modific\u0103rile aduse legisla\u021biei integrit\u0103\u021bii, fapta pentru care Fritz a fost sanc\u021bionat nu ar mai fi tratat\u0103 \u00een acela\u0219i mod.<\/p>\n<h2 class=\"wp-block-heading\">Nu este vorba despre anularea retroactiv\u0103 a deciziei ANI<\/h2>\n<p class=\"wp-block-paragraph\">Faptul c\u0103 noua lege schimb\u0103 regimul juridic pentru viitor nu \u00eenseamn\u0103 automat c\u0103 raportul ANI sau hot\u0103r\u00e2rile instan\u021belor prin care a fost confirmat conflictul de interese al lui Dominic Fritz sunt desfiin\u021bate.<\/p>\n<p class=\"wp-block-paragraph\">Conflictul de interese a fost constatat \u00een baza legisla\u021biei aplicabile la momentul faptelor, iar instan\u021bele au confirmat definitiv aceast\u0103 situa\u021bie. Noua lege stabile\u0219te \u00eens\u0103 un alt regim pentru anumite conduite ale ale\u0219ilor locali.<\/p>\n<p class=\"wp-block-paragraph\">De aceea, problema juridic\u0103 este mai complex\u0103 dec\u00e2t simpla afirma\u021bie c\u0103 \u201efapta a fost dezincriminat\u0103\u201d. Conflictul de interese administrativ nu este o infrac\u021biune \u00een sens penal, iar modificarea legislativ\u0103 schimb\u0103 condi\u021biile \u00een care o anumit\u0103 conduit\u0103 este \u00eencadrat\u0103 \u00een materia integrit\u0103\u021bii administrative.<\/p>\n<h2 class=\"wp-block-heading\">CCR a validat prevederea privind mandatele deja afectate<\/h2>\n<p class=\"wp-block-paragraph\">Curtea Constitu\u021bional\u0103 a avut de analizat \u0219i prevederea care vizeaz\u0103 ale\u0219ii locali \u0219i demnitarii pentru care existen\u021ba unei incompatibilit\u0103\u021bi sau a unui conflict de interese a fost stabilit\u0103 definitiv \u00eenainte de intrarea \u00een vigoare a noii legi.<\/p>\n<p class=\"wp-block-paragraph\">Opozi\u021bia \u0219i mai mul\u021bi speciali\u0219ti \u00een drept au criticat aceast\u0103 prevedere, sus\u021bin\u00e2nd c\u0103 ar putea ridica probleme \u00een raport cu principiul neretroactivit\u0103\u021bii legii.<\/p>\n<p class=\"wp-block-paragraph\">CCR a considerat \u00eens\u0103 constitu\u021bional\u0103 prevederea. \u00cen consecin\u021b\u0103, \u00een cazul \u00een care legea va intra \u00een vigoare \u00een forma actual\u0103, faptul c\u0103 situa\u021bia lui Dominic Fritz este anterioar\u0103 noii reglement\u0103ri nu \u00eempiedic\u0103, \u00een principiu, aplicarea mecanismului privind \u00eencetarea mandatului.<\/p>\n<p class=\"wp-block-paragraph\">R\u0103m\u00e2ne \u00eens\u0103 de parcurs procedura administrativ\u0103 necesar\u0103 dup\u0103 promulgarea \u0219i publicarea legii.<\/p>\n<h2 class=\"wp-block-heading\">Ce se \u00eent\u00e2mpl\u0103 cu mandatul lui Dominic Fritz<\/h2>\n<p class=\"wp-block-paragraph\">Dominic Fritz nu \u0219i-a pierdut \u00een acest moment mandatul de primar al Timi\u0219oarei. Pentru ca acest lucru s\u0103 se \u00eent\u00e2mple, noua lege trebuie s\u0103 intre \u00een vigoare, iar prevederile sale trebuie aplicate \u00een procedura prev\u0103zut\u0103 de legisla\u021bie.<\/p>\n<p class=\"wp-block-paragraph\">Decizia CCR privind constitu\u021bionalitatea amendamentului reprezint\u0103 \u00eens\u0103 un pas important \u00een aceast\u0103 direc\u021bie. Dac\u0103 legea va fi promulgat\u0103 \u00een forma actual\u0103, situa\u021bia lui Fritz va trebui analizat\u0103 prin raportare la prevederea care stabile\u0219te \u00eencetarea mandatului pentru incompatibilit\u0103\u021bi \u0219i conflicte de interese constatate definitiv anterior.<\/p>\n<p class=\"wp-block-paragraph\">\u00cen paralel, r\u0103m\u00e2ne problema aparent contradictorie creat\u0103 de aceea\u0219i lege: conduita pentru care Fritz a fost declarat \u00een conflict de interese ar urma s\u0103 fie tratat\u0103 diferit \u00een cazul unor situa\u021bii similare produse dup\u0103 intrarea \u00een vigoare a noilor prevederi.<\/p>\n<h2 class=\"wp-block-heading\">Un paradox care pune \u00een discu\u021bie noul regim al integrit\u0103\u021bii<\/h2>\n<p class=\"wp-block-paragraph\">Cazul Dominic Fritz pune fa\u021b\u0103 \u00een fa\u021b\u0103 dou\u0103 prevederi ale aceleia\u0219i legi. Prima poate produce efecte asupra unui ales local pentru un conflict de interese constatat definitiv \u00eenainte de intrarea \u00een vigoare a noii reglement\u0103ri. A doua restr\u00e2nge \u00eens\u0103, pentru viitor, sfera conflictului de interese \u00een cazul particip\u0103rii la acte administrative cu caracter normativ.<\/p>\n<p class=\"wp-block-paragraph\">\u00cen cazul primarului Timi\u0219oarei, aceast\u0103 suprapunere creeaz\u0103 o situa\u021bie juridic\u0103 aparte. Fritz ar putea pierde mandatul pentru un conflict de interese confirmat definitiv de instan\u021be, \u00een timp ce o conduit\u0103 similar\u0103, produs\u0103 dup\u0103 intrarea \u00een vigoare a noii legi, nu ar mai fi \u00eencadrat\u0103 \u00een acelea\u0219i condi\u021bii ca un conflict de interese.<\/p>\n<p class=\"wp-block-paragraph\">Pentru Timi\u0219oara, miza este direct\u0103. Mandatul lui Dominic Fritz poate fi afectat de noua legisla\u021bie, de\u0219i aceea\u0219i reglementare schimb\u0103 tocmai regula juridic\u0103 aplicabil\u0103 unei conduite care a stat la baza conflictului de interese constatat \u00een cazul s\u0103u.<\/p>\n<p class=\"wp-block-paragraph\">Situa\u021bia va depinde de promulgarea \u0219i intrarea \u00een vigoare a legii, precum \u0219i de aplicarea concret\u0103 a noilor prevederi. P\u00e2n\u0103 atunci, conflictul de interese al lui Dominic Fritz r\u0103m\u00e2ne definitiv stabilit de instan\u021be, iar efectul noii Legi a Integrit\u0103\u021bii asupra mandatului s\u0103u reprezint\u0103 urm\u0103toarea etap\u0103 a disputei juridice \u0219i administrative.<\/p>\n<\/div>\n<p>[analyse_source url=&#8221;https:\/\/orasul-timisoara.ro\/local-40306\/&#8221;]<\/p>\n","protected":false},"excerpt":{"rendered":"<p>[analyse_image type=&#8221;featured&#8221; src=&#8221;https:\/\/orasul-timisoara.ro\/wp-content\/uploads\/2026\/08\/dominic-fritz-009.jpg&#8221;] PoliticParadoxul Legii Integrit\u0103\u021bii: Dominic Fritz poate pierde mandatul pentru o fapt\u0103 care&#8230; Politic \u0218tiri Locale Paradoxul Legii Integrit\u0103\u021bii: Dominic Fritz poate pierde mandatul pentru o fapt\u0103 care nu mai e conflict de interese De c\u0103tre redactia &#8211; 18\/08\/2026 Facebook Twitter WhatsApp Linkedin ReddIt Email Imprimare Noua form\u0103 a Legii Integrit\u0103\u021bii produce o [&hellip;]<\/p>\n","protected":false},"author":1,"featured_media":0,"comment_status":"open","ping_status":"","sticky":false,"template":"","format":"standard","meta":{"footnotes":""},"categories":[89],"tags":[226,189],"class_list":["post-2102485","post","type-post","status-publish","format-standard","hentry","category-romania","tag-crawlmanager","tag-orasul-timisoara-ro"],"_links":{"self":[{"href":"https:\/\/analyse.optim.biz\/index.php?rest_route=\/wp\/v2\/posts\/2102485","targetHints":{"allow":["GET"]}}],"collection":[{"href":"https:\/\/analyse.optim.biz\/index.php?rest_route=\/wp\/v2\/posts"}],"about":[{"href":"https:\/\/analyse.optim.biz\/index.php?rest_route=\/wp\/v2\/types\/post"}],"author":[{"embeddable":true,"href":"https:\/\/analyse.optim.biz\/index.php?rest_route=\/wp\/v2\/users\/1"}],"replies":[{"embeddable":true,"href":"https:\/\/analyse.optim.biz\/index.php?rest_route=%2Fwp%2Fv2%2Fcomments&post=2102485"}],"version-history":[{"count":0,"href":"https:\/\/analyse.optim.biz\/index.php?rest_route=\/wp\/v2\/posts\/2102485\/revisions"}],"wp:attachment":[{"href":"https:\/\/analyse.optim.biz\/index.php?rest_route=%2Fwp%2Fv2%2Fmedia&parent=2102485"}],"wp:term":[{"taxonomy":"category","embeddable":true,"href":"https:\/\/analyse.optim.biz\/index.php?rest_route=%2Fwp%2Fv2%2Fcategories&post=2102485"},{"taxonomy":"post_tag","embeddable":true,"href":"https:\/\/analyse.optim.biz\/index.php?rest_route=%2Fwp%2Fv2%2Ftags&post=2102485"}],"curies":[{"name":"wp","href":"https:\/\/api.w.org\/{rel}","templated":true}]}}