{"id":2102482,"date":"2026-08-18T03:12:13","date_gmt":"2026-08-18T00:12:13","guid":{"rendered":"https:\/\/analyse.optim.biz\/?p=2102482"},"modified":"2026-08-18T03:12:13","modified_gmt":"2026-08-18T00:12:13","slug":"alin-nica-avertizeaza-asupra-efectelor-legii-ani-pentru-timisoara","status":"publish","type":"post","link":"https:\/\/analyse.optim.biz\/?p=2102482","title":{"rendered":"Alin Nica avertizeaz\u0103 asupra efectelor Legii ANI pentru Timi\u0219oara"},"content":{"rendered":"<p>[analyse_image type=&#8221;featured&#8221; src=&#8221;https:\/\/orasul-timisoara.ro\/wp-content\/uploads\/2024\/04\/nica-fritz-aeroport.jpg&#8221;]<\/p>\n<article id=\"post-40282\" class=\"td-post-template-7 post-40282 post type-post status-publish format-standard has-post-thumbnail category-featured category-politic category-stiri-timisoara tag-administratie-locala-2 tag-agentia-nationala-de-integritate-2 tag-alin-nica tag-ccr tag-conflict-de-interese tag-consiliul-judetean-timis-2 tag-curtea-constitutionala-a-romaniei tag-dominic-fritz tag-legea-ani tag-primaria-timisoara-2 tag-timis-2 tag-timisoara-2 td-container-wrap\">\n<div class=\"td-full-screen-header-image-wrap\">\n<div class=\"td-container td-post-header\">\n<div class=\"td-crumb-container\">\n<div class=\"entry-crumbs\"><span><a title=\"Vede\u021bi toate articolele \u00een Politic\" class=\"entry-crumb\" href=\"https:\/\/orasul-timisoara.ro\/local-category\/politic\/\">Politic<\/a><\/span><span class=\"td-bred-no-url-last\">Alin Nica avertizeaz\u0103 asupra efectelor Legii ANI pentru Timi\u0219oara<\/span><\/div>\n<\/div>\n<div class=\"td-post-header-holder\">\n<div class=\"td-parallax-header\">\n<header class=\"td-post-title\">\n<ul class=\"td-category\">\n<li class=\"entry-category\"><a href=\"https:\/\/orasul-timisoara.ro\/local-category\/politic\/\">Politic<\/a><\/li>\n<li class=\"entry-category\"><a href=\"https:\/\/orasul-timisoara.ro\/local-category\/stiri-timisoara\/\">\u0218tiri Locale<\/a><\/li>\n<\/ul>\n<h1 class=\"entry-title\">Alin Nica avertizeaz\u0103 asupra efectelor Legii ANI pentru Timi\u0219oara<\/h1>\n<div class=\"td-module-meta-info\">\n<div class=\"td-post-author-name\">\n<div class=\"td-author-by\">De c\u0103tre<\/div>\n<p><a href=\"https:\/\/orasul-timisoara.ro\/author\/timisoara\/\">redactia<\/a><\/p>\n<div class=\"td-author-line\"> &#8211; <\/div>\n<\/div>\n<p><span class=\"td-post-date\"><time class=\"entry-date updated td-module-date\" datetime=\"2026-08-18T06:12:13+03:00\">18\/08\/2026<\/time><\/span><\/div>\n<\/header>\n<\/div>\n<\/div>\n<\/div>\n<div id=\"td-full-screen-header-image\" class=\"td-image-gradient-style7\"><img decoding=\"async\" class=\"td-backstretch\" src=\"https:\/\/orasul-timisoara.ro\/wp-content\/uploads\/2024\/04\/nica-fritz-aeroport.jpg\"><\/div>\n<\/div>\n<div class=\"td-container\">\n<div class=\"td-pb-row\">\n<div class=\"td-pb-span8 td-main-content\" role=\"main\">\n<div class=\"td-ss-main-content\">\n<div class=\"td-post-sharing-top\">\n<div class=\"td-post-sharing-classic\"><iframe title=\"topFacebookLike\" frameborder src=\"https:\/\/www.facebook.com\/plugins\/like.php?href=https:\/\/orasul-timisoara.ro\/local-40282\/&amp;layout=button_count&amp;show_faces=false&amp;width=105&amp;action=like&amp;colorscheme=light&amp;height=21\"><\/iframe><\/div>\n<div id=\"td_social_sharing_article_top\" class=\"td-post-sharing td-ps-bg td-ps-notext td-post-sharing-style1 \">\n<div class=\"td-post-sharing-visible\"><a class=\"td-social-sharing-button td-social-sharing-button-js td-social-network td-social-facebook\" href=\"https:\/\/www.facebook.com\/sharer.php?u=https%3A%2F%2Forasul-timisoara.ro%2Flocal-40282%2F\" title=\"Facebook\"><\/p>\n<div class=\"td-social-but-text\">Facebook<\/div>\n<p><\/a><a class=\"td-social-sharing-button td-social-sharing-button-js td-social-network td-social-twitter\" href=\"https:\/\/twitter.com\/intent\/tweet?text=Alin+Nica+avertizeaz%C4%83+asupra+efectelor+Legii+ANI+pentru+Timi%C8%99oara&amp;url=https%3A%2F%2Forasul-timisoara.ro%2Flocal-40282%2F&amp;via=orasultm\" title=\"Twitter\"><\/p>\n<div class=\"td-social-but-text\">Twitter<\/div>\n<p><\/a><a class=\"td-social-sharing-button td-social-sharing-button-js td-social-network td-social-whatsapp\" href=\"https:\/\/api.whatsapp.com\/send?text=Alin+Nica+avertizeaz%C4%83+asupra+efectelor+Legii+ANI+pentru+Timi%C8%99oara%20%0A%0A%20https:\/\/orasul-timisoara.ro\/local-40282\/\" title=\"WhatsApp\"><\/p>\n<div class=\"td-social-but-text\">WhatsApp<\/div>\n<p><\/a><a class=\"td-social-sharing-button td-social-sharing-button-js td-social-network td-social-linkedin\" href=\"https:\/\/www.linkedin.com\/shareArticle?mini=true&amp;url=https:\/\/orasul-timisoara.ro\/local-40282\/&amp;title=Alin+Nica+avertizeaz%C4%83+asupra+efectelor+Legii+ANI+pentru+Timi%C8%99oara\" title=\"Linkedin\"><\/p>\n<div class=\"td-social-but-text\">Linkedin<\/div>\n<p><\/a><a class=\"td-social-sharing-button td-social-sharing-button-js td-social-network td-social-reddit\" href=\"https:\/\/reddit.com\/submit?url=https:\/\/orasul-timisoara.ro\/local-40282\/&amp;title=Alin+Nica+avertizeaz%C4%83+asupra+efectelor+Legii+ANI+pentru+Timi%C8%99oara\" title=\"ReddIt\"><\/p>\n<div class=\"td-social-but-text\">ReddIt<\/div>\n<p><\/a><a class=\"td-social-sharing-button td-social-sharing-button-js td-social-network td-social-mail\" href=\"mailto:?subject=Alin%20Nica%20avertizeaz%C4%83%20asupra%20efectelor%20Legii%20ANI%20pentru%20Timi%C8%99oara&amp;body=https:\/\/orasul-timisoara.ro\/local-40282\/\" title=\"Email\"><\/p>\n<div class=\"td-social-but-text\">Email<\/div>\n<p><\/a><a class=\"td-social-sharing-button td-social-sharing-button-js td-social-network td-social-print\" href=\"https:\/\/orasul-timisoara.ro\/local-40282\/\" title=\"Imprimare\"><\/p>\n<div class=\"td-social-but-text\">Imprimare<\/div>\n<p><\/a><\/div>\n<\/div>\n<\/div>\n<div class=\"td-post-content tagdiv-type\">\n<p class=\"wp-block-paragraph\">Fostul pre\u0219edinte al Consiliului Jude\u021bean Timi\u0219, Alin Nica, a reac\u021bionat la decizia Cur\u021bii Constitu\u021bionale a Rom\u00e2niei privind Legea ANI \u0219i la situa\u021bia juridic\u0103 a primarului Timi\u0219oarei, Dominic Fritz. Nica sus\u021bine c\u0103, de\u0219i constatarea conflictului de interese \u00een cazul edilului a r\u0103mas definitiv\u0103, modificarea regulilor dup\u0103 solu\u021bionarea unui caz ridic\u0103 probleme privind precedentul creat.<\/p>\n<p class=\"wp-block-paragraph\">Declara\u021bia fostului \u0219ef al administra\u021biei jude\u021bene vine \u00een contextul dezbaterilor privind efectele pe care aplicarea noilor prevederi le-ar putea avea asupra mandatului lui Dominic Fritz. Alin Nica atrage aten\u021bia c\u0103, dincolo de disputa politic\u0103 \u0219i juridic\u0103, trebuie analizat \u0219i impactul unei eventuale schimb\u0103ri administrative asupra Timi\u0219oarei, mai ales \u00een ceea ce prive\u0219te proiectele aflate \u00een derulare \u0219i fondurile europene.<\/p>\n<h2 class=\"wp-block-heading\">Alin Nica: legea trebuie s\u0103 se aplice \u00een mod egal<\/h2>\n<p class=\"wp-block-paragraph\">Alin Nica consider\u0103 c\u0103 regulile privind integritatea \u00een func\u021bia public\u0103 trebuie respectate, iar situa\u021bia juridic\u0103 a lui Dominic Fritz trebuie privit\u0103 prin prisma deciziilor definitive existente. \u00cen acela\u0219i timp, fostul pre\u0219edinte al CJ Timi\u0219 spune c\u0103 modul \u00een care sunt modificate legile este la fel de important ca aplicarea lor.<\/p>\n<p class=\"wp-block-paragraph\">\u00cen opinia exprimat\u0103 de Nica, o lege nu ar trebui construit\u0103 \u00een jurul unei persoane \u0219i cu at\u00e2t mai pu\u021bin \u00een jurul unui adversar politic. El sus\u021bine c\u0103 normele trebuie s\u0103 fie generale \u0219i s\u0103 se aplice \u00een mod previzibil tuturor celor afla\u021bi \u00een situa\u021bii similare.<\/p>\n<p class=\"wp-block-paragraph\">Mesajul transmis de fostul lider al administra\u021biei jude\u021bene pune accent pe necesitatea unor reguli stabile, care s\u0103 nu fie schimbate \u00een func\u021bie de persoana vizat\u0103 \u00eentr-un anumit caz.<\/p>\n<h2 class=\"wp-block-heading\">Situa\u021bia lui Dominic Fritz, \u00een centrul disputei<\/h2>\n<p class=\"wp-block-paragraph\">\u00cen cazul lui Dominic Fritz, Nica subliniaz\u0103 c\u0103 existen\u021ba conflictului de interese a fost constatat\u0103 definitiv. Din acest punct de vedere, el consider\u0103 c\u0103 situa\u021bia juridic\u0103 trebuie recunoscut\u0103 \u0219i tratat\u0103 ca atare.<\/p>\n<p class=\"wp-block-paragraph\">\u00cen acela\u0219i timp, fostul pre\u0219edinte al Consiliului Jude\u021bean Timi\u0219 avertizeaz\u0103 c\u0103 o eventual\u0103 modificare legislativ\u0103 intervenit\u0103 dup\u0103 finalizarea unui caz poate avea consecin\u021be care dep\u0103\u0219esc situa\u021bia concret\u0103 a unei singure persoane.<\/p>\n<p class=\"wp-block-paragraph\">Problema ridicat\u0103 de Nica este cea a precedentului. Dac\u0103 regulile sunt schimbate dup\u0103 ce un caz a fost deja solu\u021bionat definitiv, sus\u021bine acesta, trebuie analizat \u0219i modul \u00een care o asemenea interven\u021bie poate influen\u021ba situa\u021bii viitoare.<\/p>\n<h2 class=\"wp-block-heading\">Alin Nica avertizeaz\u0103 asupra precedentului legislativ<\/h2>\n<p class=\"wp-block-paragraph\">Fostul pre\u0219edinte al CJ Timi\u0219 atrage aten\u021bia c\u0103 actuala disput\u0103 nu ar trebui privit\u0103 exclusiv prin prisma raport\u0103rii la Dominic Fritz. \u00centr-un alt context politic, spune Nica, o situa\u021bie similar\u0103 ar putea viza un ales local provenit dintr-un alt partid.<\/p>\n<p class=\"wp-block-paragraph\">Mesajul s\u0103u este c\u0103 regulile trebuie formulate pentru situa\u021bii generale, nu pentru a rezolva punctual conflicte politice. \u00cen aceea\u0219i logic\u0103, sanc\u021biunile trebuie s\u0103 fie clare, previzibile \u0219i aplicabile \u00een mod egal.<\/p>\n<p class=\"wp-block-paragraph\">Nica pune astfel \u00een discu\u021bie diferen\u021ba dintre aplicarea unei sanc\u021biuni \u00eentr-un caz concret \u0219i modificarea cadrului legislativ \u00eentr-un mod care poate produce efecte asupra altor ale\u0219i \u0219i administra\u021bii locale.<\/p>\n<h2 class=\"wp-block-heading\">Ce spune Nica despre riscul pentru Timi\u0219oara<\/h2>\n<p class=\"wp-block-paragraph\">O parte important\u0103 a declara\u021biei este dedicat\u0103 efectelor pe care situa\u021bia le-ar putea avea asupra Timi\u0219oarei. Alin Nica sus\u021bine c\u0103, dac\u0103 aplicarea legii ar conduce la \u00eencetarea mandatului primarului, ora\u0219ul ar putea trece printr-o perioad\u0103 de interimat \u0219i incertitudine administrativ\u0103.<\/p>\n<p class=\"wp-block-paragraph\">\u00cen acest scenariu, fostul \u0219ef al CJ Timi\u0219 consider\u0103 c\u0103 exist\u0103 riscul apari\u021biei unor dispute \u00eentr-un moment \u00een care proiectele importante ale municipiului \u0219i accesarea fondurilor europene necesit\u0103 continuitate administrativ\u0103.<\/p>\n<p class=\"wp-block-paragraph\">Nica nu reduce \u00eens\u0103 problema la soarta politic\u0103 a lui Dominic Fritz. El sus\u021bine c\u0103 miza principal\u0103 trebuie s\u0103 fie func\u021bionarea administra\u021biei \u0219i capacitatea ora\u0219ului de a-\u0219i continua proiectele.<\/p>\n<h2 class=\"wp-block-heading\">\u201eTimi\u0219oara\u201d trebuie s\u0103 fie prioritatea, sus\u021bine fostul \u0219ef al CJ Timi\u0219<\/h2>\n<p class=\"wp-block-paragraph\">\u00cen mesajul s\u0103u, Alin Nica mut\u0103 accentul de la confruntarea politic\u0103 spre interesele municipiului. Potrivit acestuia, Timi\u0219oara nu are nevoie nici de blocaje administrative, nici de transformarea situa\u021biei \u00eentr-o confruntare politic\u0103.<\/p>\n<p class=\"wp-block-paragraph\">Fostul pre\u0219edinte al Consiliului Jude\u021bean Timi\u0219 vorbe\u0219te despre necesitatea unei administra\u021bii stabile \u0219i a unei viziuni pe termen lung pentru ora\u0219. \u00cen acest context, proiectele \u0219i interesele comunit\u0103\u021bii ar trebui s\u0103 primeze \u00een fa\u021ba calculelor politice de moment.<\/p>\n<p class=\"wp-block-paragraph\">Declara\u021bia sa face referire at\u00e2t la responsabilitatea celor care aplic\u0103 regulile, c\u00e2t \u0219i la responsabilitatea celor care le elaboreaz\u0103. \u00cen perspectiva exprimat\u0103 de Nica, nici sanc\u021bionarea unui ales care a \u00eenc\u0103lcat regulile, nici transformarea acestuia \u00eentr-o victim\u0103 politic\u0103 nu rezolv\u0103 problema de fond.<\/p>\n<h2 class=\"wp-block-heading\">Mesajul lui Alin Nica despre administra\u021bia local\u0103<\/h2>\n<p class=\"wp-block-paragraph\">Alin Nica sus\u021bine c\u0103 institu\u021biile trebuie s\u0103 func\u021bioneze pe baza unor reguli \u00een care cet\u0103\u021benii s\u0103 poat\u0103 avea \u00eencredere. \u00cen acela\u0219i timp, el consider\u0103 c\u0103 interesul ora\u0219ului trebuie separat de conflictele \u0219i calculele partidelor.<\/p>\n<p class=\"wp-block-paragraph\">\u00cen acest sens, mesajul fostului pre\u0219edinte al CJ Timi\u0219 este c\u0103 schimb\u0103rile politice sunt temporare, \u00een timp ce administra\u021bia local\u0103 \u0219i proiectele ora\u0219ului au efecte pe termen lung.<\/p>\n<p class=\"wp-block-paragraph\">\u201eOamenii trec. Partidele se schimb\u0103. Ora\u0219ul r\u0103m\u00e2ne\u201d, este ideea cu care Alin Nica \u00ee\u0219i \u00eencheie declara\u021bia despre decizia CCR, situa\u021bia lui Dominic Fritz \u0219i posibilele consecin\u021be pentru Timi\u0219oara.<\/p>\n<p class=\"wp-block-paragraph\">Disputa privind Legea ANI \u0219i efectele sale asupra ale\u0219ilor locali r\u0103m\u00e2ne astfel legat\u0103 nu doar de situa\u021bia juridic\u0103 a unei persoane, ci \u0219i de modul \u00een care sunt construite \u0219i aplicate regulile pentru administra\u021bia public\u0103. Pentru Timi\u0219oara, mesajul transmis de Alin Nica pune \u00een prim-plan necesitatea continuit\u0103\u021bii administrative \u0219i a protej\u0103rii proiectelor ora\u0219ului \u00een orice context politic.<\/p>\n<\/div>\n<footer>\n<div class=\"td-post-source-tags\">\n<ul class=\"td-tags td-post-small-box clearfix\">\n<li><span>ETICHETE<\/span><\/li>\n<li><a href=\"https:\/\/orasul-timisoara.ro\/local-tag\/administratie-locala-2\/\">administra\u021bie local\u0103<\/a><\/li>\n<li><a href=\"https:\/\/orasul-timisoara.ro\/local-tag\/agentia-nationala-de-integritate-2\/\">Agen\u021bia Na\u021bional\u0103 de Integritate<\/a><\/li>\n<li><a href=\"https:\/\/orasul-timisoara.ro\/local-tag\/alin-nica\/\">alin nica<\/a><\/li>\n<li><a href=\"https:\/\/orasul-timisoara.ro\/local-tag\/ccr\/\">ccr<\/a><\/li>\n<li><a href=\"https:\/\/orasul-timisoara.ro\/local-tag\/conflict-de-interese\/\">conflict de interese<\/a><\/li>\n<li><a href=\"https:\/\/orasul-timisoara.ro\/local-tag\/consiliul-judetean-timis-2\/\">Consiliul Jude\u021bean Timi\u0219<\/a><\/li>\n<li><a href=\"https:\/\/orasul-timisoara.ro\/local-tag\/curtea-constitutionala-a-romaniei\/\">Curtea Constitu\u021bional\u0103 a Rom\u00e2niei<\/a><\/li>\n<li><a href=\"https:\/\/orasul-timisoara.ro\/local-tag\/dominic-fritz\/\">dominic fritz<\/a><\/li>\n<li><a href=\"https:\/\/orasul-timisoara.ro\/local-tag\/legea-ani\/\">legea ANI<\/a><\/li>\n<li><a href=\"https:\/\/orasul-timisoara.ro\/local-tag\/primaria-timisoara-2\/\">Prim\u0103ria Timi\u0219oara<\/a><\/li>\n<li><a href=\"https:\/\/orasul-timisoara.ro\/local-tag\/timis-2\/\">timi\u0219<\/a><\/li>\n<li><a href=\"https:\/\/orasul-timisoara.ro\/local-tag\/timisoara-2\/\">timi\u0219oara<\/a><\/li>\n<\/ul>\n<\/div>\n<div class=\"td-post-sharing-bottom\">\n<div class=\"td-post-sharing-classic\"><iframe title=\"bottomFacebookLike\" frameborder src=\"https:\/\/www.facebook.com\/plugins\/like.php?href=https:\/\/orasul-timisoara.ro\/local-40282\/&amp;layout=button_count&amp;show_faces=false&amp;width=105&amp;action=like&amp;colorscheme=light&amp;height=21\"><\/iframe><\/div>\n<div id=\"td_social_sharing_article_bottom\" class=\"td-post-sharing td-ps-bg td-ps-notext td-post-sharing-style1 \">\n<div class=\"td-post-sharing-visible\"><a class=\"td-social-sharing-button td-social-sharing-button-js td-social-network td-social-facebook\" href=\"https:\/\/www.facebook.com\/sharer.php?u=https%3A%2F%2Forasul-timisoara.ro%2Flocal-40282%2F\" title=\"Facebook\"><\/p>\n<div class=\"td-social-but-text\">Facebook<\/div>\n<p><\/a><a class=\"td-social-sharing-button td-social-sharing-button-js td-social-network td-social-twitter\" href=\"https:\/\/twitter.com\/intent\/tweet?text=Alin+Nica+avertizeaz%C4%83+asupra+efectelor+Legii+ANI+pentru+Timi%C8%99oara&amp;url=https%3A%2F%2Forasul-timisoara.ro%2Flocal-40282%2F&amp;via=orasultm\" title=\"Twitter\"><\/p>\n<div class=\"td-social-but-text\">Twitter<\/div>\n<p><\/a><a class=\"td-social-sharing-button td-social-sharing-button-js td-social-network td-social-whatsapp\" href=\"https:\/\/api.whatsapp.com\/send?text=Alin+Nica+avertizeaz%C4%83+asupra+efectelor+Legii+ANI+pentru+Timi%C8%99oara%20%0A%0A%20https:\/\/orasul-timisoara.ro\/local-40282\/\" title=\"WhatsApp\"><\/p>\n<div class=\"td-social-but-text\">WhatsApp<\/div>\n<p><\/a><a class=\"td-social-sharing-button td-social-sharing-button-js td-social-network td-social-linkedin\" href=\"https:\/\/www.linkedin.com\/shareArticle?mini=true&amp;url=https:\/\/orasul-timisoara.ro\/local-40282\/&amp;title=Alin+Nica+avertizeaz%C4%83+asupra+efectelor+Legii+ANI+pentru+Timi%C8%99oara\" title=\"Linkedin\"><\/p>\n<div class=\"td-social-but-text\">Linkedin<\/div>\n<p><\/a><a class=\"td-social-sharing-button td-social-sharing-button-js td-social-network td-social-reddit\" href=\"https:\/\/reddit.com\/submit?url=https:\/\/orasul-timisoara.ro\/local-40282\/&amp;title=Alin+Nica+avertizeaz%C4%83+asupra+efectelor+Legii+ANI+pentru+Timi%C8%99oara\" title=\"ReddIt\"><\/p>\n<div class=\"td-social-but-text\">ReddIt<\/div>\n<p><\/a><a class=\"td-social-sharing-button td-social-sharing-button-js td-social-network td-social-mail\" href=\"mailto:?subject=Alin%20Nica%20avertizeaz%C4%83%20asupra%20efectelor%20Legii%20ANI%20pentru%20Timi%C8%99oara&amp;body=https:\/\/orasul-timisoara.ro\/local-40282\/\" title=\"Email\"><\/p>\n<div class=\"td-social-but-text\">Email<\/div>\n<p><\/a><a class=\"td-social-sharing-button td-social-sharing-button-js td-social-network td-social-print\" href=\"https:\/\/orasul-timisoara.ro\/local-40282\/\" title=\"Imprimare\"><\/p>\n<div class=\"td-social-but-text\">Imprimare<\/div>\n<p><\/a><\/div>\n<\/div>\n<\/div>\n<div class=\"td-block-row td-post-next-prev\">\n<div class=\"td-block-span6 td-post-prev-post\">\n<div class=\"td-post-next-prev-content\"><span>Articolul precedent<\/span><a href=\"https:\/\/orasul-timisoara.ro\/local-40279\/\">Reac\u021bia lui Dominic Fritz dup\u0103 decizia CCR: \u201eNevoia mafiei privilegia\u021bilor de a sc\u0103pa de mine \u00eei face s\u0103 ac\u021bioneze disperat p\u00e2n\u0103 \u00eentr-acolo \u00eenc\u00e2t demoleaz\u0103 bazele democra\u021biei\u201d! Primarul anun\u021b\u0103 demersuri la CEDO<\/a><\/div>\n<\/div>\n<div class=\"td-block-span6 td-post-next-post\">\n<div class=\"td-post-next-prev-content\"><span>Articolul urm\u0103tor<\/span><a href=\"https:\/\/orasul-timisoara.ro\/local-40287\/\">Alfred Simonis anun\u021b\u0103 reabilitarea drumului dintre Ghiroda \u0219i Mo\u0219ni\u021ba Veche<\/a><\/div>\n<\/div>\n<\/div>\n<div class=\"td-author-name vcard author\"><span class=\"fn\"><a href=\"https:\/\/orasul-timisoara.ro\/author\/timisoara\/\">redactia<\/a><\/span><\/div>\n<p><span class=\"td-page-meta\"><\/span><span class=\"td-page-meta\"><span class=\"td-page-meta\"><\/span><\/span><span class=\"td-page-meta\"><\/span><\/footer>\n<div class=\"td_block_wrap td_block_related_posts tdi_3 td_with_ajax_pagination td-pb-border-top td_block_template_8\" data-td-block-uid=\"tdi_3\">\n<h4 class=\"td-related-title td-block-title\"><a id=\"tdi_4\" class=\"td-related-left td-cur-simple-item\" data-td_filter_value data-td_block_id=\"tdi_3\" href=\"https:\/\/orasul-timisoara.ro\/local-40282\/\">ARTICOLE SIMILARE<\/a><a id=\"tdi_5\" class=\"td-related-right\" data-td_filter_value=\"td_related_more_from_author\" data-td_block_id=\"tdi_3\" href=\"https:\/\/orasul-timisoara.ro\/local-40282\/\">DE LA ACELA\u0218I AUTOR<\/a><\/h4>\n<div id=\"tdi_3\" class=\"td_block_inner\">\n<div class=\"td-related-row\">\n<div class=\"td-related-span4\">\n<div class=\"td_module_related_posts td-animation-stack td_mod_related_posts\">\n<div class=\"td-module-image\">\n<div class=\"td-module-thumb\"><a href=\"https:\/\/orasul-timisoara.ro\/local-40328\/\" rel=\"bookmark\" class=\"td-image-wrap \" title=\"Protest civic la Timi\u0219oara \u00eempotriva efectelor noii Legi a Integrit\u0103\u021bii\"><img loading=\"lazy\" decoding=\"async\" class=\"entry-thumb\" src=\"https:\/\/orasul-timisoara.ro\/wp-content\/uploads\/2026\/08\/protest-436x300.jpg\" alt title=\"Protest civic la Timi\u0219oara \u00eempotriva efectelor noii Legi a Integrit\u0103\u021bii\" width=\"218\" height=\"150\"><\/a><\/div>\n<\/div>\n<div class=\"item-details\">\n<h3 class=\"entry-title td-module-title\"><a href=\"https:\/\/orasul-timisoara.ro\/local-40328\/\" rel=\"bookmark\" title=\"Protest civic la Timi\u0219oara \u00eempotriva efectelor noii Legi a Integrit\u0103\u021bii\">Protest civic la Timi\u0219oara \u00eempotriva efectelor noii Legi a Integrit\u0103\u021bii<\/a><\/h3>\n<\/div>\n<\/div>\n<\/div>\n<div class=\"td-related-span4\">\n<div class=\"td_module_related_posts td-animation-stack td_mod_related_posts\">\n<div class=\"td-module-image\">\n<div class=\"td-module-thumb\"><a href=\"https:\/\/orasul-timisoara.ro\/local-40319\/\" rel=\"bookmark\" class=\"td-image-wrap \" title=\"12 str\u0103zi din G\u0103taia intr\u0103 \u00een modernizare. CJ Timi\u0219 finan\u021beaz\u0103 lucr\u0103rile cu 7,4 milioane de lei\"><img loading=\"lazy\" decoding=\"async\" class=\"entry-thumb\" src=\"https:\/\/orasul-timisoara.ro\/wp-content\/uploads\/2026\/08\/778291789_1306329722557601_4819524365300656511_n-436x300.jpg\" alt title=\"12 str\u0103zi din G\u0103taia intr\u0103 \u00een modernizare. CJ Timi\u0219 finan\u021beaz\u0103 lucr\u0103rile cu 7,4 milioane de lei\" width=\"218\" height=\"150\"><\/a><\/div>\n<\/div>\n<div class=\"item-details\">\n<h3 class=\"entry-title td-module-title\"><a href=\"https:\/\/orasul-timisoara.ro\/local-40319\/\" rel=\"bookmark\" title=\"12 str\u0103zi din G\u0103taia intr\u0103 \u00een modernizare. CJ Timi\u0219 finan\u021beaz\u0103 lucr\u0103rile cu 7,4 milioane de lei\">12 str\u0103zi din G\u0103taia intr\u0103 \u00een modernizare. CJ Timi\u0219 finan\u021beaz\u0103 lucr\u0103rile cu 7,4 milioane de lei<\/a><\/h3>\n<\/div>\n<\/div>\n<\/div>\n<div class=\"td-related-span4\">\n<div class=\"td_module_related_posts td-animation-stack td_mod_related_posts\">\n<div class=\"td-module-image\">\n<div class=\"td-module-thumb\"><a href=\"https:\/\/orasul-timisoara.ro\/local-40308\/\" rel=\"bookmark\" class=\"td-image-wrap \" title=\"Dominic Fritz, mesaj dur dup\u0103 decizia CCR: \u201eNu voi pleca nic\u0103ieri. Timi\u0219oara r\u0103m\u00e2ne casa mea\u201d\"><img loading=\"lazy\" decoding=\"async\" class=\"entry-thumb\" src=\"https:\/\/orasul-timisoara.ro\/wp-content\/uploads\/2026\/03\/dominic-fritz-usr-01-436x300.jpg\" alt title=\"Dominic Fritz, mesaj dur dup\u0103 decizia CCR: \u201eNu voi pleca nic\u0103ieri. Timi\u0219oara r\u0103m\u00e2ne casa mea\u201d\" width=\"218\" height=\"150\"><\/a><\/div>\n<\/div>\n<div class=\"item-details\">\n<h3 class=\"entry-title td-module-title\"><a href=\"https:\/\/orasul-timisoara.ro\/local-40308\/\" rel=\"bookmark\" title=\"Dominic Fritz, mesaj dur dup\u0103 decizia CCR: \u201eNu voi pleca nic\u0103ieri. Timi\u0219oara r\u0103m\u00e2ne casa mea\u201d\">Dominic Fritz, mesaj dur dup\u0103 decizia CCR: \u201eNu voi pleca nic\u0103ieri. Timi\u0219oara r\u0103m\u00e2ne casa mea\u201d<\/a><\/h3>\n<\/div>\n<\/div>\n<\/div>\n<\/div>\n<\/div>\n<\/div>\n<div class=\"comments\" id=\"comments\">\n<div id=\"respond\" class=\"comment-respond\">\n<h3 id=\"reply-title\" class=\"comment-reply-title\">L\u0102SA\u021aI UN MESAJ<\/h3>\n<div class=\"comment-form-input-wrap td-form-comment\">\n<div class=\"td-warning-comment\">V\u0103 rug\u0103m s\u0103 introduce\u021bi comentariul dvs.!<\/div>\n<\/div>\n<div class=\"comment-form-input-wrap td-form-author\">\n<div class=\"td-warning-author\">Introduce\u021bi aici numele dvs.<\/div>\n<\/div>\n<div class=\"comment-form-input-wrap td-form-email\">\n<div class=\"td-warning-email-error\">A\u021bi introdus o adres\u0103 de e-mail incorect\u0103!<\/div>\n<div class=\"td-warning-email\">V\u0103 rug\u0103m s\u0103 introduce\u021bi adresa dvs. de e-mail aici<\/div>\n<\/div>\n<\/div>\n<p class=\"akismet_comment_form_privacy_notice\">Acest site folose\u0219te Akismet pentru a reduce spamul. <a href=\"https:\/\/akismet.com\/privacy\/\" target=\"_blank\" rel=\"nofollow noopener\">Afl\u0103 cum sunt procesate datele comentariilor tale<\/a>.<\/p>\n<\/div>\n<\/div>\n<\/div>\n<div class=\"td-pb-span4 td-main-sidebar\" role=\"complementary\">\n<div class=\"td-ss-main-sidebar\">\n<aside id=\"block-4\" class=\"td_block_template_8 widget block-4 widget_block widget_media_image\">\n<figure class=\"wp-block-image size-full\"><img loading=\"lazy\" decoding=\"async\" width=\"336\" height=\"280\" src=\"https:\/\/orasul-timisoara.ro\/wp-content\/uploads\/2024\/11\/ReTIM-Abonamentul-Verde-Google-Ads-336x280px.gif\" alt class=\"wp-image-29257\"><\/figure>\n<\/aside>\n<div class=\"td_block_wrap td_block_social_counter td_block_widget tdi_6 td-social-style5 td-social-boxed td-pb-border-top td_block_template_8\">\n<div class=\"td-block-title-wrap\">\n<h4 class=\"td-block-title\"><span>Urm\u0103re\u0219te-ne pe Social Media<\/span><\/h4>\n<\/div>\n<div class=\"td-social-list\">\n<div class=\"td_social_type td-pb-margin-side td_social_facebook\">\n<div class=\"td-social-box\"><span class=\"td_social_info td_social_info_counter\">344,595<\/span><span class=\"td_social_info td_social_info_name\">Fani<\/span><span class=\"td_social_button\"><a href=\"https:\/\/www.facebook.com\/247timisoara\" target=\"_blank\" rel=\"nofollow\">\u00cemi place<\/a><\/span><\/div>\n<\/div>\n<div class=\"td_social_type td-pb-margin-side td_social_instagram\">\n<div class=\"td-social-box\"><span class=\"td_social_info td_social_info_counter\">4,416<\/span><span class=\"td_social_info td_social_info_name\">Cititori<\/span><span class=\"td_social_button\"><a href=\"https:\/\/instagram.com\/orasultimisoararo\/\" target=\"_blank\" rel=\"nofollow\">Conecta\u021bi-v\u0103<\/a><\/span><\/div>\n<\/div>\n<div class=\"td_social_type td-pb-margin-side td_social_rss\">\n<div class=\"td-social-box\"><span class=\"td_social_info td_social_info_counter\">12,506<\/span><span class=\"td_social_info td_social_info_name\">Cititori<\/span><span class=\"td_social_button\"><a href=\"https:\/\/orasul-timisoara.ro\/feed\/\" target=\"_blank\" rel=\"nofollow\">Conecta\u021bi-v\u0103<\/a><\/span><\/div>\n<\/div>\n<div class=\"td_social_type td-pb-margin-side td_social_tiktok\">\n<div class=\"td-social-box\"><span class=\"td_social_info td_social_info_counter\">1,500<\/span><span class=\"td_social_info td_social_info_name\">Cititori<\/span><span class=\"td_social_button\"><a href=\"https:\/\/www.tiktok.com\/@orasultimisoara\" target=\"_blank\" rel=\"nofollow\">Conecta\u021bi-v\u0103<\/a><\/span><\/div>\n<\/div>\n<div class=\"td_social_type td-pb-margin-side td_social_twitter\">\n<div class=\"td-social-box\"><span class=\"td_social_info td_social_info_counter\">1,595<\/span><span class=\"td_social_info td_social_info_name\">Cititori<\/span><span class=\"td_social_button\"><a href=\"https:\/\/twitter.com\/orasultm\" target=\"_blank\" rel=\"nofollow\">Conecta\u021bi-v\u0103<\/a><\/span><\/div>\n<\/div>\n<div class=\"td_social_type td-pb-margin-side td_social_youtube\">\n<div class=\"td-social-box\"><span class=\"td_social_info td_social_info_counter\">3,506<\/span><span class=\"td_social_info td_social_info_name\">Abona\u021bi<\/span><span class=\"td_social_button\"><a href=\"https:\/\/www.youtube.com\/channel\/UCQNsQvs2XCSIm1Z-AHRturw?sub_confirmation=1\" target=\"_blank\" rel=\"nofollow\">Abona\u021bi-v\u0103<\/a><\/span><\/div>\n<\/div>\n<\/div>\n<\/div>\n<aside id=\"text-7\" class=\"td_block_template_8 widget text-7 widget_text\">\n<h4 class=\"td-block-title\"><span>C\u0103ut\u0103ri populare pe OTM<\/span><\/h4>\n<div class=\"textwidget\"><a href=\"https:\/\/orasul-timisoara.ro\/?s=timisoara\"><span>Timisoara<\/span><\/a><a href=\"https:\/\/orasul-timisoara.ro\/?s=calin+dobra\"><span>Calin Dobra<\/span><\/a><a href=\"https:\/\/orasul-timisoara.ro\/?s=primaria+timisoara\"><span>Primaria Timisoara<\/span><\/a><a href=\"https:\/\/orasul-timisoara.ro\/?s=dominic+fritz\"><span>Dominic Fritz<\/span><\/a><a href=\"https:\/\/orasul-timisoara.ro\/?s=nicolae+robu\"><span>Nicolae Robu<\/span><\/a><a href=\"https:\/\/orasul-timisoara.ro\/?s=consiliul+local+timisoara\">Consiliul Local Timisoara<\/a><a href=\"https:\/\/orasul-timisoara.ro\/?s=consiliul+judetean+timis\"><span>Consiliul Judetean Timis<\/span><\/a><a href=\"https:\/\/orasul-timisoara.ro\/?s=cjt\"><span>CJT<\/span><\/a><a href=\"https:\/\/orasul-timisoara.ro\/?s=Alfred+Simonis\"><span>Alfred Simonis<\/span><\/a><a href=\"https:\/\/orasul-timisoara.ro\/?s=PNL\"><span>PNL<\/span><\/a><a href=\"https:\/\/orasul-timisoara.ro\/?s=coronavirus\"><span>coronavirus<\/span><\/a><a href=\"https:\/\/orasul-timisoara.ro\/?s=teatru+timisoara\">teatru Timisoara<\/a><a href=\"https:\/\/orasul-timisoara.ro\/?s=restaurante\"><span>restaurante Timisoara<\/span><\/a><a href=\"https:\/\/orasul-timisoara.ro\/?s=diskoteka\"><span>Diskoteka<\/span><\/a><a href=\"https:\/\/orasul-timisoara.ro\/?s=iulius+town\"><span>Iulius Town<\/span><\/a><a href=\"https:\/\/orasul-timisoara.ro\/?s=iulius+mall\"><span>Iulius Mall<\/span><\/a><a href=\"https:\/\/orasul-timisoara.ro\/?s=stpt\"><span>STPT<\/span><\/a><a href=\"https:\/\/orasul-timisoara.ro\/?s=alin+nica\"><span>Alin Nica<\/span><\/a><a href=\"https:\/\/orasul-timisoara.ro\/?s=psd\"><span>PSD<\/span><\/a><a href=\"https:\/\/orasul-timisoara.ro\/?s=aeroport\"><span>Aeroportul International Timisoara<\/span><\/a><a href=\"https:\/\/orasul-timisoara.ro\/?s=babes\"><span>Spitalul Victor Babes Timisoara<\/span><\/a><a href=\"https:\/\/orasul-timisoara.ro\/?s=poli\"><span>Poli Timi\u0219oara<\/span><\/a><a href=\"https:\/\/orasul-timisoara.ro\/?s=carantina\"><span>carantina<\/span><\/a><a href=\"https:\/\/orasul-timisoara.ro\/?s=aquatim\"><span>Aquatim<\/span><\/a><a href=\"https:\/\/orasul-timisoara.ro\/local-category\/stiri-timisoara\/\"><span>Stiri Timisoara<\/span><\/a><a href=\"https:\/\/orasul-timisoara.ro\/local-category\/investitii-in-timisoara\/\"><span>Investi\u021bii in Timi\u0219oara<\/span><\/a><a href=\"https:\/\/orasul-timisoara.ro\/local-9463\/\"><span>shaorma<\/span><\/a><a href=\"https:\/\/orasul-timisoara.ro\/?s=trafic\"><span>trafic rutier<\/span><\/a><a href=\"https:\/\/orasul-timisoara.ro\/?s=politia\"><span>politia locala timisoara<\/span><\/a><a href=\"https:\/\/orasul-timisoara.ro\/?s=roxana\"><span>Roxana Iliescu<\/span><\/a><a href=\"https:\/\/orasul-timisoara.ro\/?s=colterm\"><span>Colterm<\/span><\/a><a href=\"https:\/\/orasul-timisoara.ro\/?s=latcau\"><span>Ruben La\u021bc\u0103u<\/span><\/a><a href=\"https:\/\/orasul-timisoara.ro\/?s=timis\"><span>\u0218tiri din Timi\u0219<\/span><\/a><a href=\"https:\/\/orasul-timisoara.ro\/?s=spital\"><span>Spitale din Timi\u0219oara<\/span><\/a><a href=\"https:\/\/orasul-timisoara.ro\/?s=tabara\"><span>Cosmin Tab\u0103r\u0103<\/span><\/a><\/div>\n<\/aside>\n<aside id=\"rss-2\" class=\"td_block_template_8 widget rss-2 widget_rss\">\n<h4 class=\"td-block-title\"><span><a class=\"rsswidget rss-widget-feed\" href=\"https:\/\/fashionfridays.ro\/feed\"><img decoding=\"async\" class=\"rss-widget-icon\" width=\"14\" height=\"14\" src=\"https:\/\/orasul-timisoara.ro\/wp-includes\/images\/rss.png\" alt=\"Flux RSS: Fashion Fridays\" loading=\"lazy\"><\/a><a class=\"rsswidget rss-widget-title\" href=\"https:\/\/fashionfridays.ro\/\">Fashion Fridays<\/a><\/span><\/h4>\n<ul>\n<li><a class=\"rsswidget\" href=\"https:\/\/fashionfridays.ro\/romania-devine-a-29-a-piata-vogue-o-noua-era-pentru-industria-locala-de-moda\/\">Rom\u00e2nia devine a 29-a pia\u021b\u0103 Vogue: o nou\u0103 er\u0103 pentru industria local\u0103 de mod\u0103<\/a>\n<div class=\"rssSummary\">Revista Vogue \u00ee\u0219i extinde prezen\u021ba global\u0103 \u0219i va fi lansat\u0103 oficial \u00een Rom\u00e2nia \u00een prim\u0103vara anului 2027, marc\u00e2nd intrarea pe cea de-a 29-a pia\u021b\u0103 interna\u021bional\u0103. Proiectul este realizat \u00een parteneriat cu AEMME Publishing, o companie media recent \u00eenfiin\u021bat\u0103, care va publica edi\u021bia local\u0103 sub licen\u021b\u0103. Noua edi\u021bie, Vogue Rom\u00e2nia, \u00ee\u0219i propune s\u0103 combine autoritatea global\u0103 [\u2026]<\/div>\n<\/li>\n<\/ul>\n<\/aside>\n<aside id=\"rss-4\" class=\"td_block_template_8 widget rss-4 widget_rss\">\n<h4 class=\"td-block-title\"><span><a class=\"rsswidget rss-widget-feed\" href=\"https:\/\/emasini.ro\/feed\"><img decoding=\"async\" class=\"rss-widget-icon\" width=\"14\" height=\"14\" src=\"https:\/\/orasul-timisoara.ro\/wp-includes\/images\/rss.png\" alt=\"Flux RSS: eMasini\" loading=\"lazy\"><\/a><a class=\"rsswidget rss-widget-title\" href=\"https:\/\/emasini.ro\/\">eMasini<\/a><\/span><\/h4>\n<ul>\n<li><a class=\"rsswidget\" href=\"https:\/\/emasini.ro\/adio-bordurilor-pline-de-ecrane-mercedes-benz-readuce-butoanele-in-noile-masini-produse\/\">Adio bordurilor pline de ecrane? Mercedes-Benz readuce butoanele \u00een noile ma\u0219ini produse<\/a>\n<div class=\"rssSummary\">Mercedes-Benz \u00ee\u0219i schimb\u0103 direc\u021bia \u00een ceea ce prive\u0219te designul interioarelor \u0219i va readuce comenzile fizice pentru anumite func\u021bii importante. Constructorul german nu renun\u021b\u0103 la ecranele mari \u0219i la tehnologiile digitale, dar recunoa\u0219te c\u0103 a mers prea departe prin eliminarea unor butoane \u0219i comenzi tactile. Ola K\u00e4llenius, pre\u0219edintele Consiliului de Administra\u021bie al Mercedes-Benz Group \u0219i CEO [\u2026]<\/div>\n<\/li>\n<\/ul>\n<\/aside>\n<\/div>\n<\/div>\n<\/div>\n<\/div>\n<\/article>\n<div class=\"td-post-content tagdiv-type\">\n<p class=\"wp-block-paragraph\">Fostul pre\u0219edinte al Consiliului Jude\u021bean Timi\u0219, Alin Nica, a reac\u021bionat la decizia Cur\u021bii Constitu\u021bionale a Rom\u00e2niei privind Legea ANI \u0219i la situa\u021bia juridic\u0103 a primarului Timi\u0219oarei, Dominic Fritz. Nica sus\u021bine c\u0103, de\u0219i constatarea conflictului de interese \u00een cazul edilului a r\u0103mas definitiv\u0103, modificarea regulilor dup\u0103 solu\u021bionarea unui caz ridic\u0103 probleme privind precedentul creat.<\/p>\n<p class=\"wp-block-paragraph\">Declara\u021bia fostului \u0219ef al administra\u021biei jude\u021bene vine \u00een contextul dezbaterilor privind efectele pe care aplicarea noilor prevederi le-ar putea avea asupra mandatului lui Dominic Fritz. Alin Nica atrage aten\u021bia c\u0103, dincolo de disputa politic\u0103 \u0219i juridic\u0103, trebuie analizat \u0219i impactul unei eventuale schimb\u0103ri administrative asupra Timi\u0219oarei, mai ales \u00een ceea ce prive\u0219te proiectele aflate \u00een derulare \u0219i fondurile europene.<\/p>\n<h2 class=\"wp-block-heading\">Alin Nica: legea trebuie s\u0103 se aplice \u00een mod egal<\/h2>\n<p class=\"wp-block-paragraph\">Alin Nica consider\u0103 c\u0103 regulile privind integritatea \u00een func\u021bia public\u0103 trebuie respectate, iar situa\u021bia juridic\u0103 a lui Dominic Fritz trebuie privit\u0103 prin prisma deciziilor definitive existente. \u00cen acela\u0219i timp, fostul pre\u0219edinte al CJ Timi\u0219 spune c\u0103 modul \u00een care sunt modificate legile este la fel de important ca aplicarea lor.<\/p>\n<p class=\"wp-block-paragraph\">\u00cen opinia exprimat\u0103 de Nica, o lege nu ar trebui construit\u0103 \u00een jurul unei persoane \u0219i cu at\u00e2t mai pu\u021bin \u00een jurul unui adversar politic. El sus\u021bine c\u0103 normele trebuie s\u0103 fie generale \u0219i s\u0103 se aplice \u00een mod previzibil tuturor celor afla\u021bi \u00een situa\u021bii similare.<\/p>\n<p class=\"wp-block-paragraph\">Mesajul transmis de fostul lider al administra\u021biei jude\u021bene pune accent pe necesitatea unor reguli stabile, care s\u0103 nu fie schimbate \u00een func\u021bie de persoana vizat\u0103 \u00eentr-un anumit caz.<\/p>\n<h2 class=\"wp-block-heading\">Situa\u021bia lui Dominic Fritz, \u00een centrul disputei<\/h2>\n<p class=\"wp-block-paragraph\">\u00cen cazul lui Dominic Fritz, Nica subliniaz\u0103 c\u0103 existen\u021ba conflictului de interese a fost constatat\u0103 definitiv. Din acest punct de vedere, el consider\u0103 c\u0103 situa\u021bia juridic\u0103 trebuie recunoscut\u0103 \u0219i tratat\u0103 ca atare.<\/p>\n<p class=\"wp-block-paragraph\">\u00cen acela\u0219i timp, fostul pre\u0219edinte al Consiliului Jude\u021bean Timi\u0219 avertizeaz\u0103 c\u0103 o eventual\u0103 modificare legislativ\u0103 intervenit\u0103 dup\u0103 finalizarea unui caz poate avea consecin\u021be care dep\u0103\u0219esc situa\u021bia concret\u0103 a unei singure persoane.<\/p>\n<p class=\"wp-block-paragraph\">Problema ridicat\u0103 de Nica este cea a precedentului. Dac\u0103 regulile sunt schimbate dup\u0103 ce un caz a fost deja solu\u021bionat definitiv, sus\u021bine acesta, trebuie analizat \u0219i modul \u00een care o asemenea interven\u021bie poate influen\u021ba situa\u021bii viitoare.<\/p>\n<h2 class=\"wp-block-heading\">Alin Nica avertizeaz\u0103 asupra precedentului legislativ<\/h2>\n<p class=\"wp-block-paragraph\">Fostul pre\u0219edinte al CJ Timi\u0219 atrage aten\u021bia c\u0103 actuala disput\u0103 nu ar trebui privit\u0103 exclusiv prin prisma raport\u0103rii la Dominic Fritz. \u00centr-un alt context politic, spune Nica, o situa\u021bie similar\u0103 ar putea viza un ales local provenit dintr-un alt partid.<\/p>\n<p class=\"wp-block-paragraph\">Mesajul s\u0103u este c\u0103 regulile trebuie formulate pentru situa\u021bii generale, nu pentru a rezolva punctual conflicte politice. \u00cen aceea\u0219i logic\u0103, sanc\u021biunile trebuie s\u0103 fie clare, previzibile \u0219i aplicabile \u00een mod egal.<\/p>\n<p class=\"wp-block-paragraph\">Nica pune astfel \u00een discu\u021bie diferen\u021ba dintre aplicarea unei sanc\u021biuni \u00eentr-un caz concret \u0219i modificarea cadrului legislativ \u00eentr-un mod care poate produce efecte asupra altor ale\u0219i \u0219i administra\u021bii locale.<\/p>\n<h2 class=\"wp-block-heading\">Ce spune Nica despre riscul pentru Timi\u0219oara<\/h2>\n<p class=\"wp-block-paragraph\">O parte important\u0103 a declara\u021biei este dedicat\u0103 efectelor pe care situa\u021bia le-ar putea avea asupra Timi\u0219oarei. Alin Nica sus\u021bine c\u0103, dac\u0103 aplicarea legii ar conduce la \u00eencetarea mandatului primarului, ora\u0219ul ar putea trece printr-o perioad\u0103 de interimat \u0219i incertitudine administrativ\u0103.<\/p>\n<p class=\"wp-block-paragraph\">\u00cen acest scenariu, fostul \u0219ef al CJ Timi\u0219 consider\u0103 c\u0103 exist\u0103 riscul apari\u021biei unor dispute \u00eentr-un moment \u00een care proiectele importante ale municipiului \u0219i accesarea fondurilor europene necesit\u0103 continuitate administrativ\u0103.<\/p>\n<p class=\"wp-block-paragraph\">Nica nu reduce \u00eens\u0103 problema la soarta politic\u0103 a lui Dominic Fritz. El sus\u021bine c\u0103 miza principal\u0103 trebuie s\u0103 fie func\u021bionarea administra\u021biei \u0219i capacitatea ora\u0219ului de a-\u0219i continua proiectele.<\/p>\n<h2 class=\"wp-block-heading\">\u201eTimi\u0219oara\u201d trebuie s\u0103 fie prioritatea, sus\u021bine fostul \u0219ef al CJ Timi\u0219<\/h2>\n<p class=\"wp-block-paragraph\">\u00cen mesajul s\u0103u, Alin Nica mut\u0103 accentul de la confruntarea politic\u0103 spre interesele municipiului. Potrivit acestuia, Timi\u0219oara nu are nevoie nici de blocaje administrative, nici de transformarea situa\u021biei \u00eentr-o confruntare politic\u0103.<\/p>\n<p class=\"wp-block-paragraph\">Fostul pre\u0219edinte al Consiliului Jude\u021bean Timi\u0219 vorbe\u0219te despre necesitatea unei administra\u021bii stabile \u0219i a unei viziuni pe termen lung pentru ora\u0219. \u00cen acest context, proiectele \u0219i interesele comunit\u0103\u021bii ar trebui s\u0103 primeze \u00een fa\u021ba calculelor politice de moment.<\/p>\n<p class=\"wp-block-paragraph\">Declara\u021bia sa face referire at\u00e2t la responsabilitatea celor care aplic\u0103 regulile, c\u00e2t \u0219i la responsabilitatea celor care le elaboreaz\u0103. \u00cen perspectiva exprimat\u0103 de Nica, nici sanc\u021bionarea unui ales care a \u00eenc\u0103lcat regulile, nici transformarea acestuia \u00eentr-o victim\u0103 politic\u0103 nu rezolv\u0103 problema de fond.<\/p>\n<h2 class=\"wp-block-heading\">Mesajul lui Alin Nica despre administra\u021bia local\u0103<\/h2>\n<p class=\"wp-block-paragraph\">Alin Nica sus\u021bine c\u0103 institu\u021biile trebuie s\u0103 func\u021bioneze pe baza unor reguli \u00een care cet\u0103\u021benii s\u0103 poat\u0103 avea \u00eencredere. \u00cen acela\u0219i timp, el consider\u0103 c\u0103 interesul ora\u0219ului trebuie separat de conflictele \u0219i calculele partidelor.<\/p>\n<p class=\"wp-block-paragraph\">\u00cen acest sens, mesajul fostului pre\u0219edinte al CJ Timi\u0219 este c\u0103 schimb\u0103rile politice sunt temporare, \u00een timp ce administra\u021bia local\u0103 \u0219i proiectele ora\u0219ului au efecte pe termen lung.<\/p>\n<p class=\"wp-block-paragraph\">\u201eOamenii trec. Partidele se schimb\u0103. Ora\u0219ul r\u0103m\u00e2ne\u201d, este ideea cu care Alin Nica \u00ee\u0219i \u00eencheie declara\u021bia despre decizia CCR, situa\u021bia lui Dominic Fritz \u0219i posibilele consecin\u021be pentru Timi\u0219oara.<\/p>\n<p class=\"wp-block-paragraph\">Disputa privind Legea ANI \u0219i efectele sale asupra ale\u0219ilor locali r\u0103m\u00e2ne astfel legat\u0103 nu doar de situa\u021bia juridic\u0103 a unei persoane, ci \u0219i de modul \u00een care sunt construite \u0219i aplicate regulile pentru administra\u021bia public\u0103. Pentru Timi\u0219oara, mesajul transmis de Alin Nica pune \u00een prim-plan necesitatea continuit\u0103\u021bii administrative \u0219i a protej\u0103rii proiectelor ora\u0219ului \u00een orice context politic.<\/p>\n<\/div>\n<p>[analyse_source url=&#8221;https:\/\/orasul-timisoara.ro\/local-40282\/&#8221;]<\/p>\n","protected":false},"excerpt":{"rendered":"<p>[analyse_image type=&#8221;featured&#8221; src=&#8221;https:\/\/orasul-timisoara.ro\/wp-content\/uploads\/2024\/04\/nica-fritz-aeroport.jpg&#8221;] PoliticAlin Nica avertizeaz\u0103 asupra efectelor Legii ANI pentru Timi\u0219oara Politic \u0218tiri Locale Alin Nica avertizeaz\u0103 asupra efectelor Legii ANI pentru Timi\u0219oara De c\u0103tre redactia &#8211; 18\/08\/2026 Facebook Twitter WhatsApp Linkedin ReddIt Email Imprimare Fostul pre\u0219edinte al Consiliului Jude\u021bean Timi\u0219, Alin Nica, a reac\u021bionat la decizia Cur\u021bii Constitu\u021bionale a Rom\u00e2niei privind Legea ANI [&hellip;]<\/p>\n","protected":false},"author":1,"featured_media":0,"comment_status":"open","ping_status":"","sticky":false,"template":"","format":"standard","meta":{"footnotes":""},"categories":[89],"tags":[226,189],"class_list":["post-2102482","post","type-post","status-publish","format-standard","hentry","category-romania","tag-crawlmanager","tag-orasul-timisoara-ro"],"_links":{"self":[{"href":"https:\/\/analyse.optim.biz\/index.php?rest_route=\/wp\/v2\/posts\/2102482","targetHints":{"allow":["GET"]}}],"collection":[{"href":"https:\/\/analyse.optim.biz\/index.php?rest_route=\/wp\/v2\/posts"}],"about":[{"href":"https:\/\/analyse.optim.biz\/index.php?rest_route=\/wp\/v2\/types\/post"}],"author":[{"embeddable":true,"href":"https:\/\/analyse.optim.biz\/index.php?rest_route=\/wp\/v2\/users\/1"}],"replies":[{"embeddable":true,"href":"https:\/\/analyse.optim.biz\/index.php?rest_route=%2Fwp%2Fv2%2Fcomments&post=2102482"}],"version-history":[{"count":0,"href":"https:\/\/analyse.optim.biz\/index.php?rest_route=\/wp\/v2\/posts\/2102482\/revisions"}],"wp:attachment":[{"href":"https:\/\/analyse.optim.biz\/index.php?rest_route=%2Fwp%2Fv2%2Fmedia&parent=2102482"}],"wp:term":[{"taxonomy":"category","embeddable":true,"href":"https:\/\/analyse.optim.biz\/index.php?rest_route=%2Fwp%2Fv2%2Fcategories&post=2102482"},{"taxonomy":"post_tag","embeddable":true,"href":"https:\/\/analyse.optim.biz\/index.php?rest_route=%2Fwp%2Fv2%2Ftags&post=2102482"}],"curies":[{"name":"wp","href":"https:\/\/api.w.org\/{rel}","templated":true}]}}