{"id":2102478,"date":"2026-08-19T12:54:20","date_gmt":"2026-08-19T09:54:20","guid":{"rendered":"https:\/\/analyse.optim.biz\/?p=2102478"},"modified":"2026-08-19T12:54:20","modified_gmt":"2026-08-19T09:54:20","slug":"unirea-romaniei-cu-moldova-analizata-de-o-prestigioasa-institutie-italiana","status":"publish","type":"post","link":"https:\/\/analyse.optim.biz\/?p=2102478","title":{"rendered":"Unirea Rom\u00e2niei cu Moldova, analizat\u0103 de o prestigioas\u0103 institu\u021bie italian\u0103"},"content":{"rendered":"<p>[analyse_image type=&#8221;featured&#8221; src=&#8221;https:\/\/orasul-timisoara.ro\/wp-content\/uploads\/2026\/08\/unire-cu-moldova.jpg&#8221;]<\/p>\n<article id=\"post-40331\" class=\"td-post-template-7 post-40331 post type-post status-publish format-standard has-post-thumbnail category-featured category-politic category-stiri-nationale-si-internationale tag-bucuresti-2 tag-chisinau-2 tag-gagauzia tag-maia-sandu tag-nato tag-nicusor-dan-2 tag-republica-moldova tag-romania-2 tag-rusia tag-transnistria tag-treccani tag-unirea-romaniei-cu-moldova tag-uniunea-europeana-2 tag-vladimir-putin td-container-wrap\">\n<div class=\"td-full-screen-header-image-wrap\">\n<div class=\"td-container td-post-header\">\n<div class=\"td-crumb-container\">\n<div class=\"entry-crumbs\"><span><a title=\"Vede\u021bi toate articolele \u00een Politic\" class=\"entry-crumb\" href=\"https:\/\/orasul-timisoara.ro\/local-category\/politic\/\">Politic<\/a><\/span><span class=\"td-bred-no-url-last\">Unirea Rom\u00e2niei cu Moldova, analizat\u0103 de o prestigioas\u0103 institu\u021bie italian\u0103<\/span><\/div>\n<\/div>\n<div class=\"td-post-header-holder\">\n<div class=\"td-parallax-header\">\n<header class=\"td-post-title\">\n<ul class=\"td-category\">\n<li class=\"entry-category\"><a href=\"https:\/\/orasul-timisoara.ro\/local-category\/politic\/\">Politic<\/a><\/li>\n<li class=\"entry-category\"><a href=\"https:\/\/orasul-timisoara.ro\/local-category\/stiri-nationale-si-internationale\/\">\u0218tiri na\u021bionale \u0219i interna\u021bionale<\/a><\/li>\n<\/ul>\n<h1 class=\"entry-title\">Unirea Rom\u00e2niei cu Moldova, analizat\u0103 de o prestigioas\u0103 institu\u021bie italian\u0103<\/h1>\n<div class=\"td-module-meta-info\">\n<div class=\"td-post-author-name\">\n<div class=\"td-author-by\">De c\u0103tre<\/div>\n<p><a href=\"https:\/\/orasul-timisoara.ro\/author\/timisoara\/\">redactia<\/a><\/p>\n<div class=\"td-author-line\"> &#8211; <\/div>\n<\/div>\n<p><span class=\"td-post-date\"><time class=\"entry-date updated td-module-date\" datetime=\"2026-08-19T15:54:20+03:00\">19\/08\/2026<\/time><\/span><\/div>\n<\/header>\n<\/div>\n<\/div>\n<\/div>\n<div id=\"td-full-screen-header-image\" class=\"td-image-gradient-style7\"><img decoding=\"async\" class=\"td-backstretch\" src=\"https:\/\/orasul-timisoara.ro\/wp-content\/uploads\/2026\/08\/unire-cu-moldova.jpg\"><\/div>\n<\/div>\n<div class=\"td-container\">\n<div class=\"td-pb-row\">\n<div class=\"td-pb-span8 td-main-content\" role=\"main\">\n<div class=\"td-ss-main-content\">\n<div class=\"td-post-sharing-top\">\n<div class=\"td-post-sharing-classic\"><iframe title=\"topFacebookLike\" frameborder src=\"https:\/\/www.facebook.com\/plugins\/like.php?href=https:\/\/orasul-timisoara.ro\/local-40331\/&amp;layout=button_count&amp;show_faces=false&amp;width=105&amp;action=like&amp;colorscheme=light&amp;height=21\"><\/iframe><\/div>\n<div id=\"td_social_sharing_article_top\" class=\"td-post-sharing td-ps-bg td-ps-notext td-post-sharing-style1 \">\n<div class=\"td-post-sharing-visible\"><a class=\"td-social-sharing-button td-social-sharing-button-js td-social-network td-social-facebook\" href=\"https:\/\/www.facebook.com\/sharer.php?u=https%3A%2F%2Forasul-timisoara.ro%2Flocal-40331%2F\" title=\"Facebook\"><\/p>\n<div class=\"td-social-but-text\">Facebook<\/div>\n<p><\/a><a class=\"td-social-sharing-button td-social-sharing-button-js td-social-network td-social-twitter\" href=\"https:\/\/twitter.com\/intent\/tweet?text=Unirea+Rom%C3%A2niei+cu+Moldova%2C+analizat%C4%83+de+o+prestigioas%C4%83+institu%C8%9Bie+italian%C4%83&amp;url=https%3A%2F%2Forasul-timisoara.ro%2Flocal-40331%2F&amp;via=orasultm\" title=\"Twitter\"><\/p>\n<div class=\"td-social-but-text\">Twitter<\/div>\n<p><\/a><a class=\"td-social-sharing-button td-social-sharing-button-js td-social-network td-social-whatsapp\" href=\"https:\/\/api.whatsapp.com\/send?text=Unirea+Rom%C3%A2niei+cu+Moldova%2C+analizat%C4%83+de+o+prestigioas%C4%83+institu%C8%9Bie+italian%C4%83%20%0A%0A%20https:\/\/orasul-timisoara.ro\/local-40331\/\" title=\"WhatsApp\"><\/p>\n<div class=\"td-social-but-text\">WhatsApp<\/div>\n<p><\/a><a class=\"td-social-sharing-button td-social-sharing-button-js td-social-network td-social-linkedin\" href=\"https:\/\/www.linkedin.com\/shareArticle?mini=true&amp;url=https:\/\/orasul-timisoara.ro\/local-40331\/&amp;title=Unirea+Rom%C3%A2niei+cu+Moldova%2C+analizat%C4%83+de+o+prestigioas%C4%83+institu%C8%9Bie+italian%C4%83\" title=\"Linkedin\"><\/p>\n<div class=\"td-social-but-text\">Linkedin<\/div>\n<p><\/a><a class=\"td-social-sharing-button td-social-sharing-button-js td-social-network td-social-reddit\" href=\"https:\/\/reddit.com\/submit?url=https:\/\/orasul-timisoara.ro\/local-40331\/&amp;title=Unirea+Rom%C3%A2niei+cu+Moldova%2C+analizat%C4%83+de+o+prestigioas%C4%83+institu%C8%9Bie+italian%C4%83\" title=\"ReddIt\"><\/p>\n<div class=\"td-social-but-text\">ReddIt<\/div>\n<p><\/a><a class=\"td-social-sharing-button td-social-sharing-button-js td-social-network td-social-mail\" href=\"mailto:?subject=Unirea%20Rom%C3%A2niei%20cu%20Moldova,%20analizat%C4%83%20de%20o%20prestigioas%C4%83%20institu%C8%9Bie%20italian%C4%83&amp;body=https:\/\/orasul-timisoara.ro\/local-40331\/\" title=\"Email\"><\/p>\n<div class=\"td-social-but-text\">Email<\/div>\n<p><\/a><a class=\"td-social-sharing-button td-social-sharing-button-js td-social-network td-social-print\" href=\"https:\/\/orasul-timisoara.ro\/local-40331\/\" title=\"Imprimare\"><\/p>\n<div class=\"td-social-but-text\">Imprimare<\/div>\n<p><\/a><\/div>\n<\/div>\n<\/div>\n<div class=\"td-post-content tagdiv-type\">\n<p class=\"wp-block-paragraph\">O analiz\u0103 publicat\u0103 miercuri, 19 august 2026, de Treccani, una dintre cele mai cunoscute institu\u021bii culturale \u0219i enciclopedice din Italia, pune \u00een discu\u021bie posibilitatea ca Republica Moldova s\u0103 se uneasc\u0103 \u00een viitor cu Rom\u00e2nia, \u00een contextul presiunilor exercitate de Rusia \u0219i al apropierii Chi\u0219in\u0103ului de Uniunea European\u0103. Materialul, publicat \u00een sec\u021biunea de geopolitic\u0103 a site-ului oficial Treccani, trateaz\u0103 unirea cu Rom\u00e2nia drept o posibil\u0103 variant\u0103 strategic\u0103 pentru Republica Moldova, f\u0103r\u0103 a sus\u021bine c\u0103 aceasta se afl\u0103 \u00een prezent pe agenda oficial\u0103 a celor dou\u0103 state.<\/p>\n<p class=\"wp-block-paragraph\">Analiza porne\u0219te de la vulnerabilitatea Republicii Moldova \u00een raport cu Rusia, de la situa\u021bia din Transnistria \u0219i de la parcursul european al Chi\u0219in\u0103ului. Treccani arat\u0103 c\u0103, \u00een scenariul \u00een care amenin\u021barea rus\u0103 s-ar accentua, iar integrarea european\u0103 \u0219i euroatlantic\u0103 ar \u00eent\u00e2mpina obstacole, unirea cu Rom\u00e2nia ar putea deveni o op\u021biune de rezerv\u0103. \u00cen acela\u0219i timp, publica\u021bia italian\u0103 subliniaz\u0103 c\u0103 exist\u0103 obstacole politice, juridice \u0219i geopolitice importante \u00een calea unui asemenea proiect.<\/p>\n<h2 class=\"wp-block-heading\">Treccani pune unirea Moldovei cu Rom\u00e2nia \u00eentr-un posibil scenariu de viitor<\/h2>\n<p class=\"wp-block-paragraph\">Analiza publicat\u0103 de Treccani poart\u0103 titlul \u201eLa Moldova potrebbe unirsi alla Romania per sfuggire alla Russia?\u201d, adic\u0103 \u201eS-ar putea Moldova uni cu Rom\u00e2nia pentru a sc\u0103pa de Rusia?\u201d. Autorul, Nicol\u00f2 Corbinzolu, plaseaz\u0103 aceast\u0103 ipotez\u0103 \u00een contextul r\u0103zboiului din Ucraina \u0219i al confrunt\u0103rii geopolitice dintre Rusia \u0219i Occident.<\/p>\n<p class=\"wp-block-paragraph\">Potrivit materialului, Republica Moldova, stat situat \u00eentre Rom\u00e2nia \u0219i Ucraina, se afl\u0103 de mai mult timp sub presiunea Moscovei. Treccani aminte\u0219te de influen\u021ba rus\u0103 asupra Transnistriei \u0219i de campaniile de propagand\u0103 \u0219i dezinformare pe care le atribuie Rusiei.<\/p>\n<p class=\"wp-block-paragraph\">\u00cen acest context, apropierea dintre Chi\u0219in\u0103u \u0219i Bucure\u0219ti este prezentat\u0103 drept un element strategic. Cele dou\u0103 state au leg\u0103turi istorice, culturale \u0219i lingvistice, iar Rom\u00e2nia este deja membr\u0103 a Uniunii Europene \u0219i a NATO.<\/p>\n<h2 class=\"wp-block-heading\">R\u0103zboiul din Ucraina schimb\u0103 calculele geopolitice din regiune<\/h2>\n<p class=\"wp-block-paragraph\">Unul dintre scenariile prezentate \u00een analiza italian\u0103 este legat de obiectivul atribuit Moscovei de a crea o conexiune terestr\u0103 \u00eentre teritoriile ocupate din sudul Ucrainei \u0219i Transnistria.<\/p>\n<p class=\"wp-block-paragraph\">Treccani arat\u0103 c\u0103, pentru realizarea unui asemenea coridor, Rusia ar trebui s\u0103 controleze inclusiv zonele Odesa \u0219i Mykolaiv. \u00cen acela\u0219i timp, existen\u021ba Transnistriei, unde sunt sta\u021biona\u021bi militari ru\u0219i, reprezint\u0103 una dintre principalele vulnerabilit\u0103\u021bi de securitate ale Republicii Moldova.<\/p>\n<p class=\"wp-block-paragraph\">\u00cen acest context regional, apropierea Moldovei de structurile europene \u0219i euroatlantice este prezentat\u0103 ca un factor care ar putea limita influen\u021ba Moscovei.<\/p>\n<h2 class=\"wp-block-heading\">Republica Moldova \u00ee\u0219i continu\u0103 parcursul spre Uniunea European\u0103<\/h2>\n<p class=\"wp-block-paragraph\">Treccani aminte\u0219te c\u0103 Republica Moldova urm\u0103re\u0219te integrarea \u00een Uniunea European\u0103 \u0219i c\u0103 negocierile de aderare au intrat \u00eentr-o nou\u0103 etap\u0103.<\/p>\n<p class=\"wp-block-paragraph\">\u00cen analiza publicat\u0103 pe 19 august, autorul indic\u0103 anul 2030 ca obiectiv pentru aderarea efectiv\u0103 a Republicii Moldova la Uniunea European\u0103. Totodat\u0103, materialul atrage aten\u021bia c\u0103 procesul nu este unul garantat \u0219i poate \u00eent\u00e2mpina dificult\u0103\u021bi politice \u00een interiorul statelor membre.<\/p>\n<p class=\"wp-block-paragraph\">Un exemplu oferit este Fran\u021ba, unde Constitu\u021bia prevede condi\u021bii speciale pentru aderarea unor noi state la Uniunea European\u0103. Treccani discut\u0103 astfel despre posibilitatea ca evolu\u021biile politice din statele membre s\u0103 influen\u021beze parcursul european al Chi\u0219in\u0103ului.<\/p>\n<h2 class=\"wp-block-heading\">Rusia \u00eencearc\u0103 s\u0103 men\u021bin\u0103 influen\u021ba asupra Republicii Moldova<\/h2>\n<p class=\"wp-block-paragraph\">Analiza italian\u0103 acord\u0103 un spa\u021biu important ac\u021biunilor pe care le atribuie Rusiei pentru influen\u021barea politicii interne din Republica Moldova.<\/p>\n<p class=\"wp-block-paragraph\">Treccani face referire la investiga\u021bii privind presupusa implicare a Moscovei \u00een finan\u021barea unor opera\u021biuni de influen\u021bare a alegerilor, \u00een propagand\u0103 \u0219i \u00een ac\u021biuni destinate destabiliz\u0103rii guvern\u0103rii proeuropene de la Chi\u0219in\u0103u.<\/p>\n<p class=\"wp-block-paragraph\">\u00cen acela\u0219i timp, autorul aminte\u0219te despre legisla\u021bia adoptat\u0103 recent \u00een Rusia referitoare la protejarea cet\u0103\u021benilor ru\u0219i din afara \u021b\u0103rii, observ\u00e2nd c\u0103 astfel de argumente au fost invocate de Moscova \u0219i \u00een trecut \u00een contextul interven\u021biilor sale \u00een spa\u021biul post-sovietic.<\/p>\n<h2 class=\"wp-block-heading\">C\u00e2t de puternic este sprijinul pentru unire<\/h2>\n<p class=\"wp-block-paragraph\">Una dintre cele mai interesante observa\u021bii din analiza Treccani se refer\u0103 la diferen\u021ba dintre percep\u021biile din Rom\u00e2nia \u0219i Republica Moldova \u00een privin\u021ba unei eventuale uniri.<\/p>\n<p class=\"wp-block-paragraph\">Materialul citeaz\u0103 estim\u0103ri potrivit c\u0103rora sprijinul pentru unire ar fi de aproximativ 70% \u00een Rom\u00e2nia \u0219i de aproximativ 40% \u00een Republica Moldova. Treccani mai men\u021bioneaz\u0103 c\u0103 aproximativ 850.000 de cet\u0103\u021beni ai Republicii Moldova de\u021bin deja cet\u0103\u021benia rom\u00e2n\u0103.<\/p>\n<p class=\"wp-block-paragraph\">Cu toate acestea, autorul subliniaz\u0103 c\u0103 unirea nu se afl\u0103 \u00een prezent pe agenda oficial\u0103 a niciuneia dintre cele dou\u0103 \u021b\u0103ri. \u00cen analiza Treccani, aceasta este prezentat\u0103 mai degrab\u0103 ca un posibil \u201ePlan B\u201d, care ar putea intra \u00een discu\u021bie \u00een func\u021bie de evolu\u021bia r\u0103zboiului din Ucraina \u0219i de parcursul european al Republicii Moldova.<\/p>\n<h2 class=\"wp-block-heading\">Istoria unirii din 1918 revine \u00een analiza italian\u0103<\/h2>\n<p class=\"wp-block-paragraph\">Treccani aminte\u0219te \u0219i episodul istoric din 1918, c\u00e2nd Basarabia s-a unit cu Rom\u00e2nia dup\u0103 destr\u0103marea Imperiului Rus.<\/p>\n<p class=\"wp-block-paragraph\">Subiectul are o \u00eenc\u0103rc\u0103tur\u0103 istoric\u0103 \u0219i politic\u0103 aparte, \u00eens\u0103 situa\u021bia actual\u0103 este diferit\u0103 de cea de la \u00eenceputul secolului trecut. Republica Moldova este ast\u0103zi un stat independent, iar orice eventual\u0103 modificare a statutului s\u0103u ar presupune un proces politic \u0219i juridic complex.<\/p>\n<p class=\"wp-block-paragraph\">Treccani aminte\u0219te \u0219i faptul c\u0103 ideea unirii a fost respins\u0103 de popula\u021bia Republicii Moldova prin referendumul din 1994. \u00cen consecin\u021b\u0103, perspectiva unei eventuale reunific\u0103ri trebuie privit\u0103 prin prisma realit\u0103\u021bilor politice \u0219i sociale actuale, nu doar prin raportare la trecutul comun.<\/p>\n<h2 class=\"wp-block-heading\">Transnistria \u0219i G\u0103g\u0103uzia, dou\u0103 probleme majore<\/h2>\n<p class=\"wp-block-paragraph\">O eventual\u0103 unire cu Rom\u00e2nia ar ridica probleme complexe \u0219i \u00een ceea ce prive\u0219te regiunile separatiste sau cu o puternic\u0103 orientare pro-rus\u0103.<\/p>\n<p class=\"wp-block-paragraph\">Transnistria este controlat\u0103 de facto de autorit\u0103\u021bi separatiste \u0219i beneficiaz\u0103 de sprijinul militar \u0219i politic al Rusiei. Regiunea reprezint\u0103 de mai multe decenii una dintre principalele probleme de securitate ale Republicii Moldova.<\/p>\n<p class=\"wp-block-paragraph\">Treccani men\u021bioneaz\u0103 \u0219i G\u0103g\u0103uzia, regiune autonom\u0103 din sudul Republicii Moldova, unde exist\u0103 o important\u0103 orientare pro-rus\u0103. Analiza aminte\u0219te prevederile acordului din 1994 care permit G\u0103g\u0103uziei s\u0103-\u0219i declare independen\u021ba \u00een anumite condi\u021bii, inclusiv \u00een cazul schimb\u0103rii statutului Republicii Moldova prin unirea cu Rom\u00e2nia.<\/p>\n<h2 class=\"wp-block-heading\">Leg\u0103turile economice cu Uniunea European\u0103 pot conta<\/h2>\n<p class=\"wp-block-paragraph\">Un alt element analizat de Treccani este apropierea economic\u0103 dintre Republica Moldova \u0219i Uniunea European\u0103.<\/p>\n<p class=\"wp-block-paragraph\">Potrivit materialului, aproximativ 70% din exporturile Transnistriei ajung pe pie\u021bele europene, \u00een contextul acordurilor comerciale ale Republicii Moldova cu UE. Aceast\u0103 orientare economic\u0103 este relevant\u0103 \u00een analiza privind diminuarea dependen\u021bei regiunii de Rusia.<\/p>\n<p class=\"wp-block-paragraph\">\u00cen cazul G\u0103g\u0103uziei, Treccani observ\u0103 c\u0103 popula\u021bia de aproximativ 100.000 de locuitori este dispersat\u0103 \u00een mai multe enclave, ceea ce ar face dificil\u0103 materializarea unui scenariu de independen\u021b\u0103 \u00een eventualitatea unei schimb\u0103ri de statut a Republicii Moldova.<\/p>\n<h2 class=\"wp-block-heading\">Unirea nu este un proiect oficial, dar apare ca scenariu geopolitic<\/h2>\n<p class=\"wp-block-paragraph\">Analiza publicat\u0103 de Treccani nu afirm\u0103 c\u0103 Rom\u00e2nia \u0219i Republica Moldova preg\u0103tesc o unire \u0219i nici c\u0103 un asemenea proces ar urma s\u0103 \u00eenceap\u0103 \u00een perioada imediat urm\u0103toare.<\/p>\n<p class=\"wp-block-paragraph\">Dimpotriv\u0103, autorul precizeaz\u0103 c\u0103 unirea nu se afl\u0103 pe agenda oficial\u0103 a celor dou\u0103 state. Ideea este prezentat\u0103 ca o posibilitate de rezerv\u0103, dependent\u0103 de evolu\u021bia r\u0103zboiului din Ucraina, de presiunile Rusiei asupra Republicii Moldova \u0219i de succesul sau blocarea parcursului european al Chi\u0219in\u0103ului.<\/p>\n<p class=\"wp-block-paragraph\">Importan\u021ba articolului const\u0103 \u00eens\u0103 \u00een faptul c\u0103 o institu\u021bie italian\u0103 de prestigiu introduce explicit reunificarea dintre Rom\u00e2nia \u0219i Republica Moldova \u00eentr-o analiz\u0103 geopolitic\u0103 despre securitatea Europei de Est.<\/p>\n<p class=\"wp-block-paragraph\">Pentru Rom\u00e2nia, subiectul are o relevan\u021b\u0103 aparte, at\u00e2t prin leg\u0103turile istorice \u0219i culturale cu Republica Moldova, c\u00e2t \u0219i prin pozi\u021bia sa de stat membru al Uniunii Europene \u0219i NATO. Pentru Chi\u0219in\u0103u, op\u021biunile strategice sunt legate \u00een primul r\u00e2nd de consolidarea independen\u021bei, apropierea de UE \u0219i gestionarea riscurilor generate de conflictul din regiune.Analiza Treccani deschide o discu\u021bie despre un scenariu care, de\u0219i nu reprezint\u0103 \u00een prezent un proiect oficial al Bucure\u0219tiului sau Chi\u0219in\u0103ului, poate c\u0103p\u0103ta o alt\u0103 greutate \u00een cazul unor schimb\u0103ri majore \u00een regiune. R\u0103zboiul din Ucraina, presiunile Rusiei, situa\u021bia Transnistriei \u0219i parcursul european al Republicii Moldova sunt factorii care, \u00een viziunea publica\u021biei italiene, ar putea influen\u021ba evolu\u021bia acestei teme.<\/p>\n<p class=\"wp-block-paragraph\">\u00cen acest moment, \u00eens\u0103, Republica Moldova \u00ee\u0219i continu\u0103 parcursul c\u0103tre Uniunea European\u0103, iar unirea cu Rom\u00e2nia r\u0103m\u00e2ne, a\u0219a cum o descrie Treccani, un scenariu ipotetic pentru un viitor care depinde de evolu\u021biile geopolitice \u0219i de voin\u021ba politic\u0103 \u0219i democratic\u0103 a celor dou\u0103 societ\u0103\u021bi.<\/p>\n<p class=\"wp-block-paragraph\">Credit foto : suprarealist, creat cu IA<\/p>\n<\/div>\n<footer>\n<div class=\"td-post-source-tags\">\n<ul class=\"td-tags td-post-small-box clearfix\">\n<li><span>ETICHETE<\/span><\/li>\n<li><a href=\"https:\/\/orasul-timisoara.ro\/local-tag\/bucuresti-2\/\">Bucure\u0219ti<\/a><\/li>\n<li><a href=\"https:\/\/orasul-timisoara.ro\/local-tag\/chisinau-2\/\">Chi\u0219in\u0103u<\/a><\/li>\n<li><a href=\"https:\/\/orasul-timisoara.ro\/local-tag\/gagauzia\/\">G\u0103g\u0103uzia<\/a><\/li>\n<li><a href=\"https:\/\/orasul-timisoara.ro\/local-tag\/maia-sandu\/\">maia sandu<\/a><\/li>\n<li><a href=\"https:\/\/orasul-timisoara.ro\/local-tag\/nato\/\">nato<\/a><\/li>\n<li><a href=\"https:\/\/orasul-timisoara.ro\/local-tag\/nicusor-dan-2\/\">Nicu\u0219or Dan<\/a><\/li>\n<li><a href=\"https:\/\/orasul-timisoara.ro\/local-tag\/republica-moldova\/\">republica moldova<\/a><\/li>\n<li><a href=\"https:\/\/orasul-timisoara.ro\/local-tag\/romania-2\/\">rom\u00e2nia<\/a><\/li>\n<li><a href=\"https:\/\/orasul-timisoara.ro\/local-tag\/rusia\/\">rusia<\/a><\/li>\n<li><a href=\"https:\/\/orasul-timisoara.ro\/local-tag\/transnistria\/\">Transnistria<\/a><\/li>\n<li><a href=\"https:\/\/orasul-timisoara.ro\/local-tag\/treccani\/\">Treccani<\/a><\/li>\n<li><a href=\"https:\/\/orasul-timisoara.ro\/local-tag\/unirea-romaniei-cu-moldova\/\">unirea Rom\u00e2niei cu Moldova<\/a><\/li>\n<li><a href=\"https:\/\/orasul-timisoara.ro\/local-tag\/uniunea-europeana-2\/\">Uniunea European\u0103<\/a><\/li>\n<li><a href=\"https:\/\/orasul-timisoara.ro\/local-tag\/vladimir-putin\/\">vladimir putin<\/a><\/li>\n<\/ul>\n<\/div>\n<div class=\"td-post-sharing-bottom\">\n<div class=\"td-post-sharing-classic\"><iframe title=\"bottomFacebookLike\" frameborder src=\"https:\/\/www.facebook.com\/plugins\/like.php?href=https:\/\/orasul-timisoara.ro\/local-40331\/&amp;layout=button_count&amp;show_faces=false&amp;width=105&amp;action=like&amp;colorscheme=light&amp;height=21\"><\/iframe><\/div>\n<div id=\"td_social_sharing_article_bottom\" class=\"td-post-sharing td-ps-bg td-ps-notext td-post-sharing-style1 \">\n<div class=\"td-post-sharing-visible\"><a class=\"td-social-sharing-button td-social-sharing-button-js td-social-network td-social-facebook\" href=\"https:\/\/www.facebook.com\/sharer.php?u=https%3A%2F%2Forasul-timisoara.ro%2Flocal-40331%2F\" title=\"Facebook\"><\/p>\n<div class=\"td-social-but-text\">Facebook<\/div>\n<p><\/a><a class=\"td-social-sharing-button td-social-sharing-button-js td-social-network td-social-twitter\" href=\"https:\/\/twitter.com\/intent\/tweet?text=Unirea+Rom%C3%A2niei+cu+Moldova%2C+analizat%C4%83+de+o+prestigioas%C4%83+institu%C8%9Bie+italian%C4%83&amp;url=https%3A%2F%2Forasul-timisoara.ro%2Flocal-40331%2F&amp;via=orasultm\" title=\"Twitter\"><\/p>\n<div class=\"td-social-but-text\">Twitter<\/div>\n<p><\/a><a class=\"td-social-sharing-button td-social-sharing-button-js td-social-network td-social-whatsapp\" href=\"https:\/\/api.whatsapp.com\/send?text=Unirea+Rom%C3%A2niei+cu+Moldova%2C+analizat%C4%83+de+o+prestigioas%C4%83+institu%C8%9Bie+italian%C4%83%20%0A%0A%20https:\/\/orasul-timisoara.ro\/local-40331\/\" title=\"WhatsApp\"><\/p>\n<div class=\"td-social-but-text\">WhatsApp<\/div>\n<p><\/a><a class=\"td-social-sharing-button td-social-sharing-button-js td-social-network td-social-linkedin\" href=\"https:\/\/www.linkedin.com\/shareArticle?mini=true&amp;url=https:\/\/orasul-timisoara.ro\/local-40331\/&amp;title=Unirea+Rom%C3%A2niei+cu+Moldova%2C+analizat%C4%83+de+o+prestigioas%C4%83+institu%C8%9Bie+italian%C4%83\" title=\"Linkedin\"><\/p>\n<div class=\"td-social-but-text\">Linkedin<\/div>\n<p><\/a><a class=\"td-social-sharing-button td-social-sharing-button-js td-social-network td-social-reddit\" href=\"https:\/\/reddit.com\/submit?url=https:\/\/orasul-timisoara.ro\/local-40331\/&amp;title=Unirea+Rom%C3%A2niei+cu+Moldova%2C+analizat%C4%83+de+o+prestigioas%C4%83+institu%C8%9Bie+italian%C4%83\" title=\"ReddIt\"><\/p>\n<div class=\"td-social-but-text\">ReddIt<\/div>\n<p><\/a><a class=\"td-social-sharing-button td-social-sharing-button-js td-social-network td-social-mail\" href=\"mailto:?subject=Unirea%20Rom%C3%A2niei%20cu%20Moldova,%20analizat%C4%83%20de%20o%20prestigioas%C4%83%20institu%C8%9Bie%20italian%C4%83&amp;body=https:\/\/orasul-timisoara.ro\/local-40331\/\" title=\"Email\"><\/p>\n<div class=\"td-social-but-text\">Email<\/div>\n<p><\/a><a class=\"td-social-sharing-button td-social-sharing-button-js td-social-network td-social-print\" href=\"https:\/\/orasul-timisoara.ro\/local-40331\/\" title=\"Imprimare\"><\/p>\n<div class=\"td-social-but-text\">Imprimare<\/div>\n<p><\/a><\/div>\n<\/div>\n<\/div>\n<div class=\"td-block-row td-post-next-prev\">\n<div class=\"td-block-span6 td-post-prev-post\">\n<div class=\"td-post-next-prev-content\"><span>Articolul precedent<\/span><a href=\"https:\/\/orasul-timisoara.ro\/local-40328\/\">Protest civic la Timi\u0219oara \u00eempotriva efectelor noii Legi a Integrit\u0103\u021bii<\/a><\/div>\n<\/div>\n<div class=\"td-block-span6 td-post-next-post\">\n<div class=\"td-post-next-prev-content\"><span>Articolul urm\u0103tor<\/span><a href=\"https:\/\/orasul-timisoara.ro\/local-40336\/\">SCM Politehnica Timi\u0219oara \u00eencepe sezonul \u00een for\u021b\u0103: duel cu Dinamo \u00een Supercupa Rom\u00e2niei<\/a><\/div>\n<\/div>\n<\/div>\n<div class=\"td-author-name vcard author\"><span class=\"fn\"><a href=\"https:\/\/orasul-timisoara.ro\/author\/timisoara\/\">redactia<\/a><\/span><\/div>\n<p><span class=\"td-page-meta\"><\/span><span class=\"td-page-meta\"><span class=\"td-page-meta\"><\/span><\/span><span class=\"td-page-meta\"><\/span><\/footer>\n<div class=\"td_block_wrap td_block_related_posts tdi_3 td_with_ajax_pagination td-pb-border-top td_block_template_8\" data-td-block-uid=\"tdi_3\">\n<h4 class=\"td-related-title td-block-title\"><a id=\"tdi_4\" class=\"td-related-left td-cur-simple-item\" data-td_filter_value data-td_block_id=\"tdi_3\" href=\"https:\/\/orasul-timisoara.ro\/local-40331\/\">ARTICOLE SIMILARE<\/a><a id=\"tdi_5\" class=\"td-related-right\" data-td_filter_value=\"td_related_more_from_author\" data-td_block_id=\"tdi_3\" href=\"https:\/\/orasul-timisoara.ro\/local-40331\/\">DE LA ACELA\u0218I AUTOR<\/a><\/h4>\n<div id=\"tdi_3\" class=\"td_block_inner\">\n<div class=\"td-related-row\">\n<div class=\"td-related-span4\">\n<div class=\"td_module_related_posts td-animation-stack td_mod_related_posts\">\n<div class=\"td-module-image\">\n<div class=\"td-module-thumb\"><a href=\"https:\/\/orasul-timisoara.ro\/local-39992\/\" rel=\"bookmark\" class=\"td-image-wrap \" title=\"DRDP Timi\u0219oara modernizeaz\u0103 semnalizarea rutier\u0103 de pe autostrada A1\"><img loading=\"lazy\" decoding=\"async\" class=\"entry-thumb\" src=\"https:\/\/orasul-timisoara.ro\/wp-content\/uploads\/2026\/08\/763098262_1583662216547515_8266244392991676577_n-436x300.jpg\" alt title=\"DRDP Timi\u0219oara modernizeaz\u0103 semnalizarea rutier\u0103 de pe autostrada A1\" width=\"218\" height=\"150\"><\/a><\/div>\n<\/div>\n<div class=\"item-details\">\n<h3 class=\"entry-title td-module-title\"><a href=\"https:\/\/orasul-timisoara.ro\/local-39992\/\" rel=\"bookmark\" title=\"DRDP Timi\u0219oara modernizeaz\u0103 semnalizarea rutier\u0103 de pe autostrada A1\">DRDP Timi\u0219oara modernizeaz\u0103 semnalizarea rutier\u0103 de pe autostrada A1<\/a><\/h3>\n<\/div>\n<\/div>\n<\/div>\n<div class=\"td-related-span4\">\n<div class=\"td_module_related_posts td-animation-stack td_mod_related_posts\">\n<div class=\"td-module-image\">\n<div class=\"td-module-thumb\"><a href=\"https:\/\/orasul-timisoara.ro\/local-39377\/\" rel=\"bookmark\" class=\"td-image-wrap \" title=\"Val de c\u0103ldur\u0103 f\u0103r\u0103 precedent: temperaturi de 41 de grade \u0219i nop\u021bi tropicale \u00een Rom\u00e2nia\"><img loading=\"lazy\" decoding=\"async\" class=\"entry-thumb\" src=\"https:\/\/orasul-timisoara.ro\/wp-content\/uploads\/2026\/06\/ChatGPT-Image-Jun-27-2026-06_01_56-PM-436x300.jpg\" alt title=\"Val de c\u0103ldur\u0103 f\u0103r\u0103 precedent: temperaturi de 41 de grade \u0219i nop\u021bi tropicale \u00een Rom\u00e2nia\" width=\"218\" height=\"150\"><\/a><\/div>\n<\/div>\n<div class=\"item-details\">\n<h3 class=\"entry-title td-module-title\"><a href=\"https:\/\/orasul-timisoara.ro\/local-39377\/\" rel=\"bookmark\" title=\"Val de c\u0103ldur\u0103 f\u0103r\u0103 precedent: temperaturi de 41 de grade \u0219i nop\u021bi tropicale \u00een Rom\u00e2nia\">Val de c\u0103ldur\u0103 f\u0103r\u0103 precedent: temperaturi de 41 de grade \u0219i nop\u021bi tropicale \u00een Rom\u00e2nia<\/a><\/h3>\n<\/div>\n<\/div>\n<\/div>\n<div class=\"td-related-span4\">\n<div class=\"td_module_related_posts td-animation-stack td_mod_related_posts\">\n<div class=\"td-module-image\">\n<div class=\"td-module-thumb\"><a href=\"https:\/\/orasul-timisoara.ro\/local-38057\/\" rel=\"bookmark\" class=\"td-image-wrap \" title=\"Model peste Prut: Republica Moldova propune o reorganizare administrativ\u0103 profund\u0103. \u00cen Rom\u00e2nia, se vorbe\u0219te despre reorganizare administrativ\u0103, dar PSD \u0219i PNL am\u00e2n\u0103 m\u0103surile\"><img loading=\"lazy\" decoding=\"async\" class=\"entry-thumb\" src=\"https:\/\/orasul-timisoara.ro\/wp-content\/uploads\/2026\/04\/republica-moldova-436x300.jpg\" alt title=\"Model peste Prut: Republica Moldova propune o reorganizare administrativ\u0103 profund\u0103. \u00cen Rom\u00e2nia, se vorbe\u0219te despre reorganizare administrativ\u0103, dar PSD \u0219i PNL am\u00e2n\u0103 m\u0103surile\" width=\"218\" height=\"150\"><\/a><\/div>\n<\/div>\n<div class=\"item-details\">\n<h3 class=\"entry-title td-module-title\"><a href=\"https:\/\/orasul-timisoara.ro\/local-38057\/\" rel=\"bookmark\" title=\"Model peste Prut: Republica Moldova propune o reorganizare administrativ\u0103 profund\u0103. \u00cen Rom\u00e2nia, se vorbe\u0219te despre reorganizare administrativ\u0103, dar PSD \u0219i PNL am\u00e2n\u0103 m\u0103surile\">Model peste Prut: Republica Moldova propune o reorganizare administrativ\u0103 profund\u0103. \u00cen Rom\u00e2nia, se vorbe\u0219te despre reorganizare administrativ\u0103, dar PSD \u0219i PNL am\u00e2n\u0103 m\u0103surile<\/a><\/h3>\n<\/div>\n<\/div>\n<\/div>\n<\/div>\n<\/div>\n<\/div>\n<div class=\"comments\" id=\"comments\">\n<div id=\"respond\" class=\"comment-respond\">\n<h3 id=\"reply-title\" class=\"comment-reply-title\">L\u0102SA\u021aI UN MESAJ<\/h3>\n<div class=\"comment-form-input-wrap td-form-comment\">\n<div class=\"td-warning-comment\">V\u0103 rug\u0103m s\u0103 introduce\u021bi comentariul dvs.!<\/div>\n<\/div>\n<div class=\"comment-form-input-wrap td-form-author\">\n<div class=\"td-warning-author\">Introduce\u021bi aici numele dvs.<\/div>\n<\/div>\n<div class=\"comment-form-input-wrap td-form-email\">\n<div class=\"td-warning-email-error\">A\u021bi introdus o adres\u0103 de e-mail incorect\u0103!<\/div>\n<div class=\"td-warning-email\">V\u0103 rug\u0103m s\u0103 introduce\u021bi adresa dvs. de e-mail aici<\/div>\n<\/div>\n<\/div>\n<p class=\"akismet_comment_form_privacy_notice\">Acest site folose\u0219te Akismet pentru a reduce spamul. <a href=\"https:\/\/akismet.com\/privacy\/\" target=\"_blank\" rel=\"nofollow noopener\">Afl\u0103 cum sunt procesate datele comentariilor tale<\/a>.<\/p>\n<\/div>\n<\/div>\n<\/div>\n<div class=\"td-pb-span4 td-main-sidebar\" role=\"complementary\">\n<div class=\"td-ss-main-sidebar\">\n<aside id=\"block-4\" class=\"td_block_template_8 widget block-4 widget_block widget_media_image\">\n<figure class=\"wp-block-image size-full\"><img loading=\"lazy\" decoding=\"async\" width=\"336\" height=\"280\" src=\"https:\/\/orasul-timisoara.ro\/wp-content\/uploads\/2024\/11\/ReTIM-Abonamentul-Verde-Google-Ads-336x280px.gif\" alt class=\"wp-image-29257\"><\/figure>\n<\/aside>\n<div class=\"td_block_wrap td_block_social_counter td_block_widget tdi_6 td-social-style5 td-social-boxed td-pb-border-top td_block_template_8\">\n<div class=\"td-block-title-wrap\">\n<h4 class=\"td-block-title\"><span>Urm\u0103re\u0219te-ne pe Social Media<\/span><\/h4>\n<\/div>\n<div class=\"td-social-list\">\n<div class=\"td_social_type td-pb-margin-side td_social_facebook\">\n<div class=\"td-social-box\"><span class=\"td_social_info td_social_info_counter\">344,595<\/span><span class=\"td_social_info td_social_info_name\">Fani<\/span><span class=\"td_social_button\"><a href=\"https:\/\/www.facebook.com\/247timisoara\" target=\"_blank\" rel=\"nofollow\">\u00cemi place<\/a><\/span><\/div>\n<\/div>\n<div class=\"td_social_type td-pb-margin-side td_social_instagram\">\n<div class=\"td-social-box\"><span class=\"td_social_info td_social_info_counter\">4,416<\/span><span class=\"td_social_info td_social_info_name\">Cititori<\/span><span class=\"td_social_button\"><a href=\"https:\/\/instagram.com\/orasultimisoararo\/\" target=\"_blank\" rel=\"nofollow\">Conecta\u021bi-v\u0103<\/a><\/span><\/div>\n<\/div>\n<div class=\"td_social_type td-pb-margin-side td_social_rss\">\n<div class=\"td-social-box\"><span class=\"td_social_info td_social_info_counter\">12,506<\/span><span class=\"td_social_info td_social_info_name\">Cititori<\/span><span class=\"td_social_button\"><a href=\"https:\/\/orasul-timisoara.ro\/feed\/\" target=\"_blank\" rel=\"nofollow\">Conecta\u021bi-v\u0103<\/a><\/span><\/div>\n<\/div>\n<div class=\"td_social_type td-pb-margin-side td_social_tiktok\">\n<div class=\"td-social-box\"><span class=\"td_social_info td_social_info_counter\">1,500<\/span><span class=\"td_social_info td_social_info_name\">Cititori<\/span><span class=\"td_social_button\"><a href=\"https:\/\/www.tiktok.com\/@orasultimisoara\" target=\"_blank\" rel=\"nofollow\">Conecta\u021bi-v\u0103<\/a><\/span><\/div>\n<\/div>\n<div class=\"td_social_type td-pb-margin-side td_social_twitter\">\n<div class=\"td-social-box\"><span class=\"td_social_info td_social_info_counter\">1,595<\/span><span class=\"td_social_info td_social_info_name\">Cititori<\/span><span class=\"td_social_button\"><a href=\"https:\/\/twitter.com\/orasultm\" target=\"_blank\" rel=\"nofollow\">Conecta\u021bi-v\u0103<\/a><\/span><\/div>\n<\/div>\n<div class=\"td_social_type td-pb-margin-side td_social_youtube\">\n<div class=\"td-social-box\"><span class=\"td_social_info td_social_info_counter\">3,506<\/span><span class=\"td_social_info td_social_info_name\">Abona\u021bi<\/span><span class=\"td_social_button\"><a href=\"https:\/\/www.youtube.com\/channel\/UCQNsQvs2XCSIm1Z-AHRturw?sub_confirmation=1\" target=\"_blank\" rel=\"nofollow\">Abona\u021bi-v\u0103<\/a><\/span><\/div>\n<\/div>\n<\/div>\n<\/div>\n<aside id=\"text-7\" class=\"td_block_template_8 widget text-7 widget_text\">\n<h4 class=\"td-block-title\"><span>C\u0103ut\u0103ri populare pe OTM<\/span><\/h4>\n<div class=\"textwidget\"><a href=\"https:\/\/orasul-timisoara.ro\/?s=timisoara\"><span>Timisoara<\/span><\/a><a href=\"https:\/\/orasul-timisoara.ro\/?s=calin+dobra\"><span>Calin Dobra<\/span><\/a><a href=\"https:\/\/orasul-timisoara.ro\/?s=primaria+timisoara\"><span>Primaria Timisoara<\/span><\/a><a href=\"https:\/\/orasul-timisoara.ro\/?s=dominic+fritz\"><span>Dominic Fritz<\/span><\/a><a href=\"https:\/\/orasul-timisoara.ro\/?s=nicolae+robu\"><span>Nicolae Robu<\/span><\/a><a href=\"https:\/\/orasul-timisoara.ro\/?s=consiliul+local+timisoara\">Consiliul Local Timisoara<\/a><a href=\"https:\/\/orasul-timisoara.ro\/?s=consiliul+judetean+timis\"><span>Consiliul Judetean Timis<\/span><\/a><a href=\"https:\/\/orasul-timisoara.ro\/?s=cjt\"><span>CJT<\/span><\/a><a href=\"https:\/\/orasul-timisoara.ro\/?s=Alfred+Simonis\"><span>Alfred Simonis<\/span><\/a><a href=\"https:\/\/orasul-timisoara.ro\/?s=PNL\"><span>PNL<\/span><\/a><a href=\"https:\/\/orasul-timisoara.ro\/?s=coronavirus\"><span>coronavirus<\/span><\/a><a href=\"https:\/\/orasul-timisoara.ro\/?s=teatru+timisoara\">teatru Timisoara<\/a><a href=\"https:\/\/orasul-timisoara.ro\/?s=restaurante\"><span>restaurante Timisoara<\/span><\/a><a href=\"https:\/\/orasul-timisoara.ro\/?s=diskoteka\"><span>Diskoteka<\/span><\/a><a href=\"https:\/\/orasul-timisoara.ro\/?s=iulius+town\"><span>Iulius Town<\/span><\/a><a href=\"https:\/\/orasul-timisoara.ro\/?s=iulius+mall\"><span>Iulius Mall<\/span><\/a><a href=\"https:\/\/orasul-timisoara.ro\/?s=stpt\"><span>STPT<\/span><\/a><a href=\"https:\/\/orasul-timisoara.ro\/?s=alin+nica\"><span>Alin Nica<\/span><\/a><a href=\"https:\/\/orasul-timisoara.ro\/?s=psd\"><span>PSD<\/span><\/a><a href=\"https:\/\/orasul-timisoara.ro\/?s=aeroport\"><span>Aeroportul International Timisoara<\/span><\/a><a href=\"https:\/\/orasul-timisoara.ro\/?s=babes\"><span>Spitalul Victor Babes Timisoara<\/span><\/a><a href=\"https:\/\/orasul-timisoara.ro\/?s=poli\"><span>Poli Timi\u0219oara<\/span><\/a><a href=\"https:\/\/orasul-timisoara.ro\/?s=carantina\"><span>carantina<\/span><\/a><a href=\"https:\/\/orasul-timisoara.ro\/?s=aquatim\"><span>Aquatim<\/span><\/a><a href=\"https:\/\/orasul-timisoara.ro\/local-category\/stiri-timisoara\/\"><span>Stiri Timisoara<\/span><\/a><a href=\"https:\/\/orasul-timisoara.ro\/local-category\/investitii-in-timisoara\/\"><span>Investi\u021bii in Timi\u0219oara<\/span><\/a><a href=\"https:\/\/orasul-timisoara.ro\/local-9463\/\"><span>shaorma<\/span><\/a><a href=\"https:\/\/orasul-timisoara.ro\/?s=trafic\"><span>trafic rutier<\/span><\/a><a href=\"https:\/\/orasul-timisoara.ro\/?s=politia\"><span>politia locala timisoara<\/span><\/a><a href=\"https:\/\/orasul-timisoara.ro\/?s=roxana\"><span>Roxana Iliescu<\/span><\/a><a href=\"https:\/\/orasul-timisoara.ro\/?s=colterm\"><span>Colterm<\/span><\/a><a href=\"https:\/\/orasul-timisoara.ro\/?s=latcau\"><span>Ruben La\u021bc\u0103u<\/span><\/a><a href=\"https:\/\/orasul-timisoara.ro\/?s=timis\"><span>\u0218tiri din Timi\u0219<\/span><\/a><a href=\"https:\/\/orasul-timisoara.ro\/?s=spital\"><span>Spitale din Timi\u0219oara<\/span><\/a><a href=\"https:\/\/orasul-timisoara.ro\/?s=tabara\"><span>Cosmin Tab\u0103r\u0103<\/span><\/a><\/div>\n<\/aside>\n<aside id=\"rss-2\" class=\"td_block_template_8 widget rss-2 widget_rss\">\n<h4 class=\"td-block-title\"><span><a class=\"rsswidget rss-widget-feed\" href=\"https:\/\/fashionfridays.ro\/feed\"><img decoding=\"async\" class=\"rss-widget-icon\" width=\"14\" height=\"14\" src=\"https:\/\/orasul-timisoara.ro\/wp-includes\/images\/rss.png\" alt=\"Flux RSS: Fashion Fridays\" loading=\"lazy\"><\/a><a class=\"rsswidget rss-widget-title\" href=\"https:\/\/fashionfridays.ro\/\">Fashion Fridays<\/a><\/span><\/h4>\n<ul>\n<li><a class=\"rsswidget\" href=\"https:\/\/fashionfridays.ro\/romania-devine-a-29-a-piata-vogue-o-noua-era-pentru-industria-locala-de-moda\/\">Rom\u00e2nia devine a 29-a pia\u021b\u0103 Vogue: o nou\u0103 er\u0103 pentru industria local\u0103 de mod\u0103<\/a>\n<div class=\"rssSummary\">Revista Vogue \u00ee\u0219i extinde prezen\u021ba global\u0103 \u0219i va fi lansat\u0103 oficial \u00een Rom\u00e2nia \u00een prim\u0103vara anului 2027, marc\u00e2nd intrarea pe cea de-a 29-a pia\u021b\u0103 interna\u021bional\u0103. Proiectul este realizat \u00een parteneriat cu AEMME Publishing, o companie media recent \u00eenfiin\u021bat\u0103, care va publica edi\u021bia local\u0103 sub licen\u021b\u0103. Noua edi\u021bie, Vogue Rom\u00e2nia, \u00ee\u0219i propune s\u0103 combine autoritatea global\u0103 [\u2026]<\/div>\n<\/li>\n<\/ul>\n<\/aside>\n<aside id=\"rss-4\" class=\"td_block_template_8 widget rss-4 widget_rss\">\n<h4 class=\"td-block-title\"><span><a class=\"rsswidget rss-widget-feed\" href=\"https:\/\/emasini.ro\/feed\"><img decoding=\"async\" class=\"rss-widget-icon\" width=\"14\" height=\"14\" src=\"https:\/\/orasul-timisoara.ro\/wp-includes\/images\/rss.png\" alt=\"Flux RSS: eMasini\" loading=\"lazy\"><\/a><a class=\"rsswidget rss-widget-title\" href=\"https:\/\/emasini.ro\/\">eMasini<\/a><\/span><\/h4>\n<ul>\n<li><a class=\"rsswidget\" href=\"https:\/\/emasini.ro\/adio-bordurilor-pline-de-ecrane-mercedes-benz-readuce-butoanele-in-noile-masini-produse\/\">Adio bordurilor pline de ecrane? Mercedes-Benz readuce butoanele \u00een noile ma\u0219ini produse<\/a>\n<div class=\"rssSummary\">Mercedes-Benz \u00ee\u0219i schimb\u0103 direc\u021bia \u00een ceea ce prive\u0219te designul interioarelor \u0219i va readuce comenzile fizice pentru anumite func\u021bii importante. Constructorul german nu renun\u021b\u0103 la ecranele mari \u0219i la tehnologiile digitale, dar recunoa\u0219te c\u0103 a mers prea departe prin eliminarea unor butoane \u0219i comenzi tactile. Ola K\u00e4llenius, pre\u0219edintele Consiliului de Administra\u021bie al Mercedes-Benz Group \u0219i CEO [\u2026]<\/div>\n<\/li>\n<\/ul>\n<\/aside>\n<\/div>\n<\/div>\n<\/div>\n<\/div>\n<\/article>\n<div class=\"td-post-content tagdiv-type\">\n<p class=\"wp-block-paragraph\">O analiz\u0103 publicat\u0103 miercuri, 19 august 2026, de Treccani, una dintre cele mai cunoscute institu\u021bii culturale \u0219i enciclopedice din Italia, pune \u00een discu\u021bie posibilitatea ca Republica Moldova s\u0103 se uneasc\u0103 \u00een viitor cu Rom\u00e2nia, \u00een contextul presiunilor exercitate de Rusia \u0219i al apropierii Chi\u0219in\u0103ului de Uniunea European\u0103. Materialul, publicat \u00een sec\u021biunea de geopolitic\u0103 a site-ului oficial Treccani, trateaz\u0103 unirea cu Rom\u00e2nia drept o posibil\u0103 variant\u0103 strategic\u0103 pentru Republica Moldova, f\u0103r\u0103 a sus\u021bine c\u0103 aceasta se afl\u0103 \u00een prezent pe agenda oficial\u0103 a celor dou\u0103 state.<\/p>\n<p class=\"wp-block-paragraph\">Analiza porne\u0219te de la vulnerabilitatea Republicii Moldova \u00een raport cu Rusia, de la situa\u021bia din Transnistria \u0219i de la parcursul european al Chi\u0219in\u0103ului. Treccani arat\u0103 c\u0103, \u00een scenariul \u00een care amenin\u021barea rus\u0103 s-ar accentua, iar integrarea european\u0103 \u0219i euroatlantic\u0103 ar \u00eent\u00e2mpina obstacole, unirea cu Rom\u00e2nia ar putea deveni o op\u021biune de rezerv\u0103. \u00cen acela\u0219i timp, publica\u021bia italian\u0103 subliniaz\u0103 c\u0103 exist\u0103 obstacole politice, juridice \u0219i geopolitice importante \u00een calea unui asemenea proiect.<\/p>\n<h2 class=\"wp-block-heading\">Treccani pune unirea Moldovei cu Rom\u00e2nia \u00eentr-un posibil scenariu de viitor<\/h2>\n<p class=\"wp-block-paragraph\">Analiza publicat\u0103 de Treccani poart\u0103 titlul \u201eLa Moldova potrebbe unirsi alla Romania per sfuggire alla Russia?\u201d, adic\u0103 \u201eS-ar putea Moldova uni cu Rom\u00e2nia pentru a sc\u0103pa de Rusia?\u201d. Autorul, Nicol\u00f2 Corbinzolu, plaseaz\u0103 aceast\u0103 ipotez\u0103 \u00een contextul r\u0103zboiului din Ucraina \u0219i al confrunt\u0103rii geopolitice dintre Rusia \u0219i Occident.<\/p>\n<p class=\"wp-block-paragraph\">Potrivit materialului, Republica Moldova, stat situat \u00eentre Rom\u00e2nia \u0219i Ucraina, se afl\u0103 de mai mult timp sub presiunea Moscovei. Treccani aminte\u0219te de influen\u021ba rus\u0103 asupra Transnistriei \u0219i de campaniile de propagand\u0103 \u0219i dezinformare pe care le atribuie Rusiei.<\/p>\n<p class=\"wp-block-paragraph\">\u00cen acest context, apropierea dintre Chi\u0219in\u0103u \u0219i Bucure\u0219ti este prezentat\u0103 drept un element strategic. Cele dou\u0103 state au leg\u0103turi istorice, culturale \u0219i lingvistice, iar Rom\u00e2nia este deja membr\u0103 a Uniunii Europene \u0219i a NATO.<\/p>\n<h2 class=\"wp-block-heading\">R\u0103zboiul din Ucraina schimb\u0103 calculele geopolitice din regiune<\/h2>\n<p class=\"wp-block-paragraph\">Unul dintre scenariile prezentate \u00een analiza italian\u0103 este legat de obiectivul atribuit Moscovei de a crea o conexiune terestr\u0103 \u00eentre teritoriile ocupate din sudul Ucrainei \u0219i Transnistria.<\/p>\n<p class=\"wp-block-paragraph\">Treccani arat\u0103 c\u0103, pentru realizarea unui asemenea coridor, Rusia ar trebui s\u0103 controleze inclusiv zonele Odesa \u0219i Mykolaiv. \u00cen acela\u0219i timp, existen\u021ba Transnistriei, unde sunt sta\u021biona\u021bi militari ru\u0219i, reprezint\u0103 una dintre principalele vulnerabilit\u0103\u021bi de securitate ale Republicii Moldova.<\/p>\n<p class=\"wp-block-paragraph\">\u00cen acest context regional, apropierea Moldovei de structurile europene \u0219i euroatlantice este prezentat\u0103 ca un factor care ar putea limita influen\u021ba Moscovei.<\/p>\n<h2 class=\"wp-block-heading\">Republica Moldova \u00ee\u0219i continu\u0103 parcursul spre Uniunea European\u0103<\/h2>\n<p class=\"wp-block-paragraph\">Treccani aminte\u0219te c\u0103 Republica Moldova urm\u0103re\u0219te integrarea \u00een Uniunea European\u0103 \u0219i c\u0103 negocierile de aderare au intrat \u00eentr-o nou\u0103 etap\u0103.<\/p>\n<p class=\"wp-block-paragraph\">\u00cen analiza publicat\u0103 pe 19 august, autorul indic\u0103 anul 2030 ca obiectiv pentru aderarea efectiv\u0103 a Republicii Moldova la Uniunea European\u0103. Totodat\u0103, materialul atrage aten\u021bia c\u0103 procesul nu este unul garantat \u0219i poate \u00eent\u00e2mpina dificult\u0103\u021bi politice \u00een interiorul statelor membre.<\/p>\n<p class=\"wp-block-paragraph\">Un exemplu oferit este Fran\u021ba, unde Constitu\u021bia prevede condi\u021bii speciale pentru aderarea unor noi state la Uniunea European\u0103. Treccani discut\u0103 astfel despre posibilitatea ca evolu\u021biile politice din statele membre s\u0103 influen\u021beze parcursul european al Chi\u0219in\u0103ului.<\/p>\n<h2 class=\"wp-block-heading\">Rusia \u00eencearc\u0103 s\u0103 men\u021bin\u0103 influen\u021ba asupra Republicii Moldova<\/h2>\n<p class=\"wp-block-paragraph\">Analiza italian\u0103 acord\u0103 un spa\u021biu important ac\u021biunilor pe care le atribuie Rusiei pentru influen\u021barea politicii interne din Republica Moldova.<\/p>\n<p class=\"wp-block-paragraph\">Treccani face referire la investiga\u021bii privind presupusa implicare a Moscovei \u00een finan\u021barea unor opera\u021biuni de influen\u021bare a alegerilor, \u00een propagand\u0103 \u0219i \u00een ac\u021biuni destinate destabiliz\u0103rii guvern\u0103rii proeuropene de la Chi\u0219in\u0103u.<\/p>\n<p class=\"wp-block-paragraph\">\u00cen acela\u0219i timp, autorul aminte\u0219te despre legisla\u021bia adoptat\u0103 recent \u00een Rusia referitoare la protejarea cet\u0103\u021benilor ru\u0219i din afara \u021b\u0103rii, observ\u00e2nd c\u0103 astfel de argumente au fost invocate de Moscova \u0219i \u00een trecut \u00een contextul interven\u021biilor sale \u00een spa\u021biul post-sovietic.<\/p>\n<h2 class=\"wp-block-heading\">C\u00e2t de puternic este sprijinul pentru unire<\/h2>\n<p class=\"wp-block-paragraph\">Una dintre cele mai interesante observa\u021bii din analiza Treccani se refer\u0103 la diferen\u021ba dintre percep\u021biile din Rom\u00e2nia \u0219i Republica Moldova \u00een privin\u021ba unei eventuale uniri.<\/p>\n<p class=\"wp-block-paragraph\">Materialul citeaz\u0103 estim\u0103ri potrivit c\u0103rora sprijinul pentru unire ar fi de aproximativ 70% \u00een Rom\u00e2nia \u0219i de aproximativ 40% \u00een Republica Moldova. Treccani mai men\u021bioneaz\u0103 c\u0103 aproximativ 850.000 de cet\u0103\u021beni ai Republicii Moldova de\u021bin deja cet\u0103\u021benia rom\u00e2n\u0103.<\/p>\n<p class=\"wp-block-paragraph\">Cu toate acestea, autorul subliniaz\u0103 c\u0103 unirea nu se afl\u0103 \u00een prezent pe agenda oficial\u0103 a niciuneia dintre cele dou\u0103 \u021b\u0103ri. \u00cen analiza Treccani, aceasta este prezentat\u0103 mai degrab\u0103 ca un posibil \u201ePlan B\u201d, care ar putea intra \u00een discu\u021bie \u00een func\u021bie de evolu\u021bia r\u0103zboiului din Ucraina \u0219i de parcursul european al Republicii Moldova.<\/p>\n<h2 class=\"wp-block-heading\">Istoria unirii din 1918 revine \u00een analiza italian\u0103<\/h2>\n<p class=\"wp-block-paragraph\">Treccani aminte\u0219te \u0219i episodul istoric din 1918, c\u00e2nd Basarabia s-a unit cu Rom\u00e2nia dup\u0103 destr\u0103marea Imperiului Rus.<\/p>\n<p class=\"wp-block-paragraph\">Subiectul are o \u00eenc\u0103rc\u0103tur\u0103 istoric\u0103 \u0219i politic\u0103 aparte, \u00eens\u0103 situa\u021bia actual\u0103 este diferit\u0103 de cea de la \u00eenceputul secolului trecut. Republica Moldova este ast\u0103zi un stat independent, iar orice eventual\u0103 modificare a statutului s\u0103u ar presupune un proces politic \u0219i juridic complex.<\/p>\n<p class=\"wp-block-paragraph\">Treccani aminte\u0219te \u0219i faptul c\u0103 ideea unirii a fost respins\u0103 de popula\u021bia Republicii Moldova prin referendumul din 1994. \u00cen consecin\u021b\u0103, perspectiva unei eventuale reunific\u0103ri trebuie privit\u0103 prin prisma realit\u0103\u021bilor politice \u0219i sociale actuale, nu doar prin raportare la trecutul comun.<\/p>\n<h2 class=\"wp-block-heading\">Transnistria \u0219i G\u0103g\u0103uzia, dou\u0103 probleme majore<\/h2>\n<p class=\"wp-block-paragraph\">O eventual\u0103 unire cu Rom\u00e2nia ar ridica probleme complexe \u0219i \u00een ceea ce prive\u0219te regiunile separatiste sau cu o puternic\u0103 orientare pro-rus\u0103.<\/p>\n<p class=\"wp-block-paragraph\">Transnistria este controlat\u0103 de facto de autorit\u0103\u021bi separatiste \u0219i beneficiaz\u0103 de sprijinul militar \u0219i politic al Rusiei. Regiunea reprezint\u0103 de mai multe decenii una dintre principalele probleme de securitate ale Republicii Moldova.<\/p>\n<p class=\"wp-block-paragraph\">Treccani men\u021bioneaz\u0103 \u0219i G\u0103g\u0103uzia, regiune autonom\u0103 din sudul Republicii Moldova, unde exist\u0103 o important\u0103 orientare pro-rus\u0103. Analiza aminte\u0219te prevederile acordului din 1994 care permit G\u0103g\u0103uziei s\u0103-\u0219i declare independen\u021ba \u00een anumite condi\u021bii, inclusiv \u00een cazul schimb\u0103rii statutului Republicii Moldova prin unirea cu Rom\u00e2nia.<\/p>\n<h2 class=\"wp-block-heading\">Leg\u0103turile economice cu Uniunea European\u0103 pot conta<\/h2>\n<p class=\"wp-block-paragraph\">Un alt element analizat de Treccani este apropierea economic\u0103 dintre Republica Moldova \u0219i Uniunea European\u0103.<\/p>\n<p class=\"wp-block-paragraph\">Potrivit materialului, aproximativ 70% din exporturile Transnistriei ajung pe pie\u021bele europene, \u00een contextul acordurilor comerciale ale Republicii Moldova cu UE. Aceast\u0103 orientare economic\u0103 este relevant\u0103 \u00een analiza privind diminuarea dependen\u021bei regiunii de Rusia.<\/p>\n<p class=\"wp-block-paragraph\">\u00cen cazul G\u0103g\u0103uziei, Treccani observ\u0103 c\u0103 popula\u021bia de aproximativ 100.000 de locuitori este dispersat\u0103 \u00een mai multe enclave, ceea ce ar face dificil\u0103 materializarea unui scenariu de independen\u021b\u0103 \u00een eventualitatea unei schimb\u0103ri de statut a Republicii Moldova.<\/p>\n<h2 class=\"wp-block-heading\">Unirea nu este un proiect oficial, dar apare ca scenariu geopolitic<\/h2>\n<p class=\"wp-block-paragraph\">Analiza publicat\u0103 de Treccani nu afirm\u0103 c\u0103 Rom\u00e2nia \u0219i Republica Moldova preg\u0103tesc o unire \u0219i nici c\u0103 un asemenea proces ar urma s\u0103 \u00eenceap\u0103 \u00een perioada imediat urm\u0103toare.<\/p>\n<p class=\"wp-block-paragraph\">Dimpotriv\u0103, autorul precizeaz\u0103 c\u0103 unirea nu se afl\u0103 pe agenda oficial\u0103 a celor dou\u0103 state. Ideea este prezentat\u0103 ca o posibilitate de rezerv\u0103, dependent\u0103 de evolu\u021bia r\u0103zboiului din Ucraina, de presiunile Rusiei asupra Republicii Moldova \u0219i de succesul sau blocarea parcursului european al Chi\u0219in\u0103ului.<\/p>\n<p class=\"wp-block-paragraph\">Importan\u021ba articolului const\u0103 \u00eens\u0103 \u00een faptul c\u0103 o institu\u021bie italian\u0103 de prestigiu introduce explicit reunificarea dintre Rom\u00e2nia \u0219i Republica Moldova \u00eentr-o analiz\u0103 geopolitic\u0103 despre securitatea Europei de Est.<\/p>\n<p class=\"wp-block-paragraph\">Pentru Rom\u00e2nia, subiectul are o relevan\u021b\u0103 aparte, at\u00e2t prin leg\u0103turile istorice \u0219i culturale cu Republica Moldova, c\u00e2t \u0219i prin pozi\u021bia sa de stat membru al Uniunii Europene \u0219i NATO. Pentru Chi\u0219in\u0103u, op\u021biunile strategice sunt legate \u00een primul r\u00e2nd de consolidarea independen\u021bei, apropierea de UE \u0219i gestionarea riscurilor generate de conflictul din regiune.Analiza Treccani deschide o discu\u021bie despre un scenariu care, de\u0219i nu reprezint\u0103 \u00een prezent un proiect oficial al Bucure\u0219tiului sau Chi\u0219in\u0103ului, poate c\u0103p\u0103ta o alt\u0103 greutate \u00een cazul unor schimb\u0103ri majore \u00een regiune. R\u0103zboiul din Ucraina, presiunile Rusiei, situa\u021bia Transnistriei \u0219i parcursul european al Republicii Moldova sunt factorii care, \u00een viziunea publica\u021biei italiene, ar putea influen\u021ba evolu\u021bia acestei teme.<\/p>\n<p class=\"wp-block-paragraph\">\u00cen acest moment, \u00eens\u0103, Republica Moldova \u00ee\u0219i continu\u0103 parcursul c\u0103tre Uniunea European\u0103, iar unirea cu Rom\u00e2nia r\u0103m\u00e2ne, a\u0219a cum o descrie Treccani, un scenariu ipotetic pentru un viitor care depinde de evolu\u021biile geopolitice \u0219i de voin\u021ba politic\u0103 \u0219i democratic\u0103 a celor dou\u0103 societ\u0103\u021bi.<\/p>\n<p class=\"wp-block-paragraph\">Credit foto : suprarealist, creat cu IA<\/p>\n<\/div>\n<p>[analyse_source url=&#8221;https:\/\/orasul-timisoara.ro\/local-40331\/&#8221;]<\/p>\n","protected":false},"excerpt":{"rendered":"<p>[analyse_image type=&#8221;featured&#8221; src=&#8221;https:\/\/orasul-timisoara.ro\/wp-content\/uploads\/2026\/08\/unire-cu-moldova.jpg&#8221;] PoliticUnirea Rom\u00e2niei cu Moldova, analizat\u0103 de o prestigioas\u0103 institu\u021bie italian\u0103 Politic \u0218tiri na\u021bionale \u0219i interna\u021bionale Unirea Rom\u00e2niei cu Moldova, analizat\u0103 de o prestigioas\u0103 institu\u021bie italian\u0103 De c\u0103tre redactia &#8211; 19\/08\/2026 Facebook Twitter WhatsApp Linkedin ReddIt Email Imprimare O analiz\u0103 publicat\u0103 miercuri, 19 august 2026, de Treccani, una dintre cele mai cunoscute institu\u021bii [&hellip;]<\/p>\n","protected":false},"author":1,"featured_media":0,"comment_status":"open","ping_status":"","sticky":false,"template":"","format":"standard","meta":{"footnotes":""},"categories":[89],"tags":[226,189],"class_list":["post-2102478","post","type-post","status-publish","format-standard","hentry","category-romania","tag-crawlmanager","tag-orasul-timisoara-ro"],"_links":{"self":[{"href":"https:\/\/analyse.optim.biz\/index.php?rest_route=\/wp\/v2\/posts\/2102478","targetHints":{"allow":["GET"]}}],"collection":[{"href":"https:\/\/analyse.optim.biz\/index.php?rest_route=\/wp\/v2\/posts"}],"about":[{"href":"https:\/\/analyse.optim.biz\/index.php?rest_route=\/wp\/v2\/types\/post"}],"author":[{"embeddable":true,"href":"https:\/\/analyse.optim.biz\/index.php?rest_route=\/wp\/v2\/users\/1"}],"replies":[{"embeddable":true,"href":"https:\/\/analyse.optim.biz\/index.php?rest_route=%2Fwp%2Fv2%2Fcomments&post=2102478"}],"version-history":[{"count":0,"href":"https:\/\/analyse.optim.biz\/index.php?rest_route=\/wp\/v2\/posts\/2102478\/revisions"}],"wp:attachment":[{"href":"https:\/\/analyse.optim.biz\/index.php?rest_route=%2Fwp%2Fv2%2Fmedia&parent=2102478"}],"wp:term":[{"taxonomy":"category","embeddable":true,"href":"https:\/\/analyse.optim.biz\/index.php?rest_route=%2Fwp%2Fv2%2Fcategories&post=2102478"},{"taxonomy":"post_tag","embeddable":true,"href":"https:\/\/analyse.optim.biz\/index.php?rest_route=%2Fwp%2Fv2%2Ftags&post=2102478"}],"curies":[{"name":"wp","href":"https:\/\/api.w.org\/{rel}","templated":true}]}}