{"id":2102453,"date":"2026-08-20T09:41:26","date_gmt":"2026-08-20T06:41:26","guid":{"rendered":"https:\/\/analyse.optim.biz\/?p=2102453"},"modified":"2026-08-20T09:41:26","modified_gmt":"2026-08-20T06:41:26","slug":"sorin-grindeanu-legea-salarizarii-este-sublima-spun-unii-problema-este-ca-lipseste-cu-desavarsire","status":"publish","type":"post","link":"https:\/\/analyse.optim.biz\/?p=2102453","title":{"rendered":"Sorin Grindeanu: Legea salariz\u0103rii este sublim\u0103 \u2013 spun unii, problema este c\u0103 lipse\u015fte cu des\u0103v\u00e2r\u015fire!"},"content":{"rendered":"<p>[analyse_image type=&#8221;featured&#8221; src=&#8221;https:\/\/ziardesuceava.ro\/wp-content\/uploads\/2026\/07\/grindeanu-3.jpg&#8221;]<\/p>\n<div class=\"post-content clearfix\">\n<div class=\"blog-post-thumb\"><img loading=\"lazy\" decoding=\"async\" width=\"887\" height=\"535\" src=\"https:\/\/ziardesuceava.ro\/wp-content\/uploads\/2026\/07\/grindeanu-3.jpg\" class=\"attachment-inhype-blog-thumb size-inhype-blog-thumb wp-post-image\" alt><\/div>\n<div class=\"entry-content\">\n<p class=\"first-paragraph\">Pre\u015fedintele PSD, Sorin Grindeanu, declar\u0103 joi c\u0103 legea salariz\u0103rii este sublim\u0103, spun unii, problema este c\u0103 lipse\u015fte cu des\u0103v\u00e2r\u015fire. El anun\u0163\u0103 c\u0103 PSD va sus\u0163ine doar o lege clar\u0103, bazat\u0103 pe echitate, \u00een care angaja\u0163ii nu pierd din veniturile actuale.<\/p>\n<div>\n<div dir=\"auto\">\u201cLegea salariz\u0103rii este sublim\u0103 \u2013 spun unii, problema este c\u0103 lipse\u015fte cu des\u0103v\u00e2r\u015fire! Mai sunt c\u00e2teva ore p\u00e2n\u0103 la \u00eent\u00e2lnirea de la Cotroceni \u015fi 10 zile p\u00e2n\u0103 la \u00eenchiderea PNRR \u015fi nimeni nu a v\u0103zut vreun proiect. Avem o lege pentru salaria\u0163i, f\u0103r\u0103 ca salaria\u0163ii s\u0103 \u015ftie de ea nimic. F\u0103r\u0103 ca sindicatele s\u0103 \u015ftie nimic. F\u0103r\u0103 ca partidele s\u0103 \u015ftie ce calcule se preg\u0103tesc pentru veniturile unor sisteme-cheie. Nu are cum s\u0103 existe un acord politic pe o lege pe care nu a v\u0103zut-o nimeni\u201d, scrie Sorin Grindeanu pe Facebook.<\/div>\n<div dir=\"auto\">El anun\u0163\u0103 c\u0103 PSD va fi prezent la \u00eent\u00e2lnirea de la Cotroceni din respect pentru rom\u00e2ni \u015fi fa\u0163\u0103 de Administra\u0163ia Preziden\u0163ial\u0103, sub egida c\u0103reia au fost convocate aceste discu\u0163ii.<\/div>\n<\/div>\n<div>\n<div dir=\"auto\">\u201cSuntem \u00eens\u0103 surprin\u015fi c\u0103 \u00een spa\u0163iul public se vorbe\u015fte despre \u201coferte de nerefuzat\u201d pentru angaja\u0163i, dar grilele sunt la secret\u201d, mai afirm\u0103 Grindeanu.<\/div>\n<div dir=\"auto\">Pre\u015fedintele PSD men\u0163ioneaz\u0103 c\u0103 ceea ce \u015ftiu p\u00e2n\u0103 \u00een prezent este c\u0103 \u201c\u2060PNL \u015fi USR nu au fost \u00een stare s\u0103 negocieze cu cei de la Comisia European\u0103\u201d.<\/div>\n<div dir=\"auto\">\u201cDomnul P\u00eeslaru nu a mers la Bruxelles s\u0103 negocieze cu reprezentan\u0163ii acesteia: a preferat doar s\u0103 trimit\u0103 un draft de lege \u015fi se a\u015ftepta s\u0103 primeasc\u0103 aplauze. A primit doar critici. \u2060\u00cen schimb, PSD a \u015ftiut, \u00een repetate r\u00e2nduri, s\u0103 renegocieze la Bruxelles ca s\u0103 fie scoase din PNRR fix limit\u0103rile acceptate de acest binom politic dezastruos. Fie c\u0103 vorbim de pragul de 9.4% la pensii, aloc\u0103rile financiare pentru autostr\u0103zi sau prelungirea func\u0163ion\u0103rii unor capacit\u0103\u0163i energetice \u015fi a\u015fa mai departe. Am amendat legi PNRR \u015fi Comisia European\u0103 a \u00een\u0163eles argumentele. Ei nu pot nimic\u201d, apreciaz\u0103 Sorin Grindeanu,<\/div>\n<\/div>\n<div>\n<div dir=\"auto\">Liderul PSD anun\u0163\u0103 \u015fi condi\u0163iile \u00een care PSD va vota legea salariz\u0103rii.<\/div>\n<div dir=\"auto\">\u201c\u00cenc\u0103 o dat\u0103: PSD nu are un proiect al legii salariz\u0103rii. Vom sus\u0163ine doar o lege clar\u0103, bazat\u0103 pe echitate, \u00een care angaja\u0163ii nu pierd din veniturile actuale\u201d, spune Grindeanu.<\/div>\n<\/div>\n<p>Pre\u015fedintele Nicu\u015for Dan a chemat joi liderii partidelor din fosta coali\u0163ie la Cotroceni, pentru discu\u0163ii privind stadiul implement\u0103rii proiectelor PNRR, care trebuie finalizate p\u00e2n\u0103 la 31 august 2026. La \u00eent\u00e2lnire particip\u0103 \u015fi ministrul interimar al Finan\u0163elor, Alexandru Nazare, \u015fi ministrul interimar al Investi\u0163iilor \u015fi Proiectelor Europene, Drago\u015f P\u00eeslaru.<\/p>\n<p>Ministrul interimar al Muncii, Drago\u015f P\u00eeslaru, afirm\u0103 c\u0103 oficialii europeni au atras aten\u0163ia autorit\u0103\u0163ilor de la Bucure\u015fti asupra faptului c\u0103 o cre\u015ftere \u201cpeste anumite praguri\u201d a bugetului de salarii pentru sectorul public poate duce la dezechilibre care pot afecta ratingul de \u0163ar\u0103 \u015fi care, pe de alt\u0103 parte, pot face ca jalonul aferent reformei salariz\u0103rii \u00een sectorul public asumat prin PNRR s\u0103 fie considerat ca ne\u00eendeplinit.<\/p>\n<p>El spune c\u0103 proiectul care va fi propus liderilor politici joi va fi unul \u201cechilibrat\u201d \u015fi \u201cobiectiv\u201d, care nu va duce la sc\u0103deri de venituri.<\/p>\n<\/div>\n<div class=\"inhype-social-share-fixed sidebar-position-right\">\n<div class=\"post-social-wrapper\">\n<div class=\"post-social-title\"><span class=\"post-social-title-text\">Share<\/span><\/div>\n<\/div>\n<\/div>\n<\/div>\n<p>[analyse_source url=&#8221;https:\/\/ziardesuceava.ro\/sorin-grindeanu-legea-salarizarii-este-sublima-spun-unii-problema-este-ca-lipseste-cu-desavarsire\/&#8221;]<\/p>\n","protected":false},"excerpt":{"rendered":"<p>[analyse_image type=&#8221;featured&#8221; src=&#8221;https:\/\/ziardesuceava.ro\/wp-content\/uploads\/2026\/07\/grindeanu-3.jpg&#8221;] Pre\u015fedintele PSD, Sorin Grindeanu, declar\u0103 joi c\u0103 legea salariz\u0103rii este sublim\u0103, spun unii, problema este c\u0103 lipse\u015fte cu des\u0103v\u00e2r\u015fire. El anun\u0163\u0103 c\u0103 PSD va sus\u0163ine doar o lege clar\u0103, bazat\u0103 pe echitate, \u00een care angaja\u0163ii nu pierd din veniturile actuale. \u201cLegea salariz\u0103rii este sublim\u0103 \u2013 spun unii, problema este c\u0103 lipse\u015fte cu [&hellip;]<\/p>\n","protected":false},"author":1,"featured_media":0,"comment_status":"open","ping_status":"","sticky":false,"template":"","format":"standard","meta":{"footnotes":""},"categories":[89],"tags":[226,171],"class_list":["post-2102453","post","type-post","status-publish","format-standard","hentry","category-romania","tag-crawlmanager","tag-ziardesuceava-ro"],"_links":{"self":[{"href":"https:\/\/analyse.optim.biz\/index.php?rest_route=\/wp\/v2\/posts\/2102453","targetHints":{"allow":["GET"]}}],"collection":[{"href":"https:\/\/analyse.optim.biz\/index.php?rest_route=\/wp\/v2\/posts"}],"about":[{"href":"https:\/\/analyse.optim.biz\/index.php?rest_route=\/wp\/v2\/types\/post"}],"author":[{"embeddable":true,"href":"https:\/\/analyse.optim.biz\/index.php?rest_route=\/wp\/v2\/users\/1"}],"replies":[{"embeddable":true,"href":"https:\/\/analyse.optim.biz\/index.php?rest_route=%2Fwp%2Fv2%2Fcomments&post=2102453"}],"version-history":[{"count":0,"href":"https:\/\/analyse.optim.biz\/index.php?rest_route=\/wp\/v2\/posts\/2102453\/revisions"}],"wp:attachment":[{"href":"https:\/\/analyse.optim.biz\/index.php?rest_route=%2Fwp%2Fv2%2Fmedia&parent=2102453"}],"wp:term":[{"taxonomy":"category","embeddable":true,"href":"https:\/\/analyse.optim.biz\/index.php?rest_route=%2Fwp%2Fv2%2Fcategories&post=2102453"},{"taxonomy":"post_tag","embeddable":true,"href":"https:\/\/analyse.optim.biz\/index.php?rest_route=%2Fwp%2Fv2%2Ftags&post=2102453"}],"curies":[{"name":"wp","href":"https:\/\/api.w.org\/{rel}","templated":true}]}}