{"id":2102450,"date":"2026-08-20T08:28:29","date_gmt":"2026-08-20T05:28:29","guid":{"rendered":"https:\/\/analyse.optim.biz\/?p=2102450"},"modified":"2026-08-20T08:28:29","modified_gmt":"2026-08-20T05:28:29","slug":"nicusor-dan-se-intalneste-cu-liderii-fostei-coalitii-pe-tema-stadiului-proiectelor-din-pnrr","status":"publish","type":"post","link":"https:\/\/analyse.optim.biz\/?p=2102450","title":{"rendered":"Nicu\u0219or Dan se \u00eent\u00e2lne\u0219te cu liderii fostei coali\u021bii pe tema stadiului proiectelor din PNRR"},"content":{"rendered":"<p>[analyse_image type=&#8221;featured&#8221; src=&#8221;https:\/\/ziardesuceava.ro\/wp-content\/uploads\/2026\/08\/79804-1024&#215;576.jpg&#8221;]<\/p>\n<div class=\"post-content clearfix\">\n<div class=\"blog-post-thumb\"><img loading=\"lazy\" decoding=\"async\" width=\"1140\" height=\"694\" src=\"https:\/\/ziardesuceava.ro\/wp-content\/uploads\/2026\/08\/79804-1140x694.jpg\" class=\"attachment-inhype-blog-thumb size-inhype-blog-thumb wp-post-image\" alt><\/div>\n<div class=\"entry-content\">\n<p>Pre\u0219edintele Nicu\u0219or Dan discut\u0103 joi cu liderii fostei coali\u021bii de guvernare, precum \u0219i cu mini\u0219trii interimari ai finan\u021belor \u0219i proiectelor europene despre stadiul implement\u0103rii proiectelor din PNRR, care se \u00eencheie la final de august.<\/p>\n<div>\n<p>Potrivit Administra\u021biei Preziden\u021biale, \u00eent\u00e2lnirea are loc la Palatul Cotroceni, \u00eencep\u00e2nd cu ora 14:00.<\/p>\n<p>La reuniune particip\u0103 pre\u0219edintele PSD, Sorin Grindeanu, pre\u0219edintele PNL, premierul interimar Ilie Bolojan, pre\u0219edintele USR, Dominic Fritz, pre\u0219edintele UDMR, Kelemen Hunor, ministrul interimar al finan\u021belor, Alexandru Nazare, \u0219i ministrul interimar al investi\u021biilor \u0219i proiectelor europene, Drago\u0219 P\u00eeslaru.<\/p>\n<p>Discu\u021biile se vor axa pe stadiul implement\u0103rii proiectelor din PNRR, program care se \u00eencheie pe 31 august.<\/p>\n<p>Pe 11 august, Dan a avut o discu\u021bie cu liderii PSD, PNL, USR \u0219i UDMR privind proiectul Legii salariz\u0103rii, un jalon \u00een PNRR, a c\u0103rui \u00eendeplinire ar debloca 770 milioane de euro. <\/p>\n<p>Drago\u0219 P\u00eeslaru a trimis recent la Bruxelles proiectul Legii salariz\u0103rii, dar Comisia European\u0103 nu prea e de acord cu el.<\/p>\n<p>Premierul interimar Ilie Bolojan a declarat miercuri seara, la B1 TV, c\u0103 proiectul transmis Comisiei Europene a primit observa\u021bii din partea exper\u021bilor europeni, iar Ministerul finan\u021belor \u0219i Ministerul muncii lucreaz\u0103 la revizuirea propunerii.<\/p>\n<p>\u201dPentru a verifica dac\u0103, \u00eentr-adev\u0103r, aceast\u0103 formul\u0103 nu doar c\u0103 ar putea avea o sus\u021binere la noi, ci este \u0219i jalon \u00eendeplinit, a fost comunicat exper\u021bilor Comisiei Europene acest draft, deci acest material de lucru\u201d, a spus Bolojan, ad\u0103ug\u00e2nd c\u0103 Executivul european a trimis miercuri\u00a0 un punct de vedere.<\/p>\n<p>\u201dNu au respins propunerea, au f\u0103cut anumite observa\u021bii \u0219i au pus ni\u0219te semne de \u00eentrebare \u0219i ni\u0219te clarific\u0103ri care sunt de bun sim\u021b\u201d, a explicat Ilie Bolojan.<\/p>\n<p>Unul dintre semnele de \u00eentrebare se refer\u0103 la impactul bugetar al m\u0103surilor:<\/p>\n<p>\u201dE o problem\u0103 legat\u0103 de faptul c\u0103, \u00een condi\u021biile \u00een care cre\u0219ti anvelopa peste un anumit nivel, trebuie s\u0103 g\u0103se\u0219ti diferen\u021ba de bani pe care trebuie s\u0103 o reduci din alt\u0103 parte\u201d.<\/p>\n<p>\u201dSunt dou\u0103 posibilit\u0103\u021bi: sau se ajunge la un consens \u0219i la o formul\u0103 de sus\u021binere, pe care eu personal o sus\u021bin, \u0219i am discutat \u0219i cu colegii din PNL s\u0103 sus\u021binem acest proiect pentru c\u0103 consider c\u0103 este bun, \u0219i am explicat de ce, pentru Rom\u00e2nia \u00een contextul actual. Sau dac\u0103 nu se va ajunge la o \u00een\u021belegere pe tema asta, atunci vom fi \u00een situa\u021bia \u00een care vom pierde ni\u0219te fonduri europene\u2019, a mai spus Ilie Bolojan.<\/p>\n<p>\u201dComisia European\u0103 nu a respins vreun proiect pentru c\u0103 n-avea ce s\u0103 resping\u0103, \u00eens\u0103 ne-a atras aten\u021bia c\u0103 asump\u021biile de cre\u0219tere, care ar fi fie debalansat\u0103, fie care trece peste anumite praguri, ne pot afecta ratingul de \u021bar\u0103 \u0219i, bine\u00een\u021beles, s\u0103 s\u0103 nu fie considerat jalonul din PNRR\u201d, a explicat joi la Digi 24 ministrul interimar al MIPE.\u00a0<\/p>\n<p>\u201dPentru \u00eent\u00e2lnirea de lideri de ast\u0103zi vom veni cu o versiune care s\u0103 \u00eentruneasc\u0103 at\u00e2t acordul Ministerului Finan\u021belor pe ceea ce putem s\u0103 facem pe angajamentele Rom\u00e2niei \u00een perioada urm\u0103toare, c\u00e2t \u0219i elementele de jalon pe care Comisia European\u0103 le solicit\u0103\u201d, a mai spus el.<\/p>\n<\/div>\n<\/div>\n<div class=\"inhype-social-share-fixed sidebar-position-right\">\n<div class=\"post-social-wrapper\">\n<div class=\"post-social-title\"><span class=\"post-social-title-text\">Share<\/span><\/div>\n<\/div>\n<\/div>\n<\/div>\n<p>[analyse_source url=&#8221;https:\/\/ziardesuceava.ro\/nicusor-dan-se-intalneste-cu-liderii-fostei-coalitii-pe-tema-stadiului-proiectelor-din-pnrr\/&#8221;]<\/p>\n","protected":false},"excerpt":{"rendered":"<p>[analyse_image type=&#8221;featured&#8221; src=&#8221;https:\/\/ziardesuceava.ro\/wp-content\/uploads\/2026\/08\/79804-1024&#215;576.jpg&#8221;] Pre\u0219edintele Nicu\u0219or Dan discut\u0103 joi cu liderii fostei coali\u021bii de guvernare, precum \u0219i cu mini\u0219trii interimari ai finan\u021belor \u0219i proiectelor europene despre stadiul implement\u0103rii proiectelor din PNRR, care se \u00eencheie la final de august. Potrivit Administra\u021biei Preziden\u021biale, \u00eent\u00e2lnirea are loc la Palatul Cotroceni, \u00eencep\u00e2nd cu ora 14:00. La reuniune particip\u0103 pre\u0219edintele PSD, [&hellip;]<\/p>\n","protected":false},"author":1,"featured_media":0,"comment_status":"open","ping_status":"","sticky":false,"template":"","format":"standard","meta":{"footnotes":""},"categories":[89],"tags":[226,171],"class_list":["post-2102450","post","type-post","status-publish","format-standard","hentry","category-romania","tag-crawlmanager","tag-ziardesuceava-ro"],"_links":{"self":[{"href":"https:\/\/analyse.optim.biz\/index.php?rest_route=\/wp\/v2\/posts\/2102450","targetHints":{"allow":["GET"]}}],"collection":[{"href":"https:\/\/analyse.optim.biz\/index.php?rest_route=\/wp\/v2\/posts"}],"about":[{"href":"https:\/\/analyse.optim.biz\/index.php?rest_route=\/wp\/v2\/types\/post"}],"author":[{"embeddable":true,"href":"https:\/\/analyse.optim.biz\/index.php?rest_route=\/wp\/v2\/users\/1"}],"replies":[{"embeddable":true,"href":"https:\/\/analyse.optim.biz\/index.php?rest_route=%2Fwp%2Fv2%2Fcomments&post=2102450"}],"version-history":[{"count":0,"href":"https:\/\/analyse.optim.biz\/index.php?rest_route=\/wp\/v2\/posts\/2102450\/revisions"}],"wp:attachment":[{"href":"https:\/\/analyse.optim.biz\/index.php?rest_route=%2Fwp%2Fv2%2Fmedia&parent=2102450"}],"wp:term":[{"taxonomy":"category","embeddable":true,"href":"https:\/\/analyse.optim.biz\/index.php?rest_route=%2Fwp%2Fv2%2Fcategories&post=2102450"},{"taxonomy":"post_tag","embeddable":true,"href":"https:\/\/analyse.optim.biz\/index.php?rest_route=%2Fwp%2Fv2%2Ftags&post=2102450"}],"curies":[{"name":"wp","href":"https:\/\/api.w.org\/{rel}","templated":true}]}}