{"id":2102377,"date":"2026-08-19T12:13:07","date_gmt":"2026-08-19T09:13:07","guid":{"rendered":"https:\/\/analyse.optim.biz\/?p=2102377"},"modified":"2026-08-19T12:13:07","modified_gmt":"2026-08-19T09:13:07","slug":"buzoienii-invitati-pe-platoul-dacia-la-cea-mai-racoroasa-zi-a-verii","status":"publish","type":"post","link":"https:\/\/analyse.optim.biz\/?p=2102377","title":{"rendered":"Buzoienii, invita\u021bi pe platoul Dacia, la cea mai r\u0103coroas\u0103 zi a verii!"},"content":{"rendered":"<p>[analyse_image type=&#8221;featured&#8221; src=&#8221;https:\/\/buzaumedia.ro\/wp-content\/uploads\/2026\/08\/balaceala.jpghttps:\/\/buzaumedia.ro\/wp-content\/uploads\/2026\/08\/balaceala.jpg&#8221;]<\/p>\n<div class=\"entry-content rbct clearfix is-highlight-shares\">\n<p>Buzoienii, de la cei mai mici, p\u00e2n\u0103 la seniori, sunt invita\u021bi la cea<br \/>\nmai r\u0103coroas\u0103 zi a verii. Este vorba despre \u201eMarea B\u0103l\u0103ceal\u0103\u201d,<br \/>\neveniment programat ini\u021bial s\u0103 aib\u0103 loc pe stadionul Gloria, pe 15<br \/>\naugust, dar care a fost reprogramat pe 22 august, \u00een Pia\u021ba Dacia, din<br \/>\ncentrul ora\u0219ului.<br \/>\nStartul distrac\u021biei se va da la ora 11.00, iar organizatorii, Prim\u0103ria<br \/>\nBuz\u0103u \u0219i clubul Gloria, le promit participan\u021bilor momente cu adev\u0103rat<br \/>\nmemorabile. Platoul Dacia se va transforma pentru o zi \u00eentr-un t\u0103r\u00e2m<br \/>\nal bucuriei \u0219i z\u00e2mbetelor largi. Voia bun\u0103 va fi \u00eentre\u021binut\u0103 de multe<br \/>\njocuri \u0219i concursuri, tunuri cu ap\u0103, muzic\u0103 \u0219i multe surprize.<br \/>\nBine\u00een\u021beles, nu vor lipsi b\u0103t\u0103ile cu ap\u0103, motiv pentru care<br \/>\nparticipan\u021bii sunt sf\u0103tui\u021bi s\u0103 vin\u0103 cu costum de baie, prosop, un<br \/>\nschimb de haine \u0219i mult chef de joac\u0103. Organizatorii promit c\u0103, la<br \/>\nfinal, to\u021bi cei care se vor bucura de \u201eMarea B\u0103l\u0103ceal\u0103\u201d vor pleca<br \/>\nacas\u0103 uzi din cap p\u00e2n\u0103-n picioare.<\/p>\n<div id=\"gallery-1\" class=\"gallery galleryid-189090 gallery-columns-3 gallery-size-thumbnail\">\n<figure class=\"gallery-item\">\n<div class=\"gallery-icon landscape\"><a href=\"https:\/\/buzaumedia.ro\/stiri-buzau\/fwd-buzoienii-invitati-pe-platoul-dacia-la-cea-mai-racoroasa-zi-a-verii\/attachment\/balaceala\/\"><img loading=\"lazy\" decoding=\"async\" width=\"128\" height=\"74\" src=\"https:\/\/buzaumedia.ro\/wp-content\/uploads\/2026\/08\/balaceala.jpg\" class=\"attachment-thumbnail size-thumbnail\" alt><\/a><\/div>\n<\/figure>\n<\/div>\n<\/div>\n<p>[analyse_source url=&#8221;https:\/\/buzaumedia.ro\/stiri-buzau\/fwd-buzoienii-invitati-pe-platoul-dacia-la-cea-mai-racoroasa-zi-a-verii\/&#8221;]<\/p>\n","protected":false},"excerpt":{"rendered":"<p>[analyse_image type=&#8221;featured&#8221; src=&#8221;https:\/\/buzaumedia.ro\/wp-content\/uploads\/2026\/08\/balaceala.jpghttps:\/\/buzaumedia.ro\/wp-content\/uploads\/2026\/08\/balaceala.jpg&#8221;] Buzoienii, de la cei mai mici, p\u00e2n\u0103 la seniori, sunt invita\u021bi la cea mai r\u0103coroas\u0103 zi a verii. Este vorba despre \u201eMarea B\u0103l\u0103ceal\u0103\u201d, eveniment programat ini\u021bial s\u0103 aib\u0103 loc pe stadionul Gloria, pe 15 august, dar care a fost reprogramat pe 22 august, \u00een Pia\u021ba Dacia, din centrul ora\u0219ului. Startul distrac\u021biei se [&hellip;]<\/p>\n","protected":false},"author":1,"featured_media":0,"comment_status":"open","ping_status":"","sticky":false,"template":"","format":"standard","meta":{"footnotes":""},"categories":[2],"tags":[66,226],"class_list":["post-2102377","post","type-post","status-publish","format-standard","hentry","category-politics","tag-buzaumedia-ro","tag-crawlmanager"],"_links":{"self":[{"href":"https:\/\/analyse.optim.biz\/index.php?rest_route=\/wp\/v2\/posts\/2102377","targetHints":{"allow":["GET"]}}],"collection":[{"href":"https:\/\/analyse.optim.biz\/index.php?rest_route=\/wp\/v2\/posts"}],"about":[{"href":"https:\/\/analyse.optim.biz\/index.php?rest_route=\/wp\/v2\/types\/post"}],"author":[{"embeddable":true,"href":"https:\/\/analyse.optim.biz\/index.php?rest_route=\/wp\/v2\/users\/1"}],"replies":[{"embeddable":true,"href":"https:\/\/analyse.optim.biz\/index.php?rest_route=%2Fwp%2Fv2%2Fcomments&post=2102377"}],"version-history":[{"count":0,"href":"https:\/\/analyse.optim.biz\/index.php?rest_route=\/wp\/v2\/posts\/2102377\/revisions"}],"wp:attachment":[{"href":"https:\/\/analyse.optim.biz\/index.php?rest_route=%2Fwp%2Fv2%2Fmedia&parent=2102377"}],"wp:term":[{"taxonomy":"category","embeddable":true,"href":"https:\/\/analyse.optim.biz\/index.php?rest_route=%2Fwp%2Fv2%2Fcategories&post=2102377"},{"taxonomy":"post_tag","embeddable":true,"href":"https:\/\/analyse.optim.biz\/index.php?rest_route=%2Fwp%2Fv2%2Ftags&post=2102377"}],"curies":[{"name":"wp","href":"https:\/\/api.w.org\/{rel}","templated":true}]}}