{"id":2102374,"date":"2026-08-20T08:56:31","date_gmt":"2026-08-20T05:56:31","guid":{"rendered":"https:\/\/analyse.optim.biz\/?p=2102374"},"modified":"2026-08-20T08:56:31","modified_gmt":"2026-08-20T05:56:31","slug":"liderul-psd-buzau-romeo-lungu-reactie-independenta-este-un-test-pe-care-domnul-toma-il-poate-da-in-2028-pana-acum-toate-examenele-electorale-le-a-dat-cu-psd-alaturi","status":"publish","type":"post","link":"https:\/\/analyse.optim.biz\/?p=2102374","title":{"rendered":"Liderul PSD Buz\u0103u, Romeo Lungu, reac\u021bie: Independen\u021ba este un test pe care domnul Toma \u00eel poate da \u00een 2028. P\u00e2n\u0103 acum, toate examenele electorale le-a dat cu PSD al\u0103turi"},"content":{"rendered":"<p>[analyse_image type=&#8221;featured&#8221; src=&#8221;https:\/\/www.campusbuzau.ro\/wp-content\/uploads\/2026\/08\/492423438_1242596134536395_623571436781166889_n.jpghttps:\/\/www.campusbuzau.ro\/wp-content\/uploads\/2026\/08\/492423438_1242596134536395_623571436781166889_n.jpg&#8221;]<\/p>\n<div class=\"entry-content\">\n<p><strong>Dup\u0103 ce ieri, <a href=\"https:\/\/www.campusbuzau.ro\/primar-toma-declaratie-candidatura-psd\/\" data-type=\"link\" data-id=\"https:\/\/www.campusbuzau.ro\/primar-toma-declaratie-candidatura-psd\/\"><em>la Radio Campus, primarul Constantin Toma a declarat c\u0103 nu mai dore\u0219te s\u0103 candideze din partea PSD \u0219i c\u0103 se g\u00e2nde\u0219te, pentru moment, la o candidatur\u0103 independent\u0103<\/em><\/a>, azi a venit reac\u021bia pre\u0219edintelui organiza\u021biei jude\u021bene a social-democra\u021bilor buzoieni, deputatul Romeo Lungu, printr-un comunicat de pres\u0103, pe care \u00eel red\u0103m mai jos: <\/strong><\/p>\n<p><strong>,,Constantin Toma spune c\u0103 \u00een 2028 va candida independent. Este alegerea lui \u0219i, p\u00e2n\u0103 la urm\u0103, 2028 va fi momentul \u00een care aceast\u0103 alegere va fi testat\u0103 prin vot.<\/strong><\/p>\n<p><strong>Totu\u0219i, c\u00e2nd domnul Toma vorbe\u0219te at\u00e2t de des despre faptul c\u0103 este \u201ecel mai votat primar\u201d, cred c\u0103 merit\u0103 s\u0103 ne amintim un lucru simplu: Constantin Toma nu a ajuns acolo singur.<\/strong><\/p>\n<p><strong>A candidat din partea PSD, a avut \u00een spate una dintre cele mai puternice organiza\u021bii politice din \u021bar\u0103, a avut sprijinul colegilor, al consilierilor locali, al parlamentarilor, al primarilor \u0219i al guvernelor PSD. Au fost sute de oameni care au muncit \u00een campaniile sale \u0219i zeci de mii de buzoieni care au votat inclusiv sigla de pe buletinul de vot.<\/strong><\/p>\n<p><strong>E u\u0219or, dup\u0103 trei mandate c\u00e2\u0219tigate cu o echip\u0103 \u00een spate, s\u0103 \u00eencepi s\u0103 crezi c\u0103 toate voturile au fost numai ale tale. \u0218i e la fel de u\u0219or s\u0103 ui\u021bi de unde ai plecat \u0219i cine te-a sus\u021binut.<\/strong><\/p>\n<p><strong>Independen\u021ba este un test pe care domnul Toma \u00eel poate da \u00een 2028. P\u00e2n\u0103 acum, toate examenele electorale le-a dat cu PSD al\u0103turi.<\/strong><\/p>\n<p><strong>Eu nu am nevoie s\u0103 \u00eemi rescriu biografia politic\u0103 \u00een func\u021bie de moment. Am fost doar \u00een PSD, sunt \u00een PSD \u0219i am trecut \u00eempreun\u0103 cu acest partid \u0219i prin victorii, \u0219i prin perioade dificile. Cred \u00een echip\u0103 \u0219i cred c\u0103 niciun om politic, indiferent c\u00e2te voturi ob\u021bine, nu trebuie s\u0103 ajung\u0103 s\u0103 se considere mai important dec\u00e2t oamenii care au muncit al\u0103turi de el.<\/strong><\/p>\n<p><strong>PSD Buz\u0103u nu va \u00eencepe ast\u0103zi campania pentru 2028 \u0219i nici nu va transforma urm\u0103torii doi ani \u00eentr-un r\u0103zboi cu primarul municipiului. Avem o responsabilitate fa\u021b\u0103 de buzoieni. Consilierii PSD vor sus\u021bine proiectele bune pentru ora\u0219, a\u0219a cum au f\u0103cut \u0219i p\u00e2n\u0103 acum. Interesul municipiului nu trebuie amestecat cu orgoliile politice ale nim\u0103nui.<\/strong><\/p>\n<p><strong>\u00cen acela\u0219i timp, PSD Buz\u0103u va preg\u0103ti serios alegerile din 2028. Vom avea propriul candidat pentru Prim\u0103ria Buz\u0103u \u0219i vom pune \u00een fa\u021ba oamenilor un om capabil s\u0103 administreze ora\u0219ul, s\u0103 adune \u00een jurul lui o echip\u0103 \u0219i s\u0103 \u00een\u021beleag\u0103 c\u0103 succesul \u00een politic\u0103 nu este niciodat\u0103 opera unui singur om.<\/strong><\/p>\n<p><strong>Domnul Toma spune c\u0103 va merge singur. Foarte bine. Atunci vom vedea \u0219i c\u00e2t din formula de \u201ecel mai votat primar\u201d \u00eei apar\u021bine exclusiv \u0219i c\u00e2t a \u00eensemnat for\u021ba PSD Buz\u0103u. Momentan este, \u00eenc\u0103, membru PSD, \u0219i nu pot s\u0103 nu m\u0103 \u00eentreb cum va \u00eemp\u0103ca aceste dou\u0103 ipostaze \u00een urm\u0103torii doi ani.<\/strong><\/p>\n<p><strong>Iar dac\u0103 m\u0103 uit la reac\u021biile buzoienilor din ultima perioad\u0103, cred c\u0103 2028 \u00eei poate oferi domnului Toma un contact foarte s\u0103n\u0103tos cu realitatea.<\/strong><\/p>\n<p><strong>P\u00e2n\u0103 atunci, mai sunt doi ani de mandat.<\/strong><strong>Buz\u0103ul are nevoie de administra\u021bie \u0219i de proiecte, nu de o campanie electoral\u0103 \u00eenceput\u0103 cu doi ani mai devreme.<\/strong>\u201e, <strong>a transmis deputatul Romeo Lungu<\/strong>.<\/p>\n<\/div>\n<p>[analyse_source url=&#8221;https:\/\/www.campusbuzau.ro\/romeo-lungu-reactie-constantin-toma-comunicat\/&#8221;]<\/p>\n","protected":false},"excerpt":{"rendered":"<p>[analyse_image type=&#8221;featured&#8221; src=&#8221;https:\/\/www.campusbuzau.ro\/wp-content\/uploads\/2026\/08\/492423438_1242596134536395_623571436781166889_n.jpghttps:\/\/www.campusbuzau.ro\/wp-content\/uploads\/2026\/08\/492423438_1242596134536395_623571436781166889_n.jpg&#8221;] Dup\u0103 ce ieri, la Radio Campus, primarul Constantin Toma a declarat c\u0103 nu mai dore\u0219te s\u0103 candideze din partea PSD \u0219i c\u0103 se g\u00e2nde\u0219te, pentru moment, la o candidatur\u0103 independent\u0103, azi a venit reac\u021bia pre\u0219edintelui organiza\u021biei jude\u021bene a social-democra\u021bilor buzoieni, deputatul Romeo Lungu, printr-un comunicat de pres\u0103, pe care \u00eel red\u0103m mai [&hellip;]<\/p>\n","protected":false},"author":1,"featured_media":0,"comment_status":"open","ping_status":"","sticky":false,"template":"","format":"standard","meta":{"footnotes":""},"categories":[2],"tags":[118,226],"class_list":["post-2102374","post","type-post","status-publish","format-standard","hentry","category-politics","tag-campusbuzau-ro","tag-crawlmanager"],"_links":{"self":[{"href":"https:\/\/analyse.optim.biz\/index.php?rest_route=\/wp\/v2\/posts\/2102374","targetHints":{"allow":["GET"]}}],"collection":[{"href":"https:\/\/analyse.optim.biz\/index.php?rest_route=\/wp\/v2\/posts"}],"about":[{"href":"https:\/\/analyse.optim.biz\/index.php?rest_route=\/wp\/v2\/types\/post"}],"author":[{"embeddable":true,"href":"https:\/\/analyse.optim.biz\/index.php?rest_route=\/wp\/v2\/users\/1"}],"replies":[{"embeddable":true,"href":"https:\/\/analyse.optim.biz\/index.php?rest_route=%2Fwp%2Fv2%2Fcomments&post=2102374"}],"version-history":[{"count":0,"href":"https:\/\/analyse.optim.biz\/index.php?rest_route=\/wp\/v2\/posts\/2102374\/revisions"}],"wp:attachment":[{"href":"https:\/\/analyse.optim.biz\/index.php?rest_route=%2Fwp%2Fv2%2Fmedia&parent=2102374"}],"wp:term":[{"taxonomy":"category","embeddable":true,"href":"https:\/\/analyse.optim.biz\/index.php?rest_route=%2Fwp%2Fv2%2Fcategories&post=2102374"},{"taxonomy":"post_tag","embeddable":true,"href":"https:\/\/analyse.optim.biz\/index.php?rest_route=%2Fwp%2Fv2%2Ftags&post=2102374"}],"curies":[{"name":"wp","href":"https:\/\/api.w.org\/{rel}","templated":true}]}}