{"id":2102194,"date":"2026-08-20T06:53:29","date_gmt":"2026-08-20T03:53:29","guid":{"rendered":"https:\/\/analyse.optim.biz\/?p=2102194"},"modified":"2026-08-20T06:53:29","modified_gmt":"2026-08-20T03:53:29","slug":"corpul-a-al-liceului-mihai-eminescu-din-barlad-intra-in-reabilitare-investitia-pentru-intregul-ansamblu-ajunge-la-aproape-35-de-milioane-de-euro","status":"publish","type":"post","link":"https:\/\/analyse.optim.biz\/?p=2102194","title":{"rendered":"Corpul A al Liceului \u201eMihai Eminescu\u201d din B\u00e2rlad intr\u0103 \u00een reabilitare. Investi\u021bia pentru \u00eentregul ansamblu ajunge la aproape 35 de milioane de euro"},"content":{"rendered":"<p>[analyse_image type=&#8221;featured&#8221; src=&#8221;https:\/\/infovaslui.ro\/wp-content\/uploads\/2026\/08\/reabilitare-liceu-mihai-eminescu-barlad-1.jpeg&#8221;]<\/p>\n<div class=\"tdb-block-inner td-fix-index\"><a class=\"tdb-logo-a\" href=\"https:\/\/infovaslui.ro\/\" title=\"INFO Vaslui\"><span class=\"tdb-logo-img-wrap\"><img loading=\"lazy\" decoding=\"async\" class=\"tdb-logo-img td-retina-data\" data-retina=\"https:\/\/infovaslui.ro\/wp-content\/uploads\/2024\/12\/Black-and-Yellow-Modern-Personal-Logo-4-e1734058775656.png\" src=\"https:\/\/infovaslui.ro\/wp-content\/uploads\/2024\/12\/Black-and-Yellow-Modern-Personal-Logo-4-e1734058775656.png\" alt=\"\u0218tiri din Vaslui\" title=\"INFO Vaslui\" width=\"157\" height=\"96\"><\/span><\/a><\/div>\n<div class=\"tdb-block-inner td-fix-index\"><a class=\"tdb-logo-a\" href=\"https:\/\/infovaslui.ro\/\" title=\"INFO Vaslui\"><span class=\"tdb-logo-img-wrap\"><img loading=\"lazy\" decoding=\"async\" class=\"tdb-logo-img td-retina-data\" data-retina=\"https:\/\/infovaslui.ro\/wp-content\/uploads\/2024\/12\/Black-and-Yellow-Modern-Personal-Logo-4-e1734058775656.png\" src=\"https:\/\/infovaslui.ro\/wp-content\/uploads\/2024\/12\/Black-and-Yellow-Modern-Personal-Logo-4-e1734058775656.png\" alt=\"\u0218tiri din Vaslui\" title=\"INFO Vaslui\" width=\"157\" height=\"96\"><\/span><\/a><\/div>\n<div class=\"tdb-block-inner td-fix-index\">\n<div class=\"tdb-head-date-txt\">joi, august 20, 2026<\/div>\n<\/div>\n<div class=\"tdb-block-inner td-fix-index\"><a class=\"tdb-logo-a\" href=\"https:\/\/infovaslui.ro\/\" title=\"INFO Vaslui\"><span class=\"tdb-logo-img-wrap\"><img loading=\"lazy\" decoding=\"async\" class=\"tdb-logo-img td-retina-data\" data-retina=\"https:\/\/infovaslui.ro\/wp-content\/uploads\/2024\/12\/Black-and-Yellow-Modern-Personal-Logo-1-e1734054980362.png\" src=\"https:\/\/infovaslui.ro\/wp-content\/uploads\/2024\/12\/Black-and-Yellow-Modern-Personal-Logo-1-e1734054980362.png\" alt=\"\u0218tiri din Vaslui\" title=\"INFO Vaslui\" width=\"161\" height=\"99\"><\/span><\/a><\/div>\n<div class=\"tdb-block-inner td-fix-index\"><a class=\"tdb-logo-a\" href=\"https:\/\/infovaslui.ro\/\" title=\"INFO Vaslui\"><span class=\"tdb-logo-img-wrap\"><img loading=\"lazy\" decoding=\"async\" class=\"tdb-logo-img td-retina-data\" data-retina=\"https:\/\/infovaslui.ro\/wp-content\/uploads\/2024\/12\/Black-and-Yellow-Modern-Personal-Logo-1-e1734054980362.png\" src=\"https:\/\/infovaslui.ro\/wp-content\/uploads\/2024\/12\/Black-and-Yellow-Modern-Personal-Logo-1-e1734054980362.png\" alt=\"\u0218tiri din Vaslui\" title=\"INFO Vaslui\" width=\"161\" height=\"99\"><\/span><\/a><\/div>\n<div class=\"tdb-block-inner td-fix-index\"><span><a title class=\"tdb-entry-crumb\" href=\"https:\/\/infovaslui.ro\/\">Acas\u0103<\/a><\/span><span><a title=\"Vede\u021bi toate articolele \u00een Administra\u021bie\" class=\"tdb-entry-crumb\" href=\"https:\/\/infovaslui.ro\/category\/administratie\/\">Administra\u021bie<\/a><\/span><span class=\"tdb-bred-no-url-last\">Corpul A al Liceului \u201eMihai Eminescu\u201d din B\u00e2rlad intr\u0103 \u00een reabilitare. Investi\u021bia&#8230;<\/span><\/div>\n<div class=\"tdb-block-inner td-fix-index\">\n<h1 class=\"tdb-title-text\">Corpul A al Liceului \u201eMihai Eminescu\u201d din B\u00e2rlad intr\u0103 \u00een reabilitare. Investi\u021bia pentru \u00eentregul ansamblu ajunge la aproape 35 de milioane de euro<\/h1>\n<\/div>\n<div class=\"tdb-block-inner td-fix-index\">\n<div class=\"tdb-author-name-wrap\"><span class=\"tdb-author-by\">Scris de: <\/span><a class=\"tdb-author-name\" href=\"https:\/\/infovaslui.ro\/author\/alexandru-ababei\/\">Alexandru Ababei<\/a><\/div>\n<\/div>\n<div class=\"tdb-block-inner td-fix-index\"><time class=\"entry-date updated td-module-date\" datetime=\"2026-08-20T09:53:29+03:00\">20 august 2026<\/time><\/div>\n<div class=\"td_block_wrap tdb_single_content tdi_106 td-pb-border-top td_block_template_1 td-post-content tagdiv-type\" data-td-block-uid=\"tdi_106\">\n<div class=\"tdb-block-inner td-fix-index\">\n<p><em><strong>Corpul A al Liceului \u201eMihai Eminescu\u201d din B\u00e2rlad va intra \u00een proces de consolidare, restaurare \u0219i modernizare, a anun\u021bat primarul municipiului, Dumitru Boro\u0219. Lucr\u0103rile fac parte din investi\u021bia de aproape 35 de milioane de euro destinat\u0103 \u00eentregului ansamblu al liceului, despre care edilul afirm\u0103 c\u0103 reprezint\u0103 cea mai mare finan\u021bare ob\u021binut\u0103 vreodat\u0103 de municipiul B\u00e2rlad.<\/strong><\/em><\/p>\n<p><a href=\"https:\/\/infovaslui.ro\/contract-semnat-reabilitarea-liceului-mihai-eminescu-barlad-lucrarile-avanseaza-corp-corp\/\">Procesul de modernizare a Liceului \u201eMihai Eminescu\u201d avanseaz\u0103<\/a>, iar Corpul A, una dintre cl\u0103dirile importante ale ansamblului, urmeaz\u0103 s\u0103 fie reabilitat.<\/p>\n<p>Cl\u0103direa este destinat\u0103 \u00een principal zonei administrative \u0219i laboratoarelor \u0219i se remarc\u0103 prin elementele sale arhitecturale.<\/p>\n<h2>Elementele arhitecturale ale cl\u0103dirii vor fi p\u0103strate \u0219i puse \u00een valoare<\/h2>\n<p>Potrivit primarului Dumitru Boro\u0219, interven\u021bia nu urm\u0103re\u0219te doar modernizarea imobilului, ci \u0219i conservarea caracteristicilor arhitecturale care \u00eei confer\u0103 identitate.<\/p>\n<p>Corpul A dispune de coloane \u0219i ancadramente din marmur\u0103, arcade, vitralii, sc\u0103ri monumentale \u0219i numeroase elemente decorative.<\/p>\n<p><em>\u201eCei care i-au trecut pragul \u00eei cunosc frumuse\u021bea: coloane \u0219i ancadramente din marmur\u0103, arcade, vitralii, sc\u0103ri monumentale \u0219i numeroase detalii decorative care \u00eei dau o personalitate aparte \u0219i pe care avem obliga\u021bia s\u0103 le p\u0103str\u0103m \u0219i s\u0103 le punem \u00een valoare\u201d<\/em>, a transmis primarul municipiului B\u00e2rlad.<\/p>\n<p>Edilul consider\u0103 c\u0103 proiectul se \u00eenscrie \u00een procesul mai amplu de regenerare a ora\u0219ului, prin care cl\u0103dirile valoroase sunt conservate \u0219i, \u00een acela\u0219i timp, adaptate cerin\u021belor actuale.<\/p>\n<p><em>\u201eEste exact sensul pe care \u00eel d\u0103m regener\u0103rii ora\u0219ului: salv\u0103m patrimoniul valoros al B\u00e2rladului \u0219i \u00eel preg\u0103tim pentru viitor\u201d<\/em>, a precizat Dumitru Boro\u0219.<\/p>\n<h2>Aproape 35 de milioane de euro pentru Liceul \u201eMihai Eminescu\u201d<\/h2>\n<p>Investi\u021bia destinat\u0103 ansamblului Liceului \u201eMihai Eminescu\u201d are o valoare de aproape 35 de milioane de euro.<\/p>\n<p>Conform primarului Dumitru Boro\u0219, aceasta este cea mai mare finan\u021bare ob\u021binut\u0103 vreodat\u0103 de municipiul B\u00e2rlad.<\/p>\n<p>Proiectul presupune un amplu proces de consolidare, restaurare \u0219i modernizare a ansamblului, obiectivul fiind at\u00e2t \u00eembun\u0103t\u0103\u021birea condi\u021biilor oferite elevilor \u0219i personalului, c\u00e2t \u0219i protejarea valorii arhitecturale a cl\u0103dirilor.<\/p>\n<p><em>\u201ePrin investi\u021bia de aproape 35 de milioane de euro, cea mai mare finan\u021bare ob\u021binut\u0103 vreodat\u0103 de municipiul B\u00e2rlad, Liceul \u00abMihai Eminescu\u00bb va fi redat genera\u021biilor viitoare consolidat, modernizat \u0219i cu frumuse\u021bea sa arhitectural\u0103 pus\u0103 din nou \u00een lumin\u0103\u201d<\/em>, a transmis primarul.<\/p>\n<p>Intrarea Corpului A \u00een reabilitare reprezint\u0103 astfel o nou\u0103 etap\u0103 \u00een modernizarea unuia dintre cele mai importante licee din municipiul B\u00e2rlad.<\/p>\n<\/div>\n<\/div>\n<div class=\"tdb-block-inner td-fix-index\">\n<p><em><strong>Corpul A al Liceului \u201eMihai Eminescu\u201d din B\u00e2rlad va intra \u00een proces de consolidare, restaurare \u0219i modernizare, a anun\u021bat primarul municipiului, Dumitru Boro\u0219. Lucr\u0103rile fac parte din investi\u021bia de aproape 35 de milioane de euro destinat\u0103 \u00eentregului ansamblu al liceului, despre care edilul afirm\u0103 c\u0103 reprezint\u0103 cea mai mare finan\u021bare ob\u021binut\u0103 vreodat\u0103 de municipiul B\u00e2rlad.<\/strong><\/em><\/p>\n<p><a href=\"https:\/\/infovaslui.ro\/contract-semnat-reabilitarea-liceului-mihai-eminescu-barlad-lucrarile-avanseaza-corp-corp\/\">Procesul de modernizare a Liceului \u201eMihai Eminescu\u201d avanseaz\u0103<\/a>, iar Corpul A, una dintre cl\u0103dirile importante ale ansamblului, urmeaz\u0103 s\u0103 fie reabilitat.<\/p>\n<p>Cl\u0103direa este destinat\u0103 \u00een principal zonei administrative \u0219i laboratoarelor \u0219i se remarc\u0103 prin elementele sale arhitecturale.<\/p>\n<h2>Elementele arhitecturale ale cl\u0103dirii vor fi p\u0103strate \u0219i puse \u00een valoare<\/h2>\n<p>Potrivit primarului Dumitru Boro\u0219, interven\u021bia nu urm\u0103re\u0219te doar modernizarea imobilului, ci \u0219i conservarea caracteristicilor arhitecturale care \u00eei confer\u0103 identitate.<\/p>\n<p>Corpul A dispune de coloane \u0219i ancadramente din marmur\u0103, arcade, vitralii, sc\u0103ri monumentale \u0219i numeroase elemente decorative.<\/p>\n<p><em>\u201eCei care i-au trecut pragul \u00eei cunosc frumuse\u021bea: coloane \u0219i ancadramente din marmur\u0103, arcade, vitralii, sc\u0103ri monumentale \u0219i numeroase detalii decorative care \u00eei dau o personalitate aparte \u0219i pe care avem obliga\u021bia s\u0103 le p\u0103str\u0103m \u0219i s\u0103 le punem \u00een valoare\u201d<\/em>, a transmis primarul municipiului B\u00e2rlad.<\/p>\n<p>Edilul consider\u0103 c\u0103 proiectul se \u00eenscrie \u00een procesul mai amplu de regenerare a ora\u0219ului, prin care cl\u0103dirile valoroase sunt conservate \u0219i, \u00een acela\u0219i timp, adaptate cerin\u021belor actuale.<\/p>\n<p><em>\u201eEste exact sensul pe care \u00eel d\u0103m regener\u0103rii ora\u0219ului: salv\u0103m patrimoniul valoros al B\u00e2rladului \u0219i \u00eel preg\u0103tim pentru viitor\u201d<\/em>, a precizat Dumitru Boro\u0219.<\/p>\n<h2>Aproape 35 de milioane de euro pentru Liceul \u201eMihai Eminescu\u201d<\/h2>\n<p>Investi\u021bia destinat\u0103 ansamblului Liceului \u201eMihai Eminescu\u201d are o valoare de aproape 35 de milioane de euro.<\/p>\n<p>Conform primarului Dumitru Boro\u0219, aceasta este cea mai mare finan\u021bare ob\u021binut\u0103 vreodat\u0103 de municipiul B\u00e2rlad.<\/p>\n<p>Proiectul presupune un amplu proces de consolidare, restaurare \u0219i modernizare a ansamblului, obiectivul fiind at\u00e2t \u00eembun\u0103t\u0103\u021birea condi\u021biilor oferite elevilor \u0219i personalului, c\u00e2t \u0219i protejarea valorii arhitecturale a cl\u0103dirilor.<\/p>\n<p><em>\u201ePrin investi\u021bia de aproape 35 de milioane de euro, cea mai mare finan\u021bare ob\u021binut\u0103 vreodat\u0103 de municipiul B\u00e2rlad, Liceul \u00abMihai Eminescu\u00bb va fi redat genera\u021biilor viitoare consolidat, modernizat \u0219i cu frumuse\u021bea sa arhitectural\u0103 pus\u0103 din nou \u00een lumin\u0103\u201d<\/em>, a transmis primarul.<\/p>\n<p>Intrarea Corpului A \u00een reabilitare reprezint\u0103 astfel o nou\u0103 etap\u0103 \u00een modernizarea unuia dintre cele mai importante licee din municipiul B\u00e2rlad.<\/p>\n<\/div>\n<div class=\"tdb-block-inner td-fix-index\">\n<div class=\"tdb-next-post tdb-next-post-bg tdb-post-prev\"><span>Articolul precedent<\/span><\/p>\n<div class=\"td-module-container\">\n<div class=\"next-prev-title\"><a href=\"https:\/\/infovaslui.ro\/barladul-autobaza-moderna-prima-construita-oras-dupa-1950-investitie-18-5-milioane\/\">B\u00e2rladul are o autobaz\u0103 modern\u0103, prima construit\u0103 \u00een ora\u0219 dup\u0103 1950. Investi\u021bie de 18,5 milioane de lei<\/a><\/div>\n<\/div>\n<\/div>\n<\/div>\n<div class=\"tdb-block-inner td-fix-index\"><a class=\"tdb-logo-a\" href=\"https:\/\/infovaslui.ro\/\" title=\"INFO Vaslui\"><span class=\"tdb-logo-img-wrap\"><img decoding=\"async\" class=\"tdb-logo-img td-retina-data\" data-retina=\"https:\/\/infovaslui.ro\/wp-content\/uploads\/2024\/12\/Black-and-Yellow-Modern-Personal-Logo-1-e1734054980362.png\" src=\"https:\/\/infovaslui.ro\/wp-content\/uploads\/2024\/12\/Black-and-Yellow-Modern-Personal-Logo-1-e1734054980362.png\" alt=\"\u0218tiri din Vaslui\" title=\"INFO Vaslui\"><\/span><span class=\"tdb-logo-text-wrap\"><span class=\"tdb-logo-text-title\">INFO Vaslui<\/span><span class=\"tdb-logo-text-tagline\">\u0218tiri de interes<\/span><\/span><\/a><\/div>\n<p>[analyse_source url=&#8221;https:\/\/infovaslui.ro\/corpul-liceului-mihai-eminescu-barlad-intra-reabilitare-investitia-intregul-ansamblu-ajunge-35-milioane-euro\/#new_tab&#8221;]<\/p>\n","protected":false},"excerpt":{"rendered":"<p>[analyse_image type=&#8221;featured&#8221; src=&#8221;https:\/\/infovaslui.ro\/wp-content\/uploads\/2026\/08\/reabilitare-liceu-mihai-eminescu-barlad-1.jpeg&#8221;] joi, august 20, 2026 Acas\u0103Administra\u021bieCorpul A al Liceului \u201eMihai Eminescu\u201d din B\u00e2rlad intr\u0103 \u00een reabilitare. Investi\u021bia&#8230; Corpul A al Liceului \u201eMihai Eminescu\u201d din B\u00e2rlad intr\u0103 \u00een reabilitare. Investi\u021bia pentru \u00eentregul ansamblu ajunge la aproape 35 de milioane de euro Scris de: Alexandru Ababei 20 august 2026 Corpul A al Liceului \u201eMihai Eminescu\u201d [&hellip;]<\/p>\n","protected":false},"author":1,"featured_media":0,"comment_status":"open","ping_status":"","sticky":false,"template":"","format":"standard","meta":{"footnotes":""},"categories":[89],"tags":[226,217],"class_list":["post-2102194","post","type-post","status-publish","format-standard","hentry","category-romania","tag-crawlmanager","tag-vaslui-robo-stiri-ro"],"_links":{"self":[{"href":"https:\/\/analyse.optim.biz\/index.php?rest_route=\/wp\/v2\/posts\/2102194","targetHints":{"allow":["GET"]}}],"collection":[{"href":"https:\/\/analyse.optim.biz\/index.php?rest_route=\/wp\/v2\/posts"}],"about":[{"href":"https:\/\/analyse.optim.biz\/index.php?rest_route=\/wp\/v2\/types\/post"}],"author":[{"embeddable":true,"href":"https:\/\/analyse.optim.biz\/index.php?rest_route=\/wp\/v2\/users\/1"}],"replies":[{"embeddable":true,"href":"https:\/\/analyse.optim.biz\/index.php?rest_route=%2Fwp%2Fv2%2Fcomments&post=2102194"}],"version-history":[{"count":0,"href":"https:\/\/analyse.optim.biz\/index.php?rest_route=\/wp\/v2\/posts\/2102194\/revisions"}],"wp:attachment":[{"href":"https:\/\/analyse.optim.biz\/index.php?rest_route=%2Fwp%2Fv2%2Fmedia&parent=2102194"}],"wp:term":[{"taxonomy":"category","embeddable":true,"href":"https:\/\/analyse.optim.biz\/index.php?rest_route=%2Fwp%2Fv2%2Fcategories&post=2102194"},{"taxonomy":"post_tag","embeddable":true,"href":"https:\/\/analyse.optim.biz\/index.php?rest_route=%2Fwp%2Fv2%2Ftags&post=2102194"}],"curies":[{"name":"wp","href":"https:\/\/api.w.org\/{rel}","templated":true}]}}