{"id":2102183,"date":"2026-08-20T06:48:44","date_gmt":"2026-08-20T03:48:44","guid":{"rendered":"https:\/\/analyse.optim.biz\/?p=2102183"},"modified":"2026-08-20T06:48:44","modified_gmt":"2026-08-20T03:48:44","slug":"drona-cazuta-in-judetul-tulcea-dupa-ce-a-patruns-in-spatiul-aerian-al-romaniei-f-18-spaniole-si-un-elicopter-iar-330-socat-mobilizate","status":"publish","type":"post","link":"https:\/\/analyse.optim.biz\/?p=2102183","title":{"rendered":"Dron\u0103 c\u0103zut\u0103 \u00een jude\u021bul Tulcea dup\u0103 ce a p\u0103truns \u00een spa\u021biul aerian al Rom\u00e2niei. F-18 spaniole \u0219i un elicopter IAR-330 SOCAT, mobilizate"},"content":{"rendered":"<p>[analyse_image type=&#8221;featured&#8221; src=&#8221;https:\/\/infovaslui.ro\/wp-content\/uploads\/2026\/08\/drona-cazuta-Tulcea.jpg&#8221;]<\/p>\n<div class=\"tdb-block-inner td-fix-index\"><a class=\"tdb-logo-a\" href=\"https:\/\/infovaslui.ro\/\" title=\"INFO Vaslui\"><span class=\"tdb-logo-img-wrap\"><img loading=\"lazy\" decoding=\"async\" class=\"tdb-logo-img td-retina-data\" data-retina=\"https:\/\/infovaslui.ro\/wp-content\/uploads\/2024\/12\/Black-and-Yellow-Modern-Personal-Logo-4-e1734058775656.png\" src=\"https:\/\/infovaslui.ro\/wp-content\/uploads\/2024\/12\/Black-and-Yellow-Modern-Personal-Logo-4-e1734058775656.png\" alt=\"\u0218tiri din Vaslui\" title=\"INFO Vaslui\" width=\"157\" height=\"96\"><\/span><\/a><\/div>\n<div class=\"tdb-block-inner td-fix-index\"><a class=\"tdb-logo-a\" href=\"https:\/\/infovaslui.ro\/\" title=\"INFO Vaslui\"><span class=\"tdb-logo-img-wrap\"><img loading=\"lazy\" decoding=\"async\" class=\"tdb-logo-img td-retina-data\" data-retina=\"https:\/\/infovaslui.ro\/wp-content\/uploads\/2024\/12\/Black-and-Yellow-Modern-Personal-Logo-4-e1734058775656.png\" src=\"https:\/\/infovaslui.ro\/wp-content\/uploads\/2024\/12\/Black-and-Yellow-Modern-Personal-Logo-4-e1734058775656.png\" alt=\"\u0218tiri din Vaslui\" title=\"INFO Vaslui\" width=\"157\" height=\"96\"><\/span><\/a><\/div>\n<div class=\"tdb-block-inner td-fix-index\">\n<div class=\"tdb-head-date-txt\">joi, august 20, 2026<\/div>\n<\/div>\n<div class=\"tdb-block-inner td-fix-index\"><a class=\"tdb-logo-a\" href=\"https:\/\/infovaslui.ro\/\" title=\"INFO Vaslui\"><span class=\"tdb-logo-img-wrap\"><img loading=\"lazy\" decoding=\"async\" class=\"tdb-logo-img td-retina-data\" data-retina=\"https:\/\/infovaslui.ro\/wp-content\/uploads\/2024\/12\/Black-and-Yellow-Modern-Personal-Logo-1-e1734054980362.png\" src=\"https:\/\/infovaslui.ro\/wp-content\/uploads\/2024\/12\/Black-and-Yellow-Modern-Personal-Logo-1-e1734054980362.png\" alt=\"\u0218tiri din Vaslui\" title=\"INFO Vaslui\" width=\"161\" height=\"99\"><\/span><\/a><\/div>\n<div class=\"tdb-block-inner td-fix-index\"><a class=\"tdb-logo-a\" href=\"https:\/\/infovaslui.ro\/\" title=\"INFO Vaslui\"><span class=\"tdb-logo-img-wrap\"><img loading=\"lazy\" decoding=\"async\" class=\"tdb-logo-img td-retina-data\" data-retina=\"https:\/\/infovaslui.ro\/wp-content\/uploads\/2024\/12\/Black-and-Yellow-Modern-Personal-Logo-1-e1734054980362.png\" src=\"https:\/\/infovaslui.ro\/wp-content\/uploads\/2024\/12\/Black-and-Yellow-Modern-Personal-Logo-1-e1734054980362.png\" alt=\"\u0218tiri din Vaslui\" title=\"INFO Vaslui\" width=\"161\" height=\"99\"><\/span><\/a><\/div>\n<div class=\"tdb-block-inner td-fix-index\"><span><a title class=\"tdb-entry-crumb\" href=\"https:\/\/infovaslui.ro\/\">Acas\u0103<\/a><\/span><span><a title=\"Vede\u021bi toate articolele \u00een Na\u021bional\" class=\"tdb-entry-crumb\" href=\"https:\/\/infovaslui.ro\/category\/national\/\">Na\u021bional<\/a><\/span><span class=\"tdb-bred-no-url-last\">Dron\u0103 c\u0103zut\u0103 \u00een jude\u021bul Tulcea dup\u0103 ce a p\u0103truns \u00een spa\u021biul aerian&#8230;<\/span><\/div>\n<div class=\"tdb-block-inner td-fix-index\">\n<h1 class=\"tdb-title-text\">Dron\u0103 c\u0103zut\u0103 \u00een jude\u021bul Tulcea dup\u0103 ce a p\u0103truns \u00een spa\u021biul aerian al Rom\u00e2niei. F-18 spaniole \u0219i un elicopter IAR-330 SOCAT, mobilizate<\/h1>\n<\/div>\n<div class=\"tdb-block-inner td-fix-index\">\n<div class=\"tdb-author-name-wrap\"><span class=\"tdb-author-by\">Scris de: <\/span><a class=\"tdb-author-name\" href=\"https:\/\/infovaslui.ro\/author\/alexandru-ababei\/\">Alexandru Ababei<\/a><\/div>\n<\/div>\n<div class=\"tdb-block-inner td-fix-index\"><time class=\"entry-date updated td-module-date\" datetime=\"2026-08-20T09:48:44+03:00\">20 august 2026<\/time><\/div>\n<div class=\"td_block_wrap tdb_single_content tdi_106 td-pb-border-top td_block_template_1 td-post-content tagdiv-type\" data-td-block-uid=\"tdi_106\">\n<div class=\"tdb-block-inner td-fix-index\">\n<p><em><strong>O dron\u0103 a p\u0103truns \u00een spa\u021biul aerian al Rom\u00e2niei \u00een noaptea de miercuri spre joi, 20 august, \u0219i a c\u0103zut \u00eentr-o zon\u0103 nepopulat\u0103 din apropierea localit\u0103\u021bii Grindu, jude\u021bul Tulcea. Dou\u0103 aeronave F-18 ale For\u021belor Aeriene \u0219i Spa\u021biale Spaniole \u0219i un elicopter IAR-330 SOCAT al For\u021belor Aeriene Rom\u00e2ne au fost mobilizate, iar popula\u021bia din zona vizat\u0103 a fost avertizat\u0103 prin RO-Alert.<\/strong><\/em><\/p>\n<p>Sistemul de supraveghere radar al Ministerului Ap\u0103r\u0103rii Na\u021bionale a detectat, la ora 02:23, un grup de \u021binte aeriene \u00een proximitatea frontierei Rom\u00e2niei cu Ucraina.<\/p>\n<p>\u00cen urma detect\u0103rii, dou\u0103 aeronave F-18 ale For\u021belor Aeriene \u0219i Spa\u021biale Spaniole au fost ridicate de la sol pentru monitorizarea situa\u021biei.<\/p>\n<p>Totodat\u0103, un elicopter IAR-330 SOCAT al For\u021belor Aeriene Rom\u00e2ne a decolat pentru executarea unei misiuni de cercetare aerian\u0103.<\/p>\n<h2>RO-Alert transmis \u00een timpul nop\u021bii<\/h2>\n<p>Centrul Na\u021bional Militar de Comand\u0103 a notificat Inspectoratul General pentru Situa\u021bii de Urgen\u021b\u0103 \u00een vederea instituirii m\u0103surilor de alertare a popula\u021biei din zona vizat\u0103.<\/p>\n<p>La ora 03:20, a fost transmis un mesaj RO-Alert.<\/p>\n<p>Un minut mai t\u00e2rziu, la 03:21, o dron\u0103 a p\u0103truns \u00een spa\u021biul aerian na\u021bional, la aproximativ 13 kilometri est de municipiul Gala\u021bi.<\/p>\n<p>Situa\u021bia a fost urm\u0103rit\u0103 de for\u021bele mobilizate \u00een zon\u0103.<\/p>\n<h2>Drona a c\u0103zut \u00een apropiere de Grindu<\/h2>\n<p>La numai c\u00e2teva minute de la p\u0103trunderea dronei \u00een spa\u021biul aerian al Rom\u00e2niei, echipajul elicopterului IAR-330 SOCAT a raportat c\u0103 \u021binta a c\u0103zut.<\/p>\n<p>Incidentul a avut loc la aproximativ 4 kilometri nord-est de localitatea Grindu, jude\u021bul Tulcea, \u00eentr-o zon\u0103 nepopulat\u0103.<\/p>\n<p>Potrivit informa\u021biilor transmise de MApN, impactul vehiculului aerian cu solul a fost urmat de izbucnirea unui incendiu. Focul s-a stins de la sine.<\/p>\n<p>Nu au fost raportate victime \u0219i nici pagube materiale.<\/p>\n<p>O echip\u0103 de militari a fost trimis\u0103 c\u0103tre locul impactului pentru securizarea zonei \u0219i desf\u0103\u0219urarea procedurilor necesare.<\/p>\n<p>Alerta aerian\u0103 a \u00eencetat la ora 03:52, la aproximativ o or\u0103 \u0219i jum\u0103tate dup\u0103 detectarea ini\u021bial\u0103 a grupului de \u021binte aeriene.<\/p>\n<\/div>\n<\/div>\n<div class=\"tdb-block-inner td-fix-index\">\n<p><em><strong>O dron\u0103 a p\u0103truns \u00een spa\u021biul aerian al Rom\u00e2niei \u00een noaptea de miercuri spre joi, 20 august, \u0219i a c\u0103zut \u00eentr-o zon\u0103 nepopulat\u0103 din apropierea localit\u0103\u021bii Grindu, jude\u021bul Tulcea. Dou\u0103 aeronave F-18 ale For\u021belor Aeriene \u0219i Spa\u021biale Spaniole \u0219i un elicopter IAR-330 SOCAT al For\u021belor Aeriene Rom\u00e2ne au fost mobilizate, iar popula\u021bia din zona vizat\u0103 a fost avertizat\u0103 prin RO-Alert.<\/strong><\/em><\/p>\n<p>Sistemul de supraveghere radar al Ministerului Ap\u0103r\u0103rii Na\u021bionale a detectat, la ora 02:23, un grup de \u021binte aeriene \u00een proximitatea frontierei Rom\u00e2niei cu Ucraina.<\/p>\n<p>\u00cen urma detect\u0103rii, dou\u0103 aeronave F-18 ale For\u021belor Aeriene \u0219i Spa\u021biale Spaniole au fost ridicate de la sol pentru monitorizarea situa\u021biei.<\/p>\n<p>Totodat\u0103, un elicopter IAR-330 SOCAT al For\u021belor Aeriene Rom\u00e2ne a decolat pentru executarea unei misiuni de cercetare aerian\u0103.<\/p>\n<h2>RO-Alert transmis \u00een timpul nop\u021bii<\/h2>\n<p>Centrul Na\u021bional Militar de Comand\u0103 a notificat Inspectoratul General pentru Situa\u021bii de Urgen\u021b\u0103 \u00een vederea instituirii m\u0103surilor de alertare a popula\u021biei din zona vizat\u0103.<\/p>\n<p>La ora 03:20, a fost transmis un mesaj RO-Alert.<\/p>\n<p>Un minut mai t\u00e2rziu, la 03:21, o dron\u0103 a p\u0103truns \u00een spa\u021biul aerian na\u021bional, la aproximativ 13 kilometri est de municipiul Gala\u021bi.<\/p>\n<p>Situa\u021bia a fost urm\u0103rit\u0103 de for\u021bele mobilizate \u00een zon\u0103.<\/p>\n<h2>Drona a c\u0103zut \u00een apropiere de Grindu<\/h2>\n<p>La numai c\u00e2teva minute de la p\u0103trunderea dronei \u00een spa\u021biul aerian al Rom\u00e2niei, echipajul elicopterului IAR-330 SOCAT a raportat c\u0103 \u021binta a c\u0103zut.<\/p>\n<p>Incidentul a avut loc la aproximativ 4 kilometri nord-est de localitatea Grindu, jude\u021bul Tulcea, \u00eentr-o zon\u0103 nepopulat\u0103.<\/p>\n<p>Potrivit informa\u021biilor transmise de MApN, impactul vehiculului aerian cu solul a fost urmat de izbucnirea unui incendiu. Focul s-a stins de la sine.<\/p>\n<p>Nu au fost raportate victime \u0219i nici pagube materiale.<\/p>\n<p>O echip\u0103 de militari a fost trimis\u0103 c\u0103tre locul impactului pentru securizarea zonei \u0219i desf\u0103\u0219urarea procedurilor necesare.<\/p>\n<p>Alerta aerian\u0103 a \u00eencetat la ora 03:52, la aproximativ o or\u0103 \u0219i jum\u0103tate dup\u0103 detectarea ini\u021bial\u0103 a grupului de \u021binte aeriene.<\/p>\n<\/div>\n<div class=\"tdb-block-inner td-fix-index\">\n<div class=\"tdb-next-post tdb-next-post-bg tdb-post-prev\"><span>Articolul precedent<\/span><\/p>\n<div class=\"td-module-container\">\n<div class=\"next-prev-title\"><a href=\"https:\/\/infovaslui.ro\/valul-caldura-extinde-intensifica-galben-canicula-moldova-temperaturile-ajung-37\/\">Valul de c\u0103ldur\u0103 se extinde \u0219i se intensific\u0103. Cod galben de canicul\u0103 \u00een Moldova, temperaturile ajung la 37\u00b0C<\/a><\/div>\n<\/div>\n<\/div>\n<\/div>\n<div class=\"tdb-block-inner td-fix-index\"><a class=\"tdb-logo-a\" href=\"https:\/\/infovaslui.ro\/\" title=\"INFO Vaslui\"><span class=\"tdb-logo-img-wrap\"><img decoding=\"async\" class=\"tdb-logo-img td-retina-data\" data-retina=\"https:\/\/infovaslui.ro\/wp-content\/uploads\/2024\/12\/Black-and-Yellow-Modern-Personal-Logo-1-e1734054980362.png\" src=\"https:\/\/infovaslui.ro\/wp-content\/uploads\/2024\/12\/Black-and-Yellow-Modern-Personal-Logo-1-e1734054980362.png\" alt=\"\u0218tiri din Vaslui\" title=\"INFO Vaslui\"><\/span><span class=\"tdb-logo-text-wrap\"><span class=\"tdb-logo-text-title\">INFO Vaslui<\/span><span class=\"tdb-logo-text-tagline\">\u0218tiri de interes<\/span><\/span><\/a><\/div>\n<p>[analyse_source url=&#8221;https:\/\/infovaslui.ro\/drona-cazuta-judetul-tulcea-dupa-patruns-spatiul-aerian-romaniei-18-spaniole-elicopter-330-socat-mobilizate\/#new_tab&#8221;]<\/p>\n","protected":false},"excerpt":{"rendered":"<p>[analyse_image type=&#8221;featured&#8221; src=&#8221;https:\/\/infovaslui.ro\/wp-content\/uploads\/2026\/08\/drona-cazuta-Tulcea.jpg&#8221;] joi, august 20, 2026 Acas\u0103Na\u021bionalDron\u0103 c\u0103zut\u0103 \u00een jude\u021bul Tulcea dup\u0103 ce a p\u0103truns \u00een spa\u021biul aerian&#8230; Dron\u0103 c\u0103zut\u0103 \u00een jude\u021bul Tulcea dup\u0103 ce a p\u0103truns \u00een spa\u021biul aerian al Rom\u00e2niei. F-18 spaniole \u0219i un elicopter IAR-330 SOCAT, mobilizate Scris de: Alexandru Ababei 20 august 2026 O dron\u0103 a p\u0103truns \u00een spa\u021biul aerian [&hellip;]<\/p>\n","protected":false},"author":1,"featured_media":0,"comment_status":"open","ping_status":"","sticky":false,"template":"","format":"standard","meta":{"footnotes":""},"categories":[89],"tags":[226,217],"class_list":["post-2102183","post","type-post","status-publish","format-standard","hentry","category-romania","tag-crawlmanager","tag-vaslui-robo-stiri-ro"],"_links":{"self":[{"href":"https:\/\/analyse.optim.biz\/index.php?rest_route=\/wp\/v2\/posts\/2102183","targetHints":{"allow":["GET"]}}],"collection":[{"href":"https:\/\/analyse.optim.biz\/index.php?rest_route=\/wp\/v2\/posts"}],"about":[{"href":"https:\/\/analyse.optim.biz\/index.php?rest_route=\/wp\/v2\/types\/post"}],"author":[{"embeddable":true,"href":"https:\/\/analyse.optim.biz\/index.php?rest_route=\/wp\/v2\/users\/1"}],"replies":[{"embeddable":true,"href":"https:\/\/analyse.optim.biz\/index.php?rest_route=%2Fwp%2Fv2%2Fcomments&post=2102183"}],"version-history":[{"count":0,"href":"https:\/\/analyse.optim.biz\/index.php?rest_route=\/wp\/v2\/posts\/2102183\/revisions"}],"wp:attachment":[{"href":"https:\/\/analyse.optim.biz\/index.php?rest_route=%2Fwp%2Fv2%2Fmedia&parent=2102183"}],"wp:term":[{"taxonomy":"category","embeddable":true,"href":"https:\/\/analyse.optim.biz\/index.php?rest_route=%2Fwp%2Fv2%2Fcategories&post=2102183"},{"taxonomy":"post_tag","embeddable":true,"href":"https:\/\/analyse.optim.biz\/index.php?rest_route=%2Fwp%2Fv2%2Ftags&post=2102183"}],"curies":[{"name":"wp","href":"https:\/\/api.w.org\/{rel}","templated":true}]}}