{"id":2102169,"date":"2026-08-19T08:52:38","date_gmt":"2026-08-19T05:52:38","guid":{"rendered":"https:\/\/analyse.optim.biz\/?p=2102169"},"modified":"2026-08-19T08:52:38","modified_gmt":"2026-08-19T05:52:38","slug":"franta-a-legalizat-oficial-dreptul-la-moarte-asistata-legea-a-fost-promulgata-de-macron","status":"publish","type":"post","link":"https:\/\/analyse.optim.biz\/?p=2102169","title":{"rendered":"Fran\u021ba a legalizat oficial dreptul la moarte asistat\u0103. Legea a fost promulgat\u0103 de Macron"},"content":{"rendered":"<p>[analyse_image type=&#8221;featured&#8221; src=&#8221;https:\/\/renasterea.ro\/ro\/wp-content\/uploads\/2026\/08\/macron.jpghttps:\/\/renasterea.ro\/ro\/wp-content\/uploads\/2026\/08\/macron.jpg&#8221;]<\/p>\n<div class=\"entry-content\"><img loading=\"lazy\" decoding=\"async\" width=\"650\" height=\"364\" src=\"https:\/\/renasterea.ro\/ro\/wp-content\/uploads\/2026\/08\/macron.jpg\" class=\"attachment-medium size-medium wp-post-image\" alt=\"Fran\u021ba a legalizat oficial dreptul la moarte asistat\u0103. Legea a fost promulgat\u0103 de Macron\" title=\"Fran\u021ba a legalizat oficial dreptul la moarte asistat\u0103. Legea a fost promulgat\u0103 de Macron 1\"><\/p>\n<h4>Legea care instituie dreptul la moarte asistat\u0103 a fost publicat\u0103 miercuri \u00een Monitorul Oficial al Fran\u021bei, dup\u0103 ce a fost promulgat\u0103 de pre\u0219edintele Emmanuel Macron. Actul normativ introduce posibilitatea ca anumi\u021bi pacien\u021bi afla\u021bi \u00een stadii terminale s\u0103 \u00ee\u0219i poat\u0103 \u00eencheia via\u021ba.<\/h4>\n<p>Noua lege se adreseaz\u0103 doar anumitor pacien\u021bi care \u00eendeplinesc o serie de condi\u021bii stricte, relateaz\u0103 Le Monde.<\/p>\n<p>Persoana trebuie s\u0103 fie major\u0103, cet\u0103\u021bean francez sau rezident pe termen lung \u00een Fran\u021ba \u0219i s\u0103 sufere de o boal\u0103 \u201egrav\u0103 \u0219i incurabil\u0103\u201d, aflat\u0103 \u00eentr-un stadiu terminal sau \u00eentr-un stadiu \u201eavansat\u201d.<\/p>\n<p>Pacientul trebuie, de asemenea, s\u0103 sufere de dureri fizice insuportabile \u0219i s\u0103 fie capabil s\u0103 \u00ee\u0219i exprime o decizie informat\u0103 p\u00e2n\u0103 \u00een momentul procedurii.<\/p>\n<p>Eligibilitatea pentru moartea asistat\u0103 va fi determinat\u0103 de un medic \u0219i mai mul\u021bi profesioni\u0219ti din domeniul s\u0103n\u0103t\u0103\u021bii.<\/p>\n<p>M\u0103sura a fost adoptat\u0103 definitiv de Parlament la jum\u0103tatea lunii iulie, iar aplicarea sa efectiv\u0103 va \u00eencepe dup\u0103 emiterea decretelor de aplicare de c\u0103tre Guvern.<\/p>\n<p>Textul legii a fost analizat \u0219i de Consiliul Constitu\u021bional care a stabilit c\u0103 nicio prevedere a legii nu \u00eencalc\u0103 legea fundamental\u0103. Institu\u021bia a fost sesizat\u0103 cu cinci contesta\u021bii, inclusiv una formulat\u0103 neobi\u0219nuit chiar de premierul S\u00e9bastien Lecornu.<\/p>\n<p>Pre\u0219edintele francez a salutat decizia \u0219i a afirmat c\u0103 aceasta marcheaz\u0103 \u00eencheierea unei \u201edezbateri democratice exemplare\u201d.<\/p>\n<p>Olivier Falorni, fost deputat democrat \u0219i autorul proiectului de lege, a descris promulgarea drept \u201eun pas important \u00eenainte\u201d care devine \u00een cele din urm\u0103 realitate.<\/p>\n<p>Reforma, considerat\u0103 una dintre principalele m\u0103suri societale din al doilea mandat al lui Emmanuel Macron, a readus la suprafa\u021b\u0103 tensiuni majore \u00eentre sus\u021bin\u0103tori \u0219i oponen\u021bi, inclusiv din r\u00e2ndul cercurilor religioase \u0219i al personalului medical.<\/p>\n<h2>CITE\u015eTE \u015eI: <span><a href=\"https:\/\/renasterea.ro\/clinica-prof-dr-munteanu-mai-aproape-de-locuitorii-din-ciacova-si-comunele-invecinate\/\">Clinica Oftalmologic\u0103 Prof. Dr. Munteanu, mai aproape de locuitorii din Ciacova \u015fi comunele \u00eenvecinate<\/a><\/span><\/h2>\n<p>Funda\u021bia \u201eJ\u00e9r\u00f4me Lejeune\u201d \u0219i asocia\u021bia \u201eLes \u00c9ligibles et leurs aidants\u201d \u0219i-au exprimat indignarea, denun\u021b\u00e2nd \u201epericolul absolut pe care aceast\u0103 lege \u00eel reprezint\u0103 pentru cei mai vulnerabili\u201d.<\/p>\n<p>Prin promulgarea acestei legi, Fran\u021ba se al\u0103tur\u0103 unui grup restr\u00e2ns de state care recunosc dreptul la moarte asistat\u0103, al\u0103turi de Belgia, Olanda, Elve\u021bia, Canada \u0219i Uruguay.<\/p>\n<p>(sursa:\u00a0<a href=\"https:\/\/mediafax.ro\/\" target=\"_blank\" rel=\"noopener\">Mediafax<\/a>)<\/p>\n<\/div>\n<p>[analyse_source url=&#8221;https:\/\/renasterea.ro\/franta-a-legalizat-oficial-dreptul-la-moarte-asistata-legea-a-fost-promulgata-de-macron\/&#8221;]<\/p>\n","protected":false},"excerpt":{"rendered":"<p>[analyse_image type=&#8221;featured&#8221; src=&#8221;https:\/\/renasterea.ro\/ro\/wp-content\/uploads\/2026\/08\/macron.jpghttps:\/\/renasterea.ro\/ro\/wp-content\/uploads\/2026\/08\/macron.jpg&#8221;] Legea care instituie dreptul la moarte asistat\u0103 a fost publicat\u0103 miercuri \u00een Monitorul Oficial al Fran\u021bei, dup\u0103 ce a fost promulgat\u0103 de pre\u0219edintele Emmanuel Macron. Actul normativ introduce posibilitatea ca anumi\u021bi pacien\u021bi afla\u021bi \u00een stadii terminale s\u0103 \u00ee\u0219i poat\u0103 \u00eencheia via\u021ba. Noua lege se adreseaz\u0103 doar anumitor pacien\u021bi care \u00eendeplinesc o serie [&hellip;]<\/p>\n","protected":false},"author":1,"featured_media":0,"comment_status":"open","ping_status":"","sticky":false,"template":"","format":"standard","meta":{"footnotes":""},"categories":[89],"tags":[226,188],"class_list":["post-2102169","post","type-post","status-publish","format-standard","hentry","category-romania","tag-crawlmanager","tag-renasterea-ro"],"_links":{"self":[{"href":"https:\/\/analyse.optim.biz\/index.php?rest_route=\/wp\/v2\/posts\/2102169","targetHints":{"allow":["GET"]}}],"collection":[{"href":"https:\/\/analyse.optim.biz\/index.php?rest_route=\/wp\/v2\/posts"}],"about":[{"href":"https:\/\/analyse.optim.biz\/index.php?rest_route=\/wp\/v2\/types\/post"}],"author":[{"embeddable":true,"href":"https:\/\/analyse.optim.biz\/index.php?rest_route=\/wp\/v2\/users\/1"}],"replies":[{"embeddable":true,"href":"https:\/\/analyse.optim.biz\/index.php?rest_route=%2Fwp%2Fv2%2Fcomments&post=2102169"}],"version-history":[{"count":0,"href":"https:\/\/analyse.optim.biz\/index.php?rest_route=\/wp\/v2\/posts\/2102169\/revisions"}],"wp:attachment":[{"href":"https:\/\/analyse.optim.biz\/index.php?rest_route=%2Fwp%2Fv2%2Fmedia&parent=2102169"}],"wp:term":[{"taxonomy":"category","embeddable":true,"href":"https:\/\/analyse.optim.biz\/index.php?rest_route=%2Fwp%2Fv2%2Fcategories&post=2102169"},{"taxonomy":"post_tag","embeddable":true,"href":"https:\/\/analyse.optim.biz\/index.php?rest_route=%2Fwp%2Fv2%2Ftags&post=2102169"}],"curies":[{"name":"wp","href":"https:\/\/api.w.org\/{rel}","templated":true}]}}