{"id":2102147,"date":"2026-08-20T08:12:08","date_gmt":"2026-08-20T05:12:08","guid":{"rendered":"https:\/\/analyse.optim.biz\/?p=2102147"},"modified":"2026-08-20T08:12:08","modified_gmt":"2026-08-20T05:12:08","slug":"echipele-de-fotbal-din-suceava-si-schwaben-disputa-finala-turneului-international-pentru-juniori-4-regiuni-pentru-europa-pe-stadionul-constantin-jamaischi-din-falti","status":"publish","type":"post","link":"https:\/\/analyse.optim.biz\/?p=2102147","title":{"rendered":"Echipele de fotbal din Suceava \u0219i Schwaben disputa finala Turneului International pentru Juniori \u201e4 regiuni pentru Europa\u201d pe stadionul \u201eConstantin Jamaischi\u201d din F\u0103lticeni(foto)"},"content":{"rendered":"<p>[analyse_image type=&#8221;featured&#8221; src=&#8221;https:\/\/img.svnews.ro\/foto\/2026\/08\/20\/554565\/4db3e73b5dbae69cf5bce0f0e.jpg&#8221;]<\/p>\n<div class=\"entry\"><img loading=\"lazy\" decoding=\"async\" width=\"650\" height=\"325\" src=\"https:\/\/img.svnews.ro\/foto\/2026\/08\/20\/554565\/4db3e73b5dbae69cf5bce0f0e06500325.jpg\" alt><\/p>\n<div class=\"entry_content\">\n<p>Joi, \ud835\udfd0\ud835\udfce \ud835\udc1a\ud835\udc2e\ud835\udc20\ud835\udc2e\ud835\udc2c\ud835\udc2d, la \ud835\udc12\ud835\udc2d\ud835\udc1a\ud835\udc1d\ud835\udc22\ud835\udc28\ud835\udc27\ud835\udc2e\ud835\udc25 \u201e\ud835\udc02\ud835\udc28\ud835\udc27\ud835\udc2c\ud835\udc2d\ud835\udc1a\ud835\udc27\ud835\udc2d\ud835\udc22\ud835\udc27 \ud835\udc09\ud835\udc1a\ud835\udc26\ud835\udc1a\ud835\udc22\ud835\udc2c\ud835\udc1c\ud835\udc21\ud835\udc22\u201d din F\u0103lticeni se joac\u0103 ultimele meciuri ale Turneului Interna\u021bional pentru Juniori \u201e\ud835\udfd2 \ud835\udc11\ud835\udc1e\ud835\udc20\ud835\udc22\ud835\udc2e\ud835\udc27\ud835\udc22 \ud835\udc29\ud835\udc1e\ud835\udc27\ud835\udc2d\ud835\udc2b\ud835\udc2e \ud835\udc04\ud835\udc2e\ud835\udc2b\ud835\udc28\ud835\udc29\ud835\udc1a\u201d!<\/p>\n<p>Dup\u0103 dou\u0103 zile de competi\u021bie, \ud835\udc2b\ud835\udc1e\ud835\udc29\ud835\udc2b\ud835\udc1e\ud835\udc33\ud835\udc1e\ud835\udc27\ud835\udc2d\ud835\udc1a\ud835\udc27\ud835\udc2d\ud835\udc1a \ud835\udc11\ud835\udc28\ud835\udc26\u00e2\ud835\udc27\ud835\udc22\ud835\udc1e\ud835\udc22 este \u00een fa\u021ba meciului \ud835\udc1d\ud835\udc1e\ud835\udc1c\ud835\udc22\ud835\udc2c\ud835\udc22\ud835\udc2f \ud835\udc29\ud835\udc1e\ud835\udc27\ud835\udc2d\ud835\udc2b\ud835\udc2e \ud835\udc2d\ud835\udc2b\ud835\udc28\ud835\udc1f\ud835\udc1e\ud835\udc2e. De la \ud835\udc28\ud835\udc2b\ud835\udc1a \ud835\udfcf\ud835\udfd5:\ud835\udfd0\ud835\udfce, \ud835\udc12\ud835\udc2e\ud835\udc1c\ud835\udc1e\ud835\udc1a\ud835\udc2f\ud835\udc1a \u00ee\ud835\udc27\ud835\udc2d\u00e2\ud835\udc25\ud835\udc27\ud835\udc1e\u0219\ud835\udc2d\ud835\udc1e \ud835\udc2b\ud835\udc1e\ud835\udc29\ud835\udc2b\ud835\udc1e\ud835\udc33\ud835\udc1e\ud835\udc27\ud835\udc2d\ud835\udc1a\ud835\udc2d\ud835\udc22\ud835\udc2f\ud835\udc1a \ud835\udc12\ud835\udc1c\ud835\udc21\ud835\udc30\ud835\udc1a\ud835\udc1b\ud835\udc1e\ud835\udc27 (\ud835\udc06\ud835\udc1e\ud835\udc2b\ud835\udc26\ud835\udc1a\ud835\udc27\ud835\udc22\ud835\udc1a), \u00eentr-o partid\u0103 care va stabili c\u00e2\u0219tig\u0103toarea edi\u021biei din acest an.<\/p>\n<p>\u00cenaintea finalei, de la \ud835\udc28\ud835\udc2b\ud835\udc1a \ud835\udfcf\ud835\udfd4:\ud835\udfce\ud835\udfce, \ud835\udc02\ud835\udc1e\ud835\udc2b\ud835\udc27\u0103\ud835\udc2e\u021b\ud835\udc22 (\ud835\udc14\ud835\udc1c\ud835\udc2b\ud835\udc1a\ud835\udc22\ud835\udc27\ud835\udc1a) \u0219\ud835\udc22 \ud835\udc0c\ud835\udc1a\ud835\udc32\ud835\udc1e\ud835\udc27\ud835\udc27\ud835\udc1e (\ud835\udc05\ud835\udc2b\ud835\udc1a\ud835\udc27\u021b\ud835\udc1a) vor disputa meciul pentru locul al treilea.<\/p>\n<p>\ud835\udfcf\ud835\udfd6:\ud835\udfd1\ud835\udfce \u2013 \ud835\udc05\ud835\udc1e\ud835\udc2c\ud835\udc2d\ud835\udc22\ud835\udc2f\ud835\udc22\ud835\udc2d\ud835\udc1a\ud835\udc2d\ud835\udc1e\ud835\udc1a \ud835\udc1d\ud835\udc1e \ud835\udc29\ud835\udc2b\ud835\udc1e\ud835\udc26\ud835\udc22\ud835\udc1e\ud835\udc2b\ud835\udc1e<\/p>\n<p>Stadionul \u201eConstantin Jamaischi\u201d a beneficiat \u00een aceste zile de prezen\u021ba unui public numeros, format \u00een special din copii \u0219i tineri practican\u021bi ai fotbalului, veni\u021bi s\u0103 urm\u0103reasc\u0103 partidele \u0219i s\u0103 sus\u021bin\u0103 echipele participante.<\/p>\n<p>Pentru F\u0103lticeni, turneul reprezint\u0103 \u0219i o oportunitate de a fi gazda unor delega\u021bii europene \u0219i de a promova ora\u0219ul, facilit\u0103\u021bile sportive \u0219i capacitatea de organizare a unor evenimente interna\u021bionale dedicate tinerilor.<\/p>\n<p><img loading=\"lazy\" decoding=\"async\" class=\"alignnone size-medium wp-image-554566\" src=\"https:\/\/img.svnews.ro\/foto\/2026\/08\/20\/554565\/4db3e73b5dbae69cf5bce0f0e06500366.jpg\" alt width=\"650\" height=\"366\"><img loading=\"lazy\" decoding=\"async\" class=\"alignnone size-medium wp-image-554567\" src=\"https:\/\/img.svnews.ro\/foto\/2026\/08\/20\/554565\/3409eb87d79d7126d3accb8f406500366.jpg\" alt width=\"650\" height=\"366\"><img decoding=\"async\" loading=\"lazy\" class=\"alignnone size-medium wp-image-554568\" src=\"https:\/\/img.svnews.ro\/foto\/2026\/08\/20\/554565\/10940567c97a6e5ca2b5fc8f006500365.jpg\" alt width=\"650\" height=\"365\"><img decoding=\"async\" loading=\"lazy\" class=\"alignnone size-medium wp-image-554569\" src=\"https:\/\/img.svnews.ro\/foto\/2026\/08\/20\/554565\/3d413e600008c7d31ad14a36706500365.jpg\" alt width=\"650\" height=\"365\"><img decoding=\"async\" loading=\"lazy\" class=\"alignnone size-medium wp-image-554570\" src=\"https:\/\/img.svnews.ro\/foto\/2026\/08\/20\/554565\/42032f7f04aea2e88c6423c9b06500365.jpg\" alt width=\"650\" height=\"365\"><img decoding=\"async\" loading=\"lazy\" class=\"alignnone size-medium wp-image-554571\" src=\"https:\/\/img.svnews.ro\/foto\/2026\/08\/20\/554565\/11fc03d25b15dbf1dfadc756f06500365.jpg\" alt width=\"650\" height=\"365\"><img decoding=\"async\" loading=\"lazy\" class=\"alignnone size-medium wp-image-554572\" src=\"https:\/\/img.svnews.ro\/foto\/2026\/08\/20\/554565\/e4a12a483e1f158b179767f7006500365.jpg\" alt width=\"650\" height=\"365\"><img decoding=\"async\" loading=\"lazy\" class=\"alignnone size-medium wp-image-554573\" src=\"https:\/\/img.svnews.ro\/foto\/2026\/08\/20\/554565\/23332da887a3ada97da71d04206500365.jpg\" alt width=\"650\" height=\"365\"><img decoding=\"async\" loading=\"lazy\" class=\"alignnone size-medium wp-image-554574\" src=\"https:\/\/img.svnews.ro\/foto\/2026\/08\/20\/554565\/dbb83bbb268a05df46283259d06500365.jpg\" alt width=\"650\" height=\"365\"><img decoding=\"async\" loading=\"lazy\" class=\"alignnone size-medium wp-image-554575\" src=\"https:\/\/img.svnews.ro\/foto\/2026\/08\/20\/554565\/4933eeccde026c6cccd117d7b06500365.jpg\" alt width=\"650\" height=\"365\"><img decoding=\"async\" loading=\"lazy\" class=\"alignnone size-medium wp-image-554576\" src=\"https:\/\/img.svnews.ro\/foto\/2026\/08\/20\/554565\/cb60083f79af9b353e18eaced06500365.jpg\" alt width=\"650\" height=\"365\"><img decoding=\"async\" loading=\"lazy\" class=\"alignnone size-medium wp-image-554577\" src=\"https:\/\/img.svnews.ro\/foto\/2026\/08\/20\/554565\/d3a133bcf61ee59d6041bafe306500365.jpg\" alt width=\"650\" height=\"365\"><img decoding=\"async\" loading=\"lazy\" class=\"alignnone size-medium wp-image-554578\" src=\"https:\/\/img.svnews.ro\/foto\/2026\/08\/20\/554565\/226ced6a162036b2a7ba94cb506500365.jpg\" alt width=\"650\" height=\"365\"><img decoding=\"async\" loading=\"lazy\" class=\"alignnone size-medium wp-image-554579\" src=\"https:\/\/img.svnews.ro\/foto\/2026\/08\/20\/554565\/ee4e359c8ead3f3829833f4b006500365.jpg\" alt width=\"650\" height=\"365\"><img decoding=\"async\" loading=\"lazy\" class=\"alignnone size-medium wp-image-554580\" src=\"https:\/\/img.svnews.ro\/foto\/2026\/08\/20\/554565\/0d89e8c6510d933b8c51ed84806500365.jpg\" alt width=\"650\" height=\"365\"><img decoding=\"async\" loading=\"lazy\" class=\"alignnone size-medium wp-image-554581\" src=\"https:\/\/img.svnews.ro\/foto\/2026\/08\/20\/554565\/7b14731002414c035de944ae706500365.jpg\" alt width=\"650\" height=\"365\"><\/p>\n<\/div>\n<div>\n<div>VN:F [1.9.22_1171]<\/div>\n<div class=\"ratingblock \">\n<div class=\"ratingstars \">\n<div id=\"article_loader_554565\" class=\"ratingloaderarticle\">\n<div class=\"loader arrows \">\n<div class=\"loaderinner\">se actualizeaz\u0103&#8230;<\/div>\n<\/div>\n<\/div>\n<\/div>\n<div class=\"ratingtext \">\n<div id=\"gdr_text_a554565\">Rating: 0.0\/<strong>10<\/strong> (0 votes cast)<\/div>\n<\/div>\n<\/div>\n<\/div>\n<\/div>\n<div class=\"entry_content\">\n<p>Joi, \ud835\udfd0\ud835\udfce \ud835\udc1a\ud835\udc2e\ud835\udc20\ud835\udc2e\ud835\udc2c\ud835\udc2d, la \ud835\udc12\ud835\udc2d\ud835\udc1a\ud835\udc1d\ud835\udc22\ud835\udc28\ud835\udc27\ud835\udc2e\ud835\udc25 \u201e\ud835\udc02\ud835\udc28\ud835\udc27\ud835\udc2c\ud835\udc2d\ud835\udc1a\ud835\udc27\ud835\udc2d\ud835\udc22\ud835\udc27 \ud835\udc09\ud835\udc1a\ud835\udc26\ud835\udc1a\ud835\udc22\ud835\udc2c\ud835\udc1c\ud835\udc21\ud835\udc22\u201d din F\u0103lticeni se joac\u0103 ultimele meciuri ale Turneului Interna\u021bional pentru Juniori \u201e\ud835\udfd2 \ud835\udc11\ud835\udc1e\ud835\udc20\ud835\udc22\ud835\udc2e\ud835\udc27\ud835\udc22 \ud835\udc29\ud835\udc1e\ud835\udc27\ud835\udc2d\ud835\udc2b\ud835\udc2e \ud835\udc04\ud835\udc2e\ud835\udc2b\ud835\udc28\ud835\udc29\ud835\udc1a\u201d!<\/p>\n<p>Dup\u0103 dou\u0103 zile de competi\u021bie, \ud835\udc2b\ud835\udc1e\ud835\udc29\ud835\udc2b\ud835\udc1e\ud835\udc33\ud835\udc1e\ud835\udc27\ud835\udc2d\ud835\udc1a\ud835\udc27\ud835\udc2d\ud835\udc1a \ud835\udc11\ud835\udc28\ud835\udc26\u00e2\ud835\udc27\ud835\udc22\ud835\udc1e\ud835\udc22 este \u00een fa\u021ba meciului \ud835\udc1d\ud835\udc1e\ud835\udc1c\ud835\udc22\ud835\udc2c\ud835\udc22\ud835\udc2f \ud835\udc29\ud835\udc1e\ud835\udc27\ud835\udc2d\ud835\udc2b\ud835\udc2e \ud835\udc2d\ud835\udc2b\ud835\udc28\ud835\udc1f\ud835\udc1e\ud835\udc2e. De la \ud835\udc28\ud835\udc2b\ud835\udc1a \ud835\udfcf\ud835\udfd5:\ud835\udfd0\ud835\udfce, \ud835\udc12\ud835\udc2e\ud835\udc1c\ud835\udc1e\ud835\udc1a\ud835\udc2f\ud835\udc1a \u00ee\ud835\udc27\ud835\udc2d\u00e2\ud835\udc25\ud835\udc27\ud835\udc1e\u0219\ud835\udc2d\ud835\udc1e \ud835\udc2b\ud835\udc1e\ud835\udc29\ud835\udc2b\ud835\udc1e\ud835\udc33\ud835\udc1e\ud835\udc27\ud835\udc2d\ud835\udc1a\ud835\udc2d\ud835\udc22\ud835\udc2f\ud835\udc1a \ud835\udc12\ud835\udc1c\ud835\udc21\ud835\udc30\ud835\udc1a\ud835\udc1b\ud835\udc1e\ud835\udc27 (\ud835\udc06\ud835\udc1e\ud835\udc2b\ud835\udc26\ud835\udc1a\ud835\udc27\ud835\udc22\ud835\udc1a), \u00eentr-o partid\u0103 care va stabili c\u00e2\u0219tig\u0103toarea edi\u021biei din acest an.<\/p>\n<p>\u00cenaintea finalei, de la \ud835\udc28\ud835\udc2b\ud835\udc1a \ud835\udfcf\ud835\udfd4:\ud835\udfce\ud835\udfce, \ud835\udc02\ud835\udc1e\ud835\udc2b\ud835\udc27\u0103\ud835\udc2e\u021b\ud835\udc22 (\ud835\udc14\ud835\udc1c\ud835\udc2b\ud835\udc1a\ud835\udc22\ud835\udc27\ud835\udc1a) \u0219\ud835\udc22 \ud835\udc0c\ud835\udc1a\ud835\udc32\ud835\udc1e\ud835\udc27\ud835\udc27\ud835\udc1e (\ud835\udc05\ud835\udc2b\ud835\udc1a\ud835\udc27\u021b\ud835\udc1a) vor disputa meciul pentru locul al treilea.<\/p>\n<p>\ud835\udfcf\ud835\udfd6:\ud835\udfd1\ud835\udfce \u2013 \ud835\udc05\ud835\udc1e\ud835\udc2c\ud835\udc2d\ud835\udc22\ud835\udc2f\ud835\udc22\ud835\udc2d\ud835\udc1a\ud835\udc2d\ud835\udc1e\ud835\udc1a \ud835\udc1d\ud835\udc1e \ud835\udc29\ud835\udc2b\ud835\udc1e\ud835\udc26\ud835\udc22\ud835\udc1e\ud835\udc2b\ud835\udc1e<\/p>\n<p>Stadionul \u201eConstantin Jamaischi\u201d a beneficiat \u00een aceste zile de prezen\u021ba unui public numeros, format \u00een special din copii \u0219i tineri practican\u021bi ai fotbalului, veni\u021bi s\u0103 urm\u0103reasc\u0103 partidele \u0219i s\u0103 sus\u021bin\u0103 echipele participante.<\/p>\n<p>Pentru F\u0103lticeni, turneul reprezint\u0103 \u0219i o oportunitate de a fi gazda unor delega\u021bii europene \u0219i de a promova ora\u0219ul, facilit\u0103\u021bile sportive \u0219i capacitatea de organizare a unor evenimente interna\u021bionale dedicate tinerilor.<\/p>\n<p><img loading=\"lazy\" decoding=\"async\" class=\"alignnone size-medium wp-image-554566\" src=\"https:\/\/img.svnews.ro\/foto\/2026\/08\/20\/554565\/4db3e73b5dbae69cf5bce0f0e06500366.jpg\" alt width=\"650\" height=\"366\"><img loading=\"lazy\" decoding=\"async\" class=\"alignnone size-medium wp-image-554567\" src=\"https:\/\/img.svnews.ro\/foto\/2026\/08\/20\/554565\/3409eb87d79d7126d3accb8f406500366.jpg\" alt width=\"650\" height=\"366\"><img decoding=\"async\" loading=\"lazy\" class=\"alignnone size-medium wp-image-554568\" src=\"https:\/\/img.svnews.ro\/foto\/2026\/08\/20\/554565\/10940567c97a6e5ca2b5fc8f006500365.jpg\" alt width=\"650\" height=\"365\"><img decoding=\"async\" loading=\"lazy\" class=\"alignnone size-medium wp-image-554569\" src=\"https:\/\/img.svnews.ro\/foto\/2026\/08\/20\/554565\/3d413e600008c7d31ad14a36706500365.jpg\" alt width=\"650\" height=\"365\"><img decoding=\"async\" loading=\"lazy\" class=\"alignnone size-medium wp-image-554570\" src=\"https:\/\/img.svnews.ro\/foto\/2026\/08\/20\/554565\/42032f7f04aea2e88c6423c9b06500365.jpg\" alt width=\"650\" height=\"365\"><img decoding=\"async\" loading=\"lazy\" class=\"alignnone size-medium wp-image-554571\" src=\"https:\/\/img.svnews.ro\/foto\/2026\/08\/20\/554565\/11fc03d25b15dbf1dfadc756f06500365.jpg\" alt width=\"650\" height=\"365\"><img decoding=\"async\" loading=\"lazy\" class=\"alignnone size-medium wp-image-554572\" src=\"https:\/\/img.svnews.ro\/foto\/2026\/08\/20\/554565\/e4a12a483e1f158b179767f7006500365.jpg\" alt width=\"650\" height=\"365\"><img decoding=\"async\" loading=\"lazy\" class=\"alignnone size-medium wp-image-554573\" src=\"https:\/\/img.svnews.ro\/foto\/2026\/08\/20\/554565\/23332da887a3ada97da71d04206500365.jpg\" alt width=\"650\" height=\"365\"><img decoding=\"async\" loading=\"lazy\" class=\"alignnone size-medium wp-image-554574\" src=\"https:\/\/img.svnews.ro\/foto\/2026\/08\/20\/554565\/dbb83bbb268a05df46283259d06500365.jpg\" alt width=\"650\" height=\"365\"><img decoding=\"async\" loading=\"lazy\" class=\"alignnone size-medium wp-image-554575\" src=\"https:\/\/img.svnews.ro\/foto\/2026\/08\/20\/554565\/4933eeccde026c6cccd117d7b06500365.jpg\" alt width=\"650\" height=\"365\"><img decoding=\"async\" loading=\"lazy\" class=\"alignnone size-medium wp-image-554576\" src=\"https:\/\/img.svnews.ro\/foto\/2026\/08\/20\/554565\/cb60083f79af9b353e18eaced06500365.jpg\" alt width=\"650\" height=\"365\"><img decoding=\"async\" loading=\"lazy\" class=\"alignnone size-medium wp-image-554577\" src=\"https:\/\/img.svnews.ro\/foto\/2026\/08\/20\/554565\/d3a133bcf61ee59d6041bafe306500365.jpg\" alt width=\"650\" height=\"365\"><img decoding=\"async\" loading=\"lazy\" class=\"alignnone size-medium wp-image-554578\" src=\"https:\/\/img.svnews.ro\/foto\/2026\/08\/20\/554565\/226ced6a162036b2a7ba94cb506500365.jpg\" alt width=\"650\" height=\"365\"><img decoding=\"async\" loading=\"lazy\" class=\"alignnone size-medium wp-image-554579\" src=\"https:\/\/img.svnews.ro\/foto\/2026\/08\/20\/554565\/ee4e359c8ead3f3829833f4b006500365.jpg\" alt width=\"650\" height=\"365\"><img decoding=\"async\" loading=\"lazy\" class=\"alignnone size-medium wp-image-554580\" src=\"https:\/\/img.svnews.ro\/foto\/2026\/08\/20\/554565\/0d89e8c6510d933b8c51ed84806500365.jpg\" alt width=\"650\" height=\"365\"><img decoding=\"async\" loading=\"lazy\" class=\"alignnone size-medium wp-image-554581\" src=\"https:\/\/img.svnews.ro\/foto\/2026\/08\/20\/554565\/7b14731002414c035de944ae706500365.jpg\" alt width=\"650\" height=\"365\"><\/p>\n<\/div>\n<p>[analyse_source url=&#8221;https:\/\/www.svnews.ro\/echipele-de-fotbal-din-suceava-si-schwaben-disputa-finala-turneului-international-pentru-juniori-4-regiuni-pentru-europa-pe-stadionul-constantin-jamaischi-din-falticenifoto\/554565\/&#8221;]<\/p>\n","protected":false},"excerpt":{"rendered":"<p>[analyse_image type=&#8221;featured&#8221; src=&#8221;https:\/\/img.svnews.ro\/foto\/2026\/08\/20\/554565\/4db3e73b5dbae69cf5bce0f0e.jpg&#8221;] Joi, \ud835\udfd0\ud835\udfce \ud835\udc1a\ud835\udc2e\ud835\udc20\ud835\udc2e\ud835\udc2c\ud835\udc2d, la \ud835\udc12\ud835\udc2d\ud835\udc1a\ud835\udc1d\ud835\udc22\ud835\udc28\ud835\udc27\ud835\udc2e\ud835\udc25 \u201e\ud835\udc02\ud835\udc28\ud835\udc27\ud835\udc2c\ud835\udc2d\ud835\udc1a\ud835\udc27\ud835\udc2d\ud835\udc22\ud835\udc27 \ud835\udc09\ud835\udc1a\ud835\udc26\ud835\udc1a\ud835\udc22\ud835\udc2c\ud835\udc1c\ud835\udc21\ud835\udc22\u201d din F\u0103lticeni se joac\u0103 ultimele meciuri ale Turneului Interna\u021bional pentru Juniori \u201e\ud835\udfd2 \ud835\udc11\ud835\udc1e\ud835\udc20\ud835\udc22\ud835\udc2e\ud835\udc27\ud835\udc22 \ud835\udc29\ud835\udc1e\ud835\udc27\ud835\udc2d\ud835\udc2b\ud835\udc2e \ud835\udc04\ud835\udc2e\ud835\udc2b\ud835\udc28\ud835\udc29\ud835\udc1a\u201d! Dup\u0103 dou\u0103 zile de competi\u021bie, \ud835\udc2b\ud835\udc1e\ud835\udc29\ud835\udc2b\ud835\udc1e\ud835\udc33\ud835\udc1e\ud835\udc27\ud835\udc2d\ud835\udc1a\ud835\udc27\ud835\udc2d\ud835\udc1a \ud835\udc11\ud835\udc28\ud835\udc26\u00e2\ud835\udc27\ud835\udc22\ud835\udc1e\ud835\udc22 este \u00een fa\u021ba meciului \ud835\udc1d\ud835\udc1e\ud835\udc1c\ud835\udc22\ud835\udc2c\ud835\udc22\ud835\udc2f \ud835\udc29\ud835\udc1e\ud835\udc27\ud835\udc2d\ud835\udc2b\ud835\udc2e \ud835\udc2d\ud835\udc2b\ud835\udc28\ud835\udc1f\ud835\udc1e\ud835\udc2e. De la \ud835\udc28\ud835\udc2b\ud835\udc1a \ud835\udfcf\ud835\udfd5:\ud835\udfd0\ud835\udfce, \ud835\udc12\ud835\udc2e\ud835\udc1c\ud835\udc1e\ud835\udc1a\ud835\udc2f\ud835\udc1a \u00ee\ud835\udc27\ud835\udc2d\u00e2\ud835\udc25\ud835\udc27\ud835\udc1e\u0219\ud835\udc2d\ud835\udc1e \ud835\udc2b\ud835\udc1e\ud835\udc29\ud835\udc2b\ud835\udc1e\ud835\udc33\ud835\udc1e\ud835\udc27\ud835\udc2d\ud835\udc1a\ud835\udc2d\ud835\udc22\ud835\udc2f\ud835\udc1a \ud835\udc12\ud835\udc1c\ud835\udc21\ud835\udc30\ud835\udc1a\ud835\udc1b\ud835\udc1e\ud835\udc27 (\ud835\udc06\ud835\udc1e\ud835\udc2b\ud835\udc26\ud835\udc1a\ud835\udc27\ud835\udc22\ud835\udc1a), \u00eentr-o partid\u0103 care va stabili c\u00e2\u0219tig\u0103toarea edi\u021biei [&hellip;]<\/p>\n","protected":false},"author":1,"featured_media":0,"comment_status":"open","ping_status":"","sticky":false,"template":"","format":"standard","meta":{"footnotes":""},"categories":[89],"tags":[226,175],"class_list":["post-2102147","post","type-post","status-publish","format-standard","hentry","category-romania","tag-crawlmanager","tag-svnews-ro"],"_links":{"self":[{"href":"https:\/\/analyse.optim.biz\/index.php?rest_route=\/wp\/v2\/posts\/2102147","targetHints":{"allow":["GET"]}}],"collection":[{"href":"https:\/\/analyse.optim.biz\/index.php?rest_route=\/wp\/v2\/posts"}],"about":[{"href":"https:\/\/analyse.optim.biz\/index.php?rest_route=\/wp\/v2\/types\/post"}],"author":[{"embeddable":true,"href":"https:\/\/analyse.optim.biz\/index.php?rest_route=\/wp\/v2\/users\/1"}],"replies":[{"embeddable":true,"href":"https:\/\/analyse.optim.biz\/index.php?rest_route=%2Fwp%2Fv2%2Fcomments&post=2102147"}],"version-history":[{"count":0,"href":"https:\/\/analyse.optim.biz\/index.php?rest_route=\/wp\/v2\/posts\/2102147\/revisions"}],"wp:attachment":[{"href":"https:\/\/analyse.optim.biz\/index.php?rest_route=%2Fwp%2Fv2%2Fmedia&parent=2102147"}],"wp:term":[{"taxonomy":"category","embeddable":true,"href":"https:\/\/analyse.optim.biz\/index.php?rest_route=%2Fwp%2Fv2%2Fcategories&post=2102147"},{"taxonomy":"post_tag","embeddable":true,"href":"https:\/\/analyse.optim.biz\/index.php?rest_route=%2Fwp%2Fv2%2Ftags&post=2102147"}],"curies":[{"name":"wp","href":"https:\/\/api.w.org\/{rel}","templated":true}]}}