{"id":2102025,"date":"2026-08-19T23:10:00","date_gmt":"2026-08-19T20:10:00","guid":{"rendered":"https:\/\/analyse.optim.biz\/?p=2102025"},"modified":"2026-08-19T23:10:00","modified_gmt":"2026-08-19T20:10:00","slug":"si-a-agresat-sotia-pe-strada-incalcand-ordinul-de-protectie-a-patra-oara","status":"publish","type":"post","link":"https:\/\/analyse.optim.biz\/?p=2102025","title":{"rendered":"\u0218i-a agresat so\u021bia pe strad\u0103, \u00eenc\u00e2lc\u00e2nd ordinul de protec\u021bie a patra oar\u0103"},"content":{"rendered":"<p>[analyse_image type=&#8221;featured&#8221; src=&#8221;&#8221;]<\/p>\n<div class=\"tdb-block-inner td-fix-index\"><a class=\"tdb-logo-a\" href=\"https:\/\/www.monitoruldevaslui.ro\/\"><span class=\"tdb-logo-img-wrap\"><img decoding=\"async\" class=\"tdb-logo-img td-retina-data\" data-retina=\"https:\/\/www.monitoruldevaslui.ro\/wp-content\/uploads\/2025\/07\/Monitorul-logo-motto-2.png\" src=\"https:\/\/www.monitoruldevaslui.ro\/wp-content\/uploads\/2025\/07\/Monitorul-logo-motto-2.png\" alt=\"Logo\" title><\/span><span class=\"tdb-logo-text-wrap\"><span class=\"tdb-logo-text-title\">News<\/span><span class=\"tdb-logo-text-tagline\">Hub<\/span><\/span><\/a><\/div>\n<div class=\"tdb-block-inner td-fix-index\"><a class=\"tdb-logo-a\" href=\"https:\/\/www.monitoruldevaslui.ro\/\"><span class=\"tdb-logo-img-wrap\"><img decoding=\"async\" class=\"tdb-logo-img td-retina-data\" data-retina=\"https:\/\/www.monitoruldevaslui.ro\/wp-content\/uploads\/2025\/07\/Monitorul-logo-motto-2.png\" src=\"https:\/\/www.monitoruldevaslui.ro\/wp-content\/uploads\/2025\/07\/Monitorul-logo-motto-2.png\" alt=\"Logo\" title><\/span><\/a><\/div>\n<div class=\"tdb-block-inner td-fix-index\">\n<div class=\"tdb-weather-deg-wrap\" data-block-uid=\"tdb_header_weather_uid\"><span class=\"tdb-weather-deg\">17.5<\/span><span class=\"tdb-weather-unit\">C<\/span><\/div>\n<div class=\"tdb-weather-city\">Vaslui<\/div>\n<\/div>\n<div class=\"td-post-content tagdiv-type\">\n<p class=\"wp-block-paragraph\"><strong>Un b\u0103rbat de 39 de ani, din municipiul Hu\u0219i, a fost re\u021binut de poli\u021bi\u0219ti dup\u0103 ce \u0219i-ar fi agresat so\u021bia \u0219i ar fi \u00eenc\u0103lcat \u00een mod repetat ordinul de protec\u021bie emis \u00eempotriva sa. <\/strong><\/p>\n<div class=\"wp-block-image\">\n<figure class=\"aligncenter size-large is-resized\"><img loading=\"lazy\" decoding=\"async\" width=\"1024\" height=\"631\" src=\"https:\/\/www.monitoruldevaslui.ro\/wp-content\/uploads\/2021\/03\/ordin-de-protectie-1024x631.jpg\" alt class=\"wp-image-78995\"><\/figure>\n<\/div>\n<p class=\"wp-block-paragraph\">Potrivit poli\u021bi\u0219tilor Biroului Ordine Public\u0103 Hu\u0219i, Judec\u0103toria Hu\u0219i a emis, pe 16 iunie 2026, un ordin de protec\u021bie cu o valabilitate de\u00a0\u0219ase luni, prin care b\u0103rbatul era obligat s\u0103 p\u0103streze o distan\u021b\u0103 de cel pu\u021bin 100 de metri fa\u021b\u0103 de so\u021bia sa, locuin\u021ba \u0219i locul s\u0103u\u00a0de munc\u0103 \u0219i \u00eei era interzis orice contact cu aceasta.<\/p>\n<p class=\"wp-block-paragraph\">Cu toate acestea, b\u0103rbatul ar fi \u00eenc\u0103lcat m\u0103surile dispuse de instan\u021b\u0103 \u00een patru r\u00e2nduri, pe 26 iunie, 15 iulie, 28 iulie \u0219i 12 august, potrivit anchetatorilor. Ultimul incident s-ar fi petrecut pe 12 august, \u00een jurul orei 17:00, c\u00e2nd, pe fondul geloziei, b\u0103rbatul s-ar fi apropiat la mai pu\u021bin de 100 de metri de victim\u0103 \u0219i ar fi agresat-o,\u00a0\u00een timp ce femeia\u00a0se afla pe o strad\u0103 din municipiul Hu\u0219i.<\/p>\n<p class=\"wp-block-paragraph\">\u00cen urma probelor administrate, poli\u021bi\u0219tii l-au re\u021binut pe 16 august pentru 24 de ore. O zi mai t\u00e2rziu, Parchetul de pe l\u00e2ng\u0103 Judec\u0103toria Hu\u0219i a dispus m\u0103sura controlului judiciar pentru 60 de zile.<\/p>\n<p class=\"wp-block-paragraph\">B\u0103rbatul este cercetat pentru violen\u021b\u0103 \u00een familie \u0219i nerespectarea m\u0103surilor dispuse prin ordinul de protec\u021bie, iar cercet\u0103rile continu\u0103 sub supravegherea procurorilor.<\/p>\n<\/div>\n<p>[analyse_source url=&#8221;https:\/\/www.monitoruldevaslui.ro\/2026\/08\/si-a-agresat-sotia-pe-strada-incalcand-ordinul-de-protectie-a-patra-oara\/#new_tab&#8221;]<\/p>\n","protected":false},"excerpt":{"rendered":"<p>[analyse_image type=&#8221;featured&#8221; src=&#8221;&#8221;] NewsHub 17.5C Vaslui Un b\u0103rbat de 39 de ani, din municipiul Hu\u0219i, a fost re\u021binut de poli\u021bi\u0219ti dup\u0103 ce \u0219i-ar fi agresat so\u021bia \u0219i ar fi \u00eenc\u0103lcat \u00een mod repetat ordinul de protec\u021bie emis \u00eempotriva sa. Potrivit poli\u021bi\u0219tilor Biroului Ordine Public\u0103 Hu\u0219i, Judec\u0103toria Hu\u0219i a emis, pe 16 iunie 2026, un ordin [&hellip;]<\/p>\n","protected":false},"author":1,"featured_media":0,"comment_status":"open","ping_status":"","sticky":false,"template":"","format":"standard","meta":{"footnotes":""},"categories":[89],"tags":[226,217],"class_list":["post-2102025","post","type-post","status-publish","format-standard","hentry","category-romania","tag-crawlmanager","tag-vaslui-robo-stiri-ro"],"_links":{"self":[{"href":"https:\/\/analyse.optim.biz\/index.php?rest_route=\/wp\/v2\/posts\/2102025","targetHints":{"allow":["GET"]}}],"collection":[{"href":"https:\/\/analyse.optim.biz\/index.php?rest_route=\/wp\/v2\/posts"}],"about":[{"href":"https:\/\/analyse.optim.biz\/index.php?rest_route=\/wp\/v2\/types\/post"}],"author":[{"embeddable":true,"href":"https:\/\/analyse.optim.biz\/index.php?rest_route=\/wp\/v2\/users\/1"}],"replies":[{"embeddable":true,"href":"https:\/\/analyse.optim.biz\/index.php?rest_route=%2Fwp%2Fv2%2Fcomments&post=2102025"}],"version-history":[{"count":0,"href":"https:\/\/analyse.optim.biz\/index.php?rest_route=\/wp\/v2\/posts\/2102025\/revisions"}],"wp:attachment":[{"href":"https:\/\/analyse.optim.biz\/index.php?rest_route=%2Fwp%2Fv2%2Fmedia&parent=2102025"}],"wp:term":[{"taxonomy":"category","embeddable":true,"href":"https:\/\/analyse.optim.biz\/index.php?rest_route=%2Fwp%2Fv2%2Fcategories&post=2102025"},{"taxonomy":"post_tag","embeddable":true,"href":"https:\/\/analyse.optim.biz\/index.php?rest_route=%2Fwp%2Fv2%2Ftags&post=2102025"}],"curies":[{"name":"wp","href":"https:\/\/api.w.org\/{rel}","templated":true}]}}