{"id":2102014,"date":"2026-08-18T15:35:39","date_gmt":"2026-08-18T12:35:39","guid":{"rendered":"https:\/\/analyse.optim.biz\/?p=2102014"},"modified":"2026-08-18T15:35:39","modified_gmt":"2026-08-18T12:35:39","slug":"a-inceput-sezonul-ambroziei-medicii-avertizeaza-asupra-riscului-de-astm-alergic-la-copii","status":"publish","type":"post","link":"https:\/\/analyse.optim.biz\/?p=2102014","title":{"rendered":"A \u00eenceput sezonul ambroziei. Medicii avertizeaz\u0103 asupra riscului de astm alergic la copii"},"content":{"rendered":"<p>[analyse_image type=&#8221;featured&#8221; src=&#8221;https:\/\/orasul-timisoara.ro\/wp-content\/uploads\/2026\/08\/Ambrozie-oras.jpg&#8221;]<\/p>\n<article id=\"post-40323\" class=\"td-post-template-7 post-40323 post type-post status-publish format-standard has-post-thumbnail category-featured category-sanatate category-stiri-timisoara tag-alergie-la-ambrozie tag-alergii-copii tag-alergii-respiratorii tag-ambrozie tag-astm-alergic tag-clinica-de-pediatrie-bega tag-copii tag-dermatita-atopica tag-pneumologie-pediatrica-2 tag-polen-ambrozie tag-rinita-alergica tag-sanatate-copii-2 tag-timisoara-2 td-container-wrap\">\n<div class=\"td-full-screen-header-image-wrap\">\n<div class=\"td-container td-post-header\">\n<div class=\"td-crumb-container\">\n<div class=\"entry-crumbs\"><span><a title=\"Vede\u021bi toate articolele \u00een S\u0103n\u0103tate\" class=\"entry-crumb\" href=\"https:\/\/orasul-timisoara.ro\/local-category\/sanatate\/\">S\u0103n\u0103tate<\/a><\/span><span class=\"td-bred-no-url-last\">A \u00eenceput sezonul ambroziei. Medicii avertizeaz\u0103 asupra riscului de astm alergic la&#8230;<\/span><\/div>\n<\/div>\n<div class=\"td-post-header-holder\">\n<div class=\"td-parallax-header\">\n<header class=\"td-post-title\">\n<ul class=\"td-category\">\n<li class=\"entry-category\"><a href=\"https:\/\/orasul-timisoara.ro\/local-category\/sanatate\/\">S\u0103n\u0103tate<\/a><\/li>\n<li class=\"entry-category\"><a href=\"https:\/\/orasul-timisoara.ro\/local-category\/stiri-timisoara\/\">\u0218tiri Locale<\/a><\/li>\n<\/ul>\n<h1 class=\"entry-title\">A \u00eenceput sezonul ambroziei. Medicii avertizeaz\u0103 asupra riscului de astm alergic la copii<\/h1>\n<div class=\"td-module-meta-info\">\n<div class=\"td-post-author-name\">\n<div class=\"td-author-by\">De c\u0103tre<\/div>\n<p><a href=\"https:\/\/orasul-timisoara.ro\/author\/timisoara\/\">redactia<\/a><\/p>\n<div class=\"td-author-line\"> &#8211; <\/div>\n<\/div>\n<p><span class=\"td-post-date\"><time class=\"entry-date updated td-module-date\" datetime=\"2026-08-18T18:35:39+03:00\">18\/08\/2026<\/time><\/span><\/div>\n<\/header>\n<\/div>\n<\/div>\n<\/div>\n<div id=\"td-full-screen-header-image\" class=\"td-image-gradient-style7\"><img decoding=\"async\" class=\"td-backstretch\" src=\"https:\/\/orasul-timisoara.ro\/wp-content\/uploads\/2026\/08\/Ambrozie-oras.jpg\"><\/div>\n<\/div>\n<div class=\"td-container\">\n<div class=\"td-pb-row\">\n<div class=\"td-pb-span8 td-main-content\" role=\"main\">\n<div class=\"td-ss-main-content\">\n<div class=\"td-post-sharing-top\">\n<div class=\"td-post-sharing-classic\"><iframe title=\"topFacebookLike\" frameborder src=\"https:\/\/www.facebook.com\/plugins\/like.php?href=https:\/\/orasul-timisoara.ro\/local-40323\/&amp;layout=button_count&amp;show_faces=false&amp;width=105&amp;action=like&amp;colorscheme=light&amp;height=21\"><\/iframe><\/div>\n<div id=\"td_social_sharing_article_top\" class=\"td-post-sharing td-ps-bg td-ps-notext td-post-sharing-style1 \">\n<div class=\"td-post-sharing-visible\"><a class=\"td-social-sharing-button td-social-sharing-button-js td-social-network td-social-facebook\" href=\"https:\/\/www.facebook.com\/sharer.php?u=https%3A%2F%2Forasul-timisoara.ro%2Flocal-40323%2F\" title=\"Facebook\"><\/p>\n<div class=\"td-social-but-text\">Facebook<\/div>\n<p><\/a><a class=\"td-social-sharing-button td-social-sharing-button-js td-social-network td-social-twitter\" href=\"https:\/\/twitter.com\/intent\/tweet?text=A+%C3%AEnceput+sezonul+ambroziei.+Medicii+avertizeaz%C4%83+asupra+riscului+de+astm+alergic+la+copii&amp;url=https%3A%2F%2Forasul-timisoara.ro%2Flocal-40323%2F&amp;via=orasultm\" title=\"Twitter\"><\/p>\n<div class=\"td-social-but-text\">Twitter<\/div>\n<p><\/a><a class=\"td-social-sharing-button td-social-sharing-button-js td-social-network td-social-whatsapp\" href=\"https:\/\/api.whatsapp.com\/send?text=A+%C3%AEnceput+sezonul+ambroziei.+Medicii+avertizeaz%C4%83+asupra+riscului+de+astm+alergic+la+copii%20%0A%0A%20https:\/\/orasul-timisoara.ro\/local-40323\/\" title=\"WhatsApp\"><\/p>\n<div class=\"td-social-but-text\">WhatsApp<\/div>\n<p><\/a><a class=\"td-social-sharing-button td-social-sharing-button-js td-social-network td-social-linkedin\" href=\"https:\/\/www.linkedin.com\/shareArticle?mini=true&amp;url=https:\/\/orasul-timisoara.ro\/local-40323\/&amp;title=A+%C3%AEnceput+sezonul+ambroziei.+Medicii+avertizeaz%C4%83+asupra+riscului+de+astm+alergic+la+copii\" title=\"Linkedin\"><\/p>\n<div class=\"td-social-but-text\">Linkedin<\/div>\n<p><\/a><a class=\"td-social-sharing-button td-social-sharing-button-js td-social-network td-social-reddit\" href=\"https:\/\/reddit.com\/submit?url=https:\/\/orasul-timisoara.ro\/local-40323\/&amp;title=A+%C3%AEnceput+sezonul+ambroziei.+Medicii+avertizeaz%C4%83+asupra+riscului+de+astm+alergic+la+copii\" title=\"ReddIt\"><\/p>\n<div class=\"td-social-but-text\">ReddIt<\/div>\n<p><\/a><a class=\"td-social-sharing-button td-social-sharing-button-js td-social-network td-social-mail\" href=\"mailto:?subject=A%20%C3%AEnceput%20sezonul%20ambroziei.%20Medicii%20avertizeaz%C4%83%20asupra%20riscului%20de%20astm%20alergic%20la%20copii&amp;body=https:\/\/orasul-timisoara.ro\/local-40323\/\" title=\"Email\"><\/p>\n<div class=\"td-social-but-text\">Email<\/div>\n<p><\/a><a class=\"td-social-sharing-button td-social-sharing-button-js td-social-network td-social-print\" href=\"https:\/\/orasul-timisoara.ro\/local-40323\/\" title=\"Imprimare\"><\/p>\n<div class=\"td-social-but-text\">Imprimare<\/div>\n<p><\/a><\/div>\n<\/div>\n<\/div>\n<div class=\"td-post-content tagdiv-type\">\n<p class=\"wp-block-paragraph\">Alergia la ambrozie poate ap\u0103rea \u0219i la copiii cu v\u00e2rste mai mici de un an, chiar dac\u0103 manifest\u0103rile sunt \u00eent\u00e2lnite cel mai frecvent dup\u0103 mai mul\u021bi ani de expunere la polen. Medicii avertizeaz\u0103 c\u0103, \u00een cazul copiilor sensibiliza\u021bi, polenul de ambrozie poate provoca nu doar simptome nazale \u0219i oculare, ci \u0219i manifest\u0103ri respiratorii asociate astmului alergic.<\/p>\n<p class=\"wp-block-paragraph\">Perioada cu cea mai mare concentra\u021bie de polen de ambrozie \u00een aer este, \u00een general, cuprins\u0103 \u00eentre mijlocul lunii august \u0219i luna septembrie. O singur\u0103 plant\u0103 poate elibera \u00een sezon p\u00e2n\u0103 la un miliard de gr\u0103uncioare de polen, iar acestea pot fi transportate de v\u00e2nt pe distan\u021be de p\u00e2n\u0103 la trei kilometri, ceea ce face dificil\u0103 evitarea complet\u0103 a expunerii.<\/p>\n<h2 class=\"wp-block-heading\">Alergia la ambrozie la copii poate ap\u0103rea de la v\u00e2rste foarte mici<\/h2>\n<p class=\"wp-block-paragraph\">De\u0219i simptomele alergiei la polenul de ambrozie apar, de regul\u0103, dup\u0103 mai mul\u021bi ani de expunere \u0219i sunt \u00eent\u00e2lnite frecvent \u00een jurul v\u00e2rstei de patru ani, sensibilizarea la alergeni prin mecanism IgE poate ap\u0103rea \u0219i la copii cu v\u00e2rste cuprinse \u00eentre sub un an \u0219i trei ani.<\/p>\n<p class=\"wp-block-paragraph\">Acest lucru \u00eenseamn\u0103 c\u0103 nici copiii foarte mici nu sunt complet feri\u021bi de reac\u021biile alergice \u00een perioada poleniz\u0103rii ambroziei. \u00cen cazul celor care dezvolt\u0103 sensibilizare, manifest\u0103rile pot varia de la simptome specifice rinitei alergice p\u00e2n\u0103 la afectarea c\u0103ilor respiratorii inferioare.<\/p>\n<p class=\"wp-block-paragraph\">Perioada de la mijlocul lunii august p\u00e2n\u0103 \u00een septembrie este, prin urmare, una \u00een care p\u0103rin\u021bii copiilor cu predispozi\u021bie alergic\u0103 trebuie s\u0103 fie aten\u021bi la apari\u021bia sau agravarea simptomelor.<\/p>\n<h2 class=\"wp-block-heading\">Polenul de ambrozie poate declan\u0219a simptome de astm alergic<\/h2>\n<p class=\"wp-block-paragraph\">Manifest\u0103rile alergiei nu se limiteaz\u0103 \u00eentotdeauna la str\u0103nut, nas \u00eenfundat, secre\u021bii nazale, ochi ro\u0219ii sau l\u0103crimare. Atunci c\u00e2nd reac\u021bia alergic\u0103 afecteaz\u0103 c\u0103ile respiratorii inferioare, copilul poate prezenta tuse, respira\u021bie \u0219uier\u0103toare, senza\u021bie de lips\u0103 de aer sau ap\u0103sare \u00een piept.<\/p>\n<p class=\"wp-block-paragraph\">\u201ePentru copiii care au dezvoltat sensibilit\u0103\u021bi, asta poate \u00eensemna mai mult dec\u00e2t str\u0103nut, nas \u00eenfundat, secre\u021bii nazale sau ochi ro\u0219ii \u0219i l\u0103crimare. Atunci c\u00e2nd reac\u021bia alergic\u0103 afecteaz\u0103 \u0219i c\u0103ile respiratorii inferioare, pot ap\u0103rea tusea, respira\u021bia \u0219uier\u0103toare, acel wheezing, senza\u021bia de lips\u0103 de aer sau de ap\u0103sare \u00een piept\u201d, explic\u0103 prof. dr. Ioana Ciuc\u0103, medic primar pneumolog pediatru \u0219i coordonator al Compartimentului de Pneumologie Pediatric\u0103 din cadrul Clinicii de Pediatrie Bega Timi\u0219oara.<\/p>\n<p class=\"wp-block-paragraph\">Potrivit medicului, expunerea la polen poate declan\u0219a simptome de astm alergic. \u00cen cazul copiilor care au deja un diagnostic de astm, ambrozia poate contribui la pierderea controlului bolii \u0219i la apari\u021bia unor exacerb\u0103ri.<\/p>\n<h2 class=\"wp-block-heading\">Nu orice copil alergic la ambrozie dezvolt\u0103 astm<\/h2>\n<p class=\"wp-block-paragraph\">Prezen\u021ba unei alergii la ambrozie nu \u00eenseamn\u0103 automat c\u0103 un copil va dezvolta astm. Exist\u0103 \u00eens\u0103 o asociere important\u0103 \u00eentre rinita alergic\u0103 \u0219i astm, iar cele dou\u0103 afec\u021biuni pot ap\u0103rea concomitent.<\/p>\n<p class=\"wp-block-paragraph\">\u201eTrebuie spus c\u0103 nu orice copil alergic la ambrozie va dezvolta astm. Exist\u0103, \u00eens\u0103, o leg\u0103tur\u0103 str\u00e2ns\u0103 \u00eentre rinita alergic\u0103 \u0219i astm, cele dou\u0103 afec\u021biuni put\u00e2nd ap\u0103rea \u00eempreun\u0103\u201d, spune prof. dr. Ioana Ciuc\u0103.<\/p>\n<p class=\"wp-block-paragraph\">P\u0103rin\u021bii trebuie s\u0103 acorde aten\u021bie \u00een special tusei care se repet\u0103, mai ales noaptea sau \u00een timpul efortului, episoadelor de respira\u021bie \u0219uier\u0103toare \u0219i dificult\u0103\u021bilor de respira\u021bie care apar sau se intensific\u0103 \u00een perioada \u00een care ambrozia elibereaz\u0103 polen.<\/p>\n<h2 class=\"wp-block-heading\">Dermatita atopic\u0103 poate indica o predispozi\u021bie alergic\u0103<\/h2>\n<p class=\"wp-block-paragraph\">Un alt element care poate indica existen\u021ba unei predispozi\u021bii alergice este dermatita atopic\u0103 ap\u0103rut\u0103 \u00een copil\u0103rie. Aceasta poate face parte din ceea ce medicii numesc \u201emar\u0219 alergic\u201d, \u00een cadrul c\u0103ruia manifest\u0103rile alergice pot evolua de-a lungul copil\u0103riei.<\/p>\n<p class=\"wp-block-paragraph\">Potrivit prof. dr. Ioana Ciuc\u0103, mar\u0219ul alergic poate continua de la dermatita atopic\u0103 spre rinita alergic\u0103 \u0219i, \u00een unele cazuri, c\u0103tre astm.<\/p>\n<p class=\"wp-block-paragraph\">Prezen\u021ba acestor manifest\u0103ri nu \u00eenseamn\u0103 \u00eens\u0103 c\u0103 evolu\u021bia este obligatorie pentru fiecare copil. De aceea, apari\u021bia simptomelor respiratorii \u00een perioada poleniz\u0103rii trebuie evaluat\u0103 medical, \u00een special atunci c\u00e2nd acestea sunt repetate sau se accentueaz\u0103.<\/p>\n<h2 class=\"wp-block-heading\">Cum poate fi redus\u0103 expunerea copiilor la polen<\/h2>\n<p class=\"wp-block-paragraph\">Evitarea complet\u0103 a polenului de ambrozie este dificil\u0103, av\u00e2nd \u00een vedere cantitatea foarte mare eliberat\u0103 de plante \u0219i capacitatea polenului de a fi transportat de v\u00e2nt pe distan\u021be de c\u00e2\u021biva kilometri.<\/p>\n<p class=\"wp-block-paragraph\">\u00cen zilele \u00een care concentra\u021bia de polen este ridicat\u0103, expunerea copiilor poate fi redus\u0103 prin limitarea timpului petrecut \u00een aer liber. Dup\u0103 revenirea acas\u0103, este recomandat\u0103 schimbarea hainelor \u0219i sp\u0103larea fe\u021bei \u0219i a p\u0103rului, pentru \u00eendep\u0103rtarea particulelor de polen.<\/p>\n<p class=\"wp-block-paragraph\">De asemenea, hainele \u0219i lenjeria nu ar trebui uscate \u00een exterior \u00een perioadele \u00een care nivelul polenului este ridicat. Urm\u0103rirea calendarului polinic poate ajuta la evitarea, pe c\u00e2t posibil, a perioadelor \u0219i intervalelor orare \u00een care concentra\u021bia de polen este mai mare.<\/p>\n<h2 class=\"wp-block-heading\">Copiii cu astm trebuie s\u0103 \u00ee\u0219i continue tratamentul<\/h2>\n<p class=\"wp-block-paragraph\">Pentru copiii care au deja un diagnostic de astm, perioada poleniz\u0103rii ambroziei necesit\u0103 o aten\u021bie suplimentar\u0103. Tratamentul recomandat de medic trebuie continuat \u0219i administrat corect pe \u00eentreaga perioad\u0103 indicat\u0103.<\/p>\n<p class=\"wp-block-paragraph\">Apari\u021bia unor simptome noi sau accentuarea celor existente poate indica pierderea controlului asupra bolii. \u00centr-o astfel de situa\u021bie este necesar\u0103 reevaluarea medical\u0103, iar tratamentul poate fi adaptat de medic dac\u0103 este nevoie.<\/p>\n<p class=\"wp-block-paragraph\">Expunerea repetat\u0103 la concentra\u021bii mari de polen de ambrozie poate favoriza exacerb\u0103rile astmului alergic. Unele dintre aceste episoade pot fi severe, cu agravarea rapid\u0103 a simptomelor \u0219i necesitatea administr\u0103rii medica\u021biei de urgen\u021b\u0103 sau a prezent\u0103rii la spital.<\/p>\n<h2 class=\"wp-block-heading\">C\u00e2nd simptomele respiratorii nu trebuie ignorate<\/h2>\n<p class=\"wp-block-paragraph\">Tusea repetat\u0103, \u00een special cea care apare noaptea sau \u00een timpul efortului, respira\u021bia \u0219uier\u0103toare \u0219i senza\u021bia de lips\u0103 de aer sunt simptome care merit\u0103 aten\u021bie, mai ales dac\u0103 apar pentru prima dat\u0103 sau se intensific\u0103 \u00een perioada de polenizare a ambroziei.<\/p>\n<p class=\"wp-block-paragraph\">Riscul de agravare este mai important la copiii al c\u0103ror astm nu este bine controlat sau care nu urmeaz\u0103 corect tratamentul prescris. \u00cen aceste situa\u021bii, identificarea factorilor declan\u0219atori \u0219i reevaluarea medical\u0103 pot contribui la controlul bolii.<\/p>\n<p class=\"wp-block-paragraph\">Sezonul ambroziei reprezint\u0103 astfel o perioad\u0103 \u00een care p\u0103rin\u021bii trebuie s\u0103 urm\u0103reasc\u0103 nu doar simptomele nazale \u0219i oculare, ci \u0219i eventualele modific\u0103ri ale respira\u021biei. \u00cen special la copiii mici, orice manifestare respiratorie persistent\u0103 sau accentuat\u0103 trebuie discutat\u0103 cu medicul.<\/p>\n<\/div>\n<footer>\n<div class=\"td-post-source-tags\">\n<ul class=\"td-tags td-post-small-box clearfix\">\n<li><span>ETICHETE<\/span><\/li>\n<li><a href=\"https:\/\/orasul-timisoara.ro\/local-tag\/alergie-la-ambrozie\/\">alergie la ambrozie<\/a><\/li>\n<li><a href=\"https:\/\/orasul-timisoara.ro\/local-tag\/alergii-copii\/\">alergii copii<\/a><\/li>\n<li><a href=\"https:\/\/orasul-timisoara.ro\/local-tag\/alergii-respiratorii\/\">alergii respiratorii<\/a><\/li>\n<li><a href=\"https:\/\/orasul-timisoara.ro\/local-tag\/ambrozie\/\">ambrozie<\/a><\/li>\n<li><a href=\"https:\/\/orasul-timisoara.ro\/local-tag\/astm-alergic\/\">astm alergic<\/a><\/li>\n<li><a href=\"https:\/\/orasul-timisoara.ro\/local-tag\/clinica-de-pediatrie-bega\/\">Clinica de Pediatrie Bega<\/a><\/li>\n<li><a href=\"https:\/\/orasul-timisoara.ro\/local-tag\/copii\/\">copii<\/a><\/li>\n<li><a href=\"https:\/\/orasul-timisoara.ro\/local-tag\/dermatita-atopica\/\">dermatit\u0103 atopic\u0103<\/a><\/li>\n<li><a href=\"https:\/\/orasul-timisoara.ro\/local-tag\/pneumologie-pediatrica-2\/\">pneumologie pediatric\u0103<\/a><\/li>\n<li><a href=\"https:\/\/orasul-timisoara.ro\/local-tag\/polen-ambrozie\/\">polen ambrozie<\/a><\/li>\n<li><a href=\"https:\/\/orasul-timisoara.ro\/local-tag\/rinita-alergica\/\">rinit\u0103 alergic\u0103<\/a><\/li>\n<li><a href=\"https:\/\/orasul-timisoara.ro\/local-tag\/sanatate-copii-2\/\">s\u0103n\u0103tate copii<\/a><\/li>\n<li><a href=\"https:\/\/orasul-timisoara.ro\/local-tag\/timisoara-2\/\">timi\u0219oara<\/a><\/li>\n<\/ul>\n<\/div>\n<div class=\"td-post-sharing-bottom\">\n<div class=\"td-post-sharing-classic\"><iframe title=\"bottomFacebookLike\" frameborder src=\"https:\/\/www.facebook.com\/plugins\/like.php?href=https:\/\/orasul-timisoara.ro\/local-40323\/&amp;layout=button_count&amp;show_faces=false&amp;width=105&amp;action=like&amp;colorscheme=light&amp;height=21\"><\/iframe><\/div>\n<div id=\"td_social_sharing_article_bottom\" class=\"td-post-sharing td-ps-bg td-ps-notext td-post-sharing-style1 \">\n<div class=\"td-post-sharing-visible\"><a class=\"td-social-sharing-button td-social-sharing-button-js td-social-network td-social-facebook\" href=\"https:\/\/www.facebook.com\/sharer.php?u=https%3A%2F%2Forasul-timisoara.ro%2Flocal-40323%2F\" title=\"Facebook\"><\/p>\n<div class=\"td-social-but-text\">Facebook<\/div>\n<p><\/a><a class=\"td-social-sharing-button td-social-sharing-button-js td-social-network td-social-twitter\" href=\"https:\/\/twitter.com\/intent\/tweet?text=A+%C3%AEnceput+sezonul+ambroziei.+Medicii+avertizeaz%C4%83+asupra+riscului+de+astm+alergic+la+copii&amp;url=https%3A%2F%2Forasul-timisoara.ro%2Flocal-40323%2F&amp;via=orasultm\" title=\"Twitter\"><\/p>\n<div class=\"td-social-but-text\">Twitter<\/div>\n<p><\/a><a class=\"td-social-sharing-button td-social-sharing-button-js td-social-network td-social-whatsapp\" href=\"https:\/\/api.whatsapp.com\/send?text=A+%C3%AEnceput+sezonul+ambroziei.+Medicii+avertizeaz%C4%83+asupra+riscului+de+astm+alergic+la+copii%20%0A%0A%20https:\/\/orasul-timisoara.ro\/local-40323\/\" title=\"WhatsApp\"><\/p>\n<div class=\"td-social-but-text\">WhatsApp<\/div>\n<p><\/a><a class=\"td-social-sharing-button td-social-sharing-button-js td-social-network td-social-linkedin\" href=\"https:\/\/www.linkedin.com\/shareArticle?mini=true&amp;url=https:\/\/orasul-timisoara.ro\/local-40323\/&amp;title=A+%C3%AEnceput+sezonul+ambroziei.+Medicii+avertizeaz%C4%83+asupra+riscului+de+astm+alergic+la+copii\" title=\"Linkedin\"><\/p>\n<div class=\"td-social-but-text\">Linkedin<\/div>\n<p><\/a><a class=\"td-social-sharing-button td-social-sharing-button-js td-social-network td-social-reddit\" href=\"https:\/\/reddit.com\/submit?url=https:\/\/orasul-timisoara.ro\/local-40323\/&amp;title=A+%C3%AEnceput+sezonul+ambroziei.+Medicii+avertizeaz%C4%83+asupra+riscului+de+astm+alergic+la+copii\" title=\"ReddIt\"><\/p>\n<div class=\"td-social-but-text\">ReddIt<\/div>\n<p><\/a><a class=\"td-social-sharing-button td-social-sharing-button-js td-social-network td-social-mail\" href=\"mailto:?subject=A%20%C3%AEnceput%20sezonul%20ambroziei.%20Medicii%20avertizeaz%C4%83%20asupra%20riscului%20de%20astm%20alergic%20la%20copii&amp;body=https:\/\/orasul-timisoara.ro\/local-40323\/\" title=\"Email\"><\/p>\n<div class=\"td-social-but-text\">Email<\/div>\n<p><\/a><a class=\"td-social-sharing-button td-social-sharing-button-js td-social-network td-social-print\" href=\"https:\/\/orasul-timisoara.ro\/local-40323\/\" title=\"Imprimare\"><\/p>\n<div class=\"td-social-but-text\">Imprimare<\/div>\n<p><\/a><\/div>\n<\/div>\n<\/div>\n<div class=\"td-block-row td-post-next-prev\">\n<div class=\"td-block-span6 td-post-prev-post\">\n<div class=\"td-post-next-prev-content\"><span>Articolul precedent<\/span><a href=\"https:\/\/orasul-timisoara.ro\/local-40319\/\">12 str\u0103zi din G\u0103taia intr\u0103 \u00een modernizare. CJ Timi\u0219 finan\u021beaz\u0103 lucr\u0103rile cu 7,4 milioane de lei<\/a><\/div>\n<\/div>\n<div class=\"td-block-span6 td-post-next-post\">\n<div class=\"td-post-next-prev-content\"><span>Articolul urm\u0103tor<\/span><a href=\"https:\/\/orasul-timisoara.ro\/local-40328\/\">Protest civic la Timi\u0219oara \u00eempotriva efectelor noii Legi a Integrit\u0103\u021bii<\/a><\/div>\n<\/div>\n<\/div>\n<div class=\"td-author-name vcard author\"><span class=\"fn\"><a href=\"https:\/\/orasul-timisoara.ro\/author\/timisoara\/\">redactia<\/a><\/span><\/div>\n<p><span class=\"td-page-meta\"><\/span><span class=\"td-page-meta\"><span class=\"td-page-meta\"><\/span><\/span><span class=\"td-page-meta\"><\/span><\/footer>\n<div class=\"td_block_wrap td_block_related_posts tdi_3 td_with_ajax_pagination td-pb-border-top td_block_template_8\" data-td-block-uid=\"tdi_3\">\n<h4 class=\"td-related-title td-block-title\"><a id=\"tdi_4\" class=\"td-related-left td-cur-simple-item\" data-td_filter_value data-td_block_id=\"tdi_3\" href=\"https:\/\/orasul-timisoara.ro\/local-40323\/\">ARTICOLE SIMILARE<\/a><a id=\"tdi_5\" class=\"td-related-right\" data-td_filter_value=\"td_related_more_from_author\" data-td_block_id=\"tdi_3\" href=\"https:\/\/orasul-timisoara.ro\/local-40323\/\">DE LA ACELA\u0218I AUTOR<\/a><\/h4>\n<div id=\"tdi_3\" class=\"td_block_inner\">\n<div class=\"td-related-row\">\n<div class=\"td-related-span4\">\n<div class=\"td_module_related_posts td-animation-stack td_mod_related_posts\">\n<div class=\"td-module-image\">\n<div class=\"td-module-thumb\"><a href=\"https:\/\/orasul-timisoara.ro\/local-37644\/\" rel=\"bookmark\" class=\"td-image-wrap \" title=\"A \u00eenceput sezonul alergiilor. Un medic alergolog din Timi\u0219oara explic\u0103 simptomele \u0219i cum pot fi tratate\"><img loading=\"lazy\" decoding=\"async\" class=\"entry-thumb\" src=\"https:\/\/orasul-timisoara.ro\/wp-content\/uploads\/2026\/03\/alergii-436x300.jpg\" alt title=\"A \u00eenceput sezonul alergiilor. Un medic alergolog din Timi\u0219oara explic\u0103 simptomele \u0219i cum pot fi tratate\" width=\"218\" height=\"150\"><\/a><\/div>\n<\/div>\n<div class=\"item-details\">\n<h3 class=\"entry-title td-module-title\"><a href=\"https:\/\/orasul-timisoara.ro\/local-37644\/\" rel=\"bookmark\" title=\"A \u00eenceput sezonul alergiilor. Un medic alergolog din Timi\u0219oara explic\u0103 simptomele \u0219i cum pot fi tratate\">A \u00eenceput sezonul alergiilor. Un medic alergolog din Timi\u0219oara explic\u0103 simptomele \u0219i cum pot fi tratate<\/a><\/h3>\n<\/div>\n<\/div>\n<\/div>\n<div class=\"td-related-span4\">\n<div class=\"td_module_related_posts td-animation-stack td_mod_related_posts\">\n<div class=\"td-module-image\">\n<div class=\"td-module-thumb\"><a href=\"https:\/\/orasul-timisoara.ro\/local-31621\/\" rel=\"bookmark\" class=\"td-image-wrap \" title=\"Timi\u0219oara lupt\u0103 \u00eempotriva ambroziei: Amenzi de p\u00e2n\u0103 la 20.000 de lei pentru cei care nu elimin\u0103 planta alergen\u0103\"><img loading=\"lazy\" decoding=\"async\" class=\"entry-thumb\" src=\"https:\/\/orasul-timisoara.ro\/wp-content\/uploads\/2022\/04\/ambrozie-1.jpg\" alt title=\"Timi\u0219oara lupt\u0103 \u00eempotriva ambroziei: Amenzi de p\u00e2n\u0103 la 20.000 de lei pentru cei care nu elimin\u0103 planta alergen\u0103\" width=\"218\" height=\"150\"><\/a><\/div>\n<\/div>\n<div class=\"item-details\">\n<h3 class=\"entry-title td-module-title\"><a href=\"https:\/\/orasul-timisoara.ro\/local-31621\/\" rel=\"bookmark\" title=\"Timi\u0219oara lupt\u0103 \u00eempotriva ambroziei: Amenzi de p\u00e2n\u0103 la 20.000 de lei pentru cei care nu elimin\u0103 planta alergen\u0103\">Timi\u0219oara lupt\u0103 \u00eempotriva ambroziei: Amenzi de p\u00e2n\u0103 la 20.000 de lei pentru cei care nu elimin\u0103 planta alergen\u0103<\/a><\/h3>\n<\/div>\n<\/div>\n<\/div>\n<div class=\"td-related-span4\">\n<div class=\"td_module_related_posts td-animation-stack td_mod_related_posts\">\n<div class=\"td-module-image\">\n<div class=\"td-module-thumb\"><a href=\"https:\/\/orasul-timisoara.ro\/local-23041\/\" rel=\"bookmark\" class=\"td-image-wrap \" title=\"407 soma\u021bii trimise de Prim\u0103ria Timi\u0219oara proprietarilor de terenuri cu ambrozie\"><img loading=\"lazy\" decoding=\"async\" class=\"entry-thumb\" src=\"https:\/\/orasul-timisoara.ro\/wp-content\/uploads\/2022\/04\/ambrozie.jpg\" alt title=\"407 soma\u021bii trimise de Prim\u0103ria Timi\u0219oara proprietarilor de terenuri cu ambrozie\" width=\"218\" height=\"150\"><\/a><\/div>\n<\/div>\n<div class=\"item-details\">\n<h3 class=\"entry-title td-module-title\"><a href=\"https:\/\/orasul-timisoara.ro\/local-23041\/\" rel=\"bookmark\" title=\"407 soma\u021bii trimise de Prim\u0103ria Timi\u0219oara proprietarilor de terenuri cu ambrozie\">407 soma\u021bii trimise de Prim\u0103ria Timi\u0219oara proprietarilor de terenuri cu ambrozie<\/a><\/h3>\n<\/div>\n<\/div>\n<\/div>\n<\/div>\n<\/div>\n<\/div>\n<div class=\"comments\" id=\"comments\">\n<div id=\"respond\" class=\"comment-respond\">\n<h3 id=\"reply-title\" class=\"comment-reply-title\">L\u0102SA\u021aI UN MESAJ<\/h3>\n<div class=\"comment-form-input-wrap td-form-comment\">\n<div class=\"td-warning-comment\">V\u0103 rug\u0103m s\u0103 introduce\u021bi comentariul dvs.!<\/div>\n<\/div>\n<div class=\"comment-form-input-wrap td-form-author\">\n<div class=\"td-warning-author\">Introduce\u021bi aici numele dvs.<\/div>\n<\/div>\n<div class=\"comment-form-input-wrap td-form-email\">\n<div class=\"td-warning-email-error\">A\u021bi introdus o adres\u0103 de e-mail incorect\u0103!<\/div>\n<div class=\"td-warning-email\">V\u0103 rug\u0103m s\u0103 introduce\u021bi adresa dvs. de e-mail aici<\/div>\n<\/div>\n<\/div>\n<p class=\"akismet_comment_form_privacy_notice\">Acest site folose\u0219te Akismet pentru a reduce spamul. <a href=\"https:\/\/akismet.com\/privacy\/\" target=\"_blank\" rel=\"nofollow noopener\">Afl\u0103 cum sunt procesate datele comentariilor tale<\/a>.<\/p>\n<\/div>\n<\/div>\n<\/div>\n<div class=\"td-pb-span4 td-main-sidebar\" role=\"complementary\">\n<div class=\"td-ss-main-sidebar\">\n<aside id=\"block-4\" class=\"td_block_template_8 widget block-4 widget_block widget_media_image\">\n<figure class=\"wp-block-image size-full\"><img loading=\"lazy\" decoding=\"async\" width=\"336\" height=\"280\" src=\"https:\/\/orasul-timisoara.ro\/wp-content\/uploads\/2024\/11\/ReTIM-Abonamentul-Verde-Google-Ads-336x280px.gif\" alt class=\"wp-image-29257\"><\/figure>\n<\/aside>\n<div class=\"td_block_wrap td_block_social_counter td_block_widget tdi_6 td-social-style5 td-social-boxed td-pb-border-top td_block_template_8\">\n<div class=\"td-block-title-wrap\">\n<h4 class=\"td-block-title\"><span>Urm\u0103re\u0219te-ne pe Social Media<\/span><\/h4>\n<\/div>\n<div class=\"td-social-list\">\n<div class=\"td_social_type td-pb-margin-side td_social_facebook\">\n<div class=\"td-social-box\"><span class=\"td_social_info td_social_info_counter\">344,595<\/span><span class=\"td_social_info td_social_info_name\">Fani<\/span><span class=\"td_social_button\"><a href=\"https:\/\/www.facebook.com\/247timisoara\" target=\"_blank\" rel=\"nofollow\">\u00cemi place<\/a><\/span><\/div>\n<\/div>\n<div class=\"td_social_type td-pb-margin-side td_social_instagram\">\n<div class=\"td-social-box\"><span class=\"td_social_info td_social_info_counter\">4,416<\/span><span class=\"td_social_info td_social_info_name\">Cititori<\/span><span class=\"td_social_button\"><a href=\"https:\/\/instagram.com\/orasultimisoararo\/\" target=\"_blank\" rel=\"nofollow\">Conecta\u021bi-v\u0103<\/a><\/span><\/div>\n<\/div>\n<div class=\"td_social_type td-pb-margin-side td_social_rss\">\n<div class=\"td-social-box\"><span class=\"td_social_info td_social_info_counter\">12,506<\/span><span class=\"td_social_info td_social_info_name\">Cititori<\/span><span class=\"td_social_button\"><a href=\"https:\/\/orasul-timisoara.ro\/feed\/\" target=\"_blank\" rel=\"nofollow\">Conecta\u021bi-v\u0103<\/a><\/span><\/div>\n<\/div>\n<div class=\"td_social_type td-pb-margin-side td_social_tiktok\">\n<div class=\"td-social-box\"><span class=\"td_social_info td_social_info_counter\">1,500<\/span><span class=\"td_social_info td_social_info_name\">Cititori<\/span><span class=\"td_social_button\"><a href=\"https:\/\/www.tiktok.com\/@orasultimisoara\" target=\"_blank\" rel=\"nofollow\">Conecta\u021bi-v\u0103<\/a><\/span><\/div>\n<\/div>\n<div class=\"td_social_type td-pb-margin-side td_social_twitter\">\n<div class=\"td-social-box\"><span class=\"td_social_info td_social_info_counter\">1,595<\/span><span class=\"td_social_info td_social_info_name\">Cititori<\/span><span class=\"td_social_button\"><a href=\"https:\/\/twitter.com\/orasultm\" target=\"_blank\" rel=\"nofollow\">Conecta\u021bi-v\u0103<\/a><\/span><\/div>\n<\/div>\n<div class=\"td_social_type td-pb-margin-side td_social_youtube\">\n<div class=\"td-social-box\"><span class=\"td_social_info td_social_info_counter\">3,506<\/span><span class=\"td_social_info td_social_info_name\">Abona\u021bi<\/span><span class=\"td_social_button\"><a href=\"https:\/\/www.youtube.com\/channel\/UCQNsQvs2XCSIm1Z-AHRturw?sub_confirmation=1\" target=\"_blank\" rel=\"nofollow\">Abona\u021bi-v\u0103<\/a><\/span><\/div>\n<\/div>\n<\/div>\n<\/div>\n<aside id=\"text-7\" class=\"td_block_template_8 widget text-7 widget_text\">\n<h4 class=\"td-block-title\"><span>C\u0103ut\u0103ri populare pe OTM<\/span><\/h4>\n<div class=\"textwidget\"><a href=\"https:\/\/orasul-timisoara.ro\/?s=timisoara\"><span>Timisoara<\/span><\/a><a href=\"https:\/\/orasul-timisoara.ro\/?s=calin+dobra\"><span>Calin Dobra<\/span><\/a><a href=\"https:\/\/orasul-timisoara.ro\/?s=primaria+timisoara\"><span>Primaria Timisoara<\/span><\/a><a href=\"https:\/\/orasul-timisoara.ro\/?s=dominic+fritz\"><span>Dominic Fritz<\/span><\/a><a href=\"https:\/\/orasul-timisoara.ro\/?s=nicolae+robu\"><span>Nicolae Robu<\/span><\/a><a href=\"https:\/\/orasul-timisoara.ro\/?s=consiliul+local+timisoara\">Consiliul Local Timisoara<\/a><a href=\"https:\/\/orasul-timisoara.ro\/?s=consiliul+judetean+timis\"><span>Consiliul Judetean Timis<\/span><\/a><a href=\"https:\/\/orasul-timisoara.ro\/?s=cjt\"><span>CJT<\/span><\/a><a href=\"https:\/\/orasul-timisoara.ro\/?s=Alfred+Simonis\"><span>Alfred Simonis<\/span><\/a><a href=\"https:\/\/orasul-timisoara.ro\/?s=PNL\"><span>PNL<\/span><\/a><a href=\"https:\/\/orasul-timisoara.ro\/?s=coronavirus\"><span>coronavirus<\/span><\/a><a href=\"https:\/\/orasul-timisoara.ro\/?s=teatru+timisoara\">teatru Timisoara<\/a><a href=\"https:\/\/orasul-timisoara.ro\/?s=restaurante\"><span>restaurante Timisoara<\/span><\/a><a href=\"https:\/\/orasul-timisoara.ro\/?s=diskoteka\"><span>Diskoteka<\/span><\/a><a href=\"https:\/\/orasul-timisoara.ro\/?s=iulius+town\"><span>Iulius Town<\/span><\/a><a href=\"https:\/\/orasul-timisoara.ro\/?s=iulius+mall\"><span>Iulius Mall<\/span><\/a><a href=\"https:\/\/orasul-timisoara.ro\/?s=stpt\"><span>STPT<\/span><\/a><a href=\"https:\/\/orasul-timisoara.ro\/?s=alin+nica\"><span>Alin Nica<\/span><\/a><a href=\"https:\/\/orasul-timisoara.ro\/?s=psd\"><span>PSD<\/span><\/a><a href=\"https:\/\/orasul-timisoara.ro\/?s=aeroport\"><span>Aeroportul International Timisoara<\/span><\/a><a href=\"https:\/\/orasul-timisoara.ro\/?s=babes\"><span>Spitalul Victor Babes Timisoara<\/span><\/a><a href=\"https:\/\/orasul-timisoara.ro\/?s=poli\"><span>Poli Timi\u0219oara<\/span><\/a><a href=\"https:\/\/orasul-timisoara.ro\/?s=carantina\"><span>carantina<\/span><\/a><a href=\"https:\/\/orasul-timisoara.ro\/?s=aquatim\"><span>Aquatim<\/span><\/a><a href=\"https:\/\/orasul-timisoara.ro\/local-category\/stiri-timisoara\/\"><span>Stiri Timisoara<\/span><\/a><a href=\"https:\/\/orasul-timisoara.ro\/local-category\/investitii-in-timisoara\/\"><span>Investi\u021bii in Timi\u0219oara<\/span><\/a><a href=\"https:\/\/orasul-timisoara.ro\/local-9463\/\"><span>shaorma<\/span><\/a><a href=\"https:\/\/orasul-timisoara.ro\/?s=trafic\"><span>trafic rutier<\/span><\/a><a href=\"https:\/\/orasul-timisoara.ro\/?s=politia\"><span>politia locala timisoara<\/span><\/a><a href=\"https:\/\/orasul-timisoara.ro\/?s=roxana\"><span>Roxana Iliescu<\/span><\/a><a href=\"https:\/\/orasul-timisoara.ro\/?s=colterm\"><span>Colterm<\/span><\/a><a href=\"https:\/\/orasul-timisoara.ro\/?s=latcau\"><span>Ruben La\u021bc\u0103u<\/span><\/a><a href=\"https:\/\/orasul-timisoara.ro\/?s=timis\"><span>\u0218tiri din Timi\u0219<\/span><\/a><a href=\"https:\/\/orasul-timisoara.ro\/?s=spital\"><span>Spitale din Timi\u0219oara<\/span><\/a><a href=\"https:\/\/orasul-timisoara.ro\/?s=tabara\"><span>Cosmin Tab\u0103r\u0103<\/span><\/a><\/div>\n<\/aside>\n<aside id=\"rss-2\" class=\"td_block_template_8 widget rss-2 widget_rss\">\n<h4 class=\"td-block-title\"><span><a class=\"rsswidget rss-widget-feed\" href=\"https:\/\/fashionfridays.ro\/feed\"><img decoding=\"async\" class=\"rss-widget-icon\" width=\"14\" height=\"14\" src=\"https:\/\/orasul-timisoara.ro\/wp-includes\/images\/rss.png\" alt=\"RSS\" loading=\"lazy\"><\/a><a class=\"rsswidget rss-widget-title\" href=\"https:\/\/fashionfridays.ro\/\">Fashion Fridays<\/a><\/span><\/h4>\n<ul>\n<li><a class=\"rsswidget\" href=\"https:\/\/fashionfridays.ro\/romania-devine-a-29-a-piata-vogue-o-noua-era-pentru-industria-locala-de-moda\/\">Rom\u00e2nia devine a 29-a pia\u021b\u0103 Vogue: o nou\u0103 er\u0103 pentru industria local\u0103 de mod\u0103<\/a>\n<div class=\"rssSummary\">Revista Vogue \u00ee\u0219i extinde prezen\u021ba global\u0103 \u0219i va fi lansat\u0103 oficial \u00een Rom\u00e2nia \u00een prim\u0103vara anului 2027, marc\u00e2nd intrarea pe cea de-a 29-a pia\u021b\u0103 interna\u021bional\u0103. Proiectul este realizat \u00een parteneriat cu AEMME Publishing, o companie media recent \u00eenfiin\u021bat\u0103, care va publica edi\u021bia local\u0103 sub licen\u021b\u0103. Noua edi\u021bie, Vogue Rom\u00e2nia, \u00ee\u0219i propune s\u0103 combine autoritatea global\u0103 [\u2026]<\/div>\n<\/li>\n<\/ul>\n<\/aside>\n<aside id=\"rss-4\" class=\"td_block_template_8 widget rss-4 widget_rss\">\n<h4 class=\"td-block-title\"><span><a class=\"rsswidget rss-widget-feed\" href=\"https:\/\/emasini.ro\/feed\"><img decoding=\"async\" class=\"rss-widget-icon\" width=\"14\" height=\"14\" src=\"https:\/\/orasul-timisoara.ro\/wp-includes\/images\/rss.png\" alt=\"RSS\" loading=\"lazy\"><\/a><a class=\"rsswidget rss-widget-title\" href=\"https:\/\/emasini.ro\/\">eMasini<\/a><\/span><\/h4>\n<ul>\n<li><a class=\"rsswidget\" href=\"https:\/\/emasini.ro\/adio-bordurilor-pline-de-ecrane-mercedes-benz-readuce-butoanele-in-noile-masini-produse\/\">Adio bordurilor pline de ecrane? Mercedes-Benz readuce butoanele \u00een noile ma\u0219ini produse<\/a>\n<div class=\"rssSummary\">Mercedes-Benz \u00ee\u0219i schimb\u0103 direc\u021bia \u00een ceea ce prive\u0219te designul interioarelor \u0219i va readuce comenzile fizice pentru anumite func\u021bii importante. Constructorul german nu renun\u021b\u0103 la ecranele mari \u0219i la tehnologiile digitale, dar recunoa\u0219te c\u0103 a mers prea departe prin eliminarea unor butoane \u0219i comenzi tactile. Ola K\u00e4llenius, pre\u0219edintele Consiliului de Administra\u021bie al Mercedes-Benz Group \u0219i CEO [\u2026]<\/div>\n<\/li>\n<\/ul>\n<\/aside>\n<\/div>\n<\/div>\n<\/div>\n<\/div>\n<\/article>\n<div class=\"td-post-content tagdiv-type\">\n<p class=\"wp-block-paragraph\">Alergia la ambrozie poate ap\u0103rea \u0219i la copiii cu v\u00e2rste mai mici de un an, chiar dac\u0103 manifest\u0103rile sunt \u00eent\u00e2lnite cel mai frecvent dup\u0103 mai mul\u021bi ani de expunere la polen. Medicii avertizeaz\u0103 c\u0103, \u00een cazul copiilor sensibiliza\u021bi, polenul de ambrozie poate provoca nu doar simptome nazale \u0219i oculare, ci \u0219i manifest\u0103ri respiratorii asociate astmului alergic.<\/p>\n<p class=\"wp-block-paragraph\">Perioada cu cea mai mare concentra\u021bie de polen de ambrozie \u00een aer este, \u00een general, cuprins\u0103 \u00eentre mijlocul lunii august \u0219i luna septembrie. O singur\u0103 plant\u0103 poate elibera \u00een sezon p\u00e2n\u0103 la un miliard de gr\u0103uncioare de polen, iar acestea pot fi transportate de v\u00e2nt pe distan\u021be de p\u00e2n\u0103 la trei kilometri, ceea ce face dificil\u0103 evitarea complet\u0103 a expunerii.<\/p>\n<h2 class=\"wp-block-heading\">Alergia la ambrozie la copii poate ap\u0103rea de la v\u00e2rste foarte mici<\/h2>\n<p class=\"wp-block-paragraph\">De\u0219i simptomele alergiei la polenul de ambrozie apar, de regul\u0103, dup\u0103 mai mul\u021bi ani de expunere \u0219i sunt \u00eent\u00e2lnite frecvent \u00een jurul v\u00e2rstei de patru ani, sensibilizarea la alergeni prin mecanism IgE poate ap\u0103rea \u0219i la copii cu v\u00e2rste cuprinse \u00eentre sub un an \u0219i trei ani.<\/p>\n<p class=\"wp-block-paragraph\">Acest lucru \u00eenseamn\u0103 c\u0103 nici copiii foarte mici nu sunt complet feri\u021bi de reac\u021biile alergice \u00een perioada poleniz\u0103rii ambroziei. \u00cen cazul celor care dezvolt\u0103 sensibilizare, manifest\u0103rile pot varia de la simptome specifice rinitei alergice p\u00e2n\u0103 la afectarea c\u0103ilor respiratorii inferioare.<\/p>\n<p class=\"wp-block-paragraph\">Perioada de la mijlocul lunii august p\u00e2n\u0103 \u00een septembrie este, prin urmare, una \u00een care p\u0103rin\u021bii copiilor cu predispozi\u021bie alergic\u0103 trebuie s\u0103 fie aten\u021bi la apari\u021bia sau agravarea simptomelor.<\/p>\n<h2 class=\"wp-block-heading\">Polenul de ambrozie poate declan\u0219a simptome de astm alergic<\/h2>\n<p class=\"wp-block-paragraph\">Manifest\u0103rile alergiei nu se limiteaz\u0103 \u00eentotdeauna la str\u0103nut, nas \u00eenfundat, secre\u021bii nazale, ochi ro\u0219ii sau l\u0103crimare. Atunci c\u00e2nd reac\u021bia alergic\u0103 afecteaz\u0103 c\u0103ile respiratorii inferioare, copilul poate prezenta tuse, respira\u021bie \u0219uier\u0103toare, senza\u021bie de lips\u0103 de aer sau ap\u0103sare \u00een piept.<\/p>\n<p class=\"wp-block-paragraph\">\u201ePentru copiii care au dezvoltat sensibilit\u0103\u021bi, asta poate \u00eensemna mai mult dec\u00e2t str\u0103nut, nas \u00eenfundat, secre\u021bii nazale sau ochi ro\u0219ii \u0219i l\u0103crimare. Atunci c\u00e2nd reac\u021bia alergic\u0103 afecteaz\u0103 \u0219i c\u0103ile respiratorii inferioare, pot ap\u0103rea tusea, respira\u021bia \u0219uier\u0103toare, acel wheezing, senza\u021bia de lips\u0103 de aer sau de ap\u0103sare \u00een piept\u201d, explic\u0103 prof. dr. Ioana Ciuc\u0103, medic primar pneumolog pediatru \u0219i coordonator al Compartimentului de Pneumologie Pediatric\u0103 din cadrul Clinicii de Pediatrie Bega Timi\u0219oara.<\/p>\n<p class=\"wp-block-paragraph\">Potrivit medicului, expunerea la polen poate declan\u0219a simptome de astm alergic. \u00cen cazul copiilor care au deja un diagnostic de astm, ambrozia poate contribui la pierderea controlului bolii \u0219i la apari\u021bia unor exacerb\u0103ri.<\/p>\n<h2 class=\"wp-block-heading\">Nu orice copil alergic la ambrozie dezvolt\u0103 astm<\/h2>\n<p class=\"wp-block-paragraph\">Prezen\u021ba unei alergii la ambrozie nu \u00eenseamn\u0103 automat c\u0103 un copil va dezvolta astm. Exist\u0103 \u00eens\u0103 o asociere important\u0103 \u00eentre rinita alergic\u0103 \u0219i astm, iar cele dou\u0103 afec\u021biuni pot ap\u0103rea concomitent.<\/p>\n<p class=\"wp-block-paragraph\">\u201eTrebuie spus c\u0103 nu orice copil alergic la ambrozie va dezvolta astm. Exist\u0103, \u00eens\u0103, o leg\u0103tur\u0103 str\u00e2ns\u0103 \u00eentre rinita alergic\u0103 \u0219i astm, cele dou\u0103 afec\u021biuni put\u00e2nd ap\u0103rea \u00eempreun\u0103\u201d, spune prof. dr. Ioana Ciuc\u0103.<\/p>\n<p class=\"wp-block-paragraph\">P\u0103rin\u021bii trebuie s\u0103 acorde aten\u021bie \u00een special tusei care se repet\u0103, mai ales noaptea sau \u00een timpul efortului, episoadelor de respira\u021bie \u0219uier\u0103toare \u0219i dificult\u0103\u021bilor de respira\u021bie care apar sau se intensific\u0103 \u00een perioada \u00een care ambrozia elibereaz\u0103 polen.<\/p>\n<h2 class=\"wp-block-heading\">Dermatita atopic\u0103 poate indica o predispozi\u021bie alergic\u0103<\/h2>\n<p class=\"wp-block-paragraph\">Un alt element care poate indica existen\u021ba unei predispozi\u021bii alergice este dermatita atopic\u0103 ap\u0103rut\u0103 \u00een copil\u0103rie. Aceasta poate face parte din ceea ce medicii numesc \u201emar\u0219 alergic\u201d, \u00een cadrul c\u0103ruia manifest\u0103rile alergice pot evolua de-a lungul copil\u0103riei.<\/p>\n<p class=\"wp-block-paragraph\">Potrivit prof. dr. Ioana Ciuc\u0103, mar\u0219ul alergic poate continua de la dermatita atopic\u0103 spre rinita alergic\u0103 \u0219i, \u00een unele cazuri, c\u0103tre astm.<\/p>\n<p class=\"wp-block-paragraph\">Prezen\u021ba acestor manifest\u0103ri nu \u00eenseamn\u0103 \u00eens\u0103 c\u0103 evolu\u021bia este obligatorie pentru fiecare copil. De aceea, apari\u021bia simptomelor respiratorii \u00een perioada poleniz\u0103rii trebuie evaluat\u0103 medical, \u00een special atunci c\u00e2nd acestea sunt repetate sau se accentueaz\u0103.<\/p>\n<h2 class=\"wp-block-heading\">Cum poate fi redus\u0103 expunerea copiilor la polen<\/h2>\n<p class=\"wp-block-paragraph\">Evitarea complet\u0103 a polenului de ambrozie este dificil\u0103, av\u00e2nd \u00een vedere cantitatea foarte mare eliberat\u0103 de plante \u0219i capacitatea polenului de a fi transportat de v\u00e2nt pe distan\u021be de c\u00e2\u021biva kilometri.<\/p>\n<p class=\"wp-block-paragraph\">\u00cen zilele \u00een care concentra\u021bia de polen este ridicat\u0103, expunerea copiilor poate fi redus\u0103 prin limitarea timpului petrecut \u00een aer liber. Dup\u0103 revenirea acas\u0103, este recomandat\u0103 schimbarea hainelor \u0219i sp\u0103larea fe\u021bei \u0219i a p\u0103rului, pentru \u00eendep\u0103rtarea particulelor de polen.<\/p>\n<p class=\"wp-block-paragraph\">De asemenea, hainele \u0219i lenjeria nu ar trebui uscate \u00een exterior \u00een perioadele \u00een care nivelul polenului este ridicat. Urm\u0103rirea calendarului polinic poate ajuta la evitarea, pe c\u00e2t posibil, a perioadelor \u0219i intervalelor orare \u00een care concentra\u021bia de polen este mai mare.<\/p>\n<h2 class=\"wp-block-heading\">Copiii cu astm trebuie s\u0103 \u00ee\u0219i continue tratamentul<\/h2>\n<p class=\"wp-block-paragraph\">Pentru copiii care au deja un diagnostic de astm, perioada poleniz\u0103rii ambroziei necesit\u0103 o aten\u021bie suplimentar\u0103. Tratamentul recomandat de medic trebuie continuat \u0219i administrat corect pe \u00eentreaga perioad\u0103 indicat\u0103.<\/p>\n<p class=\"wp-block-paragraph\">Apari\u021bia unor simptome noi sau accentuarea celor existente poate indica pierderea controlului asupra bolii. \u00centr-o astfel de situa\u021bie este necesar\u0103 reevaluarea medical\u0103, iar tratamentul poate fi adaptat de medic dac\u0103 este nevoie.<\/p>\n<p class=\"wp-block-paragraph\">Expunerea repetat\u0103 la concentra\u021bii mari de polen de ambrozie poate favoriza exacerb\u0103rile astmului alergic. Unele dintre aceste episoade pot fi severe, cu agravarea rapid\u0103 a simptomelor \u0219i necesitatea administr\u0103rii medica\u021biei de urgen\u021b\u0103 sau a prezent\u0103rii la spital.<\/p>\n<h2 class=\"wp-block-heading\">C\u00e2nd simptomele respiratorii nu trebuie ignorate<\/h2>\n<p class=\"wp-block-paragraph\">Tusea repetat\u0103, \u00een special cea care apare noaptea sau \u00een timpul efortului, respira\u021bia \u0219uier\u0103toare \u0219i senza\u021bia de lips\u0103 de aer sunt simptome care merit\u0103 aten\u021bie, mai ales dac\u0103 apar pentru prima dat\u0103 sau se intensific\u0103 \u00een perioada de polenizare a ambroziei.<\/p>\n<p class=\"wp-block-paragraph\">Riscul de agravare este mai important la copiii al c\u0103ror astm nu este bine controlat sau care nu urmeaz\u0103 corect tratamentul prescris. \u00cen aceste situa\u021bii, identificarea factorilor declan\u0219atori \u0219i reevaluarea medical\u0103 pot contribui la controlul bolii.<\/p>\n<p class=\"wp-block-paragraph\">Sezonul ambroziei reprezint\u0103 astfel o perioad\u0103 \u00een care p\u0103rin\u021bii trebuie s\u0103 urm\u0103reasc\u0103 nu doar simptomele nazale \u0219i oculare, ci \u0219i eventualele modific\u0103ri ale respira\u021biei. \u00cen special la copiii mici, orice manifestare respiratorie persistent\u0103 sau accentuat\u0103 trebuie discutat\u0103 cu medicul.<\/p>\n<\/div>\n<p>[analyse_source url=&#8221;https:\/\/orasul-timisoara.ro\/local-40323\/&#8221;]<\/p>\n","protected":false},"excerpt":{"rendered":"<p>[analyse_image type=&#8221;featured&#8221; src=&#8221;https:\/\/orasul-timisoara.ro\/wp-content\/uploads\/2026\/08\/Ambrozie-oras.jpg&#8221;] S\u0103n\u0103tateA \u00eenceput sezonul ambroziei. Medicii avertizeaz\u0103 asupra riscului de astm alergic la&#8230; S\u0103n\u0103tate \u0218tiri Locale A \u00eenceput sezonul ambroziei. Medicii avertizeaz\u0103 asupra riscului de astm alergic la copii De c\u0103tre redactia &#8211; 18\/08\/2026 Facebook Twitter WhatsApp Linkedin ReddIt Email Imprimare Alergia la ambrozie poate ap\u0103rea \u0219i la copiii cu v\u00e2rste mai mici [&hellip;]<\/p>\n","protected":false},"author":1,"featured_media":0,"comment_status":"open","ping_status":"","sticky":false,"template":"","format":"standard","meta":{"footnotes":""},"categories":[89],"tags":[226,189],"class_list":["post-2102014","post","type-post","status-publish","format-standard","hentry","category-romania","tag-crawlmanager","tag-orasul-timisoara-ro"],"_links":{"self":[{"href":"https:\/\/analyse.optim.biz\/index.php?rest_route=\/wp\/v2\/posts\/2102014","targetHints":{"allow":["GET"]}}],"collection":[{"href":"https:\/\/analyse.optim.biz\/index.php?rest_route=\/wp\/v2\/posts"}],"about":[{"href":"https:\/\/analyse.optim.biz\/index.php?rest_route=\/wp\/v2\/types\/post"}],"author":[{"embeddable":true,"href":"https:\/\/analyse.optim.biz\/index.php?rest_route=\/wp\/v2\/users\/1"}],"replies":[{"embeddable":true,"href":"https:\/\/analyse.optim.biz\/index.php?rest_route=%2Fwp%2Fv2%2Fcomments&post=2102014"}],"version-history":[{"count":0,"href":"https:\/\/analyse.optim.biz\/index.php?rest_route=\/wp\/v2\/posts\/2102014\/revisions"}],"wp:attachment":[{"href":"https:\/\/analyse.optim.biz\/index.php?rest_route=%2Fwp%2Fv2%2Fmedia&parent=2102014"}],"wp:term":[{"taxonomy":"category","embeddable":true,"href":"https:\/\/analyse.optim.biz\/index.php?rest_route=%2Fwp%2Fv2%2Fcategories&post=2102014"},{"taxonomy":"post_tag","embeddable":true,"href":"https:\/\/analyse.optim.biz\/index.php?rest_route=%2Fwp%2Fv2%2Ftags&post=2102014"}],"curies":[{"name":"wp","href":"https:\/\/api.w.org\/{rel}","templated":true}]}}