{"id":2101989,"date":"2026-08-19T12:55:00","date_gmt":"2026-08-19T09:55:00","guid":{"rendered":"https:\/\/analyse.optim.biz\/?p=2101989"},"modified":"2026-08-19T12:55:00","modified_gmt":"2026-08-19T09:55:00","slug":"mihailo-fedorov-ministrul-apararii-demis-de-zelenski-cere-alegeri-in-ucraina-democratia-nu-poate-fi-tinuta-ostatica-de-rusia","status":"publish","type":"post","link":"https:\/\/analyse.optim.biz\/?p=2101989","title":{"rendered":"Mihailo Fedorov, ministrul ap\u0103r\u0103rii demis de Zelenski, cere alegeri \u00een Ucraina: \u201eDemocra\u0163ia nu poate fi \u0163inut\u0103 ostatic\u0103 de Rusia\u201d"},"content":{"rendered":"<p>[analyse_image type=&#8221;featured&#8221; src=&#8221;https:\/\/radiogoldfm.ro\/wp-content\/uploads\/2026\/08\/Mihailo_-Fedorov_160726-768&#215;432-1.jpghttps:\/\/radiogoldfm.ro\/wp-content\/uploads\/2026\/08\/Mihailo_-Fedorov_160726-768&#215;432-1.jpg&#8221;]<\/p>\n<div class=\"qt-the-content\">\n<p>Fostul ministru al Ap\u0103r\u0103rii al Ucrainei, Mihailo Fedorov, demis \u00een luna iulie de pre\u0219edintele Volodimir Zelenski, a cerut organizarea alegerilor preziden\u021biale \u0219i g\u0103sirea unui mecanism care s\u0103 permit\u0103 desf\u0103\u0219urarea scrutinului chiar dac\u0103 r\u0103zboiul se prelunge\u0219te.<\/p>\n<p>\u00centr-un\u00a0<a href=\"https:\/\/www.youtube.com\/watch?v=QGFTuUxZB54\">mesaj video<\/a>\u00a0adresat ucrainenilor, Fedorov a sus\u021binut c\u0103 Rusia nu ar trebui s\u0103 poat\u0103 determina, prin continuarea r\u0103zboiului, momentul \u00een care cet\u0103\u021benii Ucrainei \u00ee\u0219i vor putea alege din nou conducerea.<\/p>\n<blockquote class=\"wp-block-quote is-layout-flow wp-block-quote-is-layout-flow\">\n<p>\u201eDac\u0103 r\u0103zboiul va continua \u00eenc\u0103 un an, doi sau trei, poate Rusia s\u0103 ob\u021bin\u0103, de fapt, dreptul de a decide c\u00e2nd ucrainenii \u00ee\u0219i vor putea alege din nou puterea? Sunt convins c\u0103 nu. Democra\u021bia nu poate fi \u021binut\u0103 ostatic\u0103 de Rusia\u201d, a declarat fostul ministru.<\/p>\n<\/blockquote>\n<p>Potrivit acestuia, autorit\u0103\u021bile trebuie s\u0103 g\u0103seasc\u0103 \u201eun mecanism legal, sigur \u0219i realist\u201d care s\u0103 permit\u0103 organizarea alegerilor inclusiv \u00een condi\u021biile unui r\u0103zboi de lung\u0103 durat\u0103.<\/p>\n<blockquote class=\"wp-block-quote is-layout-flow wp-block-quote-is-layout-flow\">\n<p>\u201eDar faptul c\u0103 este dificil nu \u00eenseamn\u0103 c\u0103 este imposibil. Ucraina a f\u0103cut deja de multe ori lucruri pe care lumea le considera imposibile. Putem g\u0103si o solu\u021bie \u0219i \u00een aceast\u0103 situa\u021bie, pentru c\u0103 democra\u021bia nu este un lux al vremurilor de pace.\u201d<\/p>\n<\/blockquote>\n<p>Fedorov a afirmat, de asemenea, c\u0103 Ucraina se confrunt\u0103 cu o criz\u0103 a administra\u021biei de stat \u0219i a criticat modul \u00een care sunt luate unele decizii. \u00cen opinia sa, societatea nu \u00een\u021belege de ce anumite reforme sunt adoptate rapid, altele sunt blocate, iar unele ini\u021biative necesare frontului r\u0103m\u00e2n luni \u00eentregi f\u0103r\u0103 o decizie.<\/p>\n<blockquote class=\"wp-block-quote is-layout-flow wp-block-quote-is-layout-flow\">\n<p>\u201eAvem o criz\u0103 sistemic\u0103 de guvernare. Vechiul sistem func\u021bioneaz\u0103 prea des dup\u0103 propriile reguli. Se protejeaz\u0103 pe sine, se teme de schimbare \u0219i ia decizii lent. Poate pedepsi ini\u021biativa \u0219i recompensa loialitatea. Poate p\u0103stra ani \u00eentregi structuri ineficiente doar pentru c\u0103 toat\u0103 lumea s-a obi\u0219nuit cu ele.\u201d<\/p>\n<\/blockquote>\n<p>Fostul ministru a criticat \u0219i politica de cadre, afirm\u00e2nd c\u0103 este \u201edeosebit de periculos\u201d atunci c\u00e2nd principalul criteriu pentru numirea unei persoane \u00eentr-o func\u021bie devine loialitatea fa\u021b\u0103 de sistem, \u00een locul profesionalismului, eficien\u021bei \u0219i capacit\u0103\u021bii de a produce schimb\u0103ri.<\/p>\n<blockquote class=\"wp-block-quote is-layout-flow wp-block-quote-is-layout-flow\">\n<p>\u201eAcum statul nostru trebuie s\u0103 devin\u0103 demn de oamenii s\u0103i. Un stat \u00een care institu\u021biile sunt mai puternice dec\u00e2t numele persoanelor, \u00een care rezultatul este mai important dec\u00e2t loialitatea, \u00een care adev\u0103rul este mai important dec\u00e2t oportunitatea politic\u0103, \u00een care corup\u021bia nu ne fur\u0103 viitorul \u0219i \u00een care poporul ucrainean nu este un simplu spectator.\u201d<\/p>\n<\/blockquote>\n<p>Fedorov a fost eliberat din func\u021bia de ministru al Ap\u0103r\u0103rii pe 16 iulie, dup\u0103 aproximativ \u0219ase luni la conducerea institu\u021biei. Demiterea sa a provocat proteste la Kiev \u0219i \u00een alte ora\u0219e ucrainene.<\/p>\n<p>Ulterior, fostul ministru a declarat c\u0103 a avut divergen\u021be de principiu cu Zelenski \u00een privin\u021ba politicii de cadre. El ar fi propus schimb\u0103ri \u00een conducerea armatei, \u00eens\u0103 ini\u021biativa sa nu a beneficiat atunci de sprijin.<br \/>Mesajul lui Fedorov a fost publicat \u00een aceea\u0219i zi \u00een care Zelenski a \u00eenaintat Radei Supreme propunerea de numire a lui Evgheni Hmara la conducerea Ministerului Ap\u0103r\u0103rii.<\/p>\n<p>Ultimele alegeri preziden\u021biale din Ucraina au avut loc \u00een 2019. Urm\u0103torul scrutin ar fi trebuit s\u0103 se desf\u0103\u0219oare \u00een 2024, \u00eens\u0103 legisla\u021bia ucrainean\u0103 nu permite organizarea alegerilor \u00een perioada legii mar\u021biale. Zelenski a invocat anterior \u0219i dificult\u0103\u021bile legate de milioanele de ucraineni afla\u021bi \u00een str\u0103in\u0103tate \u0219i de teritoriile ocupate de Rusia.<\/p>\n<p>Organizarea alegerilor \u00een Ucraina a fost cerut\u0103 anterior \u0219i de pre\u0219edintele rus Vladimir Putin, care a contestat legitimitatea actualei conduceri de la Kiev, precum \u0219i de pre\u0219edintele american Donald Trump.<\/p>\n<p><em><strong>surs\u0103:<a href=\"https:\/\/ziua.md\/mihailo-fedorov-ministrul-apararii-demis-de-zelenski-cere-alegeri-in-ucraina-democratia-nu-poate-fi-tinuta-ostatica-de-rusia\/\"> ziua.md<\/a><\/strong><\/em><\/p>\n<div class=\"tagcloud qt-spacer-m\"><span class=\"qt-title\">Tagged as <\/span><a href=\"https:\/\/radiogoldfm.ro\/tag\/avertisment\/\" rel=\"tag\">avertisment<\/a><a href=\"https:\/\/radiogoldfm.ro\/tag\/gold-fm\/\" rel=\"tag\">GOLD FM<\/a><a href=\"https:\/\/radiogoldfm.ro\/tag\/mihailo-fedorov\/\" rel=\"tag\">mihailo fedorov<\/a><a href=\"https:\/\/radiogoldfm.ro\/tag\/ministrul-apararii\/\" rel=\"tag\">ministrul apararii<\/a><a href=\"https:\/\/radiogoldfm.ro\/tag\/romania\/\" rel=\"tag\">romania<\/a><a href=\"https:\/\/radiogoldfm.ro\/tag\/ucraina\/\" rel=\"tag\">ucraina<\/a><a href=\"https:\/\/radiogoldfm.ro\/tag\/zelenski\/\" rel=\"tag\">zelenski<\/a><\/div>\n<div class=\"qt-post-author qt-card\">\n<div class=\"row\">\n<div class=\"qt-post-author-data col s10 m7 l7\">\n<h6>Profil<\/h6>\n<h4><a href=\"https:\/\/radiogoldfm.ro\/mihailo-fedorov-ministrul-apararii-demis-de-zelenski-cere-alegeri-in-ucraina-democratia-nu-poate-fi-tinuta-ostatica-de-rusia\/#author_page\">Gold FM Radio<\/a><\/h4>\n<\/div>\n<div class=\"qt-post-author-link col s12 m3 l4 \"><a href=\"https:\/\/radiogoldfm.ro\/author\/gold-fm\/\" class=\"qt-btn qt-btn-large qt-btn-primary aligncenter\">Arhiva postari<\/a><\/div>\n<\/div>\n<\/div>\n<\/div>\n<p>[analyse_source url=&#8221;https:\/\/radiogoldfm.ro\/mihailo-fedorov-ministrul-apararii-demis-de-zelenski-cere-alegeri-in-ucraina-democratia-nu-poate-fi-tinuta-ostatica-de-rusia\/&#8221;]<\/p>\n","protected":false},"excerpt":{"rendered":"<p>[analyse_image type=&#8221;featured&#8221; src=&#8221;https:\/\/radiogoldfm.ro\/wp-content\/uploads\/2026\/08\/Mihailo_-Fedorov_160726-768&#215;432-1.jpghttps:\/\/radiogoldfm.ro\/wp-content\/uploads\/2026\/08\/Mihailo_-Fedorov_160726-768&#215;432-1.jpg&#8221;] Fostul ministru al Ap\u0103r\u0103rii al Ucrainei, Mihailo Fedorov, demis \u00een luna iulie de pre\u0219edintele Volodimir Zelenski, a cerut organizarea alegerilor preziden\u021biale \u0219i g\u0103sirea unui mecanism care s\u0103 permit\u0103 desf\u0103\u0219urarea scrutinului chiar dac\u0103 r\u0103zboiul se prelunge\u0219te. \u00centr-un\u00a0mesaj video\u00a0adresat ucrainenilor, Fedorov a sus\u021binut c\u0103 Rusia nu ar trebui s\u0103 poat\u0103 determina, prin continuarea r\u0103zboiului, [&hellip;]<\/p>\n","protected":false},"author":1,"featured_media":0,"comment_status":"open","ping_status":"","sticky":false,"template":"","format":"standard","meta":{"footnotes":""},"categories":[89],"tags":[226,96],"class_list":["post-2101989","post","type-post","status-publish","format-standard","hentry","category-romania","tag-crawlmanager","tag-radiogoldfm-ro"],"_links":{"self":[{"href":"https:\/\/analyse.optim.biz\/index.php?rest_route=\/wp\/v2\/posts\/2101989","targetHints":{"allow":["GET"]}}],"collection":[{"href":"https:\/\/analyse.optim.biz\/index.php?rest_route=\/wp\/v2\/posts"}],"about":[{"href":"https:\/\/analyse.optim.biz\/index.php?rest_route=\/wp\/v2\/types\/post"}],"author":[{"embeddable":true,"href":"https:\/\/analyse.optim.biz\/index.php?rest_route=\/wp\/v2\/users\/1"}],"replies":[{"embeddable":true,"href":"https:\/\/analyse.optim.biz\/index.php?rest_route=%2Fwp%2Fv2%2Fcomments&post=2101989"}],"version-history":[{"count":0,"href":"https:\/\/analyse.optim.biz\/index.php?rest_route=\/wp\/v2\/posts\/2101989\/revisions"}],"wp:attachment":[{"href":"https:\/\/analyse.optim.biz\/index.php?rest_route=%2Fwp%2Fv2%2Fmedia&parent=2101989"}],"wp:term":[{"taxonomy":"category","embeddable":true,"href":"https:\/\/analyse.optim.biz\/index.php?rest_route=%2Fwp%2Fv2%2Fcategories&post=2101989"},{"taxonomy":"post_tag","embeddable":true,"href":"https:\/\/analyse.optim.biz\/index.php?rest_route=%2Fwp%2Fv2%2Ftags&post=2101989"}],"curies":[{"name":"wp","href":"https:\/\/api.w.org\/{rel}","templated":true}]}}