{"id":2101985,"date":"2026-08-18T14:55:00","date_gmt":"2026-08-18T11:55:00","guid":{"rendered":"https:\/\/analyse.optim.biz\/?p=2101985"},"modified":"2026-08-18T14:55:00","modified_gmt":"2026-08-18T11:55:00","slug":"monstrul-birocratic-din-bruxelles-ue-a-creat-o-lege-pe-care-tot-ea-le-cere-cetatenilor-sa-o-ignore-incurajam-statele-membre-sa-nu-aplice-noile-reguli-si-sa-nu-impuna-amenzi","status":"publish","type":"post","link":"https:\/\/analyse.optim.biz\/?p=2101985","title":{"rendered":"Monstrul birocratic din Bruxelles: UE a creat o lege pe care tot ea le cere cet\u0103\u021benilor s\u0103 o ignore \u2013 \u201e\u00cencuraj\u0103m statele membre s\u0103 nu aplice noile reguli \u0219i s\u0103 nu impun\u0103 amenzi\u201d"},"content":{"rendered":"<p>[analyse_image type=&#8221;featured&#8221; src=&#8221;https:\/\/radiogoldfm.ro\/wp-content\/uploads\/2026\/08\/monstrul-birocratic-din-bruxelles-ue-a-creat-o-lege-pe-care-tot-ea-le-cere-cetatenilor-sa-o-ignore-incurajam-statele-membre-sa-nu-aplice-noile-reguli-si-sa-nu-impuna-amenzi-84183.jpghttps:\/\/radiogoldfm.ro\/wp-content\/uploads\/2026\/08\/monstrul-birocratic-din-bruxelles-ue-a-creat-o-lege-pe-care-tot-ea-le-cere-cetatenilor-sa-o-ignore-incurajam-statele-membre-sa-nu-aplice-noile-reguli-si-sa-nu-impuna-amenzi-84183.jpg&#8221;]<\/p>\n<div class=\"qt-the-content\">\n<p><strong>Uniunea European\u0103 a reu\u0219it performan\u021ba de a adopta o nou\u0103 reglementare \u201cGreenDeal\u201d privind ambalajele care promitea s\u0103 protejeze mediul, dar a ajuns s\u0103 provoace un adev\u0103rat haos birocratic \u0219i s\u0103 blocheze comer\u021bul pe pia\u021ba unic\u0103. Printr-un mecanism absurd\u00a0de complicat ce oblig\u0103 firmele s\u0103 se \u00eenregistreze \u00een 27 de \u021b\u0103ri diferite \u0219i s\u0103 numeasc\u0103 reprezentan\u021bi locali, legea love\u0219te direct \u00een micile afaceri. Situa\u021bia a devenit at\u00e2t de bizar\u0103 \u00eenc\u00e2t func\u021bionarii de la Bruxelles admit neoficial c\u0103 m\u0103sura este \u201ev\u0103dit dispropor\u021bionat\u0103\u201d \u0219i le sugereaz\u0103 statelor membre pur \u0219i simplu s\u0103 nu o aplice, \u00een timp ce institu\u021biile europene paseaz\u0103 vina de la una la alta pentru aprobarea acesteia.\u00a0\u00a0<a href=\"https:\/\/www.welt.de\/wirtschaft\/plus6a7f18f9169e8e32c0ae8320\/verpackungsverordnung-wer-traegt-die-schuld-am-neuesten-buerokratiemonster-in-bruessel-will-es-keiner-gewesen-sein.html\" target=\"_blank\" rel=\"noreferrer noopener\">Die Welt a reconstituit\u00a0<\/a>istoricul acestei legi bizare<\/strong><\/p>\n<p>Aceasta este povestea unei reglement\u0103ri pe care func\u021bionarii din Bruxelles au elaborat-o cu greu, pentru ca mai t\u00e2rziu s\u0103 o numeasc\u0103 ei \u00een\u0219i\u0219i \u201ev\u0103dit disproportionat\u0103\u201d \u0219i, chiar \u00een ziua intr\u0103rii \u00een vigoare \u2013 c\u00e2nd totul era deja prea t\u00e2rziu \u2013 s\u0103 \u00ee\u0219i doreasc\u0103 s\u0103 o abroge. \u0218tiu c\u0103 legea lor d\u0103uneaz\u0103 economiei \u0219i complic\u0103 via\u021ba oamenilor de pe continent, dar \u00een prezent nu o mai pot opri.<\/p>\n<p>Este vorba despre noua ordonan\u021b\u0103 UE privind ambalajele, denumit\u0103 oficial \u201ePackaging and Packaging Waste Regulation\u201d (PPWR). A intrat \u00een vigoare s\u0103pt\u0103m\u00e2na trecut\u0103 \u0219i are scopul de a reduce cantitatea de cutii de carton \u0219i folii care ajung \u00een mediu. Conform legii, oricine \u201epune la dispozi\u021bie ambalaje sau produse ambalate\u201d trebuie s\u0103 se ocupe mai mult de eliminarea acestora \u2013 chiar \u0219i la expedierea \u00een str\u0103in\u0103tate.<\/p>\n<p>Astfel, Comisia European\u0103 dore\u0219te s\u0103 reduc\u0103 de\u0219eurile \u0219i s\u0103 protejeze clima. Problema este c\u0103 PPWR ar putea bloca comer\u021bul \u00eentre cele 27 de state membre \u0219i ar putea submina pia\u021ba unic\u0103, una dintre cele mai mari realiz\u0103ri ale continentului nostru.<\/p>\n<p><strong>Problema ghiveciului de flori arat\u0103 c\u00e2t de absurd\u0103 este legea UE pe care nimeni nu ar trebui s\u0103 o respecte<\/strong><\/p>\n<p>Pe viitor, companiile care trimit m\u0103rfuri peste grani\u021b\u0103 vor trebui s\u0103 se \u00eenregistreze \u00een fiecare \u021bar\u0103 de destina\u021bie, astfel \u00eenc\u00e2t autorit\u0103\u021bile na\u021bionale s\u0103 \u0219tie cine \u0219i ce ambalaje import\u0103. Dac\u0103 o firm\u0103 este activ\u0103 \u00een \u00eentreaga UE, trebuie s\u0103 se adreseze la 27 de institu\u021bii diferite, cu 27 de termene, formulare \u0219i taxe diferite.<\/p>\n<p>\u00cen plus, firmele care nu au un sediu \u00een \u021bara de destina\u021bie trebuie s\u0103 desemneze un \u00eemputernicit local \u2013 adic\u0103 un reprezentant pe care autorit\u0103\u021bile locale s\u0103 \u00eel poat\u0103 trage la r\u0103spundere. Pentru multe \u00eentreprinderi mici (librari, viticultori sau apicultori), acest proces este prea complicat \u0219i scump. Sute de firme au anun\u021bat deja pe re\u021belele sociale c\u0103 vor opri livr\u0103rile c\u0103tre alte state membre.<\/p>\n<p>Comisia European\u0103 con\u0219tientizeaz\u0103 deja problema. \u201e\u00cencuraj\u0103m statele membre s\u0103 nu aplice noile reguli \u0219i s\u0103 nu impun\u0103 amenzi\u201d, a declarat un \u00eenalt func\u021bionar al institu\u021biei. Este o situa\u021bie bizar\u0103: Uniunea European\u0103 adopt\u0103 o lege, iar apoi le d\u0103 asigur\u0103ri cet\u0103\u021benilor c\u0103 o pot ignora.<\/p>\n<p><strong>\u201eNu este tocmai util pentru comer\u021b\u201d<\/strong><\/p>\n<p>Dar cum s-a ajuns la un asemenea act legislativ, care contravine liberei circula\u021bii a m\u0103rfurilor?<\/p>\n<p>Comisia d\u0103 vina pe ceilal\u021bi. \u201eC\u00e2nd regulile au fost convenite \u00een urm\u0103 cu doi ani, statele membre \u0219i Parlamentul au c\u0103zut de acord asupra unui text care fragmentaz\u0103 pia\u021ba unic\u0103\u201d, a sus\u021binut func\u021bionarul, numind aceast\u0103 cerin\u021b\u0103 \u201ev\u0103dit dispropor\u021bionat\u0103\u201d.<\/p>\n<p>\u00cen UE, procedura este urm\u0103toarea: Comisia propune legi, iar Parlamentul \u0219i Consiliul le voteaz\u0103 \u0219i le pot modifica. \u00cens\u0103 o analiz\u0103 a propunerii originale din 30 noiembrie 2022 arat\u0103 c\u0103 ideea \u00eenregistr\u0103rii \u00een 27 de baze de date na\u021bionale \u0219i cerin\u021ba unui \u00eemputernicit local au apar\u021binut chiar Comisiei. Narrativa c\u0103 doar Parlamentul \u0219i Consiliul sunt de vin\u0103 este fals\u0103.<\/p>\n<p>Ursula von der Leyen \u0219i-a preluat al doilea mandat promi\u021b\u00e2nd reducerea birocra\u021biei, \u00eens\u0103 PPWR ob\u021bine exact contrariul.<\/p>\n<p><strong>O lege n\u0103scut\u0103 din spiritul vremii<\/strong><\/p>\n<p>Comisia dore\u0219te acum s\u0103 simplifice legea: o singur\u0103 \u00eenregistrare la nivel european \u0219i eliminarea obliga\u021biei de a avea un \u00eemputernicit local. Nu se \u0219tie \u00eens\u0103 c\u00e2nd se va \u00eent\u00e2mpla acest lucru.<\/p>\n<p>Traseul acestei legi a fost marcat de viziunea din 2022, promovat\u0103 de Frans Timmermans prin proiectul \u201eGreen Deal\u201d. Protec\u021bia mediului a avut prioritate absolut\u0103, \u00een timp ce priorit\u0103\u021bile economice au fost trecute pe plan secund. Abia ulterior, pe fondul \u00eencetinirii economice \u0219i al tensiunilor comerciale globale, UE \u0219i-a schimbat direc\u021bia spre competitivitate \u2013 dar pentru PPWR a fost prea t\u00e2rziu.<\/p>\n<p><strong><em>surs\u0103:\u00a0<a href=\"https:\/\/www.welt.de\/wirtschaft\/plus6a7f18f9169e8e32c0ae8320\/verpackungsverordnung-wer-traegt-die-schuld-am-neuesten-buerokratiemonster-in-bruessel-will-es-keiner-gewesen-sein.html\" target=\"_blank\" rel=\"noreferrer noopener\">Die Welt<\/a><\/em><\/strong><\/p>\n<div class=\"tagcloud qt-spacer-m\"><span class=\"qt-title\">Tagged as <\/span><a href=\"https:\/\/radiogoldfm.ro\/tag\/amenzi\/\" rel=\"tag\">amenzi<\/a><a href=\"https:\/\/radiogoldfm.ro\/tag\/europa\/\" rel=\"tag\">europa<\/a><a href=\"https:\/\/radiogoldfm.ro\/tag\/ue\/\" rel=\"tag\">UE<\/a><a href=\"https:\/\/radiogoldfm.ro\/tag\/uniunea-europeana\/\" rel=\"tag\">uniunea europeana<\/a><\/div>\n<div class=\"qt-post-author qt-card\">\n<div class=\"row\">\n<div class=\"qt-post-author-data col s10 m7 l7\">\n<h6>Profil<\/h6>\n<h4><a href=\"https:\/\/radiogoldfm.ro\/monstrul-birocratic-din-bruxelles-ue-a-creat-o-lege-pe-care-tot-ea-le-cere-cetatenilor-sa-o-ignore-incurajam-statele-membre-sa-nu-aplice-noile-reguli-si-sa-nu-impuna-amenzi\/#author_page\">Gold FM Radio<\/a><\/h4>\n<\/div>\n<div class=\"qt-post-author-link col s12 m3 l4 \"><a href=\"https:\/\/radiogoldfm.ro\/author\/gold-fm\/\" class=\"qt-btn qt-btn-large qt-btn-primary aligncenter\">Arhiva postari<\/a><\/div>\n<\/div>\n<\/div>\n<\/div>\n<p>[analyse_source url=&#8221;https:\/\/radiogoldfm.ro\/monstrul-birocratic-din-bruxelles-ue-a-creat-o-lege-pe-care-tot-ea-le-cere-cetatenilor-sa-o-ignore-incurajam-statele-membre-sa-nu-aplice-noile-reguli-si-sa-nu-impuna-amenzi\/&#8221;]<\/p>\n","protected":false},"excerpt":{"rendered":"<p>[analyse_image type=&#8221;featured&#8221; src=&#8221;https:\/\/radiogoldfm.ro\/wp-content\/uploads\/2026\/08\/monstrul-birocratic-din-bruxelles-ue-a-creat-o-lege-pe-care-tot-ea-le-cere-cetatenilor-sa-o-ignore-incurajam-statele-membre-sa-nu-aplice-noile-reguli-si-sa-nu-impuna-amenzi-84183.jpghttps:\/\/radiogoldfm.ro\/wp-content\/uploads\/2026\/08\/monstrul-birocratic-din-bruxelles-ue-a-creat-o-lege-pe-care-tot-ea-le-cere-cetatenilor-sa-o-ignore-incurajam-statele-membre-sa-nu-aplice-noile-reguli-si-sa-nu-impuna-amenzi-84183.jpg&#8221;] Uniunea European\u0103 a reu\u0219it performan\u021ba de a adopta o nou\u0103 reglementare \u201cGreenDeal\u201d privind ambalajele care promitea s\u0103 protejeze mediul, dar a ajuns s\u0103 provoace un adev\u0103rat haos birocratic \u0219i s\u0103 blocheze comer\u021bul pe pia\u021ba unic\u0103. Printr-un mecanism absurd\u00a0de complicat ce oblig\u0103 firmele s\u0103 se \u00eenregistreze \u00een 27 de \u021b\u0103ri diferite \u0219i s\u0103 [&hellip;]<\/p>\n","protected":false},"author":1,"featured_media":0,"comment_status":"open","ping_status":"","sticky":false,"template":"","format":"standard","meta":{"footnotes":""},"categories":[89],"tags":[226,96],"class_list":["post-2101985","post","type-post","status-publish","format-standard","hentry","category-romania","tag-crawlmanager","tag-radiogoldfm-ro"],"_links":{"self":[{"href":"https:\/\/analyse.optim.biz\/index.php?rest_route=\/wp\/v2\/posts\/2101985","targetHints":{"allow":["GET"]}}],"collection":[{"href":"https:\/\/analyse.optim.biz\/index.php?rest_route=\/wp\/v2\/posts"}],"about":[{"href":"https:\/\/analyse.optim.biz\/index.php?rest_route=\/wp\/v2\/types\/post"}],"author":[{"embeddable":true,"href":"https:\/\/analyse.optim.biz\/index.php?rest_route=\/wp\/v2\/users\/1"}],"replies":[{"embeddable":true,"href":"https:\/\/analyse.optim.biz\/index.php?rest_route=%2Fwp%2Fv2%2Fcomments&post=2101985"}],"version-history":[{"count":0,"href":"https:\/\/analyse.optim.biz\/index.php?rest_route=\/wp\/v2\/posts\/2101985\/revisions"}],"wp:attachment":[{"href":"https:\/\/analyse.optim.biz\/index.php?rest_route=%2Fwp%2Fv2%2Fmedia&parent=2101985"}],"wp:term":[{"taxonomy":"category","embeddable":true,"href":"https:\/\/analyse.optim.biz\/index.php?rest_route=%2Fwp%2Fv2%2Fcategories&post=2101985"},{"taxonomy":"post_tag","embeddable":true,"href":"https:\/\/analyse.optim.biz\/index.php?rest_route=%2Fwp%2Fv2%2Ftags&post=2101985"}],"curies":[{"name":"wp","href":"https:\/\/api.w.org\/{rel}","templated":true}]}}