{"id":2101983,"date":"2026-08-18T13:55:00","date_gmt":"2026-08-18T10:55:00","guid":{"rendered":"https:\/\/analyse.optim.biz\/?p=2101983"},"modified":"2026-08-18T13:55:00","modified_gmt":"2026-08-18T10:55:00","slug":"xi-jinping-se-va-intalni-cu-donald-trump-pe-24-septembrie-la-washington","status":"publish","type":"post","link":"https:\/\/analyse.optim.biz\/?p=2101983","title":{"rendered":"Xi Jinping se va \u00eent\u00e2lni cu Donald Trump pe 24 septembrie la Washington"},"content":{"rendered":"<p>[analyse_image type=&#8221;featured&#8221; src=&#8221;https:\/\/radiogoldfm.ro\/wp-content\/uploads\/2026\/08\/xi-jinping-se-va-intalni-cu-donald-trump-pe-24-septembrie-la-washington-84175.jpghttps:\/\/radiogoldfm.ro\/wp-content\/uploads\/2026\/08\/xi-jinping-se-va-intalni-cu-donald-trump-pe-24-septembrie-la-washington-84175.jpg&#8221;]<\/p>\n<div class=\"qt-the-content\">\n<p><strong>Liderul chinez Xi Jinping a decis s\u0103 \u00ee\u0219i anuleze participarea la Adunarea General\u0103 a Na\u021biunilor Unite de la New York, limit\u00e2ndu-\u0219i vizita din Statele Unite strict la \u00eentrevederea bilateral\u0103 cu pre\u0219edintele Donald Trump. Summitul, programat pe 24 septembrie la Casa Alb\u0103, vine \u00eentr-un moment de tensiuni geopolitice majore, marc\u00e2nd totodat\u0103 o ocazie ratat\u0103 pentru Beijing de a-\u0219i promova modelul de guvernan\u021b\u0103 global\u0103 pe scena interna\u021bional\u0103, scrie\u00a0<a href=\"https:\/\/www.politico.com\/news\/2026\/08\/17\/xi-jinping-skip-unga-trump-summit-01039237\" target=\"_blank\" rel=\"noreferrer noopener\">Politico<\/a><\/strong><\/p>\n<p>Liderul chinez Xi Jinping nu va include o oprire la New York pentru a se adresa Adun\u0103rii Generale a Na\u021biunilor Unite atunci c\u00e2nd se va afla \u00een SUA, luna viitoare, pentru o \u00eent\u00e2lnire cu pre\u0219edintele Donald Trump.<\/p>\n<p>Liderul chinez \u2013 care se va \u00eent\u00e2lni cu Trump pe 24 septembrie la Washington \u2014 nu are \u00een plan s\u0103 participe la Dezbaterea General\u0103 a ONU care \u00eencepe pe 22 septembrie, dat\u0103 la care liderii mondiali se reunesc pentru o s\u0103pt\u0103m\u00e2n\u0103 de discursuri \u0219i \u00eentrevederi bilaterale cu oficiali ai guvernului american, conform a patru persoane familiarizate cu itinerariul de c\u0103l\u0103torie al acestuia.<\/p>\n<p>Xi \u00ee\u0219i va limita prezen\u021ba \u00een SUA strict la \u00eent\u00e2lnirea cu Trump din 24 septembrie.<\/p>\n<p>\u201eEste de a\u0219teptat ca Xi s\u0103 aterizeze cel mai probabil pe 23 septembrie, spre sear\u0103 \u2014 nu va participa la Adunarea General\u0103 a ONU \u2014 \u0219i s\u0103 plece pe 25 septembrie\u201d, a declarat una dintre surse, sub protec\u021bia anonimatului, din cauza sensibilit\u0103\u021bii diplomatice a subiectului. \u201eVa avea practic doar o zi de \u00eentrevederi la Casa Alb\u0103, pe 24.\u201d<\/p>\n<p>Departamentul de Stat a direc\u021bionat \u00eentreb\u0103rile c\u0103tre Casa Alb\u0103. Casa Alb\u0103 a confirmat \u00eentr-o declara\u021bie c\u0103 Xi va vizita sediul preziden\u021bial pe 24 septembrie, dar a refuzat s\u0103 comenteze cu privire la alte posibile activit\u0103\u021bi din programul liderului chinez pe durata \u0219ederii sale \u00een SUA.<\/p>\n<p>\u00cen comunitatea diplomatic\u0103 din Washington au existat specula\u021bii ample conform c\u0103rora Xi ar fi folosit ocazia pentru a participa la Adunarea General\u0103 \u0219i pentru a promova planurile Chinei privind dezvoltarea interna\u021bional\u0103 pa\u0219nic\u0103, ca o contrapondere la r\u0103zboiul \u00een desf\u0103\u0219urare purtat de SUA \u00een Iran.<\/p>\n<p>\u201eC\u00e2nd a fost anun\u021bat\u0103 ini\u021bial data summitului de 24 septembrie, mul\u021bi au observat c\u0103 partea chinez\u0103 ar fi putut propune aceast\u0103 dat\u0103 tocmai pentru ca el s\u0103 poat\u0103 merge \u0219i la New York, la ONU\u201d, a declarat un diplomat al Uniunii Europene din Washington. Diplomats din New York au remarcat, de asemenea, c\u0103 Beijingul nu trimisese o echip\u0103 de preg\u0103tire \u00een ora\u0219, a\u0219a cum ar fi fost de a\u0219teptat \u00eenaintea unei vizite a lui Xi, a ad\u0103ugat diplomatul.<\/p>\n<p>Nici Ambasada Chinei \u0219i nici Misiunea SUA la Na\u021biunile Unite din New York nu au r\u0103spuns solicit\u0103rilor de a comenta situa\u021bia.<\/p>\n<p>Xi a fost ultima dat\u0103 la New York pentru a vorbi la Adunarea General\u0103 a ONU \u00een 2015, cu ocazia anivers\u0103rii a 70 de ani de la fondarea organiza\u021biei. Liderul chinez s-a adresat adun\u0103rii prin leg\u0103tur\u0103 video \u00een timpul pandemiei de Covid, \u00een 2021, ocazie cu care a f\u0103cut o aluzie implicit\u0103 la e\u0219ecul SUA \u00een Afganistan cu o lun\u0103 \u00eenainte, \u00een cadrul unui discurs adresat \u021b\u0103rilor \u00een curs de dezvoltare privind o nou\u0103 ordine mondial\u0103 post-domina\u021bie american\u0103, ancorat\u0103 \u00een modelul de dezvoltare economic\u0103 al Chinei.<\/p>\n<p>\u201eEste o ocazie ratat\u0103 pentru Xi, deoarece China s-a pozi\u021bionat ca un sus\u021bin\u0103tor ferm al Cartei ONU \u0219i un bastion al guvernan\u021bei globale, \u00een timp ce SUA sunt angrenate \u00eentr-un r\u0103zboi \u00een Iran \u0219i se retrag de pe scena interna\u021bional\u0103\u201d, a declarat Richard Stengel, fost subsecretar de stat pentru diploma\u021bie public\u0103 \u00een administra\u021bia Obama. \u201ePentru administra\u021bia Trump este un avantaj, \u00een sensul c\u0103 nu va exista un contrast \u00eentre o putere mondial\u0103 care sprijin\u0103 ONU \u0219i abordarea \u00abAmerica First\u00bb, care nu acord\u0103 importan\u021b\u0103 organiza\u021biei.\u201d<\/p>\n<p><em><strong>surs\u0103: <a href=\"https:\/\/www.politico.com\/news\/2026\/08\/17\/xi-jinping-skip-unga-trump-summit-01039237\" target=\"_blank\" rel=\"noreferrer noopener\">Politico<\/a><\/strong><\/em><\/p>\n<div class=\"tagcloud qt-spacer-m\"><span class=\"qt-title\">Tagged as <\/span><a href=\"https:\/\/radiogoldfm.ro\/tag\/america\/\" rel=\"tag\">america<\/a><a href=\"https:\/\/radiogoldfm.ro\/tag\/china\/\" rel=\"tag\">china<\/a><a href=\"https:\/\/radiogoldfm.ro\/tag\/gold-fm\/\" rel=\"tag\">GOLD FM<\/a><a href=\"https:\/\/radiogoldfm.ro\/tag\/romania\/\" rel=\"tag\">romania<\/a><a href=\"https:\/\/radiogoldfm.ro\/tag\/xi-jinping\/\" rel=\"tag\">xi jinping<\/a><\/div>\n<div class=\"qt-post-author qt-card\">\n<div class=\"row\">\n<div class=\"qt-post-author-data col s10 m7 l7\">\n<h6>Profil<\/h6>\n<h4><a href=\"https:\/\/radiogoldfm.ro\/xi-jinping-se-va-intalni-cu-donald-trump-pe-24-septembrie-la-washington\/#author_page\">Gold FM Radio<\/a><\/h4>\n<\/div>\n<div class=\"qt-post-author-link col s12 m3 l4 \"><a href=\"https:\/\/radiogoldfm.ro\/author\/gold-fm\/\" class=\"qt-btn qt-btn-large qt-btn-primary aligncenter\">Arhiva postari<\/a><\/div>\n<\/div>\n<\/div>\n<\/div>\n<p>[analyse_source url=&#8221;https:\/\/radiogoldfm.ro\/xi-jinping-se-va-intalni-cu-donald-trump-pe-24-septembrie-la-washington\/&#8221;]<\/p>\n","protected":false},"excerpt":{"rendered":"<p>[analyse_image type=&#8221;featured&#8221; src=&#8221;https:\/\/radiogoldfm.ro\/wp-content\/uploads\/2026\/08\/xi-jinping-se-va-intalni-cu-donald-trump-pe-24-septembrie-la-washington-84175.jpghttps:\/\/radiogoldfm.ro\/wp-content\/uploads\/2026\/08\/xi-jinping-se-va-intalni-cu-donald-trump-pe-24-septembrie-la-washington-84175.jpg&#8221;] Liderul chinez Xi Jinping a decis s\u0103 \u00ee\u0219i anuleze participarea la Adunarea General\u0103 a Na\u021biunilor Unite de la New York, limit\u00e2ndu-\u0219i vizita din Statele Unite strict la \u00eentrevederea bilateral\u0103 cu pre\u0219edintele Donald Trump. Summitul, programat pe 24 septembrie la Casa Alb\u0103, vine \u00eentr-un moment de tensiuni geopolitice majore, marc\u00e2nd totodat\u0103 o ocazie [&hellip;]<\/p>\n","protected":false},"author":1,"featured_media":0,"comment_status":"open","ping_status":"","sticky":false,"template":"","format":"standard","meta":{"footnotes":""},"categories":[89],"tags":[226,96],"class_list":["post-2101983","post","type-post","status-publish","format-standard","hentry","category-romania","tag-crawlmanager","tag-radiogoldfm-ro"],"_links":{"self":[{"href":"https:\/\/analyse.optim.biz\/index.php?rest_route=\/wp\/v2\/posts\/2101983","targetHints":{"allow":["GET"]}}],"collection":[{"href":"https:\/\/analyse.optim.biz\/index.php?rest_route=\/wp\/v2\/posts"}],"about":[{"href":"https:\/\/analyse.optim.biz\/index.php?rest_route=\/wp\/v2\/types\/post"}],"author":[{"embeddable":true,"href":"https:\/\/analyse.optim.biz\/index.php?rest_route=\/wp\/v2\/users\/1"}],"replies":[{"embeddable":true,"href":"https:\/\/analyse.optim.biz\/index.php?rest_route=%2Fwp%2Fv2%2Fcomments&post=2101983"}],"version-history":[{"count":0,"href":"https:\/\/analyse.optim.biz\/index.php?rest_route=\/wp\/v2\/posts\/2101983\/revisions"}],"wp:attachment":[{"href":"https:\/\/analyse.optim.biz\/index.php?rest_route=%2Fwp%2Fv2%2Fmedia&parent=2101983"}],"wp:term":[{"taxonomy":"category","embeddable":true,"href":"https:\/\/analyse.optim.biz\/index.php?rest_route=%2Fwp%2Fv2%2Fcategories&post=2101983"},{"taxonomy":"post_tag","embeddable":true,"href":"https:\/\/analyse.optim.biz\/index.php?rest_route=%2Fwp%2Fv2%2Ftags&post=2101983"}],"curies":[{"name":"wp","href":"https:\/\/api.w.org\/{rel}","templated":true}]}}