{"id":2101891,"date":"2026-08-19T16:28:44","date_gmt":"2026-08-19T13:28:44","guid":{"rendered":"https:\/\/analyse.optim.biz\/?p=2101891"},"modified":"2026-08-19T16:28:44","modified_gmt":"2026-08-19T13:28:44","slug":"iulian-daraba-singurul-candidat-la-sefia-asociatiei-judetene-de-fotbal","status":"publish","type":"post","link":"https:\/\/analyse.optim.biz\/?p=2101891","title":{"rendered":"Iulian Darab\u0103, singurul candidat la \u0219efia Asocia\u021biei Jude\u021bene de Fotbal"},"content":{"rendered":"<p>[analyse_image type=&#8221;featured&#8221; src=&#8221;https:\/\/img.svnews.ro\/foto\/2026\/08\/07\/551754\/5455574681d4ceb76faf7dbc6.jpg&#8221;]<\/p>\n<div class=\"entry\"><img loading=\"lazy\" decoding=\"async\" width=\"650\" height=\"325\" src=\"https:\/\/img.svnews.ro\/foto\/2026\/08\/07\/551754\/5455574681d4ceb76faf7dbc606500325.jpg\" alt><\/p>\n<div class=\"entry_content\">\n<p>Actualul vicepre\u0219einte al Asocia\u021biei Jude\u021bene de Fotbal, Iulian Darab\u0103, \u00a0a r\u0103mas singurul candidat la \u0219efia acestei structuri dup\u0103 retragerea din curs\u0103 a lui Gabriel \u0218uleru care a anun\u021bat c\u0103 va r\u0103m\u00e2ne pe postul de secretar de\u021binut \u00een prezent. Darab\u0103 propune o echip\u0103 care \u00eei are al\u0103turi pe Mihai Roman \u0219i Lucian Burlacu, candida\u021bi pentru cele dou\u0103 func\u021bii de vicepre\u0219edinte. Printre obiectivele anun\u021bate de Iulian Darab\u0103 se num\u0103r\u0103 atragerea de fonduri pentru sprijinirea echipelor din Liga a IV-a \u0219i Liga a V-a, modernizarea competi\u021biilor jude\u021bene, promovarea tinerilor fotbali\u0219ti suceveni, dar \u0219i o colaborare mai str\u00e2ns\u0103 cu toate cluburile afiliate.<\/p>\n<p>Al\u0103turi de Iulian Darab\u0103 se afl\u0103 Mihai Roman, fost interna\u021bional rom\u00e2n \u0219i fost juc\u0103tor \u00een Liga I, cu experien\u021b\u0103 \u0219i \u00een managementul sportiv \u0219i \u00een dezvoltarea fotbalului juvenil, \u0219i Lucian Burlacu, fost fotbalist, antrenor \u0219i om implicat activ \u00een sectorul de copii \u0219i juniori. Echipa Darab\u0103 \u2013 Roman \u2013 Burlacu \u00ee\u0219i propune un mandat bazat pe dialog, implicare \u0219i sus\u021binerea fotbalului sucevean la toate nivelurile, de la copii \u0219i juniori p\u00e2n\u0103 la competi\u021biile de seniori. Alegerile vor avea loc pe 23 august.<\/p>\n<\/div>\n<div>\n<div>VN:F [1.9.22_1171]<\/div>\n<div class=\"ratingblock \">\n<div class=\"ratingstars \">\n<div id=\"article_loader_554551\" class=\"ratingloaderarticle\">\n<div class=\"loader arrows \">\n<div class=\"loaderinner\">se actualizeaz\u0103&#8230;<\/div>\n<\/div>\n<\/div>\n<\/div>\n<div class=\"ratingtext \">\n<div id=\"gdr_text_a554551\">Rating: 0.0\/<strong>10<\/strong> (0 votes cast)<\/div>\n<\/div>\n<\/div>\n<\/div>\n<\/div>\n<div class=\"entry_content\">\n<p>Actualul vicepre\u0219einte al Asocia\u021biei Jude\u021bene de Fotbal, Iulian Darab\u0103, \u00a0a r\u0103mas singurul candidat la \u0219efia acestei structuri dup\u0103 retragerea din curs\u0103 a lui Gabriel \u0218uleru care a anun\u021bat c\u0103 va r\u0103m\u00e2ne pe postul de secretar de\u021binut \u00een prezent. Darab\u0103 propune o echip\u0103 care \u00eei are al\u0103turi pe Mihai Roman \u0219i Lucian Burlacu, candida\u021bi pentru cele dou\u0103 func\u021bii de vicepre\u0219edinte. Printre obiectivele anun\u021bate de Iulian Darab\u0103 se num\u0103r\u0103 atragerea de fonduri pentru sprijinirea echipelor din Liga a IV-a \u0219i Liga a V-a, modernizarea competi\u021biilor jude\u021bene, promovarea tinerilor fotbali\u0219ti suceveni, dar \u0219i o colaborare mai str\u00e2ns\u0103 cu toate cluburile afiliate.<\/p>\n<p>Al\u0103turi de Iulian Darab\u0103 se afl\u0103 Mihai Roman, fost interna\u021bional rom\u00e2n \u0219i fost juc\u0103tor \u00een Liga I, cu experien\u021b\u0103 \u0219i \u00een managementul sportiv \u0219i \u00een dezvoltarea fotbalului juvenil, \u0219i Lucian Burlacu, fost fotbalist, antrenor \u0219i om implicat activ \u00een sectorul de copii \u0219i juniori. Echipa Darab\u0103 \u2013 Roman \u2013 Burlacu \u00ee\u0219i propune un mandat bazat pe dialog, implicare \u0219i sus\u021binerea fotbalului sucevean la toate nivelurile, de la copii \u0219i juniori p\u00e2n\u0103 la competi\u021biile de seniori. Alegerile vor avea loc pe 23 august.<\/p>\n<\/div>\n<p>[analyse_source url=&#8221;https:\/\/www.svnews.ro\/iulian-daraba-singurul-candidat-la-sefia-asociatiei-judetene-de-fotbal\/554551\/&#8221;]<\/p>\n","protected":false},"excerpt":{"rendered":"<p>[analyse_image type=&#8221;featured&#8221; src=&#8221;https:\/\/img.svnews.ro\/foto\/2026\/08\/07\/551754\/5455574681d4ceb76faf7dbc6.jpg&#8221;] Actualul vicepre\u0219einte al Asocia\u021biei Jude\u021bene de Fotbal, Iulian Darab\u0103, \u00a0a r\u0103mas singurul candidat la \u0219efia acestei structuri dup\u0103 retragerea din curs\u0103 a lui Gabriel \u0218uleru care a anun\u021bat c\u0103 va r\u0103m\u00e2ne pe postul de secretar de\u021binut \u00een prezent. Darab\u0103 propune o echip\u0103 care \u00eei are al\u0103turi pe Mihai Roman \u0219i Lucian Burlacu, [&hellip;]<\/p>\n","protected":false},"author":1,"featured_media":0,"comment_status":"open","ping_status":"","sticky":false,"template":"","format":"standard","meta":{"footnotes":""},"categories":[89],"tags":[226,175],"class_list":["post-2101891","post","type-post","status-publish","format-standard","hentry","category-romania","tag-crawlmanager","tag-svnews-ro"],"_links":{"self":[{"href":"https:\/\/analyse.optim.biz\/index.php?rest_route=\/wp\/v2\/posts\/2101891","targetHints":{"allow":["GET"]}}],"collection":[{"href":"https:\/\/analyse.optim.biz\/index.php?rest_route=\/wp\/v2\/posts"}],"about":[{"href":"https:\/\/analyse.optim.biz\/index.php?rest_route=\/wp\/v2\/types\/post"}],"author":[{"embeddable":true,"href":"https:\/\/analyse.optim.biz\/index.php?rest_route=\/wp\/v2\/users\/1"}],"replies":[{"embeddable":true,"href":"https:\/\/analyse.optim.biz\/index.php?rest_route=%2Fwp%2Fv2%2Fcomments&post=2101891"}],"version-history":[{"count":0,"href":"https:\/\/analyse.optim.biz\/index.php?rest_route=\/wp\/v2\/posts\/2101891\/revisions"}],"wp:attachment":[{"href":"https:\/\/analyse.optim.biz\/index.php?rest_route=%2Fwp%2Fv2%2Fmedia&parent=2101891"}],"wp:term":[{"taxonomy":"category","embeddable":true,"href":"https:\/\/analyse.optim.biz\/index.php?rest_route=%2Fwp%2Fv2%2Fcategories&post=2101891"},{"taxonomy":"post_tag","embeddable":true,"href":"https:\/\/analyse.optim.biz\/index.php?rest_route=%2Fwp%2Fv2%2Ftags&post=2101891"}],"curies":[{"name":"wp","href":"https:\/\/api.w.org\/{rel}","templated":true}]}}