{"id":2101778,"date":"2026-08-19T10:28:35","date_gmt":"2026-08-19T07:28:35","guid":{"rendered":"https:\/\/analyse.optim.biz\/?p=2101778"},"modified":"2026-08-19T10:28:35","modified_gmt":"2026-08-19T07:28:35","slug":"codru-festival-2026-ultimul-weekend-din-vara-aduce-gipsy-kings-s-a-r-s-subcarpati-si-o-imensa-galerie-de","status":"publish","type":"post","link":"https:\/\/analyse.optim.biz\/?p=2101778","title":{"rendered":"CODRU Festival 2026: Ultimul weekend din var\u0103 aduce Gipsy Kings, S.A.R.S., Subcarpa\u021bi \u0219i o imens\u0103 galerie de"},"content":{"rendered":"<p>[analyse_image type=&#8221;featured&#8221; src=&#8221;https:\/\/renasterea.ro\/ro\/wp-content\/uploads\/2026\/08\/codru-festival-1.jpghttps:\/\/renasterea.ro\/ro\/wp-content\/uploads\/2026\/08\/codru-festival-1.jpg&#8221;]<\/p>\n<div class=\"entry-content\"><img loading=\"lazy\" decoding=\"async\" width=\"650\" height=\"432\" src=\"https:\/\/renasterea.ro\/ro\/wp-content\/uploads\/2026\/08\/codru-festival-1.jpg\" class=\"attachment-medium size-medium wp-post-image\" alt=\"CODRU Festival 2026: Ultimul weekend din var\u0103 aduce Gipsy Kings, S.A.R.S., Subcarpa\u021bi \u0219i o imens\u0103 galerie de art\u0103 \u00een P\u0103durea Verde din Timi\u0219oara!\" title=\"CODRU Festival 2026: Ultimul weekend din var\u0103 aduce Gipsy Kings, S.A.R.S., Subcarpa\u021bi \u0219i o imens\u0103 galerie de art\u0103 \u00een P\u0103durea Verde din Timi\u0219oara! 1\"><\/p>\n<h4><span><span>Programul pe zile la CODRU Festival 2026 a fost publicat, iar organizatorii au anun\u021bat una dintre cele mai complexe edi\u021bii. \u00centre 28 \u0219i 30 august 2026, publicul este invitat s\u0103 \u00ee\u0219i petreac\u0103 ultimul weekend din var\u0103 la unul dintre cele mai iubite festivaluri din Rom\u00e2nia. P\u0103durea Verde din Timi\u0219oara devine, din nou, un loc \u00een care muzica, natura, arta \u0219i comunitatea se \u00eent\u00e2lnesc pentru o experien\u021b\u0103 complet\u0103.<\/span><\/span><\/h4>\n<p><span><span>Pe afi\u0219ul din acest an se reg\u0103sesc arti\u0219ti de top din Rom\u00e2nia \u0219i din afara \u021b\u0103rii, \u00eentr-un program care traverseaz\u0103 genuri \u0219i genera\u021bii. Pe cele cinci scene amenajate \u00een mijlocul naturii, participan\u021bii vor explora un univers sonor divers, de la rock alternativ p\u00e2n\u0103 la folclor reinterpretat, hip-hop \u0219i trap.<\/span><\/span><\/p>\n<h3><span><span><span><span lang=\"de-CH\"><b>Programul pe zile la CODRU6<\/b><\/span><\/span><\/span><\/span><\/h3>\n<p><span><span><span lang=\"de-CH\"><b>Vineri, 28 august \u2013 Energie alternativ\u0103 \u0219i un start \u00een for\u021b\u0103<\/b><\/span><\/span><\/span><\/p>\n<p><span><span>Prima zi de festival este condus\u0103 de <\/span><\/span><span><span><b>S.A.R.S.<\/b><\/span><\/span><span><span>, una dintre cele mai iubite trupe din Balcani, care s\u0103rb\u0103tore\u0219te anul acesta 20 de ani de activitate.<\/span><\/span><span><span>Ace\u0219tia<\/span><\/span><span><span>aduc mixul lor inconfundabil de pop-rock cu influen\u021be balcanice, iar fanii vor putea asculta live celebra lor pies\u0103 <\/span><\/span><span><span><i>Perspektiva<\/i><\/span><\/span><span><span>. Al\u0103turi de ei, vor electriza atmosfera <\/span><\/span><span><span><b>Alternosfera<\/b><\/span><\/span><span><span>, <\/span><\/span><span><span><b>Damian &amp; Brothers<\/b><\/span><\/span><span><span>, <\/span><\/span><span><span><b>Robin and the Backstabbers<\/b><\/span><\/span><span><span> \u0219i <\/span><\/span><span><span><b>Adrian Despot &amp; Cezar Popescu<\/b><\/span><\/span><span><span>, care vor urca pe scen\u0103 \u00een formula Acu2tic: dou\u0103 chitare acustice \u0219i piese emblematice ale forma\u021biei, de la \u201ePraf de stele\u201d la \u201eBasul \u0219i cu toba mare\u201d. Pasiona\u021bii de muzic\u0103 urban\u0103 \u0219i trap \u00eei vor putea asculta pe <\/span><\/span><span><span><b>Oscar<\/b><\/span><\/span><span><span>, <\/span><\/span><span><span><b>IDK<\/b><\/span><\/span><span><span>, <\/span><\/span><span><span><b>Calinacho<\/b><\/span><\/span><span><span> \u0219i <\/span><\/span><span><span><b>Lucawts<\/b><\/span><\/span><span><span>. Seara va fi completat\u0103 de <\/span><\/span><span><span><i>RUP Takeover \u2013 DJ M\u0103-Ta b2b S\u0103r.casm<\/i><\/span><\/span><span><span> \u0219i de afterparty-ul reggaeton cu <\/span><\/span><span><span><i>El Cartel<\/i><\/span><\/span><span><span>, plus o mul\u021bime de al\u021bi arti\u0219ti independen\u021bi \u0219i DJ.<\/span><\/span><\/p>\n<p><span><span><b>Line-up complet<\/b><\/span><\/span><span><span>: <\/span><\/span><span><span><b>S.A.R.S., ALTERNOSFERA, DAMIAN &amp; BROTHERS, ROBIN AND THE BACKSTABBERS<\/b><\/span><\/span><span><span>, RUP TAKEOVER \u2013 DJ MA-TA b2b SAR.CASM, SPECIAL GUEST: ROMEO FANTASTICK, CALINACHO, IDK, LUCAWTS, OSCAR, EL CARTEL, ADRIAN DESPOT &amp; CEZAR POPESCU, CLAUDIA \u015eERDAN &amp; JIMI EL LACO, CYPHER, DAMAGE:CTRL, DREW, EMU, MANDU, OIG\u0102N, RAZY, REVAN, YOSHUU, DISKO ANKSYETE (CORINA SUCAROV), SEAR BLISS, SHE, SUR AUSTRU.<br \/><\/span><\/span><span><span><b>Afterparty<\/b><\/span><\/span><span><span>: EL CARTEL.<\/span><\/span><\/p>\n<p><span><span><b>S\u00e2mb\u0103t\u0103, 29 august \u2013 Folclor urban, hip-hop \u0219i fuziuni culturale<\/b><\/span><\/span><\/p>\n<p><span><span>S\u00e2mb\u0103ta este dedicat\u0103 sound-ului autentic rom\u00e2nesc, av\u00e2ndu-i ca headlineri pe cei de la <\/span><\/span><span><span><b>Subcarpa\u021bi<\/b><\/span><\/span><span><span>, dar \u0219i nume grele din hip-hop \u0219i trap, precum <\/span><\/span><span><span><b>Puya<\/b><\/span><\/span><span><span>, <\/span><\/span><span><span><b>Ian<\/b><\/span><\/span><span><span>, <\/span><\/span><span><span><b>Albert NBN<\/b><\/span><\/span><span><span>, <\/span><\/span><span><span><b>MGK<\/b><\/span><\/span><span><span> \u0219i <\/span><\/span><span><span><b>Noua Unspe<\/b><\/span><\/span><span><span>. Iubitorii de fusion vor fi \u00eenc\u00e2nta\u021bi de prezen\u021ba trupei <\/span><\/span><span><span><b>E-an-na<\/b><\/span><\/span><span><span> \u0219i a proiectului <\/span><\/span><span><span><b>Balkandreea &amp; The Balkan Sisters<\/b><\/span><\/span><span><span>. Nu vor lipsi momentele speciale asigurate de <\/span><\/span><span><span><i>Dordeduh<\/i><\/span><\/span><span><span>, <\/span><\/span><span><span><i>Amalia Gai\u021b\u0103<\/i><\/span><\/span><span><span> sau <\/span><\/span><span><span><i>Nocturn<\/i><\/span><\/span><span><span>.<\/span><\/span><\/p>\n<p><span><span><b>Line-up complet<\/b><\/span><\/span><span><span>: <\/span><\/span><span><span><b>SUBCARPATI, PUYA, E-AN-NA, BALKANDREEA &amp; THE BALKAN SISTERS<\/b><\/span><\/span><span><span>, RUP TAKEOVER \u2013 DJ M\u00c5-TA b2b PAULVLJ, SPECIAL GUEST: BALKANDREEA &amp; E-AN-NA, ALBERT NBN, IAN, MGK, NOUA UNSPE, 4AWL, AMALIA GAI\u0162\u0102, ASAWAY, BOB RAMANKA, EXOB, KAYF, LEANU, MANDU, MINI ZUCCHINI, NARCISS, RAUL PRODAN, RAVE WITH YOUR KID[S] \u2013 DONISAN \/ SABINCP, TANO TULVAN, BLUTRIN\u0102, DORDEDUH, EMO REUNION, NOCTURN.<br \/><\/span><\/span><span><span><b>Afterparty<\/b><\/span><\/span><span><span>: EL CARTEL.<\/span><\/span><\/p>\n<p><span><span><b>Duminic\u0103, 30 august \u2013 ritmuri interna\u021bionale<\/b><\/span><\/span><\/p>\n<p><span><span>Ultima sear\u0103 de festival promite s\u0103 fie una memorabil\u0103, av\u00e2ndu-i \u00een prim-plan pe legendarii <\/span><\/span><span><span><b>Gipsy Kings featuring Tonino Baliardo<\/b><\/span><\/span><span><span>. Vor fi momente de folclor prin trupe precum <\/span><\/span><span><span><b>Ternipe<\/b><\/span><\/span><span><span>, <\/span><\/span><span><span><b>Lupii lui Calancea &amp; Surorile Osoianu<\/b><\/span><\/span><span><span>, dar \u0219i un vibe modern, efervescent, cu <\/span><\/span><span><span><b>HVNDS<\/b><\/span><\/span><span><span>, <\/span><\/span><span><span><b>Rava<\/b><\/span><\/span><span><span> \u0219i <\/span><\/span><span><span><b>Petre \u0218tefan<\/b><\/span><\/span><span><span>.<\/span><\/span><\/p>\n<p><span><span><b>Line-up complet<\/b><\/span><\/span><span><span>: <\/span><\/span><span><span><b>GIPSY KINGS featuring Tonino Baliardo, TERNIPE, LUPII LUI CALANCEA &amp; SURORILE OSOIANU, HVNDS,<\/b><\/span><\/span><span><span> RUP TAKEOVER \u2013 Dj MA-TA + ZABRANENA, MUZIKA (GORO + BAT SIMO), ADELINMM, PETRE STEFAN, RAVA, VANILLA, ACOUSTIC BOYZ, BEATHEICE, BIA &amp; MC GEEZA, CIRE\u015eAN MANDU \u2013 RAVE WITH YOUR KID[S] \u2013 DONISAN \/ SABINCP, SOULMAZE, UFO, ZOLEEVEE DOOMNEZEU, ORDINUL NEGRU, PR\u00c4P\u00c4D.<br \/><\/span><\/span><span><span><b>Afterparty<\/b><\/span><\/span><span><span>: EL CARTEL.<\/span><\/span><\/p>\n<p>\u201e<span><span><i>CODRU este un festival construit \u00een jurul unei st\u0103ri. Ne-am dorit un lineup care s\u0103 spun\u0103 o poveste, \u00een care s\u0103 descoperi arti\u0219ti noi, s\u0103 c\u00e2n\u021bi al\u0103turi de nume pe care le iube\u0219ti de ani de zile \u0219i s\u0103 pleci cu sentimentul c\u0103 ai tr\u0103it ultimele zile de var\u0103 exact a\u0219a cum trebuia. Abia a\u0219tept\u0103m s\u0103 ne revedem \u00een P\u0103durea Verde\u201d<\/i><\/span><\/span><span><span>, a declarat <\/span><\/span><span><span><b>Victor Balaniuc<\/b><\/span><\/span><span><span>, Co-fondator \u0219i General Manager CODRU Festival.<\/span><\/span><\/p>\n<p><span><span>Dincolo de line-up-ul muzical, CODRU6 se remarc\u0103 printr-o identitate vizual\u0103 \u0219i ecologic\u0103 puternic\u0103. Edi\u021bia din acest an aduce unul dintre cele mai ample proiecte de art\u0103 dezvoltate de CODRU p\u00e2n\u0103 acum. Realizate aproape integral din materiale reciclabile, instala\u021biile spun o poveste despre transformare, creativitate \u0219i rela\u021bia str\u00e2ns\u0103 dintre om \u0219i natur\u0103. Aceste interven\u021bii urbane \u0219i forestiere demonstreaz\u0103 c\u0103 arta poate fi at\u00e2t spectaculoas\u0103, c\u00e2t \u0219i prietenoas\u0103 cu mediul.<\/span><\/span><\/p>\n<p>\u201e<span><span><i>Ne-am propus s\u0103 demonstr\u0103m c\u0103 frumuse\u021bea poate ap\u0103rea din ceea ce al\u021bii consider\u0103 deja consumat. Instala\u021biile de la CODRU6 sunt rezultatul sutelor de ore de lucru, al experimentului \u0219i al colabor\u0103rii dintre studen\u021bi, arti\u0219ti \u0219i mentori. Fiecare pies\u0103 este realizat\u0103 manual, din materiale reciclate, iar \u00eempreun\u0103 vor transforma p\u0103durea \u00eentr-o galerie de art\u0103 \u00een aer liber\u201d<\/i><\/span><\/span><span><span>, a explicat <\/span><\/span><span><span><b>Elena Aronoaie-Adorian<\/b><\/span><\/span><span><span>, Director Creativ CODRU.<\/span><\/span><\/p>\n<h3><span><span><span><b>Comunitate \u0219i sustenabilitate<\/b><\/span><\/span><\/span><\/h3>\n<p><span><span>CODRU continu\u0103 s\u0103 \u00eembine muzica, cultura \u0219i responsabilitatea fa\u021b\u0103 de natur\u0103. Evenimentul r\u0103m\u00e2ne unul dintre pu\u021binele festivaluri din Europa \u00een care sustenabilitatea \u0219i interven\u021biile artistice sunt la fel de importante pentru experien\u021ba publicului ca concertele \u00een sine.<\/span><\/span><\/p>\n<p><span><span>Pe l\u00e2ng\u0103 concerte \u0219i art\u0103, participan\u021bii vor descoperi multe zone de relaxare, activit\u0103\u021bi interactive pentru toate v\u00e2rstele \u0219i zone dedicate spiritului comunitar.<\/span><\/span><\/p>\n<p align=\"justify\"><span><span><b>CODRU6 are loc \u00een perioada 28 \u2013 30 august 2026, \u00een P\u0103durea Verde din Timi\u0219oara.<\/b><\/span><\/span><\/p>\n<p align=\"justify\"><span><span>Biletele sunt disponibile pe <\/span><\/span><a href=\"http:\/\/codrufestival.ro\/\" rel=\"noopener\"><span><span><u><b>codrufestival.ro<\/b><\/u><\/span><\/span><\/a><span><span> \u0219i pe <\/span><\/span><a href=\"http:\/\/iabilet.ro\/\" rel=\"noopener\"><span><span><u>iabilet.ro<\/u><\/span><\/span><\/a><span><span>.<\/span><\/span><\/p>\n<p><span><span>Pentru nout\u0103\u021bi \u0219i con\u021binut \u00een timp real, surprize \u0219i oferte, urm\u0103re\u0219te CODRU pe<\/span><\/span><a href=\"https:\/\/www.facebook.com\/codrufestival\" rel=\"noopener\"><span><span><u> Facebook<\/u><\/span><\/span><\/a><span><span>,<\/span><\/span><a href=\"https:\/\/www.instagram.com\/codrufestival\/?hl=en\" rel=\"noopener\"><span><span><u> Instagram<\/u><\/span><\/span><\/a><span><span> \u0219i<\/span><\/span><a href=\"https:\/\/www.youtube.com\/@codrufestival\" rel=\"noopener\"><span><span><u> YouTube<\/u><\/span><\/span><\/a><span><span>.<\/span><\/span><\/p>\n<\/div>\n<p>[analyse_source url=&#8221;https:\/\/renasterea.ro\/codru-festival-2026-ultimul-weekend-din-vara-aduce-gipsy-kings-s-a-r-s-subcarpati-si-o-imensa-galerie-de-arta-in-padurea-verde-din-timisoara\/&#8221;]<\/p>\n","protected":false},"excerpt":{"rendered":"<p>[analyse_image type=&#8221;featured&#8221; src=&#8221;https:\/\/renasterea.ro\/ro\/wp-content\/uploads\/2026\/08\/codru-festival-1.jpghttps:\/\/renasterea.ro\/ro\/wp-content\/uploads\/2026\/08\/codru-festival-1.jpg&#8221;] Programul pe zile la CODRU Festival 2026 a fost publicat, iar organizatorii au anun\u021bat una dintre cele mai complexe edi\u021bii. \u00centre 28 \u0219i 30 august 2026, publicul este invitat s\u0103 \u00ee\u0219i petreac\u0103 ultimul weekend din var\u0103 la unul dintre cele mai iubite festivaluri din Rom\u00e2nia. P\u0103durea Verde din Timi\u0219oara devine, din nou, [&hellip;]<\/p>\n","protected":false},"author":1,"featured_media":0,"comment_status":"open","ping_status":"","sticky":false,"template":"","format":"standard","meta":{"footnotes":""},"categories":[89],"tags":[226,188],"class_list":["post-2101778","post","type-post","status-publish","format-standard","hentry","category-romania","tag-crawlmanager","tag-renasterea-ro"],"_links":{"self":[{"href":"https:\/\/analyse.optim.biz\/index.php?rest_route=\/wp\/v2\/posts\/2101778","targetHints":{"allow":["GET"]}}],"collection":[{"href":"https:\/\/analyse.optim.biz\/index.php?rest_route=\/wp\/v2\/posts"}],"about":[{"href":"https:\/\/analyse.optim.biz\/index.php?rest_route=\/wp\/v2\/types\/post"}],"author":[{"embeddable":true,"href":"https:\/\/analyse.optim.biz\/index.php?rest_route=\/wp\/v2\/users\/1"}],"replies":[{"embeddable":true,"href":"https:\/\/analyse.optim.biz\/index.php?rest_route=%2Fwp%2Fv2%2Fcomments&post=2101778"}],"version-history":[{"count":0,"href":"https:\/\/analyse.optim.biz\/index.php?rest_route=\/wp\/v2\/posts\/2101778\/revisions"}],"wp:attachment":[{"href":"https:\/\/analyse.optim.biz\/index.php?rest_route=%2Fwp%2Fv2%2Fmedia&parent=2101778"}],"wp:term":[{"taxonomy":"category","embeddable":true,"href":"https:\/\/analyse.optim.biz\/index.php?rest_route=%2Fwp%2Fv2%2Fcategories&post=2101778"},{"taxonomy":"post_tag","embeddable":true,"href":"https:\/\/analyse.optim.biz\/index.php?rest_route=%2Fwp%2Fv2%2Ftags&post=2101778"}],"curies":[{"name":"wp","href":"https:\/\/api.w.org\/{rel}","templated":true}]}}