{"id":2101775,"date":"2026-08-19T08:03:43","date_gmt":"2026-08-19T05:03:43","guid":{"rendered":"https:\/\/analyse.optim.biz\/?p=2101775"},"modified":"2026-08-19T08:03:43","modified_gmt":"2026-08-19T05:03:43","slug":"cinepicnic-pe-terasa-la-studio","status":"publish","type":"post","link":"https:\/\/analyse.optim.biz\/?p=2101775","title":{"rendered":"CinePicnic pe teras\u0103 la Studio"},"content":{"rendered":"<p>[analyse_image type=&#8221;featured&#8221; src=&#8221;https:\/\/renasterea.ro\/ro\/wp-content\/uploads\/2026\/08\/cinema-studio.jpghttps:\/\/renasterea.ro\/ro\/wp-content\/uploads\/2026\/08\/cinema-studio.jpg&#8221;]<\/p>\n<div class=\"entry-content\"><img loading=\"lazy\" decoding=\"async\" width=\"700\" height=\"393\" src=\"https:\/\/renasterea.ro\/ro\/wp-content\/uploads\/2026\/08\/cinema-studio.jpg\" class=\"attachment-medium size-medium wp-post-image\" alt=\"CinePicnic pe teras\u0103 la Studio\" title=\"CinePicnic pe teras\u0103 la Studio 1\"><\/p>\n<h4>CinePicnic pe teras\u0103 la Studio\u2026 Exist\u0103 ceva special \u00een serile de var\u0103 petrecute pe terasa Cinema Studio din Timi\u0219oara. Poate e ora\u0219ul care \u00eencetine\u0219te ritmul, poate e aerul de sear\u0103 sau sentimentul c\u0103 un film v\u0103zut sub cerul liber se tr\u0103ie\u0219te pu\u021bin altfel.<\/h4>\n<p>\u201dPe 29 august, transform\u0103m terasa Cinema Studio \u00eentr-un picnic urban \u0219i v\u0103 invit\u0103m la o sear\u0103 \u00een care cinematograful, ora\u0219ul \u0219i oamenii se \u00eent\u00e2lnesc \u00eentr-un singur loc.<\/p>\n<p>De la 20,30 pute\u021bi urca pe teras\u0103, s\u0103 v\u0103 g\u0103si\u021bi locul, s\u0103 v\u0103 lua\u021bi ceva de la bar \u0219i s\u0103 v\u0103 instala\u021bi confortabil. De la 21,30 \u00eencep proiec\u021biile. \u00centr-o singur\u0103 sear\u0103, c\u0103l\u0103torim prin Fran\u021ba, Germania, Rom\u00e2nia, Coreea de Sud \u0219i Georgia \u0219i Serbia, prin intermediul a cinci scurtmetraje care nu seam\u0103n\u0103 \u00eentre ele, dar au \u00een comun pofta de a spune pove\u0219ti altfel.<\/p>\n<p>Primul film din program este &lt;&lt;The Body of the King&gt;&gt;, \u00een regia Bianc\u0103i Sescu \u015fi a lui Emy Rodrigues, o produc\u0163ie francez\u0103 din 2023, cu durata de 19 minute \u015fi recomandat publicului care a dep\u0103\u015fit v\u00e2rsta de 12 ani. \u00centr-o zi torid\u0103 de var\u0103, doi adolescen\u021bi exploreaz\u0103 o biseric\u0103 abandonat\u0103. Jocul lor se love\u0219te \u00eens\u0103 de solemnitatea locului \u0219i de boala unuia dintre cei doi b\u0103ie\u021bi. Un film despre adolescen\u021b\u0103, fragilitate \u0219i dorin\u021ba de a tr\u0103i.<\/p>\n<p>&lt;&lt;Gestures of Proof&gt;&gt;, \u00een regia lui Elis Ro\u015fca \u015fi Vasilis Marlantis este o co \u2013 produc\u0163ie Germania \u2013 Rom\u00e2nia din 2025, \u0163ine 14 minute \u015fi este nerecomandat v\u00e2rstelor mai mici de 12 ani. Doi candida\u021bi nu reu\u0219esc s\u0103 treac\u0103 un test CAPTCHA \u00een procesul de admitere la universitate \u0219i sunt chema\u021bi s\u0103 \u00eel sus\u021bin\u0103 \u00een persoan\u0103. Problema? Trebuie s\u0103 \u00ee\u0219i demonstreze unul altuia c\u0103 sunt oameni. O poveste care porne\u0219te de la o situa\u021bie absurd\u0103 \u0219i pune sub semnul \u00eentreb\u0103rii ce \u00eenseamn\u0103, de fapt, s\u0103 fii uman.<\/p>\n<p>&lt;&lt;Mistre\u0163ul cu col\u0163i de argint &gt;&gt; este o anima\u0163ie rom\u00e2neasc\u0103 din 2024, dureaz\u0103 numai \u015fapte minute \u015fi este regizat\u0103 de George Sorinca. \u00cen c\u0103utarea unui mistre\u021b misterios, un om se pierde \u00een p\u0103dure \u0219i \u00eent\u00e2lne\u0219te lucruri din ce \u00een ce mai stranii. O anima\u021bie nonverbal\u0103, \u00eentunecat\u0103 \u0219i misterioas\u0103, \u00een care aventura se transform\u0103 \u00eentr-un co\u0219mar.<\/p>\n<p>&lt;&lt;Teratoma&gt;&gt; este un film \u00een regia lui Jeong-won Byun, o produc\u0163ie Coreea de Sud 2022 extins\u0103 pe durata a 25 de minute \u015fi adresat\u0103 persoanelor de peste 14 ani. Eun-il are 28 de ani \u0219i un teratom format \u00een ovar, care con\u021bine ochi, din\u021bi \u0219i p\u0103r. Partenerul ei, mama \u0219i prietena ei au fiecare propria explica\u021bie pentru apari\u021bia lui. Dar lucrurile devin cu adev\u0103rat nea\u0219teptate atunci c\u00e2nd teratomul \u00eencepe s\u0103 vorbeasc\u0103.<\/p>\n<p>Ultima pelicul\u0103 a serii este &lt;&lt;Fragments on Resistance&gt;&gt;, o co \u2013 produc\u0163ie Georgia \u2013 Serbia 2025, a c\u0103rei regie este semnat\u0103 de Ani Kiladze \u015fi Levan Tskhovrebadze. Recomandat persoanelor care au dep\u0103\u015fit v\u00e2rsta de 14 ani, filmul dureaz\u0103 24 de minute. Pavla \u0219i Levan \u00ee\u0219i documenteaz\u0103 c\u0103l\u0103toriile p\u00e2n\u0103 c\u00e2nd tulbur\u0103rile politice le schimb\u0103 radical realitatea. Prin imagini \u0219i mesaje fragmentate, filmul urm\u0103re\u0219te rezisten\u021ba \u0219i lupta de a r\u0103m\u00e2ne umani \u00eentr-o lume cuprins\u0103 de haos.<\/p>\n<h2>CITE\u015eTE \u015eI: <span><a href=\"https:\/\/renasterea.ro\/timisoara-rivalizeaza-cu-bucurestiul-in-privinta-accesabilitatii-locuintelor-studiu\/\">Jude\u0163ul Timi\u015f rivalizeaz\u0103 cu Bucure\u015ftiul \u00een privin\u0163a accesabilit\u0103\u0163ii locuin\u0163elor \u2013 Studiu<\/a><\/span><\/h2>\n<p>CinePicnic este warm-up-ul Caravanei Paradiso pentru ceea ce urmeaz\u0103 \u00een toamn\u0103. \u00centre 28 octombrie \u0219i 1 noiembrie, revenim la Timi\u0219oara cu un nou program de proiec\u021bii, ateliere \u0219i experien\u021be cinematografice. A\u0219a c\u0103 vino pe teras\u0103, ia-\u021bi un loc, comand\u0103 ceva bun de la bar \u0219i las\u0103-ne s\u0103 te plimb\u0103m prin cinci lumi diferite, \u00eentr-o singur\u0103 sear\u0103\u201d, au transmis organizatorii evenimentului.<\/p>\n<\/div>\n<p>[analyse_source url=&#8221;https:\/\/renasterea.ro\/cinepicnic-pe-terasa-la-studio\/&#8221;]<\/p>\n","protected":false},"excerpt":{"rendered":"<p>[analyse_image type=&#8221;featured&#8221; src=&#8221;https:\/\/renasterea.ro\/ro\/wp-content\/uploads\/2026\/08\/cinema-studio.jpghttps:\/\/renasterea.ro\/ro\/wp-content\/uploads\/2026\/08\/cinema-studio.jpg&#8221;] CinePicnic pe teras\u0103 la Studio\u2026 Exist\u0103 ceva special \u00een serile de var\u0103 petrecute pe terasa Cinema Studio din Timi\u0219oara. Poate e ora\u0219ul care \u00eencetine\u0219te ritmul, poate e aerul de sear\u0103 sau sentimentul c\u0103 un film v\u0103zut sub cerul liber se tr\u0103ie\u0219te pu\u021bin altfel. \u201dPe 29 august, transform\u0103m terasa Cinema Studio \u00eentr-un picnic [&hellip;]<\/p>\n","protected":false},"author":1,"featured_media":0,"comment_status":"open","ping_status":"","sticky":false,"template":"","format":"standard","meta":{"footnotes":""},"categories":[89],"tags":[226,188],"class_list":["post-2101775","post","type-post","status-publish","format-standard","hentry","category-romania","tag-crawlmanager","tag-renasterea-ro"],"_links":{"self":[{"href":"https:\/\/analyse.optim.biz\/index.php?rest_route=\/wp\/v2\/posts\/2101775","targetHints":{"allow":["GET"]}}],"collection":[{"href":"https:\/\/analyse.optim.biz\/index.php?rest_route=\/wp\/v2\/posts"}],"about":[{"href":"https:\/\/analyse.optim.biz\/index.php?rest_route=\/wp\/v2\/types\/post"}],"author":[{"embeddable":true,"href":"https:\/\/analyse.optim.biz\/index.php?rest_route=\/wp\/v2\/users\/1"}],"replies":[{"embeddable":true,"href":"https:\/\/analyse.optim.biz\/index.php?rest_route=%2Fwp%2Fv2%2Fcomments&post=2101775"}],"version-history":[{"count":0,"href":"https:\/\/analyse.optim.biz\/index.php?rest_route=\/wp\/v2\/posts\/2101775\/revisions"}],"wp:attachment":[{"href":"https:\/\/analyse.optim.biz\/index.php?rest_route=%2Fwp%2Fv2%2Fmedia&parent=2101775"}],"wp:term":[{"taxonomy":"category","embeddable":true,"href":"https:\/\/analyse.optim.biz\/index.php?rest_route=%2Fwp%2Fv2%2Fcategories&post=2101775"},{"taxonomy":"post_tag","embeddable":true,"href":"https:\/\/analyse.optim.biz\/index.php?rest_route=%2Fwp%2Fv2%2Ftags&post=2101775"}],"curies":[{"name":"wp","href":"https:\/\/api.w.org\/{rel}","templated":true}]}}