{"id":2101560,"date":"2026-08-19T20:18:48","date_gmt":"2026-08-19T17:18:48","guid":{"rendered":"https:\/\/analyse.optim.biz\/?p=2101560"},"modified":"2026-08-19T20:18:48","modified_gmt":"2026-08-19T17:18:48","slug":"husean-retinut-dupa-ce-si-a-agresat-sotia-omul-a-incalcat-de-patru-ori-ordinul-de-protectie","status":"publish","type":"post","link":"https:\/\/analyse.optim.biz\/?p=2101560","title":{"rendered":"Hu\u0219ean re\u021binut dup\u0103 ce \u0219i-a agresat so\u021bia. Omul a \u00eenc\u0103lcat de patru ori ordinul de protec\u021bie"},"content":{"rendered":"<p>[analyse_image type=&#8221;featured&#8221; src=&#8221;https:\/\/vasluianul.ro\/wp-content\/uploads\/2024\/10\/politia-husi-09-jpg.webp&#8221;]<\/p>\n<div class=\"tdb-block-inner td-fix-index\"><time class=\"entry-date updated td-module-date\" datetime=\"2026-08-19T23:18:48+03:00\">august 19, 2026<\/time><\/div>\n<div class=\"tdb-block-inner td-fix-index\"><span>Updated:<\/span><time class=\"entry-date updated td-module-date\" datetime=\"2026-08-19T23:18:48+03:00\">august 19, 2026<\/time><\/div>\n<div class=\"tdb-block-inner td-fix-index\">\n<h1 class=\"tdb-title-text\">Hu\u0219ean re\u021binut dup\u0103 ce \u0219i-a agresat so\u021bia. Omul a \u00eenc\u0103lcat de patru ori ordinul de protec\u021bie<\/h1>\n<\/div>\n<div class=\"tdb-block-inner td-fix-index\"><a class=\"tdb-author-photo\" href=\"https:\/\/vasluianul.ro\/author\/adrian-preda\/\" title=\"Adrian Preda\"><img loading=\"lazy\" decoding=\"async\" alt=\"Adrian Preda\" src=\"https:\/\/secure.gravatar.com\/avatar\/66441e1e224d14d86219bbfb42e21a31709e2233c3c326193cfc82dd104a5ff3?s=34&amp;d=identicon&amp;r=g\" class=\"avatar avatar-34 photo\" height=\"34\" width=\"34\" data-eio=\"l\"><\/a><\/p>\n<div class=\"tdb-author-name-wrap\"><span class=\"tdb-author-by\">By<\/span><a class=\"tdb-author-name\" href=\"https:\/\/vasluianul.ro\/author\/adrian-preda\/\">Adrian Preda<\/a><\/div>\n<\/div>\n<div class=\"tdb-block-inner td-fix-index\"><a href=\"https:\/\/vasluianul.ro\/wp-content\/uploads\/2024\/10\/politia-husi-09-jpg.webp\" data-caption><img loading=\"lazy\" decoding=\"async\" width=\"1068\" height=\"804\" class=\"entry-thumb td-modal-image\" src=\"https:\/\/vasluianul.ro\/wp-content\/uploads\/2024\/10\/politia-husi-09-1068x804.webp\" alt title=\"politia husi 09\" data-eio=\"l\"><\/a><\/div>\n<div class=\"td_block_wrap tdb_single_content tdi_75 td-pb-border-top td_block_template_1 td-post-content tagdiv-type\" data-td-block-uid=\"tdi_75\">\n<div class=\"tdb-block-inner td-fix-index\">\n<div class=\"vtp-article-views\" aria-label=\"Num\u0103r vizualiz\u0103ri articol\"><span class=\"vtp-eye\" aria-hidden=\"true\">\ud83d\udc41<\/span><strong>22<\/strong> vizualiz\u0103ri<\/div>\n<p class=\"PDq2pG_selectionAnchorContainer\" data-start=\"103\" data-end=\"336\"><strong><span>Un b\u0103rbat de 39 de ani din Hu\u0219i a fost re\u021binut de poli\u021bi\u0219ti, dup\u0103 ce \u0219i-ar fi agresat so\u021bia \u0219i ar fi \u00eenc\u0103lcat \u00een repetate r\u00e2nduri ordinul de protec\u021bie emis \u00eempotriva sa. Cazul este cercetat de poli\u021bi\u0219tii Biroului Ordine Public\u0103 Hu\u0219i.<\/span><\/strong><\/p>\n<div class=\"code-block code-block-1\"><a href=\"https:\/\/vasluianul.ro\/ordin-protectie-husi-barbat-retinut\/DESTINATION\"><img decoding=\"async\" src=\"https:\/\/vasluianul.ro\/wp-content\/uploads\/2022\/06\/reclama-vechia-roma-2.jpeg%0A\" data-eio=\"l\"><\/a><\/div>\n<p data-start=\"338\" data-end=\"573\"><span>Judec\u0103toria Hu\u0219i a emis, pe 16 iunie, un ordin de protec\u021bie valabil \u0219ase luni. B\u0103rbatului i s-a interzis s\u0103 se apropie la mai pu\u021bin de 100 de metri de so\u021bia sa, de locuin\u021ba \u0219i locul de munc\u0103 al acesteia \u0219i s\u0103 o contacteze \u00een orice mod.<\/span><\/p>\n<p data-start=\"575\" data-end=\"759\"><span>Potrivit poli\u021bi\u0219tilor, restric\u021biile nu ar fi fost respectate. Anchetatorii au stabilit c\u0103 b\u0103rbatul ar fi \u00eenc\u0103lcat ordinul de protec\u021bie \u00een 26 iunie, 15 iulie, 28 iulie \u0219i 12 august.<\/span><\/p>\n<aside class=\"vva-wrap\" aria-label=\"PUBLICITATE\">\n<div class=\"vva-label\">PUBLICITATE<\/div>\n<p><a class=\"vva-link\" href=\"https:\/\/www.facebook.com\/FamiliaSafir\" target=\"_blank\" rel=\"noopener sponsored\"><video class=\"vva-video\" data-max-seconds=\"21\" playsinline preload=\"metadata\" autoplay muted controls><source src=\"https:\/\/vasluianul.ro\/wp-content\/uploads\/2026\/07\/safir-campanie-iulie-2026.mp4\" \/><\/video><\/a><\/aside>\n<div class=\"vam4-ad vam4-device-mobile\" data-ad-id=\"6\">\n<div class=\"vam4-label\">PUBLICITATE<\/div>\n<div class=\"vam4-frame\"><img decoding=\"async\" src=\"https:\/\/vasluianul.ro\/wp-content\/uploads\/2026\/06\/concurs-familia-safir-.png\" alt=\"Safir\" loading=\"lazy\" data-eio=\"l\"><\/div>\n<\/div>\n<p data-start=\"761\" data-end=\"956\"><span>Ultimul incident s-ar fi produs pe 12 august, \u00een jurul orei 17.00, pe o strad\u0103 din Hu\u0219i. Pe fondul geloziei, b\u0103rbatul s-ar fi apropiat la mai pu\u021bin de 100 de metri de so\u021bia sa \u0219i ar fi agresat-o.<\/span><\/p>\n<p data-start=\"958\" data-end=\"1048\"><span>\u00cen urma probelor str\u00e2nse \u00een dosar, pe 16 august, poli\u021bi\u0219tii l-au re\u021binut pentru 24 de ore.<\/span><\/p>\n<p data-start=\"1050\" data-end=\"1176\"><span>O zi mai t\u00e2rziu, Parchetul de pe l\u00e2ng\u0103 Judec\u0103toria Hu\u0219i a dispus plasarea acestuia sub control judiciar pentru 60 de zile.<\/span><\/p>\n<p data-start=\"1178\" data-end=\"1289\" data-is-last-node data-is-only-node><span>B\u0103rbatul este cercetat pentru violen\u021b\u0103 \u00een familie \u0219i nerespectarea m\u0103surilor dispuse prin ordinul de protec\u021bie.<\/span><\/p>\n<\/div>\n<\/div>\n<div class=\"tdb-block-inner td-fix-index\">\n<div class=\"vtp-article-views\" aria-label=\"Num\u0103r vizualiz\u0103ri articol\"><span class=\"vtp-eye\" aria-hidden=\"true\">\ud83d\udc41<\/span><strong>22<\/strong> vizualiz\u0103ri<\/div>\n<p class=\"PDq2pG_selectionAnchorContainer\" data-start=\"103\" data-end=\"336\"><strong><span>Un b\u0103rbat de 39 de ani din Hu\u0219i a fost re\u021binut de poli\u021bi\u0219ti, dup\u0103 ce \u0219i-ar fi agresat so\u021bia \u0219i ar fi \u00eenc\u0103lcat \u00een repetate r\u00e2nduri ordinul de protec\u021bie emis \u00eempotriva sa. Cazul este cercetat de poli\u021bi\u0219tii Biroului Ordine Public\u0103 Hu\u0219i.<\/span><\/strong><\/p>\n<div class=\"code-block code-block-1\"><a href=\"https:\/\/vasluianul.ro\/ordin-protectie-husi-barbat-retinut\/DESTINATION\"><img decoding=\"async\" src=\"https:\/\/vasluianul.ro\/wp-content\/uploads\/2022\/06\/reclama-vechia-roma-2.jpeg%0A\" data-eio=\"l\"><\/a><\/div>\n<p data-start=\"338\" data-end=\"573\"><span>Judec\u0103toria Hu\u0219i a emis, pe 16 iunie, un ordin de protec\u021bie valabil \u0219ase luni. B\u0103rbatului i s-a interzis s\u0103 se apropie la mai pu\u021bin de 100 de metri de so\u021bia sa, de locuin\u021ba \u0219i locul de munc\u0103 al acesteia \u0219i s\u0103 o contacteze \u00een orice mod.<\/span><\/p>\n<p data-start=\"575\" data-end=\"759\"><span>Potrivit poli\u021bi\u0219tilor, restric\u021biile nu ar fi fost respectate. Anchetatorii au stabilit c\u0103 b\u0103rbatul ar fi \u00eenc\u0103lcat ordinul de protec\u021bie \u00een 26 iunie, 15 iulie, 28 iulie \u0219i 12 august.<\/span><\/p>\n<aside class=\"vva-wrap\" aria-label=\"PUBLICITATE\">\n<div class=\"vva-label\">PUBLICITATE<\/div>\n<p><a class=\"vva-link\" href=\"https:\/\/www.facebook.com\/FamiliaSafir\" target=\"_blank\" rel=\"noopener sponsored\"><video class=\"vva-video\" data-max-seconds=\"21\" playsinline preload=\"metadata\" autoplay muted controls><source src=\"https:\/\/vasluianul.ro\/wp-content\/uploads\/2026\/07\/safir-campanie-iulie-2026.mp4\" \/><\/video><\/a><\/aside>\n<div class=\"vam4-ad vam4-device-mobile\" data-ad-id=\"6\">\n<div class=\"vam4-label\">PUBLICITATE<\/div>\n<div class=\"vam4-frame\"><img decoding=\"async\" src=\"https:\/\/vasluianul.ro\/wp-content\/uploads\/2026\/06\/concurs-familia-safir-.png\" alt=\"Safir\" loading=\"lazy\" data-eio=\"l\"><\/div>\n<\/div>\n<p data-start=\"761\" data-end=\"956\"><span>Ultimul incident s-ar fi produs pe 12 august, \u00een jurul orei 17.00, pe o strad\u0103 din Hu\u0219i. Pe fondul geloziei, b\u0103rbatul s-ar fi apropiat la mai pu\u021bin de 100 de metri de so\u021bia sa \u0219i ar fi agresat-o.<\/span><\/p>\n<p data-start=\"958\" data-end=\"1048\"><span>\u00cen urma probelor str\u00e2nse \u00een dosar, pe 16 august, poli\u021bi\u0219tii l-au re\u021binut pentru 24 de ore.<\/span><\/p>\n<p data-start=\"1050\" data-end=\"1176\"><span>O zi mai t\u00e2rziu, Parchetul de pe l\u00e2ng\u0103 Judec\u0103toria Hu\u0219i a dispus plasarea acestuia sub control judiciar pentru 60 de zile.<\/span><\/p>\n<p data-start=\"1178\" data-end=\"1289\" data-is-last-node data-is-only-node><span>B\u0103rbatul este cercetat pentru violen\u021b\u0103 \u00een familie \u0219i nerespectarea m\u0103surilor dispuse prin ordinul de protec\u021bie.<\/span><\/p>\n<\/div>\n<div class=\"tdb-block-inner td-fix-index\"><a href=\"https:\/\/vasluianul.ro\/author\/adrian-preda\/\" class=\"tdb-author-photo\" title=\"Adrian Preda\"><img loading=\"lazy\" decoding=\"async\" alt=\"Adrian Preda\" src=\"https:\/\/secure.gravatar.com\/avatar\/66441e1e224d14d86219bbfb42e21a31709e2233c3c326193cfc82dd104a5ff3?s=96&amp;d=identicon&amp;r=g\" class=\"avatar avatar-96 photo\" height=\"96\" width=\"96\" data-eio=\"l\"><\/a><\/p>\n<div class=\"tdb-author-info\"><a href=\"https:\/\/vasluianul.ro\/author\/adrian-preda\/\" class=\"tdb-author-name\">Adrian Preda<\/a><\/div>\n<\/div>\n<div class=\"tdb-block-inner td-fix-index\">\n<div class=\"comments\" id=\"comments\">\n<div id=\"respond\" class=\"comment-respond\">\n<h3 id=\"reply-title\" class=\"comment-reply-title\">L\u0102SA\u021aI UN MESAJ <small><a rel=\"nofollow\" id=\"cancel-comment-reply-link\" href=\"https:\/\/vasluianul.ro\/ordin-protectie-husi-barbat-retinut\/#respond\">Renun\u021ba\u021bi la r\u0103spuns<\/a><\/small><\/h3>\n<div class=\"comment-form-input-wrap td-form-comment\">\n<div class=\"td-warning-comment\">V\u0103 rug\u0103m s\u0103 introduce\u021bi comentariul dvs.!<\/div>\n<\/div>\n<div class=\"comment-form-input-wrap td-form-author\">\n<div class=\"td-warning-author\">Introduce\u021bi aici numele dvs.<\/div>\n<\/div>\n<div class=\"comment-form-input-wrap td-form-email\">\n<div class=\"td-warning-email-error\">A\u021bi introdus o adres\u0103 de e-mail incorect\u0103!<\/div>\n<div class=\"td-warning-email\">V\u0103 rug\u0103m s\u0103 introduce\u021bi adresa dvs. de e-mail aici<\/div>\n<\/div>\n<\/div>\n<\/div>\n<\/div>\n<p>[analyse_source url=&#8221;https:\/\/vasluianul.ro\/ordin-protectie-husi-barbat-retinut\/#new_tab&#8221;]<\/p>\n","protected":false},"excerpt":{"rendered":"<p>[analyse_image type=&#8221;featured&#8221; src=&#8221;https:\/\/vasluianul.ro\/wp-content\/uploads\/2024\/10\/politia-husi-09-jpg.webp&#8221;] august 19, 2026 Updated:august 19, 2026 Hu\u0219ean re\u021binut dup\u0103 ce \u0219i-a agresat so\u021bia. Omul a \u00eenc\u0103lcat de patru ori ordinul de protec\u021bie ByAdrian Preda \ud83d\udc4122 vizualiz\u0103ri Un b\u0103rbat de 39 de ani din Hu\u0219i a fost re\u021binut de poli\u021bi\u0219ti, dup\u0103 ce \u0219i-ar fi agresat so\u021bia \u0219i ar fi \u00eenc\u0103lcat \u00een repetate r\u00e2nduri [&hellip;]<\/p>\n","protected":false},"author":1,"featured_media":0,"comment_status":"open","ping_status":"","sticky":false,"template":"","format":"standard","meta":{"footnotes":""},"categories":[89],"tags":[226,217],"class_list":["post-2101560","post","type-post","status-publish","format-standard","hentry","category-romania","tag-crawlmanager","tag-vaslui-robo-stiri-ro"],"_links":{"self":[{"href":"https:\/\/analyse.optim.biz\/index.php?rest_route=\/wp\/v2\/posts\/2101560","targetHints":{"allow":["GET"]}}],"collection":[{"href":"https:\/\/analyse.optim.biz\/index.php?rest_route=\/wp\/v2\/posts"}],"about":[{"href":"https:\/\/analyse.optim.biz\/index.php?rest_route=\/wp\/v2\/types\/post"}],"author":[{"embeddable":true,"href":"https:\/\/analyse.optim.biz\/index.php?rest_route=\/wp\/v2\/users\/1"}],"replies":[{"embeddable":true,"href":"https:\/\/analyse.optim.biz\/index.php?rest_route=%2Fwp%2Fv2%2Fcomments&post=2101560"}],"version-history":[{"count":0,"href":"https:\/\/analyse.optim.biz\/index.php?rest_route=\/wp\/v2\/posts\/2101560\/revisions"}],"wp:attachment":[{"href":"https:\/\/analyse.optim.biz\/index.php?rest_route=%2Fwp%2Fv2%2Fmedia&parent=2101560"}],"wp:term":[{"taxonomy":"category","embeddable":true,"href":"https:\/\/analyse.optim.biz\/index.php?rest_route=%2Fwp%2Fv2%2Fcategories&post=2101560"},{"taxonomy":"post_tag","embeddable":true,"href":"https:\/\/analyse.optim.biz\/index.php?rest_route=%2Fwp%2Fv2%2Ftags&post=2101560"}],"curies":[{"name":"wp","href":"https:\/\/api.w.org\/{rel}","templated":true}]}}