{"id":2101537,"date":"2026-08-19T20:14:52","date_gmt":"2026-08-19T17:14:52","guid":{"rendered":"https:\/\/analyse.optim.biz\/?p=2101537"},"modified":"2026-08-19T20:14:52","modified_gmt":"2026-08-19T17:14:52","slug":"comitetul-politic-al-usr-l-a-reconfirmat-prin-vot-pe-dominic-fritz-in-functia-de-presedinte","status":"publish","type":"post","link":"https:\/\/analyse.optim.biz\/?p=2101537","title":{"rendered":"Comitetul Politic al USR l-a reconfirmat, prin vot, pe Dominic Fritz \u00een func\u021bia de pre\u0219edinte"},"content":{"rendered":"<p>[analyse_image type=&#8221;featured&#8221; src=&#8221;https:\/\/ziardesuceava.ro\/wp-content\/uploads\/2026\/08\/79803.webp-1024&#215;768.jpeg&#8221;]<\/p>\n<div class=\"post-content clearfix\">\n<div class=\"blog-post-thumb\"><img loading=\"lazy\" decoding=\"async\" width=\"1140\" height=\"694\" src=\"https:\/\/ziardesuceava.ro\/wp-content\/uploads\/2026\/08\/79803.webp-1140x694.jpeg\" class=\"attachment-inhype-blog-thumb size-inhype-blog-thumb wp-post-image\" alt><\/div>\n<div class=\"entry-content\">\n<div>\n<p class=\"fara-orfani lead\">Comitetul Politic al USR a reconfirmat miercuri, prin vot, \u00een unanimitate (151 de membri ai CP prezen\u021bi), sprijinul politic pentru Dominic Fritz \u00een func\u021bia de pre\u0219edinte al USR.<\/p>\n<div class=\"continut-articol\">\n<p>\u201dDecizia luat\u0103 de majoritatea PSD din Curtea Constitu\u021bional\u0103 a Rom\u00e2niei, institu\u021bia care ar trebui s\u0103 protejeze legea fundamental\u0103 \u0219i drepturile cet\u0103\u021benilor, nu poate schimba nici votul timi\u0219orenilor \u0219i nici op\u021biunea membrilor USR, exprimat\u0103 prin vot direct, pentru Dominic Fritz. Dimpotriv\u0103, \u00een fa\u021ba acestui atac, USR este mai unit \u0219i mai determinat ca niciodat\u0103 s\u0103 apere democra\u021bia, statul de drept \u0219i votul cet\u0103\u021benilor\u201d, a precizat partidul \u00eentr-un comunicat.<\/p>\n<p>Votul a fost dat dup\u0103 ce CCR a decis c\u0103 Dominic Fritz trebuie s\u0103-\u0219i dea demisia din func\u021bia de primar al Timi\u0219oarei, verdictul fiind contestat pentru c\u0103 \u00eencalc\u0103 principiul legifer\u0103rii pentru viitor din Constitu\u021bie \u0219i pentru c\u0103 respectivul conflict de interese nu mai este penalizat de lege \u00een prezent.\u00a0<\/p>\n<p>\u201dDomnule Grindeanu, dup\u0103 ce 600 de mii de oameni \u0219i chiar propriul partid v-au dat jos din fruntea guvernului, ve\u021bi mai ajunge premier doar dac\u0103 extremi\u0219tii v\u0103 vor sprijini ca pe o p\u0103pu\u0219\u0103 goal\u0103 de con\u021binut. Domnule Grindeanu, a pune \u00een discu\u021bie orice decizie este de esen\u021ba democra\u021biei. A t\u0103cea \u00eenseamn\u0103 moartea \u00eencet\u0103 a democra\u021biei. \u0218i nu va muri democra\u021bia pe m\u00e2na dumneavoastr\u0103\u201d, a declarat dup\u0103 Comitetul Politic purt\u0103torul de cuv\u00e2nt al USR Cristian Seidler.<\/p>\n<p>\u201dMafia sistemului a crezut c\u0103 legea anti-Fritz\/anti-Timi\u0219oara ne va dezbina. S-au \u00een\u0219elat\u201d, a reac\u021bionat pe Facebook Dominic Fritz, mul\u021bumind celor peste 150 colegi care \u00een Comitetul Politic al USR mi-au dat un vot unanim de \u00eencredere \u0219i \u201dtuturor celor care se mobilizeaz\u0103 zilele acestea pentru statul de drept \u00een Rom\u00e2nia, dincolo de apartenen\u021be politice\u201d.<\/p>\n<p>@De\u0219i statul de drept a fost suspendat prin decizia majorit\u0103\u021bii PSD din Curtea Constitu\u021bional\u0103 de a \u00eentoarce timpul \u00eenapoi, de\u0219i concubinii politici PSD \u0219i AUR au sus\u021binut o lege care \u00eencalc\u0103 regulile de baz\u0103 ale statului de drept, de\u0219i vedem cu to\u021bii c\u0103 statul rom\u00e2n, institu\u021biile sale democratice, sunt confiscate, sunt sub sediul prelungit a unui grup de interese politice, a c\u0103rei singur\u0103 temere este c\u0103 dup\u0103 80 de ani ar putea s\u0103 piard\u0103 puterea, nu ne este fric\u0103 de ei\u201d, a mai spus Seidler.<\/p>\n<p>El a sus\u021binut c\u0103 Dominic Fritz \u00ee\u0219i va duce mandatul la bun sf\u00e2r\u0219it \u0219i la Prim\u0103ria Timi\u0219oara \u0219i la conducerea partidului. <\/p>\n<p>\u201dLa fel cum e ne este clar c\u0103 o lege din 2026, nu poate s\u0103 afecteze \u0219i s\u0103 priveasc\u0103 evenimente din 2020 altfel dec\u00e2t fiind retroactiv\u0103, adic\u0103 neconstitu\u021bional\u0103, ne este la fel de clar c\u0103 lupta lor nu este doar pentru Prim\u0103ria Timi\u0219oara, ci pentru conducerea partidului reformist\u201d, a declarat purt\u0103torul de cuv\u00e2nt al USR.\u00a0<\/p>\n<iframe loading=\"lazy\" src=\"https:\/\/www.facebook.com\/plugins\/post.php?href=https%3A%2F%2Fwww.facebook.com%2Fdominicprimar%2Fposts%2Fpfbid0r2LqnCctC69dVg4zWPon9neHoXifzGcDpR2uP7dvsoqy7ZLNghD72yvmBSwrA1ZQl&amp;show_text=true&amp;width=500\" width=\"500\" height=\"574\" scrolling=\"no\" frameborder allowfullscreen=\"true\" allow=\"autoplay; clipboard-write; encrypted-media; picture-in-picture; web-share\"><\/iframe>\n<\/div>\n<\/div>\n<\/div>\n<div class=\"inhype-social-share-fixed sidebar-position-right\">\n<div class=\"post-social-wrapper\">\n<div class=\"post-social-title\"><span class=\"post-social-title-text\">Share<\/span><\/div>\n<\/div>\n<\/div>\n<\/div>\n<p>[analyse_source url=&#8221;https:\/\/ziardesuceava.ro\/comitetul-politic-al-usr-l-a-reconfirmat-prin-vot-pe-dominic-fritz-in-functia-de-presedinte\/&#8221;]<\/p>\n","protected":false},"excerpt":{"rendered":"<p>[analyse_image type=&#8221;featured&#8221; src=&#8221;https:\/\/ziardesuceava.ro\/wp-content\/uploads\/2026\/08\/79803.webp-1024&#215;768.jpeg&#8221;] Comitetul Politic al USR a reconfirmat miercuri, prin vot, \u00een unanimitate (151 de membri ai CP prezen\u021bi), sprijinul politic pentru Dominic Fritz \u00een func\u021bia de pre\u0219edinte al USR. \u201dDecizia luat\u0103 de majoritatea PSD din Curtea Constitu\u021bional\u0103 a Rom\u00e2niei, institu\u021bia care ar trebui s\u0103 protejeze legea fundamental\u0103 \u0219i drepturile cet\u0103\u021benilor, nu poate schimba [&hellip;]<\/p>\n","protected":false},"author":1,"featured_media":0,"comment_status":"open","ping_status":"","sticky":false,"template":"","format":"standard","meta":{"footnotes":""},"categories":[89],"tags":[226,171],"class_list":["post-2101537","post","type-post","status-publish","format-standard","hentry","category-romania","tag-crawlmanager","tag-ziardesuceava-ro"],"_links":{"self":[{"href":"https:\/\/analyse.optim.biz\/index.php?rest_route=\/wp\/v2\/posts\/2101537","targetHints":{"allow":["GET"]}}],"collection":[{"href":"https:\/\/analyse.optim.biz\/index.php?rest_route=\/wp\/v2\/posts"}],"about":[{"href":"https:\/\/analyse.optim.biz\/index.php?rest_route=\/wp\/v2\/types\/post"}],"author":[{"embeddable":true,"href":"https:\/\/analyse.optim.biz\/index.php?rest_route=\/wp\/v2\/users\/1"}],"replies":[{"embeddable":true,"href":"https:\/\/analyse.optim.biz\/index.php?rest_route=%2Fwp%2Fv2%2Fcomments&post=2101537"}],"version-history":[{"count":0,"href":"https:\/\/analyse.optim.biz\/index.php?rest_route=\/wp\/v2\/posts\/2101537\/revisions"}],"wp:attachment":[{"href":"https:\/\/analyse.optim.biz\/index.php?rest_route=%2Fwp%2Fv2%2Fmedia&parent=2101537"}],"wp:term":[{"taxonomy":"category","embeddable":true,"href":"https:\/\/analyse.optim.biz\/index.php?rest_route=%2Fwp%2Fv2%2Fcategories&post=2101537"},{"taxonomy":"post_tag","embeddable":true,"href":"https:\/\/analyse.optim.biz\/index.php?rest_route=%2Fwp%2Fv2%2Ftags&post=2101537"}],"curies":[{"name":"wp","href":"https:\/\/api.w.org\/{rel}","templated":true}]}}