{"id":2101535,"date":"2026-08-19T07:58:16","date_gmt":"2026-08-19T04:58:16","guid":{"rendered":"https:\/\/analyse.optim.biz\/?p=2101535"},"modified":"2026-08-19T07:58:16","modified_gmt":"2026-08-19T04:58:16","slug":"relatiile-comerciale-dintre-romania-si-germania-tendinta-de-crestere-in-prima-jumatate-a-anului","status":"publish","type":"post","link":"https:\/\/analyse.optim.biz\/?p=2101535","title":{"rendered":"Rela\u021biile comerciale dintre Rom\u00e2nia \u0219i Germania \u2013 tendin\u021b\u0103 de cre\u0219tere \u00een prima jum\u0103tate a anului"},"content":{"rendered":"<p>[analyse_image type=&#8221;featured&#8221; src=&#8221;https:\/\/ziardesuceava.ro\/wp-content\/uploads\/2026\/08\/79791-1024&#215;683.jpg&#8221;]<\/p>\n<div class=\"post-content clearfix\">\n<div class=\"blog-post-thumb\"><img loading=\"lazy\" decoding=\"async\" width=\"1036\" height=\"691\" src=\"https:\/\/ziardesuceava.ro\/wp-content\/uploads\/2026\/08\/79791.jpg\" class=\"attachment-inhype-blog-thumb size-inhype-blog-thumb wp-post-image\" alt><\/div>\n<div class=\"entry-content\">\n<div>\n<p class=\"fara-orfani lead\">\u00cen prima jum\u0103tate a anului 2026, rela\u021biile comerciale dintre Rom\u00e2nia \u0219i Germania au \u00eenregistrat o tendin\u021b\u0103 de cre\u0219tere fa\u021b\u0103 de aceea\u0219i perioad\u0103 a anului precedent, dup\u0103 cum arat\u0103 datele Oficiului Federal de Statistic\u0103 (Destatis).<\/p>\n<div class=\"continut-articol\">\n<p>Volumul schimburilor comerciale de m\u0103rfuri (importuri \u0219i exporturi) \u00eentre Rom\u00e2nia \u0219i Germania \u00een perioada ianuarie-iunie 2026 s-a ridicat la 21,4 miliarde de euro, \u00a0o u\u0219oar\u0103 cre\u0219tere de 1,3%. <\/p>\n<p>Exporturile Germaniei c\u0103tre Rom\u00e2nia au \u00eensumat 11,9 miliarde de euro \u00een prima jum\u0103tate a anului, \u00a0un plus de 4,6% fa\u021b\u0103 de perioada similar\u0103 din 2025. <\/p>\n<p>\u00cen acela\u0219i timp, Germania a importat mai pu\u021bin \u00een compara\u021bie cu anul precedent (-2,5%), valoarea m\u0103rfurilor importate din Rom\u00e2nia ajung\u00e2nd la 9,5 \u00a0miliarde de euro.<\/p>\n<p>\u00a0Aceste rezultate plaseaz\u0103 Rom\u00e2nia pe locul 17 \u00een ceea ce prive\u0219te exporturile germane \u0219i pe locul 19 \u00een ceea ce prive\u0219te importurile. \u00cen ansamblu, Rom\u00e2nia se men\u021bine pe locul 17 \u00een clasamentul partenerilor comerciali ai Germaniei. <\/p>\n<p>\u201cEvolu\u021bia pozitiv\u0103 a exporturilor germane c\u0103tre Rom\u00e2nia confirm\u0103 \u00eenc\u0103 o dat\u0103 rolul important al \u021b\u0103rii \u00een economia european\u0103 \u0219i \u00een rela\u021biile comerciale bilaterale. Rom\u00e2nia se num\u0103r\u0103 printre cei mai importan\u021bi parteneri comerciali ai Germaniei, ceea ce subliniaz\u0103 poten\u021bialul solid al pie\u021bei locale \u0219i gradul ridicat de integrare \u00een lan\u021burile valorice europene. Pentru ca aceast\u0103 dinamic\u0103 s\u0103 continue, este esen\u021bial\u0103 at\u00e2t continuarea reformelor, c\u00e2t \u0219i avansarea proiectelor de infrastructur\u0103 \u0219i digitalizare. La fel de important este ca deciziile de politic\u0103 economic\u0103 s\u0103 fie comunicate \u00eentr-un mod credibil \u0219i transparent\u201d, spune Sebastian Metz, director general AHK Rom\u00e2nia. <\/p>\n<p>\u201cUn guvern pe deplin func\u021bional trebuie s\u0103 poat\u0103 adopta m\u0103suri concrete pentru revitalizarea economiei\u201d, mai spune Metz, ad\u0103ug\u00e2nd c\u0103, pentru acest an, se estimeaz\u0103 o u\u0219oar\u0103 cre\u0219tere a comer\u021bului bilateral.<\/p>\n<\/div>\n<\/div>\n<div>\n<h3 class=\"h4 md:h3 mb-2\">Background<\/h3>\n<p>AHK Rom\u00e2nia este reprezentan\u021ba oficial\u0103 a economiei germane. \u00cenfiin\u021bat\u0103 \u00een 2002, AHK num\u0103r\u0103 peste 700 de membri \u0219i ofer\u0103 companiilor o platform\u0103 important\u0103 pentru networking, schimb de informa\u021bii \u0219i experien\u021be.<\/p>\n<p> Prin serviciile pe care le ofer\u0103 \u0219i prin evenimentele pe care le organizeaz\u0103, AHK Rom\u00e2nia sus\u021bine activ companiile germane la intrarea lor pe pia\u021ba rom\u00e2neasc\u0103 \u0219i este totodat\u0103 partener al firmelor rom\u00e2ne\u0219ti interesate de pia\u021ba german\u0103. <\/p>\n<p>\u00cencep\u00e2nd cu 1 ianuarie 2020, \u00een cadrul AHK Rom\u00e2nia func\u021bioneaz\u0103 \u0219i Centrul de competen\u021b\u0103 pentru Republica Moldova.\u00a0<\/p>\n<\/div>\n<\/div>\n<div class=\"inhype-social-share-fixed sidebar-position-right\">\n<div class=\"post-social-wrapper\">\n<div class=\"post-social-title\"><span class=\"post-social-title-text\">Share<\/span><\/div>\n<\/div>\n<\/div>\n<\/div>\n<p>[analyse_source url=&#8221;https:\/\/ziardesuceava.ro\/relatiile-comerciale-dintre-romania-si-germania-tendinta-de-crestere-in-prima-jumatate-a-anului\/&#8221;]<\/p>\n","protected":false},"excerpt":{"rendered":"<p>[analyse_image type=&#8221;featured&#8221; src=&#8221;https:\/\/ziardesuceava.ro\/wp-content\/uploads\/2026\/08\/79791-1024&#215;683.jpg&#8221;] \u00cen prima jum\u0103tate a anului 2026, rela\u021biile comerciale dintre Rom\u00e2nia \u0219i Germania au \u00eenregistrat o tendin\u021b\u0103 de cre\u0219tere fa\u021b\u0103 de aceea\u0219i perioad\u0103 a anului precedent, dup\u0103 cum arat\u0103 datele Oficiului Federal de Statistic\u0103 (Destatis). Volumul schimburilor comerciale de m\u0103rfuri (importuri \u0219i exporturi) \u00eentre Rom\u00e2nia \u0219i Germania \u00een perioada ianuarie-iunie 2026 s-a ridicat [&hellip;]<\/p>\n","protected":false},"author":1,"featured_media":0,"comment_status":"open","ping_status":"","sticky":false,"template":"","format":"standard","meta":{"footnotes":""},"categories":[89],"tags":[226,171],"class_list":["post-2101535","post","type-post","status-publish","format-standard","hentry","category-romania","tag-crawlmanager","tag-ziardesuceava-ro"],"_links":{"self":[{"href":"https:\/\/analyse.optim.biz\/index.php?rest_route=\/wp\/v2\/posts\/2101535","targetHints":{"allow":["GET"]}}],"collection":[{"href":"https:\/\/analyse.optim.biz\/index.php?rest_route=\/wp\/v2\/posts"}],"about":[{"href":"https:\/\/analyse.optim.biz\/index.php?rest_route=\/wp\/v2\/types\/post"}],"author":[{"embeddable":true,"href":"https:\/\/analyse.optim.biz\/index.php?rest_route=\/wp\/v2\/users\/1"}],"replies":[{"embeddable":true,"href":"https:\/\/analyse.optim.biz\/index.php?rest_route=%2Fwp%2Fv2%2Fcomments&post=2101535"}],"version-history":[{"count":0,"href":"https:\/\/analyse.optim.biz\/index.php?rest_route=\/wp\/v2\/posts\/2101535\/revisions"}],"wp:attachment":[{"href":"https:\/\/analyse.optim.biz\/index.php?rest_route=%2Fwp%2Fv2%2Fmedia&parent=2101535"}],"wp:term":[{"taxonomy":"category","embeddable":true,"href":"https:\/\/analyse.optim.biz\/index.php?rest_route=%2Fwp%2Fv2%2Fcategories&post=2101535"},{"taxonomy":"post_tag","embeddable":true,"href":"https:\/\/analyse.optim.biz\/index.php?rest_route=%2Fwp%2Fv2%2Ftags&post=2101535"}],"curies":[{"name":"wp","href":"https:\/\/api.w.org\/{rel}","templated":true}]}}