{"id":2101534,"date":"2026-08-19T16:09:26","date_gmt":"2026-08-19T13:09:26","guid":{"rendered":"https:\/\/analyse.optim.biz\/?p=2101534"},"modified":"2026-08-19T16:09:26","modified_gmt":"2026-08-19T13:09:26","slug":"un-judecator-al-iccj-platit-sub-primarul-general-al-capitalei-prin-noua-grila-de-salarizare","status":"publish","type":"post","link":"https:\/\/analyse.optim.biz\/?p=2101534","title":{"rendered":"Un judec\u0103tor al \u00ceCCJ, pl\u0103tit sub primarul general al Capitalei, prin noua gril\u0103 de salarizare"},"content":{"rendered":"<p>[analyse_image type=&#8221;featured&#8221; src=&#8221;https:\/\/ziardesuceava.ro\/wp-content\/uploads\/2026\/08\/79800.jpeg&#8221;]<\/p>\n<div class=\"post-content clearfix\">\n<div class=\"blog-post-thumb\"><img loading=\"lazy\" decoding=\"async\" width=\"800\" height=\"532\" src=\"https:\/\/ziardesuceava.ro\/wp-content\/uploads\/2026\/08\/79800.jpeg\" class=\"attachment-inhype-blog-thumb size-inhype-blog-thumb wp-post-image\" alt><\/div>\n<div class=\"entry-content\">\n<div>\n<div class=\"continut-articol\">\n<p><span>Judec\u0103torii din Consiliul Superior al Magistraturii (CSM) avertizeaz\u0103 c\u0103, prin noua gril\u0103 de salarizare aflat\u0103 \u00een dezbatere, un judec\u0103tor al \u00cenaltei Cur\u021bi de Casa\u021bie \u0219i Justi\u021bie ar urma s\u0103 fie pl\u0103tit mai pu\u021bin dec\u00e2t primarul general al Capitalei, iar pre\u0219edinta instan\u021bei supreme, mai pu\u021bin dec\u00e2t mini\u0219trii sau consilierii preziden\u021biali \u2013 o ierarhizare pe care CSM o consider\u0103 o \u00eenc\u0103lcare a pozi\u021biei constitu\u021bionale a puterii judec\u0103tore\u0219ti \u0219i un nou pas \u00eentr-un proces de erodare a independen\u021bei justi\u021biei.<\/span><\/p>\n<p>Potrivit comunicatului, pre\u0219edintele \u00ceCCJ \u2013 func\u021bia aflat\u0103 la v\u00e2rful ierarhiei instan\u021belor judec\u0103tore\u0219ti din Rom\u00e2nia \u2013 ar urma s\u0103 aib\u0103, conform grilei propuse, coeficientul de salarizare 6,15. \u00cen acela\u0219i timp, coeficientul 6,50 este atribuit consilierilor preziden\u021biali, liderilor grupurilor parlamentare, vicepre\u0219edin\u021bilor Camerelor Parlamentului, mini\u0219trilor, secretarului general al Guvernului \u0219i \u0219efului Cancelariei prim-ministrului, iar secretarii \u0219i chestorii Camerelor ar urma s\u0103 primeasc\u0103 un coeficient de 6,45.<\/p>\n<p>CSM subliniaz\u0103 c\u0103 aceast\u0103 pozi\u021bionare este cu at\u00e2t mai greu de acceptat cu c\u00e2t multe dintre func\u021biile plasate deasupra pre\u0219edintelui \u00ceCCJ nu reprezint\u0103 nici m\u0103car v\u00e2rful ierarhiei din care fac parte, spre deosebire de conducerea instan\u021bei supreme.<\/p>\n<\/div>\n<\/div>\n<\/div>\n<div class=\"inhype-social-share-fixed sidebar-position-right\">\n<div class=\"post-social-wrapper\">\n<div class=\"post-social-title\"><span class=\"post-social-title-text\">Share<\/span><\/div>\n<\/div>\n<\/div>\n<\/div>\n<p>[analyse_source url=&#8221;https:\/\/ziardesuceava.ro\/un-judecator-al-iccj-platit-sub-primarul-general-al-capitalei-prin-noua-grila-de-salarizare\/&#8221;]<\/p>\n","protected":false},"excerpt":{"rendered":"<p>[analyse_image type=&#8221;featured&#8221; src=&#8221;https:\/\/ziardesuceava.ro\/wp-content\/uploads\/2026\/08\/79800.jpeg&#8221;] Judec\u0103torii din Consiliul Superior al Magistraturii (CSM) avertizeaz\u0103 c\u0103, prin noua gril\u0103 de salarizare aflat\u0103 \u00een dezbatere, un judec\u0103tor al \u00cenaltei Cur\u021bi de Casa\u021bie \u0219i Justi\u021bie ar urma s\u0103 fie pl\u0103tit mai pu\u021bin dec\u00e2t primarul general al Capitalei, iar pre\u0219edinta instan\u021bei supreme, mai pu\u021bin dec\u00e2t mini\u0219trii sau consilierii preziden\u021biali \u2013 o ierarhizare [&hellip;]<\/p>\n","protected":false},"author":1,"featured_media":0,"comment_status":"open","ping_status":"","sticky":false,"template":"","format":"standard","meta":{"footnotes":""},"categories":[89],"tags":[226,171],"class_list":["post-2101534","post","type-post","status-publish","format-standard","hentry","category-romania","tag-crawlmanager","tag-ziardesuceava-ro"],"_links":{"self":[{"href":"https:\/\/analyse.optim.biz\/index.php?rest_route=\/wp\/v2\/posts\/2101534","targetHints":{"allow":["GET"]}}],"collection":[{"href":"https:\/\/analyse.optim.biz\/index.php?rest_route=\/wp\/v2\/posts"}],"about":[{"href":"https:\/\/analyse.optim.biz\/index.php?rest_route=\/wp\/v2\/types\/post"}],"author":[{"embeddable":true,"href":"https:\/\/analyse.optim.biz\/index.php?rest_route=\/wp\/v2\/users\/1"}],"replies":[{"embeddable":true,"href":"https:\/\/analyse.optim.biz\/index.php?rest_route=%2Fwp%2Fv2%2Fcomments&post=2101534"}],"version-history":[{"count":0,"href":"https:\/\/analyse.optim.biz\/index.php?rest_route=\/wp\/v2\/posts\/2101534\/revisions"}],"wp:attachment":[{"href":"https:\/\/analyse.optim.biz\/index.php?rest_route=%2Fwp%2Fv2%2Fmedia&parent=2101534"}],"wp:term":[{"taxonomy":"category","embeddable":true,"href":"https:\/\/analyse.optim.biz\/index.php?rest_route=%2Fwp%2Fv2%2Fcategories&post=2101534"},{"taxonomy":"post_tag","embeddable":true,"href":"https:\/\/analyse.optim.biz\/index.php?rest_route=%2Fwp%2Fv2%2Ftags&post=2101534"}],"curies":[{"name":"wp","href":"https:\/\/api.w.org\/{rel}","templated":true}]}}