{"id":2101519,"date":"2026-08-18T06:25:00","date_gmt":"2026-08-18T03:25:00","guid":{"rendered":"https:\/\/analyse.optim.biz\/?p=2101519"},"modified":"2026-08-18T06:25:00","modified_gmt":"2026-08-18T03:25:00","slug":"seful-usr-din-romania-va-ramane-fara-mandatul-de-primar-al-timisoarei-ccr-a-respins-contestatia-cu-privire-la-amendamentul-fritz","status":"publish","type":"post","link":"https:\/\/analyse.optim.biz\/?p=2101519","title":{"rendered":"\u0218eful USR din Rom\u00e2nia va r\u0103m\u00e2ne f\u0103r\u0103 mandatul de primar al Timi\u0219oarei. CCR a respins contesta\u021bia cu privire la \u201eamendamentul Fritz\u201d"},"content":{"rendered":"<p>[analyse_image type=&#8221;featured&#8221; src=&#8221;https:\/\/radiogoldfm.ro\/wp-content\/uploads\/2026\/08\/dominic_fritz_18626.jpghttps:\/\/radiogoldfm.ro\/wp-content\/uploads\/2026\/08\/dominic_fritz_18626.jpg&#8221;]<\/p>\n<div class=\"qt-the-content\">\n<p>Lovitur\u0103 dur\u0103 pentru liderul USR din Rom\u00e2nia, Dominic Fritz. Acesta urmeaz\u0103 s\u0103-\u0219i piard\u0103 mandatul de primar al Timi\u0219oarei, dup\u0103 ce Curtea Constitu\u021bional\u0103 a decis c\u0103 prevederea din noua Lege a integrit\u0103\u021bii care \u00eel vizeaz\u0103, supranumit\u0103 \u201eamendamentul Fritz\u201d, este constitu\u021bional\u0103.<\/p>\n<p>Judec\u0103torii CCR au decis, cu majoritate de voturi, c\u0103 este constitu\u021bional\u0103 \u00eencetarea mandatului sau func\u021biei publice, \u00een termen de 30 de zile de la intrarea \u00een vigoare a legii, pentru persoanele \u00een cazul c\u0103rora exist\u0103 o decizie definitiv\u0103 de incompatibilitate sau conflict de interese.<\/p>\n<p>Primarul Timi\u0219oarei, Dominic Fritz, se afl\u0103 \u00een aceast\u0103 situa\u021bie deoarece a pierdut definitiv procesul cu Agen\u021bia Na\u021bional\u0103 de Integritate (ANI) \u00een luna iunie a acestui an, instan\u021ba men\u021bin\u00e2nd raportul prin care a fost declarat \u00een conflict de interese administrativ.<\/p>\n<p>Odat\u0103 legea intrat\u0103 \u00een vigoare, Prefectul jude\u021bului Timi\u0219 va fi obligat prin noul cadru legal s\u0103 emit\u0103 ordinul de \u00eencetare de drept a mandatului lui Dominic Fritz \u00een cel mult 30 de zile.<\/p>\n<p>Prevederea fusese contestat\u0103 la CCR de 27 de senatori USR \u0219i PNL, care sus\u021bineau c\u0103 aceasta este neconstitu\u021bional\u0103 \u0219i c\u0103 a fost introdus\u0103 special pentru a-l \u00eenl\u0103tura pe Fritz din func\u021bie. USR a numit-o chiar \u201eamendamentul Fritz\u201d \u0219i a acuzat PSD \u0219i AUR c\u0103 \u00eencearc\u0103 s\u0103 aplice retroactiv o sanc\u021biune.<\/p>\n<p>CCR a respins \u00eens\u0103 acest argument \u0219i a stabilit c\u0103 prevederea este constitu\u021bional\u0103.<\/p>\n<p>Curtea a declarat, \u00een schimb, neconstitu\u021bional\u0103 sintagma \u201epersoana care are rela\u021bii asem\u0103n\u0103toare celor dintre so\u021bi\u201d, introdus\u0103 \u00een aceea\u0219i lege. Prevederea fusese asociat\u0103 cu Mirabela Gr\u0103dinaru, partenera pre\u0219edintelui Nicu\u0219or Dan.<\/p>\n<p>Tot neconstitu\u021bionale au fost declarate prevederile referitoare la publicarea declara\u021biilor de interese financiare ale so\u021bilor sau so\u021biilor.<\/p>\n<p>Noua Lege a integrit\u0103\u021bii este legat\u0103 de un jalon din PNRR \u0219i trebuie promulgat\u0103 p\u00e2n\u0103 la 31 august. Rom\u00e2nia risc\u0103 s\u0103 piard\u0103 771 de milioane de euro dac\u0103 jalonul nu este \u00eendeplinit la timp.<\/p>\n<p><em><strong>surs\u0103: <a href=\"https:\/\/ziua.md\/seful-usr-din-romania-va-ramane-fara-mandatul-de-primar-al-timisoarei-ccr-a-respins-contestatia-cu-privire-la-amendamentul-fritz\/\">ziua.md<\/a><\/strong><\/em><\/p>\n<div class=\"tagcloud qt-spacer-m\"><span class=\"qt-title\">Tagged as <\/span><a href=\"https:\/\/radiogoldfm.ro\/tag\/ccr\/\" rel=\"tag\">ccr<\/a><a href=\"https:\/\/radiogoldfm.ro\/tag\/dominic-fritz\/\" rel=\"tag\">dominic fritz<\/a><a href=\"https:\/\/radiogoldfm.ro\/tag\/gold-fm\/\" rel=\"tag\">GOLD FM<\/a><a href=\"https:\/\/radiogoldfm.ro\/tag\/mandat\/\" rel=\"tag\">mandat<\/a><a href=\"https:\/\/radiogoldfm.ro\/tag\/primar\/\" rel=\"tag\">primar<\/a><a href=\"https:\/\/radiogoldfm.ro\/tag\/romania\/\" rel=\"tag\">romania<\/a><\/div>\n<div class=\"qt-post-author qt-card\">\n<div class=\"row\">\n<div class=\"qt-post-author-data col s10 m7 l7\">\n<h6>Profil<\/h6>\n<h4><a href=\"https:\/\/radiogoldfm.ro\/seful-usr-din-romania-va-ramane-fara-mandatul-de-primar-al-timisoarei-ccr-a-respins-contestatia-cu-privire-la-amendamentul-fritz\/#author_page\">Gold FM Radio<\/a><\/h4>\n<\/div>\n<div class=\"qt-post-author-link col s12 m3 l4 \"><a href=\"https:\/\/radiogoldfm.ro\/author\/gold-fm\/\" class=\"qt-btn qt-btn-large qt-btn-primary aligncenter\">Arhiva postari<\/a><\/div>\n<\/div>\n<\/div>\n<\/div>\n<p>[analyse_source url=&#8221;https:\/\/radiogoldfm.ro\/seful-usr-din-romania-va-ramane-fara-mandatul-de-primar-al-timisoarei-ccr-a-respins-contestatia-cu-privire-la-amendamentul-fritz\/&#8221;]<\/p>\n","protected":false},"excerpt":{"rendered":"<p>[analyse_image type=&#8221;featured&#8221; src=&#8221;https:\/\/radiogoldfm.ro\/wp-content\/uploads\/2026\/08\/dominic_fritz_18626.jpghttps:\/\/radiogoldfm.ro\/wp-content\/uploads\/2026\/08\/dominic_fritz_18626.jpg&#8221;] Lovitur\u0103 dur\u0103 pentru liderul USR din Rom\u00e2nia, Dominic Fritz. Acesta urmeaz\u0103 s\u0103-\u0219i piard\u0103 mandatul de primar al Timi\u0219oarei, dup\u0103 ce Curtea Constitu\u021bional\u0103 a decis c\u0103 prevederea din noua Lege a integrit\u0103\u021bii care \u00eel vizeaz\u0103, supranumit\u0103 \u201eamendamentul Fritz\u201d, este constitu\u021bional\u0103. Judec\u0103torii CCR au decis, cu majoritate de voturi, c\u0103 este constitu\u021bional\u0103 \u00eencetarea mandatului [&hellip;]<\/p>\n","protected":false},"author":1,"featured_media":0,"comment_status":"open","ping_status":"","sticky":false,"template":"","format":"standard","meta":{"footnotes":""},"categories":[89],"tags":[226,96],"class_list":["post-2101519","post","type-post","status-publish","format-standard","hentry","category-romania","tag-crawlmanager","tag-radiogoldfm-ro"],"_links":{"self":[{"href":"https:\/\/analyse.optim.biz\/index.php?rest_route=\/wp\/v2\/posts\/2101519","targetHints":{"allow":["GET"]}}],"collection":[{"href":"https:\/\/analyse.optim.biz\/index.php?rest_route=\/wp\/v2\/posts"}],"about":[{"href":"https:\/\/analyse.optim.biz\/index.php?rest_route=\/wp\/v2\/types\/post"}],"author":[{"embeddable":true,"href":"https:\/\/analyse.optim.biz\/index.php?rest_route=\/wp\/v2\/users\/1"}],"replies":[{"embeddable":true,"href":"https:\/\/analyse.optim.biz\/index.php?rest_route=%2Fwp%2Fv2%2Fcomments&post=2101519"}],"version-history":[{"count":0,"href":"https:\/\/analyse.optim.biz\/index.php?rest_route=\/wp\/v2\/posts\/2101519\/revisions"}],"wp:attachment":[{"href":"https:\/\/analyse.optim.biz\/index.php?rest_route=%2Fwp%2Fv2%2Fmedia&parent=2101519"}],"wp:term":[{"taxonomy":"category","embeddable":true,"href":"https:\/\/analyse.optim.biz\/index.php?rest_route=%2Fwp%2Fv2%2Fcategories&post=2101519"},{"taxonomy":"post_tag","embeddable":true,"href":"https:\/\/analyse.optim.biz\/index.php?rest_route=%2Fwp%2Fv2%2Ftags&post=2101519"}],"curies":[{"name":"wp","href":"https:\/\/api.w.org\/{rel}","templated":true}]}}