{"id":2101505,"date":"2026-08-19T13:44:09","date_gmt":"2026-08-19T10:44:09","guid":{"rendered":"https:\/\/analyse.optim.biz\/?p=2101505"},"modified":"2026-08-19T13:44:09","modified_gmt":"2026-08-19T10:44:09","slug":"anca-florea-director-adjunct-al-colegiului-b-p-hasdeu-critica-modul-in-care-se-exercita-puterea-in-educatie","status":"publish","type":"post","link":"https:\/\/analyse.optim.biz\/?p=2101505","title":{"rendered":"Anca Florea, director adjunct al Colegiului \u201eB.P. Hasdeu\u201d, critic\u0103 modul \u00een care se exercit\u0103 puterea \u00een educa\u021bie"},"content":{"rendered":"<p>[analyse_image type=&#8221;featured&#8221; src=&#8221;https:\/\/gazetabuzoiana.ro\/wp-content\/uploads\/2026\/08\/anca-florea.jpeg&#8221;]<\/p>\n<div class=\"entry-content entry clearfix\">\n<p class=\"wp-block-paragraph\">Directorul adjunct al Colegiului Na\u021bional \u201eB.P. Hasdeu\u201d, Anca Florea, profesor de \u0219tiin\u021be sociale \u0219i doctor \u00een filosofie, pune sub semnul \u00eentreb\u0103rii modul \u00een care este exercitat\u0103 puterea \u00een sistemul de educa\u021bie \u0219i criteriile dup\u0103 care sunt desemna\u021bi cei care ajung s\u0103 ia decizii importante \u00een \u0219coli.<\/p>\n<p class=\"wp-block-paragraph\">Mesajul s\u0103u apare \u00een contextul \u00een care primele etape din calendarul concursului pentru ocuparea func\u021biilor de director \u0219i director adjunct au luat startu.<\/p>\n<p class=\"wp-block-paragraph\">\u00centr-un material publicat de <em>La Tabla<\/em>, profesoara pune \u00een discu\u021bie componen\u021ba comisiilor de concurs \u0219i \u00eentreab\u0103 dac\u0103 este firesc ca din acestea s\u0103 fac\u0103 parte reprezentan\u021bi ai inspectoratelor \u0219colare care au ajuns \u00een func\u021bii prin numire, f\u0103r\u0103 s\u0103 fi sus\u021binut un concurs pentru ocuparea unei func\u021bii de conducere.<\/p>\n<p class=\"wp-block-paragraph\"><strong><mark class=\"has-inline-color has-vivid-red-color\">\u201eEste firesc ca din comisiile de concurs s\u0103 fac\u0103 parte reprezentan\u021bi ai inspectoratelor \u0219colare, \u00een condi\u021biile \u00een care ace\u0219tia au fost doar numi\u021bi printr-o simpl\u0103 h\u00e2rtie, \u00een absen\u021ba unui concurs? De men\u021bionat c\u0103 unii dintre dumnealor nu au sus\u021binut NICIODAT\u0102 un concurs pentru ocuparea unei func\u021bii de conducere. Este firesc ca unii dintre ace\u0219tia s\u0103 fie evaluatori \u00een cadrul probei de interviu? Cu respect \u00eentreb: Cine le valideaz\u0103 competen\u021ba?\u201d<\/mark><\/strong>, transmite Anca Florea.<\/p>\n<p class=\"wp-block-paragraph\">Profesorul Anca Florea explic\u0103 faptul c\u0103 demersul s\u0103u nu este o confesiune personal\u0103, ci porne\u0219te din nevoia de a \u00een\u021belege \u00eencotro se \u00eendreapt\u0103 sistemul educa\u021bional \u0219i vorbe\u0219te \u00een continuare despre un sistem tot mai birocratizat, \u00een care profesorii, elevii \u0219i p\u0103rin\u021bii ajung s\u0103 se confrunte cu reguli, proceduri \u0219i decizii administrative care nu sunt \u00eentotdeauna u\u0219or de \u00een\u021beles sau de justificat.<\/p>\n<p class=\"wp-block-paragraph\">Pentru a descrie aceast\u0103 situa\u021bie, domnia sa face referire la universul lui Kafka \u0219i la omul care \u00eencearc\u0103 s\u0103 g\u0103seasc\u0103 o logic\u0103 \u00eentr-un sistem administrativ complicat \u0219i greu de controlat:<\/p>\n<p class=\"wp-block-paragraph\"><strong><mark class=\"has-inline-color has-vivid-red-color\">\u201eAceste r\u00e2nduri nu sunt scrise din dorin\u021ba de a face o confesiune, ci din nevoia de a \u00een\u021belege dac\u0103 ceea ce se \u00eent\u00e2mpl\u0103 acum \u00een EDUCA\u021aIE ne va transforma, pe mul\u021bi dintre noi \u2013 profesori, elevi, p\u0103rin\u021bi \u2013 \u00een personaje demne de romanele lui Kafka.\u201d<\/mark><\/strong><\/p>\n<p class=\"wp-block-paragraph\">\u00cen opinia sa, exist\u0103 riscul ca procedurile \u0219i birocra\u021bia s\u0103 ajung\u0103 s\u0103 ocupe un loc mai important dec\u00e2t lucrurile care ar trebui s\u0103 fie \u00een centrul educa\u021biei.<\/p>\n<p class=\"wp-block-paragraph\">Un alt subiect abordat de directorul adjunct al celui mai cunoscut colegiu din Buz\u0103u, B.P. Hasdeu, este autonomia unit\u0103\u021bilor de \u00eenv\u0103\u021b\u0103m\u00e2nt.<\/p>\n<p class=\"wp-block-paragraph\">Anca Florea spune c\u0103 sus\u021bine ideea ca \u0219colile s\u0103 aib\u0103 mai mult\u0103 autonomie, dar consider\u0103 c\u0103 aceasta trebuie s\u0103 fie \u00eenso\u021bit\u0103 de reguli clare \u0219i mecanisme care s\u0103 previn\u0103 apari\u021bia unor situa\u021bii inechitabile.<\/p>\n<p class=\"wp-block-paragraph\">\u00cen acest context, face referire la metodologia privind admiterea \u00een liceu pentru anul \u0219colar 2027-2028 \u0219i la posibilitatea ca liceele s\u0103 organizeze propriul concurs de admitere pentru o parte dintre locurile disponibile \u0219i men\u021bioneaz\u0103 c\u0103 ideea autonomiei poate reprezenta o schimbare important\u0103, \u00eens\u0103, f\u0103r\u0103 criterii clare \u0219i garan\u021bii suficiente, exist\u0103 riscul apari\u021biei unor diferen\u021be de tratament sau a unor decizii arbitrare.<\/p>\n<p class=\"wp-block-paragraph\">\u0218i \u00eenc\u0103 o problem\u0103 ridicat\u0103 de directorul adjunct de la Hasdeu prive\u0219te numirea directorilor \u0219i directorilor adjunc\u021bi.<\/p>\n<p class=\"wp-block-paragraph\">Profesoara atrage aten\u021bia asupra situa\u021biilor \u00een care persoane care ocup\u0103 func\u021bii de conducere \u00een inspectoratele \u0219colare prin numire ajung s\u0103 participe la evaluarea candida\u021bilor care sus\u021bin concurs pentru func\u021biile de director \u0219i se \u00eentreab\u0103, pe bun\u0103 dreptate, dup\u0103 ce criterii este verificat\u0103 competen\u021ba celui care \u00eel evalueaz\u0103,  dac\u0103 unui candidat i se cere s\u0103 \u00ee\u0219i demonstreze competen\u021ba printr-un concurs. Este o problem\u0103 pe care Anca Florea o pune \u00een discu\u021bie \u00een raport cu \u00eentregul mecanism de numire \u0219i evaluare din sistemul de educa\u021bie.<\/p>\n<p class=\"wp-block-paragraph\">Profesoara vorbe\u0219te \u0219i despre evaluarea directorilor \u0219i despre modul \u00een care rezultatele ob\u021binute de ace\u0219tia ar trebui s\u0103 c\u00e2nt\u0103reasc\u0103 atunci c\u00e2nd sunt luate decizii privind ocuparea func\u021biilor de conducere.<\/p>\n<p class=\"wp-block-paragraph\">\u00cen opinia sa, dac\u0103 meritocra\u021bia este un principiu real al sistemului educa\u021bional, atunci rezultatele manageriale ar trebui s\u0103 fie verificabile \u0219i s\u0103 aib\u0103 un rol important \u00een deciziile de numire. Nu doar func\u021bia ocupat\u0103 anterior ar trebui s\u0103 conteze, ci \u0219i ceea ce a reu\u0219it concret persoana respectiv\u0103 \u00een perioada \u00een care s-a aflat la conducerea unei unit\u0103\u021bi de \u00eenv\u0103\u021b\u0103m\u00e2nt.<\/p>\n<p class=\"wp-block-paragraph\">\u00cen esen\u021b\u0103, problemele ridicate de Anca Florea se refer\u0103 la un principiu simplu, potrivit c\u0103ruia competen\u021ba celor care iau decizii trebuie s\u0103 poat\u0103 fi verificat\u0103 la fel de riguros precum competen\u021ba celor pe care \u00eei evalueaz\u0103.<\/p>\n<p class=\"wp-block-paragraph\">Mesajul s\u0103u vine \u00eentr-un moment \u00een care sistemul de educa\u021bie trece prin schimb\u0103ri importante, iar concursurile pentru func\u021biile de director, admiterea \u00een liceu \u0219i autonomia \u0219colilor sunt subiecte care \u00eei privesc direct pe profesori, elevi \u0219i p\u0103rin\u021bi.<\/p>\n<p class=\"wp-block-paragraph\"><strong>Sursa: <\/strong><em>La Tabla \u2013 \u201eAnca Florea: Puterea \u00een educa\u021bie \u2013 meritocra\u021bie\u201d.<\/em><\/p>\n<div class=\"post-bottom-meta post-bottom-tags post-tags-modern\">\n<div class=\"post-bottom-meta-title\"> Etichete<\/div>\n<p><span class=\"tagcloud\"><a href=\"https:\/\/gazetabuzoiana.ro\/tag\/admitere-liceu\/\" rel=\"tag\">admitere liceu<\/a><a href=\"https:\/\/gazetabuzoiana.ro\/tag\/anca-florea\/\" rel=\"tag\">Anca Florea<\/a><a href=\"https:\/\/gazetabuzoiana.ro\/tag\/autonomie-scolara\/\" rel=\"tag\">autonomie \u0219colar\u0103<\/a><a href=\"https:\/\/gazetabuzoiana.ro\/tag\/buzau-2\/\" rel=\"tag\">Buz\u0103u<\/a><a href=\"https:\/\/gazetabuzoiana.ro\/tag\/colegiul-national-b-p-hasdeu-2\/\" rel=\"tag\">Colegiul Na\u021bional B.P. Hasdeu<\/a><a href=\"https:\/\/gazetabuzoiana.ro\/tag\/comisii-de-concurs\/\" rel=\"tag\">comisii de concurs<\/a><a href=\"https:\/\/gazetabuzoiana.ro\/tag\/concurs-directori\/\" rel=\"tag\">concurs directori<\/a><a href=\"https:\/\/gazetabuzoiana.ro\/tag\/directori-adjuncti\/\" rel=\"tag\">directori adjunc\u021bi<\/a><a href=\"https:\/\/gazetabuzoiana.ro\/tag\/directori-de-scoli\/\" rel=\"tag\">directori de \u0219coli<\/a><a href=\"https:\/\/gazetabuzoiana.ro\/tag\/educatie\/\" rel=\"tag\">educa\u021bie<\/a><a href=\"https:\/\/gazetabuzoiana.ro\/tag\/inspectorat-scolar\/\" rel=\"tag\">inspectorat \u0219colar<\/a><a href=\"https:\/\/gazetabuzoiana.ro\/tag\/invatamant\/\" rel=\"tag\">\u00eenv\u0103\u021b\u0103m\u00e2nt<\/a><a href=\"https:\/\/gazetabuzoiana.ro\/tag\/management-educational\/\" rel=\"tag\">management educa\u021bional<\/a><a href=\"https:\/\/gazetabuzoiana.ro\/tag\/meritocratie\/\" rel=\"tag\">meritocra\u021bie<\/a><a href=\"https:\/\/gazetabuzoiana.ro\/tag\/numiri-in-educatie\/\" rel=\"tag\">numiri \u00een educa\u021bie<\/a><a href=\"https:\/\/gazetabuzoiana.ro\/tag\/sistem-educational\/\" rel=\"tag\">sistem educa\u021bional<\/a><\/span><\/div>\n<\/div>\n<p>[analyse_source url=&#8221;https:\/\/gazetabuzoiana.ro\/2026\/08\/19\/anca-florea-director-adjunct-al-colegiului-b-p-hasdeu-critica-modul-in-care-se-exercita-puterea-in-educatie\/&#8221;]<\/p>\n","protected":false},"excerpt":{"rendered":"<p>[analyse_image type=&#8221;featured&#8221; src=&#8221;https:\/\/gazetabuzoiana.ro\/wp-content\/uploads\/2026\/08\/anca-florea.jpeg&#8221;] Directorul adjunct al Colegiului Na\u021bional \u201eB.P. Hasdeu\u201d, Anca Florea, profesor de \u0219tiin\u021be sociale \u0219i doctor \u00een filosofie, pune sub semnul \u00eentreb\u0103rii modul \u00een care este exercitat\u0103 puterea \u00een sistemul de educa\u021bie \u0219i criteriile dup\u0103 care sunt desemna\u021bi cei care ajung s\u0103 ia decizii importante \u00een \u0219coli. Mesajul s\u0103u apare \u00een contextul \u00een [&hellip;]<\/p>\n","protected":false},"author":1,"featured_media":0,"comment_status":"open","ping_status":"","sticky":false,"template":"","format":"standard","meta":{"footnotes":""},"categories":[2],"tags":[226,38],"class_list":["post-2101505","post","type-post","status-publish","format-standard","hentry","category-politics","tag-crawlmanager","tag-gazetabuzoiana-ro"],"_links":{"self":[{"href":"https:\/\/analyse.optim.biz\/index.php?rest_route=\/wp\/v2\/posts\/2101505","targetHints":{"allow":["GET"]}}],"collection":[{"href":"https:\/\/analyse.optim.biz\/index.php?rest_route=\/wp\/v2\/posts"}],"about":[{"href":"https:\/\/analyse.optim.biz\/index.php?rest_route=\/wp\/v2\/types\/post"}],"author":[{"embeddable":true,"href":"https:\/\/analyse.optim.biz\/index.php?rest_route=\/wp\/v2\/users\/1"}],"replies":[{"embeddable":true,"href":"https:\/\/analyse.optim.biz\/index.php?rest_route=%2Fwp%2Fv2%2Fcomments&post=2101505"}],"version-history":[{"count":0,"href":"https:\/\/analyse.optim.biz\/index.php?rest_route=\/wp\/v2\/posts\/2101505\/revisions"}],"wp:attachment":[{"href":"https:\/\/analyse.optim.biz\/index.php?rest_route=%2Fwp%2Fv2%2Fmedia&parent=2101505"}],"wp:term":[{"taxonomy":"category","embeddable":true,"href":"https:\/\/analyse.optim.biz\/index.php?rest_route=%2Fwp%2Fv2%2Fcategories&post=2101505"},{"taxonomy":"post_tag","embeddable":true,"href":"https:\/\/analyse.optim.biz\/index.php?rest_route=%2Fwp%2Fv2%2Ftags&post=2101505"}],"curies":[{"name":"wp","href":"https:\/\/api.w.org\/{rel}","templated":true}]}}