{"id":2101502,"date":"2026-08-17T19:40:41","date_gmt":"2026-08-17T16:40:41","guid":{"rendered":"https:\/\/analyse.optim.biz\/?p=2101502"},"modified":"2026-08-17T19:40:41","modified_gmt":"2026-08-17T16:40:41","slug":"biaf-a-debutat-cu-un-concert-al-alexandrei-capitanescu","status":"publish","type":"post","link":"https:\/\/analyse.optim.biz\/?p=2101502","title":{"rendered":"BIAF a debutat cu un concert al Alexandrei C\u0103pit\u0103nescu"},"content":{"rendered":"<p>[analyse_image type=&#8221;featured&#8221; src=&#8221;https:\/\/www.tvbuzau.ro\/wp-content\/uploads\/2026\/08\/hqdefault-19.jpghttps:\/\/www.tvbuzau.ro\/wp-content\/uploads\/2026\/08\/hqdefault-19.jpg&#8221;]<\/p>\n<div class=\"td-ss-main-content\">\n<article id=\"post-120051\" class=\"post-120051 post type-post status-publish format-video has-post-thumbnail hentry category-actualitate post_format-post-format-video\">\n<div class=\"td-post-header\">\n<ul class=\"td-category\">\n<li class=\"entry-category\"><a href=\"https:\/\/www.tvbuzau.ro\/category\/actualitate\/\">Actualitate<\/a><\/li>\n<\/ul>\n<header class=\"td-post-title\">\n<h1 class=\"entry-title\">BIAF a debutat cu un concert al Alexandrei C\u0103pit\u0103nescu<\/h1>\n<div class=\"td-module-meta-info\">\n<div class=\"td-post-author-name\">De c\u0103tre <a href=\"https:\/\/www.tvbuzau.ro\/author\/mihai-vasilescu\/\">TV Buz\u0103u<\/a> &#8211; <\/div>\n<p><span class=\"td-post-date\"><time class=\"entry-date updated td-module-date\" datetime=\"2026-08-17T19:40:41+00:00\">august 17, 2026<\/time><\/span><\/p>\n<div class=\"td-post-comments\"><a href=\"https:\/\/www.tvbuzau.ro\/biaf-a-debutat-cu-un-concert-al-alexandrei-capitanescu\/#respond\">0<\/a><\/div>\n<div class=\"td-post-views\"><span class=\"td-nr-views-120051\">7<\/span><\/div>\n<\/div>\n<\/header>\n<\/div>\n<div class=\"td-post-sharing td-post-sharing-top td-with-like\">\n<div class=\"td-default-sharing\"><a class=\"td-social-sharing-buttons td-social-facebook\" href=\"http:\/\/www.facebook.com\/sharer.php?u=https%3A%2F%2Fwww.tvbuzau.ro%2Fbiaf-a-debutat-cu-un-concert-al-alexandrei-capitanescu%2F\"><\/p>\n<div class=\"td-social-but-text\">Distribui\u021bi pe Facebook<\/div>\n<p><\/a><a class=\"td-social-sharing-buttons td-social-twitter\" href=\"https:\/\/twitter.com\/intent\/tweet?text=BIAF+a+debutat+cu+un+concert+al+Alexandrei+C%C4%83pit%C4%83nescu&amp;url=https%3A%2F%2Fwww.tvbuzau.ro%2Fbiaf-a-debutat-cu-un-concert-al-alexandrei-capitanescu%2F&amp;via=TV+Buz%C4%83u\"><\/p>\n<div class=\"td-social-but-text\">Distribui\u021bi pe Twitter<\/div>\n<p><\/a><\/div>\n<div class=\"td-classic-sharing\">\n<ul>\n<li class=\"td-classic-facebook\"><iframe frameborder src=\"https:\/\/www.facebook.com\/plugins\/like.php?href=https:\/\/www.tvbuzau.ro\/biaf-a-debutat-cu-un-concert-al-alexandrei-capitanescu\/&amp;layout=button_count&amp;show_faces=false&amp;width=105&amp;action=like&amp;colorscheme=light&amp;height=21\"><\/iframe><\/li>\n<li class=\"td-classic-twitter\"><a href=\"https:\/\/twitter.com\/share\" class=\"twitter-share-button\" data-url=\"https:\/\/www.tvbuzau.ro\/biaf-a-debutat-cu-un-concert-al-alexandrei-capitanescu\/\" data-text=\"BIAF a debutat cu un concert al Alexandrei C\u0103pit\u0103nescu\" data-via data-lang=\"en\">tweet<\/a><\/li>\n<\/ul>\n<\/div>\n<\/div>\n<div class=\"td-post-content\">\n<div class=\"td-featured-image-rec\">\n<div class=\"wpb_video_wrapper\">\n                    <iframe loading=\"lazy\" id=\"td_youtube_player\" width=\"600\" height=\"560\" src=\"https:\/\/www.youtube.com\/embed\/GzCd1Df1Dkg?enablejsapi=1&amp;feature=oembed&amp;wmode=opaque&amp;vq=hd720\" frameborder allowfullscreen><\/iframe><\/p><\/div>\n<\/div>\n<p>Patru s\u0103pt\u0103m\u00e2ni cu teatru, film \u015fi concerte<br \/>\nP\u00e2n\u0103 \u00een data de 11 septembrie, buzoienii sunt invita\u0163i la Buz\u0103u International Arts Festival, edi\u021bia a VI-a, festival de film, teatru, arte vizuale, literatur\u0103, spectacole cu invita\u021bi de calibru interna\u021bional. Timp de patru s\u0103pt\u0103m\u00e2ni, Buz\u0103ul devine un spa\u021biu \u00een care arta iese pe strad\u0103, \u00een parcuri, \u00een cinematografe \u00een aer liber, \u00een locuri despre care n-ai fi b\u0103nuit c\u0103 pot g\u0103zdui ceva at\u00e2t de frumos. Evenimetul a debutat \u00een weekend, \u00een Parcul Cr\u00e2ng, printr-un concert al artistei care a ocupat locul III la Eurovizion, Alexandra C\u0103pit\u0103nescu.<br \/>\nSub acela\u0219i acoperi\u0219 artistic, \u00een aceste patru s\u0103pt\u0103m\u00e2ni, se desf\u0103\u0219oar\u0103 simultan: competi\u021bie interna\u021bional\u0103 de film (BUZZ IFF), festival interna\u021bional de teatru independent (COMIC 7 B), program de arte vizuale \u0219i fotografie, art\u0103 stradal\u0103, literatur\u0103 \u0219i \u2013 pentru c\u0103 arta nu are v\u00e2rst\u0103 minim\u0103 \u2013 spectacole \u0219i ateliere dedicate copiilor. La final de august, festivalul g\u0103zduie\u0219te \u0219i a doua edi\u021bie a conferin\u021bei \u2018Ok, deci ce mai e cultur\u0103?\u2019 \u2013 o sear\u0103 de dezbatere cu personalit\u0103\u021bi de cea mai \u00eenalt\u0103 clas\u0103, din domeniul cultural.<br \/>\nFestivalul se extinde \u0219i \u00een jude\u021b prin caravane culturale: 21 \u2013 22 \u2013 23 august la R\u00e2mnicu S\u0103rat, cu concerte, proiec\u021bii de film \u0219i spectacole de teatru inclusiv pentru copii, la care se adaug\u0103 caravane la Nehoiu, Bisoca M\u0103gura \u0219i Pogoanele. Accesul la marea majoritate a evenimentelor este gratuity.<\/p>\n<div class=\"post-views post-120051 entry-meta\"><span class=\"post-views-label\">Post Views: <\/span><span class=\"post-views-count\">152<\/span><\/div>\n<\/div>\n<footer>\n<div class=\"td-post-sharing td-post-sharing-bottom td-with-like\"><span class=\"td-post-share-title\">DISTRIBUI\u021aI<\/span><\/p>\n<div class=\"td-default-sharing\"><a class=\"td-social-sharing-buttons td-social-facebook\" href=\"http:\/\/www.facebook.com\/sharer.php?u=https%3A%2F%2Fwww.tvbuzau.ro%2Fbiaf-a-debutat-cu-un-concert-al-alexandrei-capitanescu%2F\"><\/p>\n<div class=\"td-social-but-text\">Facebook<\/div>\n<p><\/a><a class=\"td-social-sharing-buttons td-social-twitter\" href=\"https:\/\/twitter.com\/intent\/tweet?text=BIAF+a+debutat+cu+un+concert+al+Alexandrei+C%C4%83pit%C4%83nescu&amp;url=https%3A%2F%2Fwww.tvbuzau.ro%2Fbiaf-a-debutat-cu-un-concert-al-alexandrei-capitanescu%2F&amp;via=TV+Buz%C4%83u\"><\/p>\n<div class=\"td-social-but-text\">Twitter<\/div>\n<p><\/a><\/div>\n<div class=\"td-classic-sharing\">\n<ul>\n<li class=\"td-classic-facebook\"><iframe frameborder src=\"https:\/\/www.facebook.com\/plugins\/like.php?href=https:\/\/www.tvbuzau.ro\/biaf-a-debutat-cu-un-concert-al-alexandrei-capitanescu\/&amp;layout=button_count&amp;show_faces=false&amp;width=105&amp;action=like&amp;colorscheme=light&amp;height=21\"><\/iframe><\/li>\n<li class=\"td-classic-twitter\"><a href=\"https:\/\/twitter.com\/share\" class=\"twitter-share-button\" data-url=\"https:\/\/www.tvbuzau.ro\/biaf-a-debutat-cu-un-concert-al-alexandrei-capitanescu\/\" data-text=\"BIAF a debutat cu un concert al Alexandrei C\u0103pit\u0103nescu\" data-via data-lang=\"en\">tweet<\/a><\/li>\n<\/ul>\n<\/div>\n<\/div>\n<div class=\"td-author-name vcard author\"><span class=\"fn\"><a href=\"https:\/\/www.tvbuzau.ro\/author\/mihai-vasilescu\/\">TV Buz\u0103u<\/a><\/span><\/div>\n<p><span><\/span><span><span><\/span><\/span><span><\/span><\/footer>\n<\/article>\n<div class=\"td_block_wrap td_block_related_posts td_uid_1_6a862c1d66f91_rand td_with_ajax_pagination td-pb-border-top\" data-td-block-uid=\"td_uid_1_6a862c1d66f91\">\n<h4 class=\"td-related-title\"><a id=\"td_uid_2_6a862c1d6c6c5\" class=\"td-related-left td-cur-simple-item\" data-td_filter_value data-td_block_id=\"td_uid_1_6a862c1d66f91\" href=\"https:\/\/www.tvbuzau.ro\/biaf-a-debutat-cu-un-concert-al-alexandrei-capitanescu\/\">ARTICOLE SIMILARE<\/a><a id=\"td_uid_3_6a862c1d6c6ff\" class=\"td-related-right\" data-td_filter_value=\"td_related_more_from_author\" data-td_block_id=\"td_uid_1_6a862c1d66f91\" href=\"https:\/\/www.tvbuzau.ro\/biaf-a-debutat-cu-un-concert-al-alexandrei-capitanescu\/\">DE LA ACELA\u0218I AUTOR<\/a><\/h4>\n<div id=\"td_uid_1_6a862c1d66f91\" class=\"td_block_inner\">\n<div class=\"td-related-row\">\n<div class=\"td-related-span4\">\n<div class=\"td_module_related_posts td-animation-stack td_mod_related_posts\">\n<div class=\"td-module-image\">\n<div class=\"td-module-thumb\"><a href=\"https:\/\/www.tvbuzau.ro\/95-dintre-pacientii-buzoieni-apreciaza-serviciile-spitalului-judetean\/\" rel=\"bookmark\" title=\"95% dintre pacien\u0163ii buzoieni apreciaz\u0103 serviciile Spitalului Jude\u0163ean\"><img loading=\"lazy\" decoding=\"async\" width=\"218\" height=\"150\" class=\"entry-thumb\" src=\"https:\/\/www.tvbuzau.ro\/wp-content\/uploads\/2026\/08\/hqdefault-26-218x150.jpg\" alt title=\"95% dintre pacien\u0163ii buzoieni apreciaz\u0103 serviciile Spitalului Jude\u0163ean\"><span class=\"td-video-play-ico\"><img loading=\"lazy\" decoding=\"async\" width=\"40\" height=\"40\" class=\"td-retina\" src=\"https:\/\/www.tvbuzau.ro\/wp-content\/themes\/Newspaper\/images\/icons\/ico-video-large.png\" alt=\"video\"><\/span><\/a><\/div>\n<p><a href=\"https:\/\/www.tvbuzau.ro\/category\/actualitate\/\" class=\"td-post-category\">Actualitate<\/a><\/div>\n<div class=\"item-details\">\n<h3 class=\"entry-title td-module-title\"><a href=\"https:\/\/www.tvbuzau.ro\/95-dintre-pacientii-buzoieni-apreciaza-serviciile-spitalului-judetean\/\" rel=\"bookmark\" title=\"95% dintre pacien\u0163ii buzoieni apreciaz\u0103 serviciile Spitalului Jude\u0163ean\">95% dintre pacien\u0163ii buzoieni apreciaz\u0103 serviciile Spitalului Jude\u0163ean<\/a><\/h3>\n<\/div>\n<\/div>\n<\/div>\n<div class=\"td-related-span4\">\n<div class=\"td_module_related_posts td-animation-stack td_mod_related_posts\">\n<div class=\"td-module-image\">\n<div class=\"td-module-thumb\"><a href=\"https:\/\/www.tvbuzau.ro\/nu-au-putut-sa-isi-cumpere-loc-de-parcare-pentru-datorii-de-cativa-lei\/\" rel=\"bookmark\" title=\"Nu au putut s\u0103 \u00ee\u015fi cumpere loc de parcare pentru datorii de c\u00e2\u0163iva lei\"><img loading=\"lazy\" decoding=\"async\" width=\"218\" height=\"150\" class=\"entry-thumb\" src=\"https:\/\/www.tvbuzau.ro\/wp-content\/uploads\/2026\/08\/hqdefault-25-218x150.jpg\" alt title=\"Nu au putut s\u0103 \u00ee\u015fi cumpere loc de parcare pentru datorii de c\u00e2\u0163iva lei\"><span class=\"td-video-play-ico\"><img loading=\"lazy\" decoding=\"async\" width=\"40\" height=\"40\" class=\"td-retina\" src=\"https:\/\/www.tvbuzau.ro\/wp-content\/themes\/Newspaper\/images\/icons\/ico-video-large.png\" alt=\"video\"><\/span><\/a><\/div>\n<p><a href=\"https:\/\/www.tvbuzau.ro\/category\/actualitate\/\" class=\"td-post-category\">Actualitate<\/a><\/div>\n<div class=\"item-details\">\n<h3 class=\"entry-title td-module-title\"><a href=\"https:\/\/www.tvbuzau.ro\/nu-au-putut-sa-isi-cumpere-loc-de-parcare-pentru-datorii-de-cativa-lei\/\" rel=\"bookmark\" title=\"Nu au putut s\u0103 \u00ee\u015fi cumpere loc de parcare pentru datorii de c\u00e2\u0163iva lei\">Nu au putut s\u0103 \u00ee\u015fi cumpere loc de parcare pentru datorii de c\u00e2\u0163iva lei<\/a><\/h3>\n<\/div>\n<\/div>\n<\/div>\n<div class=\"td-related-span4\">\n<div class=\"td_module_related_posts td-animation-stack td_mod_related_posts\">\n<div class=\"td-module-image\">\n<div class=\"td-module-thumb\"><a href=\"https:\/\/www.tvbuzau.ro\/medicii-spitalului-judetean-vorbesc-despre-sarcina-ectopica\/\" rel=\"bookmark\" title=\"Medicii Spitalului Jude\u0163ean vorbesc despre sarcina ectopic\u0103\"><img loading=\"lazy\" decoding=\"async\" width=\"218\" height=\"150\" class=\"entry-thumb\" src=\"https:\/\/www.tvbuzau.ro\/wp-content\/uploads\/2026\/08\/sddefault-36-218x150.jpg\" alt title=\"Medicii Spitalului Jude\u0163ean vorbesc despre sarcina ectopic\u0103\"><span class=\"td-video-play-ico\"><img loading=\"lazy\" decoding=\"async\" width=\"40\" height=\"40\" class=\"td-retina\" src=\"https:\/\/www.tvbuzau.ro\/wp-content\/themes\/Newspaper\/images\/icons\/ico-video-large.png\" alt=\"video\"><\/span><\/a><\/div>\n<p><a href=\"https:\/\/www.tvbuzau.ro\/category\/actualitate\/\" class=\"td-post-category\">Actualitate<\/a><\/div>\n<div class=\"item-details\">\n<h3 class=\"entry-title td-module-title\"><a href=\"https:\/\/www.tvbuzau.ro\/medicii-spitalului-judetean-vorbesc-despre-sarcina-ectopica\/\" rel=\"bookmark\" title=\"Medicii Spitalului Jude\u0163ean vorbesc despre sarcina ectopic\u0103\">Medicii Spitalului Jude\u0163ean vorbesc despre sarcina ectopic\u0103<\/a><\/h3>\n<\/div>\n<\/div>\n<\/div>\n<\/div>\n<div class=\"td-related-row\">\n<div class=\"td-related-span4\">\n<div class=\"td_module_related_posts td-animation-stack td_mod_related_posts\">\n<div class=\"td-module-image\">\n<div class=\"td-module-thumb\"><a href=\"https:\/\/www.tvbuzau.ro\/noi-angajari-la-spitalul-judetean-buzau-2\/\" rel=\"bookmark\" title=\"Noi angaj\u0103ri la Spitalul Jude\u0163ean Buz\u0103u\"><img loading=\"lazy\" decoding=\"async\" width=\"218\" height=\"150\" class=\"entry-thumb\" src=\"https:\/\/www.tvbuzau.ro\/wp-content\/uploads\/2026\/08\/sddefault-35-218x150.jpg\" alt title=\"Noi angaj\u0103ri la Spitalul Jude\u0163ean Buz\u0103u\"><span class=\"td-video-play-ico\"><img loading=\"lazy\" decoding=\"async\" width=\"40\" height=\"40\" class=\"td-retina\" src=\"https:\/\/www.tvbuzau.ro\/wp-content\/themes\/Newspaper\/images\/icons\/ico-video-large.png\" alt=\"video\"><\/span><\/a><\/div>\n<p><a href=\"https:\/\/www.tvbuzau.ro\/category\/actualitate\/\" class=\"td-post-category\">Actualitate<\/a><\/div>\n<div class=\"item-details\">\n<h3 class=\"entry-title td-module-title\"><a href=\"https:\/\/www.tvbuzau.ro\/noi-angajari-la-spitalul-judetean-buzau-2\/\" rel=\"bookmark\" title=\"Noi angaj\u0103ri la Spitalul Jude\u0163ean Buz\u0103u\">Noi angaj\u0103ri la Spitalul Jude\u0163ean Buz\u0103u<\/a><\/h3>\n<\/div>\n<\/div>\n<\/div>\n<div class=\"td-related-span4\">\n<div class=\"td_module_related_posts td-animation-stack td_mod_related_posts\">\n<div class=\"td-module-image\">\n<div class=\"td-module-thumb\"><a href=\"https:\/\/www.tvbuzau.ro\/se-mai-construiesc-blocuri-in-municipiul-buzau\/\" rel=\"bookmark\" title=\"Se mai construiesc blocuri \u00een municipiul Buz\u0103u?\"><img loading=\"lazy\" decoding=\"async\" width=\"218\" height=\"150\" class=\"entry-thumb\" src=\"https:\/\/www.tvbuzau.ro\/wp-content\/uploads\/2026\/08\/hqdefault-24-218x150.jpg\" alt title=\"Se mai construiesc blocuri \u00een municipiul Buz\u0103u?\"><span class=\"td-video-play-ico\"><img loading=\"lazy\" decoding=\"async\" width=\"40\" height=\"40\" class=\"td-retina\" src=\"https:\/\/www.tvbuzau.ro\/wp-content\/themes\/Newspaper\/images\/icons\/ico-video-large.png\" alt=\"video\"><\/span><\/a><\/div>\n<p><a href=\"https:\/\/www.tvbuzau.ro\/category\/actualitate\/\" class=\"td-post-category\">Actualitate<\/a><\/div>\n<div class=\"item-details\">\n<h3 class=\"entry-title td-module-title\"><a href=\"https:\/\/www.tvbuzau.ro\/se-mai-construiesc-blocuri-in-municipiul-buzau\/\" rel=\"bookmark\" title=\"Se mai construiesc blocuri \u00een municipiul Buz\u0103u?\">Se mai construiesc blocuri \u00een municipiul Buz\u0103u?<\/a><\/h3>\n<\/div>\n<\/div>\n<\/div>\n<div class=\"td-related-span4\">\n<div class=\"td_module_related_posts td-animation-stack td_mod_related_posts\">\n<div class=\"td-module-image\">\n<div class=\"td-module-thumb\"><a href=\"https:\/\/www.tvbuzau.ro\/mai-multa-transparenta-la-primaria-buzau\/\" rel=\"bookmark\" title=\"Mai mult\u0103 transparen\u0163\u0103 la Prim\u0103ria Buz\u0103u?\"><img loading=\"lazy\" decoding=\"async\" width=\"218\" height=\"150\" class=\"entry-thumb\" src=\"https:\/\/www.tvbuzau.ro\/wp-content\/uploads\/2026\/08\/sddefault-34-218x150.jpg\" alt title=\"Mai mult\u0103 transparen\u0163\u0103 la Prim\u0103ria Buz\u0103u?\"><span class=\"td-video-play-ico\"><img loading=\"lazy\" decoding=\"async\" width=\"40\" height=\"40\" class=\"td-retina\" src=\"https:\/\/www.tvbuzau.ro\/wp-content\/themes\/Newspaper\/images\/icons\/ico-video-large.png\" alt=\"video\"><\/span><\/a><\/div>\n<p><a href=\"https:\/\/www.tvbuzau.ro\/category\/actualitate\/\" class=\"td-post-category\">Actualitate<\/a><\/div>\n<div class=\"item-details\">\n<h3 class=\"entry-title td-module-title\"><a href=\"https:\/\/www.tvbuzau.ro\/mai-multa-transparenta-la-primaria-buzau\/\" rel=\"bookmark\" title=\"Mai mult\u0103 transparen\u0163\u0103 la Prim\u0103ria Buz\u0103u?\">Mai mult\u0103 transparen\u0163\u0103 la Prim\u0103ria Buz\u0103u?<\/a><\/h3>\n<\/div>\n<\/div>\n<\/div>\n<\/div>\n<\/div>\n<\/div>\n<div class=\"comments\" id=\"comments\">\n<div id=\"respond\" class=\"comment-respond\">\n<h3 id=\"reply-title\" class=\"comment-reply-title\">L\u0102SA\u021aI UN MESAJ <small><a rel=\"nofollow\" id=\"cancel-comment-reply-link\" href=\"https:\/\/www.tvbuzau.ro\/biaf-a-debutat-cu-un-concert-al-alexandrei-capitanescu\/#respond\">Renun\u021ba\u021bi la r\u0103spuns<\/a><\/small><\/h3>\n<\/div>\n<\/div>\n<\/div>\n<div class=\"td-post-content\">\n<div class=\"td-featured-image-rec\">\n<div class=\"wpb_video_wrapper\">\n                    <iframe loading=\"lazy\" id=\"td_youtube_player\" width=\"600\" height=\"560\" src=\"https:\/\/www.youtube.com\/embed\/GzCd1Df1Dkg?enablejsapi=1&amp;feature=oembed&amp;wmode=opaque&amp;vq=hd720\" frameborder allowfullscreen><\/iframe><\/p><\/div>\n<\/div>\n<p>Patru s\u0103pt\u0103m\u00e2ni cu teatru, film \u015fi concerte<br \/>\nP\u00e2n\u0103 \u00een data de 11 septembrie, buzoienii sunt invita\u0163i la Buz\u0103u International Arts Festival, edi\u021bia a VI-a, festival de film, teatru, arte vizuale, literatur\u0103, spectacole cu invita\u021bi de calibru interna\u021bional. Timp de patru s\u0103pt\u0103m\u00e2ni, Buz\u0103ul devine un spa\u021biu \u00een care arta iese pe strad\u0103, \u00een parcuri, \u00een cinematografe \u00een aer liber, \u00een locuri despre care n-ai fi b\u0103nuit c\u0103 pot g\u0103zdui ceva at\u00e2t de frumos. Evenimetul a debutat \u00een weekend, \u00een Parcul Cr\u00e2ng, printr-un concert al artistei care a ocupat locul III la Eurovizion, Alexandra C\u0103pit\u0103nescu.<br \/>\nSub acela\u0219i acoperi\u0219 artistic, \u00een aceste patru s\u0103pt\u0103m\u00e2ni, se desf\u0103\u0219oar\u0103 simultan: competi\u021bie interna\u021bional\u0103 de film (BUZZ IFF), festival interna\u021bional de teatru independent (COMIC 7 B), program de arte vizuale \u0219i fotografie, art\u0103 stradal\u0103, literatur\u0103 \u0219i \u2013 pentru c\u0103 arta nu are v\u00e2rst\u0103 minim\u0103 \u2013 spectacole \u0219i ateliere dedicate copiilor. La final de august, festivalul g\u0103zduie\u0219te \u0219i a doua edi\u021bie a conferin\u021bei \u2018Ok, deci ce mai e cultur\u0103?\u2019 \u2013 o sear\u0103 de dezbatere cu personalit\u0103\u021bi de cea mai \u00eenalt\u0103 clas\u0103, din domeniul cultural.<br \/>\nFestivalul se extinde \u0219i \u00een jude\u021b prin caravane culturale: 21 \u2013 22 \u2013 23 august la R\u00e2mnicu S\u0103rat, cu concerte, proiec\u021bii de film \u0219i spectacole de teatru inclusiv pentru copii, la care se adaug\u0103 caravane la Nehoiu, Bisoca M\u0103gura \u0219i Pogoanele. Accesul la marea majoritate a evenimentelor este gratuity.<\/p>\n<div class=\"post-views post-120051 entry-meta\"><span class=\"post-views-label\">Post Views: <\/span><span class=\"post-views-count\">152<\/span><\/div>\n<\/div>\n<p>[analyse_source url=&#8221;https:\/\/www.tvbuzau.ro\/biaf-a-debutat-cu-un-concert-al-alexandrei-capitanescu\/&#8221;]<\/p>\n","protected":false},"excerpt":{"rendered":"<p>[analyse_image type=&#8221;featured&#8221; src=&#8221;https:\/\/www.tvbuzau.ro\/wp-content\/uploads\/2026\/08\/hqdefault-19.jpghttps:\/\/www.tvbuzau.ro\/wp-content\/uploads\/2026\/08\/hqdefault-19.jpg&#8221;] Actualitate BIAF a debutat cu un concert al Alexandrei C\u0103pit\u0103nescu De c\u0103tre TV Buz\u0103u &#8211; august 17, 2026 0 7 Distribui\u021bi pe Facebook Distribui\u021bi pe Twitter tweet Patru s\u0103pt\u0103m\u00e2ni cu teatru, film \u015fi concerte P\u00e2n\u0103 \u00een data de 11 septembrie, buzoienii sunt invita\u0163i la Buz\u0103u International Arts Festival, edi\u021bia a VI-a, festival [&hellip;]<\/p>\n","protected":false},"author":1,"featured_media":0,"comment_status":"open","ping_status":"","sticky":false,"template":"","format":"standard","meta":{"footnotes":""},"categories":[2],"tags":[226,116],"class_list":["post-2101502","post","type-post","status-publish","format-standard","hentry","category-politics","tag-crawlmanager","tag-tvbuzau-ro"],"_links":{"self":[{"href":"https:\/\/analyse.optim.biz\/index.php?rest_route=\/wp\/v2\/posts\/2101502","targetHints":{"allow":["GET"]}}],"collection":[{"href":"https:\/\/analyse.optim.biz\/index.php?rest_route=\/wp\/v2\/posts"}],"about":[{"href":"https:\/\/analyse.optim.biz\/index.php?rest_route=\/wp\/v2\/types\/post"}],"author":[{"embeddable":true,"href":"https:\/\/analyse.optim.biz\/index.php?rest_route=\/wp\/v2\/users\/1"}],"replies":[{"embeddable":true,"href":"https:\/\/analyse.optim.biz\/index.php?rest_route=%2Fwp%2Fv2%2Fcomments&post=2101502"}],"version-history":[{"count":0,"href":"https:\/\/analyse.optim.biz\/index.php?rest_route=\/wp\/v2\/posts\/2101502\/revisions"}],"wp:attachment":[{"href":"https:\/\/analyse.optim.biz\/index.php?rest_route=%2Fwp%2Fv2%2Fmedia&parent=2101502"}],"wp:term":[{"taxonomy":"category","embeddable":true,"href":"https:\/\/analyse.optim.biz\/index.php?rest_route=%2Fwp%2Fv2%2Fcategories&post=2101502"},{"taxonomy":"post_tag","embeddable":true,"href":"https:\/\/analyse.optim.biz\/index.php?rest_route=%2Fwp%2Fv2%2Ftags&post=2101502"}],"curies":[{"name":"wp","href":"https:\/\/api.w.org\/{rel}","templated":true}]}}