{"id":2101501,"date":"2026-08-19T11:59:10","date_gmt":"2026-08-19T08:59:10","guid":{"rendered":"https:\/\/analyse.optim.biz\/?p=2101501"},"modified":"2026-08-19T11:59:10","modified_gmt":"2026-08-19T08:59:10","slug":"audio-primarul-toma-nu-mai-doresc-sa-candidez-din-partea-psd-ce-a-mai-declarat-edilul-sef-la-radio-campus","status":"publish","type":"post","link":"https:\/\/analyse.optim.biz\/?p=2101501","title":{"rendered":"(AUDIO) Primarul Toma: Nu mai doresc s\u0103 candidez din partea PSD. Ce a mai declarat edilul-\u0219ef la Radio Campus"},"content":{"rendered":"<p>[analyse_image type=&#8221;featured&#8221; src=&#8221;https:\/\/www.campusbuzau.ro\/wp-content\/uploads\/2026\/08\/primar-1.jpghttps:\/\/www.campusbuzau.ro\/wp-content\/uploads\/2026\/08\/primar-1.jpg&#8221;]<\/p>\n<div class=\"entry-content\">\n<p><strong>Ast\u0103zi, primarul municipiului Buz\u0103u, Constantin Toma, a declarat \u00eentr-o emisiune la Radio Campus c\u0103 nu mai dore\u0219te s\u0103 candideze din partea PSD pentru un nou mandat \u00een fruntea Palatului Comunal.<\/strong><br \/><strong><em>,,Prima op\u021biune este cea de independent<\/em>\u201e, a spus Constantin Toma. <\/strong><\/p>\n<p><strong>Mai jos, pute\u021bi asculta momentul \u00een care edilul-\u0219ef a anun\u021bat c\u0103 nu mai dore\u0219te s\u0103 fie candidatul PSD. <\/strong><\/p>\n<figure class=\"wp-block-audio\"><figcaption class=\"wp-element-caption\"><em><strong>preluare Radio Campus<\/strong><\/em><\/figcaption><\/figure>\n<p><strong>Toma nu a exclus, \u00eens\u0103, o candidatur\u0103 cu sprijin din partea unei forma\u021biuni, excluz\u00e2nd din ecua\u021bie SOS \u0219i AUR. <\/strong><\/p>\n<p><strong>\u00cen ultimele luni, Constantin Toma, demisionar din toate func\u021biile de\u021binute \u00een PSD, inclusiv din cea de prim-vicepre\u0219edinte al organiza\u021biei jude\u021bene \u0219i din cea de pre\u0219edinte al filialei municipale, a afirmat \u00een repetate r\u00e2nduri c\u0103 nu se mai reg\u0103se\u0219te \u00eentr-un PSD condus pe \u021bar\u0103 de Sorin Grindeanu \u0219i de deputatul Romeo Lungu, la Buz\u0103u. <\/strong><\/p>\n<p><strong>R\u0103m\u00e2ne de v\u0103zut ce ecouri vor avea noile declara\u021bii ale \u0219efului Palatului Comunal.<\/strong><\/p>\n<\/div>\n<p>[analyse_source url=&#8221;https:\/\/www.campusbuzau.ro\/primar-toma-declaratie-candidatura-psd\/&#8221;]<\/p>\n","protected":false},"excerpt":{"rendered":"<p>[analyse_image type=&#8221;featured&#8221; src=&#8221;https:\/\/www.campusbuzau.ro\/wp-content\/uploads\/2026\/08\/primar-1.jpghttps:\/\/www.campusbuzau.ro\/wp-content\/uploads\/2026\/08\/primar-1.jpg&#8221;] Ast\u0103zi, primarul municipiului Buz\u0103u, Constantin Toma, a declarat \u00eentr-o emisiune la Radio Campus c\u0103 nu mai dore\u0219te s\u0103 candideze din partea PSD pentru un nou mandat \u00een fruntea Palatului Comunal.,,Prima op\u021biune este cea de independent\u201e, a spus Constantin Toma. Mai jos, pute\u021bi asculta momentul \u00een care edilul-\u0219ef a anun\u021bat c\u0103 nu mai [&hellip;]<\/p>\n","protected":false},"author":1,"featured_media":0,"comment_status":"open","ping_status":"","sticky":false,"template":"","format":"standard","meta":{"footnotes":""},"categories":[2],"tags":[118,226],"class_list":["post-2101501","post","type-post","status-publish","format-standard","hentry","category-politics","tag-campusbuzau-ro","tag-crawlmanager"],"_links":{"self":[{"href":"https:\/\/analyse.optim.biz\/index.php?rest_route=\/wp\/v2\/posts\/2101501","targetHints":{"allow":["GET"]}}],"collection":[{"href":"https:\/\/analyse.optim.biz\/index.php?rest_route=\/wp\/v2\/posts"}],"about":[{"href":"https:\/\/analyse.optim.biz\/index.php?rest_route=\/wp\/v2\/types\/post"}],"author":[{"embeddable":true,"href":"https:\/\/analyse.optim.biz\/index.php?rest_route=\/wp\/v2\/users\/1"}],"replies":[{"embeddable":true,"href":"https:\/\/analyse.optim.biz\/index.php?rest_route=%2Fwp%2Fv2%2Fcomments&post=2101501"}],"version-history":[{"count":0,"href":"https:\/\/analyse.optim.biz\/index.php?rest_route=\/wp\/v2\/posts\/2101501\/revisions"}],"wp:attachment":[{"href":"https:\/\/analyse.optim.biz\/index.php?rest_route=%2Fwp%2Fv2%2Fmedia&parent=2101501"}],"wp:term":[{"taxonomy":"category","embeddable":true,"href":"https:\/\/analyse.optim.biz\/index.php?rest_route=%2Fwp%2Fv2%2Fcategories&post=2101501"},{"taxonomy":"post_tag","embeddable":true,"href":"https:\/\/analyse.optim.biz\/index.php?rest_route=%2Fwp%2Fv2%2Ftags&post=2101501"}],"curies":[{"name":"wp","href":"https:\/\/api.w.org\/{rel}","templated":true}]}}