{"id":2101358,"date":"2026-08-19T19:20:16","date_gmt":"2026-08-19T16:20:16","guid":{"rendered":"https:\/\/analyse.optim.biz\/?p=2101358"},"modified":"2026-08-19T19:20:16","modified_gmt":"2026-08-19T16:20:16","slug":"spectral-mobila-a-mobilat-cel-mai-mare-camin-studentesc-din-romania-peste-8-300-de-piese-montate-la-timisoara-si-43-de-curse-de-camion","status":"publish","type":"post","link":"https:\/\/analyse.optim.biz\/?p=2101358","title":{"rendered":"Spectral Mobil\u0103 a mobilat cel mai mare c\u0103min studen\u021besc din Rom\u00e2nia. Peste 8.300 de piese, montate la Timi\u0219oara \u0219i 43 de curse de camion"},"content":{"rendered":"<p>[analyse_image type=&#8221;featured&#8221; src=&#8221;https:\/\/www.ziarulobiectiv.ro\/wp-content\/uploads\/2026\/08\/camin-studentesc_rezultat.jpg&#8221;]<\/p>\n<div class=\"td-post-content td-pb-padding-side\">\n<div class=\"td-post-featured-image\"><a href=\"https:\/\/www.ziarulobiectiv.ro\/wp-content\/uploads\/2026\/08\/camin-studentesc_rezultat.jpg\" data-caption><img loading=\"lazy\" decoding=\"async\" width=\"640\" height=\"480\" class=\"entry-thumb td-modal-image\" src=\"https:\/\/sp-ao.shortpixel.ai\/client\/to_webp,q_glossy,ret_img,w_640,h_480\/https:\/\/www.ziarulobiectiv.ro\/wp-content\/uploads\/2026\/08\/camin-studentesc_rezultat-640x480.jpg\" alt title=\"camin-studentesc_rezultat\"><\/a><\/div>\n<p class=\"isSelectedEnd\">Spectral Mobil\u0103, companie cu fabrica \u00een comuna Tutova, a realizat mobilierul pentru cel mai mare c\u0103min studen\u021besc din Rom\u00e2nia, inaugurat pe 17 august la Universitatea de Vest din Timi\u0219oara. Proiectul a presupus montarea a peste 8.300 de produse de mobilier, \u00eentr-un complex cu 902 locuri de cazare.<\/p>\n<div><a href=\"https:\/\/news.google.com\/publications\/CAAqLQgKIidDQklTRndnTWFoTUtFWHBwWVhKMWJHOWlhV1ZqZEdsMkxuSnZLQUFQAQ?hl=ro&amp;gl=RO&amp;ceid=RO%3Aro\" target=\"_blank\" rel=\"noopener noreferrer\"><br \/>\n        \u2b50 Urm\u0103re\u0219te Ziarul Obiectiv pe Google News<br \/>\n    <\/a><\/div>\n<p><img loading=\"lazy\" decoding=\"async\" class=\"aligncenter wp-image-18658 size-full\" src=\"https:\/\/sp-ao.shortpixel.ai\/client\/to_webp,q_glossy,ret_img,w_995,h_701\/https:\/\/www.ziarulobiectiv.ro\/wp-content\/uploads\/2026\/08\/spectral1_rezultat.png\" alt width=\"995\" height=\"701\"><\/p>\n<p class=\"isSelectedEnd\">Cifrele proiectului \u00eel plaseaz\u0103 printre cele mai ample obiective de acest tip mobilate \u00eentr-o singur\u0103 loca\u021bie: 451 de camere, dintre care 16 adaptate persoanelor cu dizabilit\u0103\u021bi, 17 buc\u0103t\u0103rii complet utilate cu s\u0103li de luat masa, 17 s\u0103li de lectur\u0103 cu 418 locuri, 13 sp\u0103l\u0103torii \u0219i usc\u0103torii, dou\u0103 s\u0103li de co-working, dou\u0103 terase exterioare, o sal\u0103 de mese cu 152 de locuri \u0219i buc\u0103t\u0103rie profesional\u0103, precum \u0219i o sal\u0103 de fitness.<\/p>\n<p class=\"isSelectedEnd\">Pentru Spectral Mobil\u0103, dimensiunea lucr\u0103rii a \u00eensemnat o opera\u021biune logistic\u0103 \u0219i de montaj de amploare. Mobilierul a fost transportat de la fabric\u0103 la Timi\u0219oara \u00een 43 de curse de camion, iar la montaj au participat 39 de angaja\u021bi.<\/p>\n<p class=\"isSelectedEnd\">\u201eA fost o munc\u0103 titanic\u0103 de care suntem m\u00e2ndri c\u0103 am dus-o la bun sf\u00e2r\u0219it \u00eentr-un timp foarte scurt \u0219i avem c\u00e2teva cifre care demonstreaz\u0103 asta: 43 de curse f\u0103cute de camioane de la fabric\u0103 la Timi\u0219oara, 39 de montatori de mobilier care au participat la montaj, 8300 de produse de mobilier montate de noi \u00een c\u0103min\u201d, a declarat Dan Dodi\u021b\u0103, director executiv al Spectral Mobila SA.<\/p>\n<p><img loading=\"lazy\" decoding=\"async\" class=\"aligncenter wp-image-18659 size-full\" src=\"https:\/\/sp-ao.shortpixel.ai\/client\/to_webp,q_glossy,ret_img,w_1000,h_664\/https:\/\/www.ziarulobiectiv.ro\/wp-content\/uploads\/2026\/08\/spectral2_rezultat.png\" alt width=\"1000\" height=\"664\"><\/p>\n<p class=\"isSelectedEnd\">Compania de\u021bine o fabric\u0103 la Tutova \u0219i produce o gam\u0103 larg\u0103 de mobilier pentru dormitoare, sufragerii, buc\u0103t\u0103rii, holuri, b\u0103i \u0219i birouri, precum \u0219i mobilier tapi\u021bat \u2013 canapele, fotolii \u0219i col\u021bare.<\/p>\n<p>Participarea la amenajarea celui mai mare c\u0103min studen\u021besc din \u021bar\u0103 reprezint\u0103 astfel unul dintre cele mai mari proiecte de mobilier realizate p\u00e2n\u0103 acum de compania din zona B\u00e2rladului.<\/p>\n<\/div>\n<p>[analyse_source url=&#8221;https:\/\/www.ziarulobiectiv.ro\/spectral-mobila-a-mobilat-cel-mai-mare-camin-studentesc-din-romania-peste-8-300-de-piese-montate-la-timisoara-si-43-de-curse-de-camion-pentru-transport\/#new_tab&#8221;]<\/p>\n","protected":false},"excerpt":{"rendered":"<p>[analyse_image type=&#8221;featured&#8221; src=&#8221;https:\/\/www.ziarulobiectiv.ro\/wp-content\/uploads\/2026\/08\/camin-studentesc_rezultat.jpg&#8221;] Spectral Mobil\u0103, companie cu fabrica \u00een comuna Tutova, a realizat mobilierul pentru cel mai mare c\u0103min studen\u021besc din Rom\u00e2nia, inaugurat pe 17 august la Universitatea de Vest din Timi\u0219oara. Proiectul a presupus montarea a peste 8.300 de produse de mobilier, \u00eentr-un complex cu 902 locuri de cazare. \u2b50 Urm\u0103re\u0219te Ziarul Obiectiv pe [&hellip;]<\/p>\n","protected":false},"author":1,"featured_media":0,"comment_status":"open","ping_status":"","sticky":false,"template":"","format":"standard","meta":{"footnotes":""},"categories":[89],"tags":[226,217],"class_list":["post-2101358","post","type-post","status-publish","format-standard","hentry","category-romania","tag-crawlmanager","tag-vaslui-robo-stiri-ro"],"_links":{"self":[{"href":"https:\/\/analyse.optim.biz\/index.php?rest_route=\/wp\/v2\/posts\/2101358","targetHints":{"allow":["GET"]}}],"collection":[{"href":"https:\/\/analyse.optim.biz\/index.php?rest_route=\/wp\/v2\/posts"}],"about":[{"href":"https:\/\/analyse.optim.biz\/index.php?rest_route=\/wp\/v2\/types\/post"}],"author":[{"embeddable":true,"href":"https:\/\/analyse.optim.biz\/index.php?rest_route=\/wp\/v2\/users\/1"}],"replies":[{"embeddable":true,"href":"https:\/\/analyse.optim.biz\/index.php?rest_route=%2Fwp%2Fv2%2Fcomments&post=2101358"}],"version-history":[{"count":0,"href":"https:\/\/analyse.optim.biz\/index.php?rest_route=\/wp\/v2\/posts\/2101358\/revisions"}],"wp:attachment":[{"href":"https:\/\/analyse.optim.biz\/index.php?rest_route=%2Fwp%2Fv2%2Fmedia&parent=2101358"}],"wp:term":[{"taxonomy":"category","embeddable":true,"href":"https:\/\/analyse.optim.biz\/index.php?rest_route=%2Fwp%2Fv2%2Fcategories&post=2101358"},{"taxonomy":"post_tag","embeddable":true,"href":"https:\/\/analyse.optim.biz\/index.php?rest_route=%2Fwp%2Fv2%2Ftags&post=2101358"}],"curies":[{"name":"wp","href":"https:\/\/api.w.org\/{rel}","templated":true}]}}