{"id":2101353,"date":"2026-08-19T19:47:48","date_gmt":"2026-08-19T16:47:48","guid":{"rendered":"https:\/\/analyse.optim.biz\/?p=2101353"},"modified":"2026-08-19T19:47:48","modified_gmt":"2026-08-19T16:47:48","slug":"si-a-dat-foc-la-casa-apoi-a-ajuns-la-spital-interventie-de-urgenta-la-tacuta-miercuri-seara","status":"publish","type":"post","link":"https:\/\/analyse.optim.biz\/?p=2101353","title":{"rendered":"\u0218i-a dat foc la cas\u0103, apoi a ajuns la spital. Interven\u021bie de urgen\u021b\u0103 la T\u0103cuta, miercuri seara"},"content":{"rendered":"<p>[analyse_image type=&#8221;featured&#8221; src=&#8221;https:\/\/vasluianul.ro\/wp-content\/uploads\/2026\/03\/incendiu-manzati-ibanesti-ccasa-32.jpeg&#8221;]<\/p>\n<div class=\"tdb-block-inner td-fix-index\"><time class=\"entry-date updated td-module-date\" datetime=\"2026-08-19T22:47:48+03:00\">august 19, 2026<\/time><\/div>\n<div class=\"tdb-block-inner td-fix-index\"><span>Updated:<\/span><time class=\"entry-date updated td-module-date\" datetime=\"2026-08-19T22:47:48+03:00\">august 19, 2026<\/time><\/div>\n<div class=\"tdb-block-inner td-fix-index\">\n<h1 class=\"tdb-title-text\">\u0218i-a dat foc la cas\u0103, apoi a ajuns la spital. Interven\u021bie de urgen\u021b\u0103 la T\u0103cuta, miercuri seara<\/h1>\n<\/div>\n<div class=\"tdb-block-inner td-fix-index\"><a class=\"tdb-author-photo\" href=\"https:\/\/vasluianul.ro\/author\/adrian-preda\/\" title=\"Adrian Preda\"><img loading=\"lazy\" decoding=\"async\" alt=\"Adrian Preda\" src=\"https:\/\/secure.gravatar.com\/avatar\/66441e1e224d14d86219bbfb42e21a31709e2233c3c326193cfc82dd104a5ff3?s=34&amp;d=identicon&amp;r=g\" class=\"avatar avatar-34 photo\" height=\"34\" width=\"34\" data-eio=\"l\"><\/a><\/p>\n<div class=\"tdb-author-name-wrap\"><span class=\"tdb-author-by\">By<\/span><a class=\"tdb-author-name\" href=\"https:\/\/vasluianul.ro\/author\/adrian-preda\/\">Adrian Preda<\/a><\/div>\n<\/div>\n<div class=\"tdb-block-inner td-fix-index\"><a href=\"https:\/\/vasluianul.ro\/wp-content\/uploads\/2026\/03\/incendiu-manzati-ibanesti-ccasa-32.jpeg\" data-caption><img loading=\"lazy\" decoding=\"async\" width=\"1068\" height=\"1424\" class=\"entry-thumb td-modal-image\" src=\"https:\/\/vasluianul.ro\/wp-content\/uploads\/2026\/03\/incendiu-manzati-ibanesti-ccasa-32-1068x1424.jpeg\" alt title=\"incendiu manzati ibanesti ccasa 32\" data-eio=\"l\"><\/a><\/div>\n<div class=\"td_block_wrap tdb_single_content tdi_75 td-pb-border-top td_block_template_1 td-post-content tagdiv-type\" data-td-block-uid=\"tdi_75\">\n<div class=\"tdb-block-inner td-fix-index\">\n<div class=\"vtp-article-views\" aria-label=\"Num\u0103r vizualiz\u0103ri articol\"><span class=\"vtp-eye\" aria-hidden=\"true\">\ud83d\udc41<\/span><strong>5<\/strong> vizualiz\u0103ri<\/div>\n<p class=\"isSelectedEnd\"><strong><span>Pompierii vasluieni au intervenit miercuri sear\u0103 la un incendiu izbucnit la o cas\u0103 din Dumasca, comuna T\u0103cuta. Alarma a fost dat\u0103 \u00een jurul orei 18.00, iar persoana care a sunat la 112 anun\u021ba\u00a0 c\u0103 o persoan\u0103 ar fi r\u0103mas \u00een locuin\u021ba cuprins\u0103 de fl\u0103c\u0103ri.<\/span><\/strong><\/p>\n<div class=\"code-block code-block-1\"><a href=\"https:\/\/vasluianul.ro\/incendiu-dumasca-tacuta-foc-intentionat\/DESTINATION\"><img decoding=\"async\" src=\"https:\/\/vasluianul.ro\/wp-content\/uploads\/2022\/06\/reclama-vechia-roma-2.jpeg%0A\" data-eio=\"l\"><\/a><\/div>\n<p class=\"isSelectedEnd\"><span>Din fericire, informa\u021bia nu s-a confirmat. La sosirea echipajelor, pompierii au constatat c\u0103 nimeni nu era surprins \u00een interiorul casei.<\/span><\/p>\n<p class=\"isSelectedEnd\"><span>La Dumasca au fost trimise o autospecial\u0103 de stingere, o autospecial\u0103 pentru transportul apei \u0219i o ambulan\u021b\u0103 de Terapie Intensiv\u0103 Mobil\u0103 de la Deta\u0219amentul Vaslui. \u00cen total, zece militari au participat la interven\u021bie. P\u00e2n\u0103 la sosirea acestora au intervenit \u0219i pompierii voluntari din T\u0103cuta.<\/span><\/p>\n<aside class=\"vva-wrap\" aria-label=\"PUBLICITATE\">\n<div class=\"vva-label\">PUBLICITATE<\/div>\n<p><a class=\"vva-link\" href=\"https:\/\/www.facebook.com\/FamiliaSafir\" target=\"_blank\" rel=\"noopener sponsored\"><video class=\"vva-video\" data-max-seconds=\"21\" playsinline preload=\"metadata\" autoplay muted controls><source src=\"https:\/\/vasluianul.ro\/wp-content\/uploads\/2026\/07\/safir-campanie-iulie-2026.mp4\" \/><\/video><\/a><\/aside>\n<div class=\"vam4-ad vam4-device-mobile\" data-ad-id=\"6\">\n<div class=\"vam4-label\">PUBLICITATE<\/div>\n<div class=\"vam4-frame\"><img decoding=\"async\" src=\"https:\/\/vasluianul.ro\/wp-content\/uploads\/2026\/06\/concurs-familia-safir-.png\" alt=\"Safir\" loading=\"lazy\" data-eio=\"l\"><\/div>\n<\/div>\n<p class=\"isSelectedEnd\"><span>O persoan\u0103 aflat\u0103 la fa\u021ba locului a suferit un atac de panic\u0103. A primit \u00eengrijiri de la echipajul TIM \u0219i a fost transportat\u0103 la spital.<\/span><\/p>\n<p class=\"isSelectedEnd\"><span>Incendiul a distrus 20 de metri p\u0103tra\u021bi din acoperi\u0219ul casei, dou\u0103 ferestre \u0219i dou\u0103 u\u0219i. Au mai ars zece metri p\u0103tra\u021bi de gard \u0219i aproximativ 100 de metri p\u0103tra\u021bi de vegeta\u021bie.<\/span><\/p>\n<p><span>Cazul a luat \u00eens\u0103 o turnur\u0103 nea\u0219teptat\u0103. Potrivit ISU Vaslui, dintr-o declara\u021bie f\u0103cut\u0103 dup\u0103 incendiu rezult\u0103 c\u0103 <strong>focul ar fi fost pus inten\u021bionat chiar de persoana care ulterior a avut nevoie de \u00eengrijiri medicale<\/strong>.<\/span><\/p>\n<\/div>\n<\/div>\n<div class=\"tdb-block-inner td-fix-index\">\n<div class=\"vtp-article-views\" aria-label=\"Num\u0103r vizualiz\u0103ri articol\"><span class=\"vtp-eye\" aria-hidden=\"true\">\ud83d\udc41<\/span><strong>5<\/strong> vizualiz\u0103ri<\/div>\n<p class=\"isSelectedEnd\"><strong><span>Pompierii vasluieni au intervenit miercuri sear\u0103 la un incendiu izbucnit la o cas\u0103 din Dumasca, comuna T\u0103cuta. Alarma a fost dat\u0103 \u00een jurul orei 18.00, iar persoana care a sunat la 112 anun\u021ba\u00a0 c\u0103 o persoan\u0103 ar fi r\u0103mas \u00een locuin\u021ba cuprins\u0103 de fl\u0103c\u0103ri.<\/span><\/strong><\/p>\n<div class=\"code-block code-block-1\"><a href=\"https:\/\/vasluianul.ro\/incendiu-dumasca-tacuta-foc-intentionat\/DESTINATION\"><img decoding=\"async\" src=\"https:\/\/vasluianul.ro\/wp-content\/uploads\/2022\/06\/reclama-vechia-roma-2.jpeg%0A\" data-eio=\"l\"><\/a><\/div>\n<p class=\"isSelectedEnd\"><span>Din fericire, informa\u021bia nu s-a confirmat. La sosirea echipajelor, pompierii au constatat c\u0103 nimeni nu era surprins \u00een interiorul casei.<\/span><\/p>\n<p class=\"isSelectedEnd\"><span>La Dumasca au fost trimise o autospecial\u0103 de stingere, o autospecial\u0103 pentru transportul apei \u0219i o ambulan\u021b\u0103 de Terapie Intensiv\u0103 Mobil\u0103 de la Deta\u0219amentul Vaslui. \u00cen total, zece militari au participat la interven\u021bie. P\u00e2n\u0103 la sosirea acestora au intervenit \u0219i pompierii voluntari din T\u0103cuta.<\/span><\/p>\n<aside class=\"vva-wrap\" aria-label=\"PUBLICITATE\">\n<div class=\"vva-label\">PUBLICITATE<\/div>\n<p><a class=\"vva-link\" href=\"https:\/\/www.facebook.com\/FamiliaSafir\" target=\"_blank\" rel=\"noopener sponsored\"><video class=\"vva-video\" data-max-seconds=\"21\" playsinline preload=\"metadata\" autoplay muted controls><source src=\"https:\/\/vasluianul.ro\/wp-content\/uploads\/2026\/07\/safir-campanie-iulie-2026.mp4\" \/><\/video><\/a><\/aside>\n<div class=\"vam4-ad vam4-device-mobile\" data-ad-id=\"6\">\n<div class=\"vam4-label\">PUBLICITATE<\/div>\n<div class=\"vam4-frame\"><img decoding=\"async\" src=\"https:\/\/vasluianul.ro\/wp-content\/uploads\/2026\/06\/concurs-familia-safir-.png\" alt=\"Safir\" loading=\"lazy\" data-eio=\"l\"><\/div>\n<\/div>\n<p class=\"isSelectedEnd\"><span>O persoan\u0103 aflat\u0103 la fa\u021ba locului a suferit un atac de panic\u0103. A primit \u00eengrijiri de la echipajul TIM \u0219i a fost transportat\u0103 la spital.<\/span><\/p>\n<p class=\"isSelectedEnd\"><span>Incendiul a distrus 20 de metri p\u0103tra\u021bi din acoperi\u0219ul casei, dou\u0103 ferestre \u0219i dou\u0103 u\u0219i. Au mai ars zece metri p\u0103tra\u021bi de gard \u0219i aproximativ 100 de metri p\u0103tra\u021bi de vegeta\u021bie.<\/span><\/p>\n<p><span>Cazul a luat \u00eens\u0103 o turnur\u0103 nea\u0219teptat\u0103. Potrivit ISU Vaslui, dintr-o declara\u021bie f\u0103cut\u0103 dup\u0103 incendiu rezult\u0103 c\u0103 <strong>focul ar fi fost pus inten\u021bionat chiar de persoana care ulterior a avut nevoie de \u00eengrijiri medicale<\/strong>.<\/span><\/p>\n<\/div>\n<div class=\"tdb-block-inner td-fix-index\"><a href=\"https:\/\/vasluianul.ro\/author\/adrian-preda\/\" class=\"tdb-author-photo\" title=\"Adrian Preda\"><img loading=\"lazy\" decoding=\"async\" alt=\"Adrian Preda\" src=\"https:\/\/secure.gravatar.com\/avatar\/66441e1e224d14d86219bbfb42e21a31709e2233c3c326193cfc82dd104a5ff3?s=96&amp;d=identicon&amp;r=g\" class=\"avatar avatar-96 photo\" height=\"96\" width=\"96\" data-eio=\"l\"><\/a><\/p>\n<div class=\"tdb-author-info\"><a href=\"https:\/\/vasluianul.ro\/author\/adrian-preda\/\" class=\"tdb-author-name\">Adrian Preda<\/a><\/div>\n<\/div>\n<div class=\"tdb-block-inner td-fix-index\">\n<div class=\"comments\" id=\"comments\">\n<div id=\"respond\" class=\"comment-respond\">\n<h3 id=\"reply-title\" class=\"comment-reply-title\">L\u0102SA\u021aI UN MESAJ <small><a rel=\"nofollow\" id=\"cancel-comment-reply-link\" href=\"https:\/\/vasluianul.ro\/incendiu-dumasca-tacuta-foc-intentionat\/#respond\">Renun\u021ba\u021bi la r\u0103spuns<\/a><\/small><\/h3>\n<div class=\"comment-form-input-wrap td-form-comment\">\n<div class=\"td-warning-comment\">V\u0103 rug\u0103m s\u0103 introduce\u021bi comentariul dvs.!<\/div>\n<\/div>\n<div class=\"comment-form-input-wrap td-form-author\">\n<div class=\"td-warning-author\">Introduce\u021bi aici numele dvs.<\/div>\n<\/div>\n<div class=\"comment-form-input-wrap td-form-email\">\n<div class=\"td-warning-email-error\">A\u021bi introdus o adres\u0103 de e-mail incorect\u0103!<\/div>\n<div class=\"td-warning-email\">V\u0103 rug\u0103m s\u0103 introduce\u021bi adresa dvs. de e-mail aici<\/div>\n<\/div>\n<\/div>\n<\/div>\n<\/div>\n<p>[analyse_source url=&#8221;https:\/\/vasluianul.ro\/incendiu-dumasca-tacuta-foc-intentionat\/#new_tab&#8221;]<\/p>\n","protected":false},"excerpt":{"rendered":"<p>[analyse_image type=&#8221;featured&#8221; src=&#8221;https:\/\/vasluianul.ro\/wp-content\/uploads\/2026\/03\/incendiu-manzati-ibanesti-ccasa-32.jpeg&#8221;] august 19, 2026 Updated:august 19, 2026 \u0218i-a dat foc la cas\u0103, apoi a ajuns la spital. Interven\u021bie de urgen\u021b\u0103 la T\u0103cuta, miercuri seara ByAdrian Preda \ud83d\udc415 vizualiz\u0103ri Pompierii vasluieni au intervenit miercuri sear\u0103 la un incendiu izbucnit la o cas\u0103 din Dumasca, comuna T\u0103cuta. Alarma a fost dat\u0103 \u00een jurul orei 18.00, [&hellip;]<\/p>\n","protected":false},"author":1,"featured_media":0,"comment_status":"open","ping_status":"","sticky":false,"template":"","format":"standard","meta":{"footnotes":""},"categories":[89],"tags":[226,217],"class_list":["post-2101353","post","type-post","status-publish","format-standard","hentry","category-romania","tag-crawlmanager","tag-vaslui-robo-stiri-ro"],"_links":{"self":[{"href":"https:\/\/analyse.optim.biz\/index.php?rest_route=\/wp\/v2\/posts\/2101353","targetHints":{"allow":["GET"]}}],"collection":[{"href":"https:\/\/analyse.optim.biz\/index.php?rest_route=\/wp\/v2\/posts"}],"about":[{"href":"https:\/\/analyse.optim.biz\/index.php?rest_route=\/wp\/v2\/types\/post"}],"author":[{"embeddable":true,"href":"https:\/\/analyse.optim.biz\/index.php?rest_route=\/wp\/v2\/users\/1"}],"replies":[{"embeddable":true,"href":"https:\/\/analyse.optim.biz\/index.php?rest_route=%2Fwp%2Fv2%2Fcomments&post=2101353"}],"version-history":[{"count":0,"href":"https:\/\/analyse.optim.biz\/index.php?rest_route=\/wp\/v2\/posts\/2101353\/revisions"}],"wp:attachment":[{"href":"https:\/\/analyse.optim.biz\/index.php?rest_route=%2Fwp%2Fv2%2Fmedia&parent=2101353"}],"wp:term":[{"taxonomy":"category","embeddable":true,"href":"https:\/\/analyse.optim.biz\/index.php?rest_route=%2Fwp%2Fv2%2Fcategories&post=2101353"},{"taxonomy":"post_tag","embeddable":true,"href":"https:\/\/analyse.optim.biz\/index.php?rest_route=%2Fwp%2Fv2%2Ftags&post=2101353"}],"curies":[{"name":"wp","href":"https:\/\/api.w.org\/{rel}","templated":true}]}}