{"id":2101347,"date":"2026-08-19T18:49:47","date_gmt":"2026-08-19T15:49:47","guid":{"rendered":"https:\/\/analyse.optim.biz\/?p=2101347"},"modified":"2026-08-19T18:49:47","modified_gmt":"2026-08-19T15:49:47","slug":"artistul-barladean-cristian-gheorghita-isi-prezinta-cea-mai-noua-expozitie-la-galeria-de-arta-n-n-tonitza","status":"publish","type":"post","link":"https:\/\/analyse.optim.biz\/?p=2101347","title":{"rendered":"Artistul b\u00e2rl\u0103dean Cristian Gheorghi\u021b\u0103 \u00ee\u0219i prezint\u0103 cea mai nou\u0103 expozi\u021bie la Galeria de Art\u0103 \u201eN.N. Tonitza\u201d"},"content":{"rendered":"<p>[analyse_image type=&#8221;featured&#8221; src=&#8221;https:\/\/www.ziarulobiectiv.ro\/wp-content\/uploads\/2026\/08\/afis-expozitie-cristian-gheorghita_rezultat.png&#8221;]<\/p>\n<div class=\"td-post-content td-pb-padding-side\">\n<div class=\"td-post-featured-image\"><a href=\"https:\/\/www.ziarulobiectiv.ro\/wp-content\/uploads\/2026\/08\/afis-expozitie-cristian-gheorghita_rezultat.png\" data-caption><img loading=\"lazy\" decoding=\"async\" width=\"640\" height=\"878\" class=\"entry-thumb td-modal-image\" src=\"https:\/\/sp-ao.shortpixel.ai\/client\/to_webp,q_glossy,ret_img,w_640,h_878\/https:\/\/www.ziarulobiectiv.ro\/wp-content\/uploads\/2026\/08\/afis-expozitie-cristian-gheorghita_rezultat-640x878.png\" alt title=\"afis-expozitie-cristian-gheorghi\u021b\u0103_rezultat\"><\/a><\/div>\n<p class=\"isSelectedEnd\">Artistul plastic b\u00e2rl\u0103dean Cristian Gheorghi\u021b\u0103 revine \u00een fa\u021ba publicului din ora\u0219ul natal cu o nou\u0103 expozi\u021bie personal\u0103 de pictur\u0103 \u0219i grafic\u0103. \u201eZENOD TIRIPS\u201d va fi vernisat\u0103 vineri, 21 august 2026, de la ora 11.00, la Galeria de Art\u0103 \u201eN.N. Tonitza\u201d din B\u00e2rlad.<\/p>\n<div><a href=\"https:\/\/news.google.com\/publications\/CAAqLQgKIidDQklTRndnTWFoTUtFWHBwWVhKMWJHOWlhV1ZqZEdsMkxuSnZLQUFQAQ?hl=ro&amp;gl=RO&amp;ceid=RO%3Aro\" target=\"_blank\" rel=\"noopener noreferrer\"><br \/>\n        \u2b50 Urm\u0103re\u0219te Ziarul Obiectiv pe Google News<br \/>\n    <\/a><\/div>\n<p class=\"isSelectedEnd\">Expozi\u021bia reune\u0219te lucr\u0103ri de factur\u0103 abstract\u0103, gestual\u0103, simbolist\u0103 \u0219i suprarealist\u0103.<\/p>\n<p><img loading=\"lazy\" decoding=\"async\" class=\"aligncenter wp-image-18652 size-full\" src=\"https:\/\/sp-ao.shortpixel.ai\/client\/to_webp,q_glossy,ret_img,w_701,h_962\/https:\/\/www.ziarulobiectiv.ro\/wp-content\/uploads\/2026\/08\/afis-expozitie-cristian-gheorghita_rezultat.png\" alt width=\"701\" height=\"962\"><\/p>\n<p class=\"isSelectedEnd\">Titlul ales de artist ascunde chiar cheia expozi\u021biei. Citit ca un mesaj codificat, \u201eZENOD TIRIPS\u201d \u00eenseamn\u0103 \u201edonez spirit\u201d, formul\u0103 prin care Cristian Gheorghi\u021b\u0103 \u00ee\u0219i define\u0219te demersul artistic \u0219i rela\u021bia cu actul crea\u021biei.<\/p>\n<p class=\"isSelectedEnd\">\u00cen lucr\u0103rile reunite la B\u00e2rlad reapar o serie de motive care au devenit recognoscibile \u00een universul s\u0103u plastic: siluete, ochi, p\u0103s\u0103ri, sc\u0103ri, ro\u021bi, arcuri de cerc, al\u0103turi de reprezent\u0103ri simbolice ale apei, p\u0103m\u00e2ntului, cerului \u0219i focului. Unele compozi\u021bii trimit c\u0103tre referin\u021be religioase, \u00een timp ce altele folosesc semne \u0219i scriituri grafice, toate fiind legate prin aceea\u0219i preocupare pentru simbol \u0219i pentru suprapunerea mai multor niveluri de interpretare.<\/p>\n<p class=\"isSelectedEnd\">\u201eAceast\u0103 expozi\u021bie reune\u0219te laolalt\u0103 lucr\u0103ri de pictur\u0103 \u0219i de grafic\u0103 de factur\u0103 abstract\u0103, gestual\u0103, simbolist\u0103 sau suprarealist\u0103\u201d, explic\u0103 artistul \u00een prezentarea expozi\u021biei.<\/p>\n<p><img loading=\"lazy\" decoding=\"async\" class=\"aligncenter wp-image-18653 size-full\" src=\"https:\/\/sp-ao.shortpixel.ai\/client\/to_webp,q_glossy,ret_img,w_991,h_701\/https:\/\/www.ziarulobiectiv.ro\/wp-content\/uploads\/2026\/08\/expozitie-cristian-gheorghita1_rezultat.jpg\" alt width=\"991\" height=\"701\"><\/p>\n<p class=\"isSelectedEnd\">N\u0103scut la B\u00e2rlad, \u00een 1987, Cristian Gheorghi\u021b\u0103 a absolvit sec\u021bia de Arte Plastice a Liceului Pedagogic \u201eAl. Vlahu\u021b\u0103\u201d, iar ulterior Facultatea de Arte Plastice a Universit\u0103\u021bii de Arte \u201eGeorge Enescu\u201d din Ia\u0219i, unde \u0219i-a finalizat masteratul \u00een 2011. \u00cen 2008 a beneficiat de o burs\u0103 Erasmus de \u0219ase luni la Bilbao, \u00een Spania, iar din 2014 este membru al Uniunii Arti\u0219tilor Plastici din Rom\u00e2nia \u2013 Filiala Ia\u0219i.<\/p>\n<p class=\"isSelectedEnd\">\u00cen ultimii 15 ani, artistul a avut numeroase expozi\u021bii personale la B\u00e2rlad, Ia\u0219i, Vaslui \u0219i Bucure\u0219ti. Galeria \u201eN.N. Tonitza\u201d ocup\u0103 un loc constant \u00een traseul s\u0103u artistic, g\u0103zduindu-i expozi\u021bii personale \u00een 2012, 2019, 2020, 2022 \u0219i 2025.<\/p>\n<p><img loading=\"lazy\" decoding=\"async\" class=\"aligncenter wp-image-18654 size-full\" src=\"https:\/\/sp-ao.shortpixel.ai\/client\/to_webp,q_glossy,ret_img,w_991,h_701\/https:\/\/www.ziarulobiectiv.ro\/wp-content\/uploads\/2026\/08\/expozitie-cristian-gheorghita2_rezultat.jpg\" alt width=\"991\" height=\"701\"><\/p>\n<p class=\"isSelectedEnd\">Palmaresul s\u0103u cuprinde, de asemenea, peste 80 de particip\u0103ri la expozi\u021bii de grup \u00een importante centre culturale din \u021bar\u0103, precum Bucure\u0219ti, Ia\u0219i, Cluj-Napoca, Bra\u0219ov, Gala\u021bi, Bac\u0103u, Satu Mare sau Piatra Neam\u021b, dar \u0219i o consistent\u0103 prezen\u021b\u0103 interna\u021bional\u0103. Lucr\u0103rile sale au fost expuse \u00een Austria, Bulgaria, Italia, Spania, Polonia \u0219i Fran\u021ba, iar numai \u00een 2026 a participat la expozi\u021bii interna\u021bionale la Madrid, Paris \u0219i Ja\u00e9n.<\/p>\n<p>Vernisajul expozi\u021biei \u201eZENOD TIRIPS\u201d este organizat cu participarea Prim\u0103riei \u0219i Consiliului Local B\u00e2rlad, Direc\u021biei de Cultur\u0103, Galeriei de Art\u0103 \u201eN.N. Tonitza\u201d \u0219i Uniunii Arti\u0219tilor Plastici din Rom\u00e2nia \u2013 Filiala Ia\u0219i.<\/p>\n<\/div>\n<p>[analyse_source url=&#8221;https:\/\/www.ziarulobiectiv.ro\/artistul-barladean-cristian-gheorghita-isi-prezinta-cea-mai-noua-expozitie-la-galeria-de-arta-n-n-tonitza\/#new_tab&#8221;]<\/p>\n","protected":false},"excerpt":{"rendered":"<p>[analyse_image type=&#8221;featured&#8221; src=&#8221;https:\/\/www.ziarulobiectiv.ro\/wp-content\/uploads\/2026\/08\/afis-expozitie-cristian-gheorghita_rezultat.png&#8221;] Artistul plastic b\u00e2rl\u0103dean Cristian Gheorghi\u021b\u0103 revine \u00een fa\u021ba publicului din ora\u0219ul natal cu o nou\u0103 expozi\u021bie personal\u0103 de pictur\u0103 \u0219i grafic\u0103. \u201eZENOD TIRIPS\u201d va fi vernisat\u0103 vineri, 21 august 2026, de la ora 11.00, la Galeria de Art\u0103 \u201eN.N. Tonitza\u201d din B\u00e2rlad. \u2b50 Urm\u0103re\u0219te Ziarul Obiectiv pe Google News Expozi\u021bia reune\u0219te lucr\u0103ri [&hellip;]<\/p>\n","protected":false},"author":1,"featured_media":0,"comment_status":"open","ping_status":"","sticky":false,"template":"","format":"standard","meta":{"footnotes":""},"categories":[89],"tags":[226,217],"class_list":["post-2101347","post","type-post","status-publish","format-standard","hentry","category-romania","tag-crawlmanager","tag-vaslui-robo-stiri-ro"],"_links":{"self":[{"href":"https:\/\/analyse.optim.biz\/index.php?rest_route=\/wp\/v2\/posts\/2101347","targetHints":{"allow":["GET"]}}],"collection":[{"href":"https:\/\/analyse.optim.biz\/index.php?rest_route=\/wp\/v2\/posts"}],"about":[{"href":"https:\/\/analyse.optim.biz\/index.php?rest_route=\/wp\/v2\/types\/post"}],"author":[{"embeddable":true,"href":"https:\/\/analyse.optim.biz\/index.php?rest_route=\/wp\/v2\/users\/1"}],"replies":[{"embeddable":true,"href":"https:\/\/analyse.optim.biz\/index.php?rest_route=%2Fwp%2Fv2%2Fcomments&post=2101347"}],"version-history":[{"count":0,"href":"https:\/\/analyse.optim.biz\/index.php?rest_route=\/wp\/v2\/posts\/2101347\/revisions"}],"wp:attachment":[{"href":"https:\/\/analyse.optim.biz\/index.php?rest_route=%2Fwp%2Fv2%2Fmedia&parent=2101347"}],"wp:term":[{"taxonomy":"category","embeddable":true,"href":"https:\/\/analyse.optim.biz\/index.php?rest_route=%2Fwp%2Fv2%2Fcategories&post=2101347"},{"taxonomy":"post_tag","embeddable":true,"href":"https:\/\/analyse.optim.biz\/index.php?rest_route=%2Fwp%2Fv2%2Ftags&post=2101347"}],"curies":[{"name":"wp","href":"https:\/\/api.w.org\/{rel}","templated":true}]}}