{"id":2101337,"date":"2026-08-19T18:05:30","date_gmt":"2026-08-19T15:05:30","guid":{"rendered":"https:\/\/analyse.optim.biz\/?p=2101337"},"modified":"2026-08-19T18:05:30","modified_gmt":"2026-08-19T15:05:30","slug":"politehnica-timisoara-calificata-in-grupele-cupei-romaniei","status":"publish","type":"post","link":"https:\/\/analyse.optim.biz\/?p=2101337","title":{"rendered":"Politehnica Timi\u0219oara, calificat\u0103 \u00een grupele Cupei Rom\u00e2niei!"},"content":{"rendered":"<p>[analyse_image type=&#8221;featured&#8221; src=&#8221;https:\/\/renasterea.ro\/ro\/wp-content\/uploads\/2026\/08\/politehnica-timisoara.jpghttps:\/\/renasterea.ro\/ro\/wp-content\/uploads\/2026\/08\/politehnica-timisoara.jpg&#8221;]<\/p>\n<div class=\"entry-content\"><img loading=\"lazy\" decoding=\"async\" width=\"715\" height=\"460\" src=\"https:\/\/renasterea.ro\/ro\/wp-content\/uploads\/2026\/08\/politehnica-timisoara-715x460.jpg\" class=\"attachment-medium size-medium wp-post-image\" alt=\"Politehnica Timi\u0219oara, calificat\u0103 \u00een grupele Cupei Rom\u00e2niei!\" title=\"Politehnica Timi\u0219oara, calificat\u0103 \u00een grupele Cupei Rom\u00e2niei! 1\"><\/p>\n<h4>Meciul dintre Politehnica Timi\u0219oara \u0219i ASA T\u00e2rgu Mure\u0219, din play-off-ul Cupei Rom\u00e2niei, disputat miercuri, 19 august, s-a \u00eencheiat cu scorul de 2-1 \u00een favoarea alb-viole\u021bilor.<\/h4>\n<p>\u00cen urma acestui rezultat \u00eenregistrat pe Stadionul \u201eElectrica\u201d, b\u0103n\u0103\u021benii s-au calificat \u00een faza grupelor competi\u021biei.<\/p>\n<p>Poli a deschis scorul dintr-un penalty (Cornel Ene, min. 43), oaspe\u021bii au egalat rapid (Moussa Samake, min. 45), \u00eens\u0103 timi\u0219orenii au tran\u0219at victoria \u00een partea secund\u0103 (Fabian Marincu, min. 49).<\/p>\n<p>La joc au asistat aproximativ 2.500 de spectatori.<\/p>\n<p>Cele dou\u0103 echipe, ambele componente ale e\u0219alonului secund, se vor re\u00eent\u00e2lni foarte cur\u00e2nd, pe 29 august 2026, tot la Timi\u0219oara, \u00een campionat.<\/p>\n<\/div>\n<p>[analyse_source url=&#8221;https:\/\/renasterea.ro\/politehnica-timisoara-calificata-in-grupele-cupei-romaniei\/&#8221;]<\/p>\n","protected":false},"excerpt":{"rendered":"<p>[analyse_image type=&#8221;featured&#8221; src=&#8221;https:\/\/renasterea.ro\/ro\/wp-content\/uploads\/2026\/08\/politehnica-timisoara.jpghttps:\/\/renasterea.ro\/ro\/wp-content\/uploads\/2026\/08\/politehnica-timisoara.jpg&#8221;] Meciul dintre Politehnica Timi\u0219oara \u0219i ASA T\u00e2rgu Mure\u0219, din play-off-ul Cupei Rom\u00e2niei, disputat miercuri, 19 august, s-a \u00eencheiat cu scorul de 2-1 \u00een favoarea alb-viole\u021bilor. \u00cen urma acestui rezultat \u00eenregistrat pe Stadionul \u201eElectrica\u201d, b\u0103n\u0103\u021benii s-au calificat \u00een faza grupelor competi\u021biei. Poli a deschis scorul dintr-un penalty (Cornel Ene, min. 43), oaspe\u021bii au [&hellip;]<\/p>\n","protected":false},"author":1,"featured_media":0,"comment_status":"open","ping_status":"","sticky":false,"template":"","format":"standard","meta":{"footnotes":""},"categories":[89],"tags":[226,188],"class_list":["post-2101337","post","type-post","status-publish","format-standard","hentry","category-romania","tag-crawlmanager","tag-renasterea-ro"],"_links":{"self":[{"href":"https:\/\/analyse.optim.biz\/index.php?rest_route=\/wp\/v2\/posts\/2101337","targetHints":{"allow":["GET"]}}],"collection":[{"href":"https:\/\/analyse.optim.biz\/index.php?rest_route=\/wp\/v2\/posts"}],"about":[{"href":"https:\/\/analyse.optim.biz\/index.php?rest_route=\/wp\/v2\/types\/post"}],"author":[{"embeddable":true,"href":"https:\/\/analyse.optim.biz\/index.php?rest_route=\/wp\/v2\/users\/1"}],"replies":[{"embeddable":true,"href":"https:\/\/analyse.optim.biz\/index.php?rest_route=%2Fwp%2Fv2%2Fcomments&post=2101337"}],"version-history":[{"count":0,"href":"https:\/\/analyse.optim.biz\/index.php?rest_route=\/wp\/v2\/posts\/2101337\/revisions"}],"wp:attachment":[{"href":"https:\/\/analyse.optim.biz\/index.php?rest_route=%2Fwp%2Fv2%2Fmedia&parent=2101337"}],"wp:term":[{"taxonomy":"category","embeddable":true,"href":"https:\/\/analyse.optim.biz\/index.php?rest_route=%2Fwp%2Fv2%2Fcategories&post=2101337"},{"taxonomy":"post_tag","embeddable":true,"href":"https:\/\/analyse.optim.biz\/index.php?rest_route=%2Fwp%2Fv2%2Ftags&post=2101337"}],"curies":[{"name":"wp","href":"https:\/\/api.w.org\/{rel}","templated":true}]}}