{"id":2101304,"date":"2026-08-17T17:17:56","date_gmt":"2026-08-17T14:17:56","guid":{"rendered":"https:\/\/analyse.optim.biz\/?p=2101304"},"modified":"2026-08-17T17:17:56","modified_gmt":"2026-08-17T14:17:56","slug":"eugen-tomac-presedintele-romaniei-pregateste-o-noua-desemnare-care-va-trece-in-mod-sigur-de-parlament","status":"publish","type":"post","link":"https:\/\/analyse.optim.biz\/?p=2101304","title":{"rendered":"Eugen Tomac: Pre\u0219edintele Rom\u00e2niei preg\u0103te\u0219te o nou\u0103 desemnare care \u201eva trece \u00een mod sigur de Parlament\u201d"},"content":{"rendered":"<p>[analyse_image type=&#8221;featured&#8221; src=&#8221;https:\/\/60m.ro\/wp-content\/uploads\/2026\/06\/nicusor-dan-tomac.webp&#8221;]<\/p>\n<div class=\"articleBody\" data-key=\"articleBody\">\nPre\u0219edintele Rom\u00e2niei\u00a0este \u00een contact permanent cu\u00a0liderii partidelor\u00a0\u0219i caut\u0103 o solu\u021bie pentru \u00eencheierea\u00a0crizei politice\u00a0\u0219i instalarea unui\u00a0guvern\u00a0cu puteri depline, sus\u021bine consilierul preziden\u021bial\u00a0Eugen Tomac. Acesta d\u0103 asigur\u0103ri c\u0103, atunci c\u00e2nd va exista o formul\u0103 capabil\u0103 s\u0103 ob\u021bin\u0103 sus\u021binerea partidelor, \u0219eful statului va face o nou\u0103 desemnare pentru func\u021bia de premier, care va trece de votul Parlamentului.<\/p>\n<p>Rom\u00e2nia \u00ee\u0219i propune s\u0103 nu piard\u0103 niciun ban european, \u00eens\u0103 prelungirea crizei politice pune presiune pe g\u0103sirea unei solu\u021bii pentru formarea unui nou Executiv.<\/p>\n<p>Pre\u0219edintele, \u00een contact permanent cu liderii politici<\/p>\n<p>\u00centrebat ce face pre\u0219edintele pentru deblocarea situa\u021biei politice, Eugen Tomac a declarat, la Digi24, c\u0103 \u0219eful statului discut\u0103 constant cu liderii partidelor. Inclusiv la \u00eentrevederea desf\u0103\u0219urat\u0103 s\u0103pt\u0103m\u00e2na trecut\u0103 au fost analizate criza politic\u0103 \u0219i variantele aflate \u00een acest moment pe mas\u0103.<\/p>\n<p>\u201ePre\u0219edintele este \u00een contact permanent cu liderii politici. Inclusiv la \u00eentrevederea de s\u0103pt\u0103m\u00e2na trecut\u0103 s-a f\u0103cut un schimb de opinii cu privire la criza politic\u0103 \u0219i solu\u021biile pe care le avem pe mas\u0103 pentru a dep\u0103\u0219i acest moment \u0219i este total angajat \u00een g\u0103sirea unei solu\u021bii\u201d, a declarat consilierul preziden\u021bial Eugen Tomac, la Digi24.<\/p>\n<p>Tomac: Noua desemnare \u201eva trece \u00een mod sigur de Parlament\u201d<\/p>\n<p>Rom\u00e2nia func\u021bioneaz\u0103 de mai bine de trei luni cu un guvern care nu are puteri depline. Consilierul preziden\u021bial a amintit \u00eens\u0103 c\u0103, \u00een aceast\u0103 perioad\u0103, \u0219eful statului a f\u0103cut deja dou\u0103 nominaliz\u0103ri pentru func\u021bia de prim-ministru, \u00eens\u0103 niciuna dintre variante nu a reu\u0219it s\u0103 conving\u0103 Parlamentul.<\/p>\n<p>Tomac sus\u021bine c\u0103 o nou\u0103 desemnare va veni atunci c\u00e2nd va fi identificat\u0103 o formul\u0103 politic\u0103 suficient de conving\u0103toare pentru partide \u0219i se declar\u0103 sigur c\u0103 aceasta va ob\u021bine voturile necesare \u00een Legislativ.<\/p>\n<p>\u201eDe mai bine de trei luni, dar pre\u0219edintele a avut dou\u0103 nominaliz\u0103ri pentru func\u021bia de prim-ministru. Nu am convins Parlamentul cu cele dou\u0103 op\u021biuni.<\/p>\n<p>Fi\u021bi siguri c\u0103, \u00een urm\u0103toarea perioad\u0103, atunci c\u00e2nd se va g\u0103si o formul\u0103 conving\u0103toare pentru partidele politice de a dep\u0103\u0219i acest moment, pre\u0219edintele va face o nou\u0103 desemnare, care va \u0219i trece \u00een mod sigur de Parlament\u201d, a spus Tomac.<\/p>\n<p>Varianta unui premier tehnocrat, l\u0103sat\u0103 \u00een suspans<\/p>\n<p>\u00centrebat de unde vine certitudinea c\u0103 viitoarea nominalizare va trece de Parlament \u0219i dac\u0103 pre\u0219edintele ia \u00een calcul formula unui premier tehnocrat al\u0103turi de mini\u0219tri politici, consilierul preziden\u021bial nu a dezv\u0103luit variantele analizate la Cotroceni.<\/p>\n<p>Tomac a transmis c\u0103 anun\u021bul trebuie l\u0103sat \u00een seama pre\u0219edintelui, atunci c\u00e2nd acesta va considera c\u0103 este momentul potrivit.<\/p>\n<p>El a insistat \u00eens\u0103 c\u0103 \u0219eful statului poart\u0103 un dialog intens cu actorii implica\u021bi, deoarece Rom\u00e2nia are nevoie c\u00e2t mai repede de un guvern cu puteri depline.<\/p>\n<p>\u201eS\u0103-i oferim pre\u0219edintelui posibilitatea de a face acest anun\u021b atunci c\u00e2nd va considera oportun. \u00cen momentul de fa\u021b\u0103 pot s\u0103 v\u0103 asigur c\u0103 e pe deplin angajat \u00eentr-un dialog intens cu to\u021bi actorii implica\u021bi pentru a dep\u0103\u0219i acest moment complicat pentru Rom\u00e2nia, pentru c\u0103 avem nevoie de un guvern c\u00e2t mai rapid\u201d, a precizat Tomac.\n<\/p><\/div>\n<p>[analyse_source url=&#8221;https:\/\/60m.ro\/eugen-tomac-presedintele-romaniei-pregateste-o-noua-desemnare-care-va-trece-in-mod-sigur-de-parlament\/&#8221;]<\/p>\n","protected":false},"excerpt":{"rendered":"<p>[analyse_image type=&#8221;featured&#8221; src=&#8221;https:\/\/60m.ro\/wp-content\/uploads\/2026\/06\/nicusor-dan-tomac.webp&#8221;] Pre\u0219edintele Rom\u00e2niei\u00a0este \u00een contact permanent cu\u00a0liderii partidelor\u00a0\u0219i caut\u0103 o solu\u021bie pentru \u00eencheierea\u00a0crizei politice\u00a0\u0219i instalarea unui\u00a0guvern\u00a0cu puteri depline, sus\u021bine consilierul preziden\u021bial\u00a0Eugen Tomac. Acesta d\u0103 asigur\u0103ri c\u0103, atunci c\u00e2nd va exista o formul\u0103 capabil\u0103 s\u0103 ob\u021bin\u0103 sus\u021binerea partidelor, \u0219eful statului va face o nou\u0103 desemnare pentru func\u021bia de premier, care va trece de votul [&hellip;]<\/p>\n","protected":false},"author":1,"featured_media":0,"comment_status":"open","ping_status":"","sticky":false,"template":"","format":"standard","meta":{"footnotes":""},"categories":[89],"tags":[100,226],"class_list":["post-2101304","post","type-post","status-publish","format-standard","hentry","category-romania","tag-60m-ro","tag-crawlmanager"],"_links":{"self":[{"href":"https:\/\/analyse.optim.biz\/index.php?rest_route=\/wp\/v2\/posts\/2101304","targetHints":{"allow":["GET"]}}],"collection":[{"href":"https:\/\/analyse.optim.biz\/index.php?rest_route=\/wp\/v2\/posts"}],"about":[{"href":"https:\/\/analyse.optim.biz\/index.php?rest_route=\/wp\/v2\/types\/post"}],"author":[{"embeddable":true,"href":"https:\/\/analyse.optim.biz\/index.php?rest_route=\/wp\/v2\/users\/1"}],"replies":[{"embeddable":true,"href":"https:\/\/analyse.optim.biz\/index.php?rest_route=%2Fwp%2Fv2%2Fcomments&post=2101304"}],"version-history":[{"count":0,"href":"https:\/\/analyse.optim.biz\/index.php?rest_route=\/wp\/v2\/posts\/2101304\/revisions"}],"wp:attachment":[{"href":"https:\/\/analyse.optim.biz\/index.php?rest_route=%2Fwp%2Fv2%2Fmedia&parent=2101304"}],"wp:term":[{"taxonomy":"category","embeddable":true,"href":"https:\/\/analyse.optim.biz\/index.php?rest_route=%2Fwp%2Fv2%2Fcategories&post=2101304"},{"taxonomy":"post_tag","embeddable":true,"href":"https:\/\/analyse.optim.biz\/index.php?rest_route=%2Fwp%2Fv2%2Ftags&post=2101304"}],"curies":[{"name":"wp","href":"https:\/\/api.w.org\/{rel}","templated":true}]}}