{"id":2101291,"date":"2026-08-19T19:31:45","date_gmt":"2026-08-19T16:31:45","guid":{"rendered":"https:\/\/analyse.optim.biz\/?p=2101291"},"modified":"2026-08-19T19:31:45","modified_gmt":"2026-08-19T16:31:45","slug":"medicii-spitalului-judetean-vorbesc-despre-sarcina-ectopica","status":"publish","type":"post","link":"https:\/\/analyse.optim.biz\/?p=2101291","title":{"rendered":"Medicii Spitalului Jude\u0163ean vorbesc despre sarcina ectopic\u0103"},"content":{"rendered":"<p>[analyse_image type=&#8221;featured&#8221; src=&#8221;https:\/\/www.tvbuzau.ro\/wp-content\/uploads\/2026\/08\/sddefault-36.jpghttps:\/\/www.tvbuzau.ro\/wp-content\/uploads\/2026\/08\/sddefault-36.jpg&#8221;]<\/p>\n<div class=\"td-ss-main-content\">\n<article id=\"post-120085\" class=\"post-120085 post type-post status-publish format-video has-post-thumbnail hentry category-actualitate post_format-post-format-video\">\n<div class=\"td-post-header\">\n<ul class=\"td-category\">\n<li class=\"entry-category\"><a href=\"https:\/\/www.tvbuzau.ro\/category\/actualitate\/\">Actualitate<\/a><\/li>\n<\/ul>\n<header class=\"td-post-title\">\n<h1 class=\"entry-title\">Medicii Spitalului Jude\u0163ean vorbesc despre sarcina ectopic\u0103<\/h1>\n<div class=\"td-module-meta-info\">\n<div class=\"td-post-author-name\">De c\u0103tre <a href=\"https:\/\/www.tvbuzau.ro\/author\/mihai-vasilescu\/\">TV Buz\u0103u<\/a> &#8211; <\/div>\n<p><span class=\"td-post-date\"><time class=\"entry-date updated td-module-date\" datetime=\"2026-08-19T19:31:45+00:00\">august 19, 2026<\/time><\/span><\/p>\n<div class=\"td-post-comments\"><a href=\"https:\/\/www.tvbuzau.ro\/medicii-spitalului-judetean-vorbesc-despre-sarcina-ectopica\/#respond\">0<\/a><\/div>\n<div class=\"td-post-views\"><span class=\"td-nr-views-120085\">1<\/span><\/div>\n<\/div>\n<\/header>\n<\/div>\n<div class=\"td-post-sharing td-post-sharing-top td-with-like\">\n<div class=\"td-default-sharing\"><a class=\"td-social-sharing-buttons td-social-facebook\" href=\"http:\/\/www.facebook.com\/sharer.php?u=https%3A%2F%2Fwww.tvbuzau.ro%2Fmedicii-spitalului-judetean-vorbesc-despre-sarcina-ectopica%2F\"><\/p>\n<div class=\"td-social-but-text\">Distribui\u021bi pe Facebook<\/div>\n<p><\/a><a class=\"td-social-sharing-buttons td-social-twitter\" href=\"https:\/\/twitter.com\/intent\/tweet?text=Medicii+Spitalului+Jude%C5%A3ean+vorbesc+despre+sarcina+ectopic%C4%83&amp;url=https%3A%2F%2Fwww.tvbuzau.ro%2Fmedicii-spitalului-judetean-vorbesc-despre-sarcina-ectopica%2F&amp;via=TV+Buz%C4%83u\"><\/p>\n<div class=\"td-social-but-text\">Distribui\u021bi pe Twitter<\/div>\n<p><\/a><\/div>\n<div class=\"td-classic-sharing\">\n<ul>\n<li class=\"td-classic-facebook\"><iframe frameborder src=\"https:\/\/www.facebook.com\/plugins\/like.php?href=https:\/\/www.tvbuzau.ro\/medicii-spitalului-judetean-vorbesc-despre-sarcina-ectopica\/&amp;layout=button_count&amp;show_faces=false&amp;width=105&amp;action=like&amp;colorscheme=light&amp;height=21\"><\/iframe><\/li>\n<li class=\"td-classic-twitter\"><a href=\"https:\/\/twitter.com\/share\" class=\"twitter-share-button\" data-url=\"https:\/\/www.tvbuzau.ro\/medicii-spitalului-judetean-vorbesc-despre-sarcina-ectopica\/\" data-text=\"Medicii Spitalului Jude\u0163ean vorbesc despre sarcina ectopic\u0103\" data-via data-lang=\"en\">tweet<\/a><\/li>\n<\/ul>\n<\/div>\n<\/div>\n<div class=\"td-post-content\">\n<div class=\"td-featured-image-rec\">\n<div class=\"wpb_video_wrapper\">\n                    <iframe loading=\"lazy\" id=\"td_youtube_player\" width=\"600\" height=\"560\" src=\"https:\/\/www.youtube.com\/embed\/YBEDn77gtsk?enablejsapi=1&amp;feature=oembed&amp;wmode=opaque&amp;vq=hd720\" frameborder allowfullscreen><\/iframe><\/p><\/div>\n<\/div>\n<p>12 cazuri num\u0103rate, de anul trecut p\u00e2n\u0103 luna trecut\u0103<br \/>\nSarcina ectopic\u0103 este o afec\u021biune care necesit\u0103 un diagnostic \u0219i un tratament rapid pentru a proteja s\u0103n\u0103tatea pacientei, atrag aten\u0163ia speciali\u015ftii Spitalului Jude\u0163ean Buz\u0103u. Despre ce este sarcina ectopic\u0103, care sunt simptomele de alarm\u0103, cum se stabile\u0219te diagnosticul \u0219i care sunt op\u021biunile de tratament, a vorbit \u0218erb\u0103noiu Claudiu, medic primar obstetric\u0103-ginecologie, doctor \u00een \u0219tiin\u021be medicale \u0219i \u0219eful Sec\u021biei de Obstetric\u0103-Ginecologie din cadrul Maternit\u0103\u021bii Buz\u0103u.<br \/>\nPotrivit specialistului Spitalului Jude\u0163ean Buz\u0103u, factori de risc ar fi v\u00e2rsta peste 35 de ani \u015fi fumatul iar cauzele sunt str\u00e2ns legate de infec\u021bii ale tractului genital, procedeele de fertilizare in vitro, opera\u021bii la nivelul tractului genital, fie de trompe, fie ale colului.<br \/>\nNetratat\u0103 la timp, afec\u0163iunea poate determina riscuri serioase \u00eens\u0103  sarcina ectopic\u0103 poate fi prevenit\u0103.<br \/>\nAstfel, afec\u021biunea necesit\u0103 un diagnostic \u0219i un tratament rapid pentru a proteja s\u0103n\u0103tatea pacientei.<\/p>\n<div class=\"post-views post-120085 entry-meta\"><span class=\"post-views-label\">Post Views: <\/span><span class=\"post-views-count\">29<\/span><\/div>\n<\/div>\n<footer>\n<div class=\"td-post-sharing td-post-sharing-bottom td-with-like\"><span class=\"td-post-share-title\">DISTRIBUI\u021aI<\/span><\/p>\n<div class=\"td-default-sharing\"><a class=\"td-social-sharing-buttons td-social-facebook\" href=\"http:\/\/www.facebook.com\/sharer.php?u=https%3A%2F%2Fwww.tvbuzau.ro%2Fmedicii-spitalului-judetean-vorbesc-despre-sarcina-ectopica%2F\"><\/p>\n<div class=\"td-social-but-text\">Facebook<\/div>\n<p><\/a><a class=\"td-social-sharing-buttons td-social-twitter\" href=\"https:\/\/twitter.com\/intent\/tweet?text=Medicii+Spitalului+Jude%C5%A3ean+vorbesc+despre+sarcina+ectopic%C4%83&amp;url=https%3A%2F%2Fwww.tvbuzau.ro%2Fmedicii-spitalului-judetean-vorbesc-despre-sarcina-ectopica%2F&amp;via=TV+Buz%C4%83u\"><\/p>\n<div class=\"td-social-but-text\">Twitter<\/div>\n<p><\/a><\/div>\n<div class=\"td-classic-sharing\">\n<ul>\n<li class=\"td-classic-facebook\"><iframe frameborder src=\"https:\/\/www.facebook.com\/plugins\/like.php?href=https:\/\/www.tvbuzau.ro\/medicii-spitalului-judetean-vorbesc-despre-sarcina-ectopica\/&amp;layout=button_count&amp;show_faces=false&amp;width=105&amp;action=like&amp;colorscheme=light&amp;height=21\"><\/iframe><\/li>\n<li class=\"td-classic-twitter\"><a href=\"https:\/\/twitter.com\/share\" class=\"twitter-share-button\" data-url=\"https:\/\/www.tvbuzau.ro\/medicii-spitalului-judetean-vorbesc-despre-sarcina-ectopica\/\" data-text=\"Medicii Spitalului Jude\u0163ean vorbesc despre sarcina ectopic\u0103\" data-via data-lang=\"en\">tweet<\/a><\/li>\n<\/ul>\n<\/div>\n<\/div>\n<div class=\"td-author-name vcard author\"><span class=\"fn\"><a href=\"https:\/\/www.tvbuzau.ro\/author\/mihai-vasilescu\/\">TV Buz\u0103u<\/a><\/span><\/div>\n<p><span><\/span><span><span><\/span><\/span><span><\/span><\/footer>\n<\/article>\n<div class=\"td_block_wrap td_block_related_posts td_uid_1_6a86005102f49_rand td_with_ajax_pagination td-pb-border-top\" data-td-block-uid=\"td_uid_1_6a86005102f49\">\n<h4 class=\"td-related-title\"><a id=\"td_uid_2_6a86005110b4d\" class=\"td-related-left td-cur-simple-item\" data-td_filter_value data-td_block_id=\"td_uid_1_6a86005102f49\" href=\"https:\/\/www.tvbuzau.ro\/medicii-spitalului-judetean-vorbesc-despre-sarcina-ectopica\/\">ARTICOLE SIMILARE<\/a><a id=\"td_uid_3_6a86005110b89\" class=\"td-related-right\" data-td_filter_value=\"td_related_more_from_author\" data-td_block_id=\"td_uid_1_6a86005102f49\" href=\"https:\/\/www.tvbuzau.ro\/medicii-spitalului-judetean-vorbesc-despre-sarcina-ectopica\/\">DE LA ACELA\u0218I AUTOR<\/a><\/h4>\n<div id=\"td_uid_1_6a86005102f49\" class=\"td_block_inner\">\n<div class=\"td-related-row\">\n<div class=\"td-related-span4\">\n<div class=\"td_module_related_posts td-animation-stack td_mod_related_posts\">\n<div class=\"td-module-image\">\n<div class=\"td-module-thumb\"><a href=\"https:\/\/www.tvbuzau.ro\/95-dintre-pacientii-buzoieni-apreciaza-serviciile-spitalului-judetean\/\" rel=\"bookmark\" title=\"95% dintre pacien\u0163ii buzoieni apreciaz\u0103 serviciile Spitalului Jude\u0163ean\"><img loading=\"lazy\" decoding=\"async\" width=\"218\" height=\"150\" class=\"entry-thumb\" src=\"https:\/\/www.tvbuzau.ro\/wp-content\/uploads\/2026\/08\/hqdefault-26-218x150.jpg\" alt title=\"95% dintre pacien\u0163ii buzoieni apreciaz\u0103 serviciile Spitalului Jude\u0163ean\"><span class=\"td-video-play-ico\"><img loading=\"lazy\" decoding=\"async\" width=\"40\" height=\"40\" class=\"td-retina\" src=\"https:\/\/www.tvbuzau.ro\/wp-content\/themes\/Newspaper\/images\/icons\/ico-video-large.png\" alt=\"video\"><\/span><\/a><\/div>\n<p><a href=\"https:\/\/www.tvbuzau.ro\/category\/actualitate\/\" class=\"td-post-category\">Actualitate<\/a><\/div>\n<div class=\"item-details\">\n<h3 class=\"entry-title td-module-title\"><a href=\"https:\/\/www.tvbuzau.ro\/95-dintre-pacientii-buzoieni-apreciaza-serviciile-spitalului-judetean\/\" rel=\"bookmark\" title=\"95% dintre pacien\u0163ii buzoieni apreciaz\u0103 serviciile Spitalului Jude\u0163ean\">95% dintre pacien\u0163ii buzoieni apreciaz\u0103 serviciile Spitalului Jude\u0163ean<\/a><\/h3>\n<\/div>\n<\/div>\n<\/div>\n<div class=\"td-related-span4\">\n<div class=\"td_module_related_posts td-animation-stack td_mod_related_posts\">\n<div class=\"td-module-image\">\n<div class=\"td-module-thumb\"><a href=\"https:\/\/www.tvbuzau.ro\/nu-au-putut-sa-isi-cumpere-loc-de-parcare-pentru-datorii-de-cativa-lei\/\" rel=\"bookmark\" title=\"Nu au putut s\u0103 \u00ee\u015fi cumpere loc de parcare pentru datorii de c\u00e2\u0163iva lei\"><img loading=\"lazy\" decoding=\"async\" width=\"218\" height=\"150\" class=\"entry-thumb\" src=\"https:\/\/www.tvbuzau.ro\/wp-content\/uploads\/2026\/08\/hqdefault-25-218x150.jpg\" alt title=\"Nu au putut s\u0103 \u00ee\u015fi cumpere loc de parcare pentru datorii de c\u00e2\u0163iva lei\"><span class=\"td-video-play-ico\"><img loading=\"lazy\" decoding=\"async\" width=\"40\" height=\"40\" class=\"td-retina\" src=\"https:\/\/www.tvbuzau.ro\/wp-content\/themes\/Newspaper\/images\/icons\/ico-video-large.png\" alt=\"video\"><\/span><\/a><\/div>\n<p><a href=\"https:\/\/www.tvbuzau.ro\/category\/actualitate\/\" class=\"td-post-category\">Actualitate<\/a><\/div>\n<div class=\"item-details\">\n<h3 class=\"entry-title td-module-title\"><a href=\"https:\/\/www.tvbuzau.ro\/nu-au-putut-sa-isi-cumpere-loc-de-parcare-pentru-datorii-de-cativa-lei\/\" rel=\"bookmark\" title=\"Nu au putut s\u0103 \u00ee\u015fi cumpere loc de parcare pentru datorii de c\u00e2\u0163iva lei\">Nu au putut s\u0103 \u00ee\u015fi cumpere loc de parcare pentru datorii de c\u00e2\u0163iva lei<\/a><\/h3>\n<\/div>\n<\/div>\n<\/div>\n<div class=\"td-related-span4\">\n<div class=\"td_module_related_posts td-animation-stack td_mod_related_posts\">\n<div class=\"td-module-image\">\n<div class=\"td-module-thumb\"><a href=\"https:\/\/www.tvbuzau.ro\/noi-angajari-la-spitalul-judetean-buzau-2\/\" rel=\"bookmark\" title=\"Noi angaj\u0103ri la Spitalul Jude\u0163ean Buz\u0103u\"><img loading=\"lazy\" decoding=\"async\" width=\"218\" height=\"150\" class=\"entry-thumb\" src=\"https:\/\/www.tvbuzau.ro\/wp-content\/uploads\/2026\/08\/sddefault-35-218x150.jpg\" alt title=\"Noi angaj\u0103ri la Spitalul Jude\u0163ean Buz\u0103u\"><span class=\"td-video-play-ico\"><img loading=\"lazy\" decoding=\"async\" width=\"40\" height=\"40\" class=\"td-retina\" src=\"https:\/\/www.tvbuzau.ro\/wp-content\/themes\/Newspaper\/images\/icons\/ico-video-large.png\" alt=\"video\"><\/span><\/a><\/div>\n<p><a href=\"https:\/\/www.tvbuzau.ro\/category\/actualitate\/\" class=\"td-post-category\">Actualitate<\/a><\/div>\n<div class=\"item-details\">\n<h3 class=\"entry-title td-module-title\"><a href=\"https:\/\/www.tvbuzau.ro\/noi-angajari-la-spitalul-judetean-buzau-2\/\" rel=\"bookmark\" title=\"Noi angaj\u0103ri la Spitalul Jude\u0163ean Buz\u0103u\">Noi angaj\u0103ri la Spitalul Jude\u0163ean Buz\u0103u<\/a><\/h3>\n<\/div>\n<\/div>\n<\/div>\n<\/div>\n<div class=\"td-related-row\">\n<div class=\"td-related-span4\">\n<div class=\"td_module_related_posts td-animation-stack td_mod_related_posts\">\n<div class=\"td-module-image\">\n<div class=\"td-module-thumb\"><a href=\"https:\/\/www.tvbuzau.ro\/se-mai-construiesc-blocuri-in-municipiul-buzau\/\" rel=\"bookmark\" title=\"Se mai construiesc blocuri \u00een municipiul Buz\u0103u?\"><img loading=\"lazy\" decoding=\"async\" width=\"218\" height=\"150\" class=\"entry-thumb\" src=\"https:\/\/www.tvbuzau.ro\/wp-content\/uploads\/2026\/08\/hqdefault-24-218x150.jpg\" alt title=\"Se mai construiesc blocuri \u00een municipiul Buz\u0103u?\"><span class=\"td-video-play-ico\"><img loading=\"lazy\" decoding=\"async\" width=\"40\" height=\"40\" class=\"td-retina\" src=\"https:\/\/www.tvbuzau.ro\/wp-content\/themes\/Newspaper\/images\/icons\/ico-video-large.png\" alt=\"video\"><\/span><\/a><\/div>\n<p><a href=\"https:\/\/www.tvbuzau.ro\/category\/actualitate\/\" class=\"td-post-category\">Actualitate<\/a><\/div>\n<div class=\"item-details\">\n<h3 class=\"entry-title td-module-title\"><a href=\"https:\/\/www.tvbuzau.ro\/se-mai-construiesc-blocuri-in-municipiul-buzau\/\" rel=\"bookmark\" title=\"Se mai construiesc blocuri \u00een municipiul Buz\u0103u?\">Se mai construiesc blocuri \u00een municipiul Buz\u0103u?<\/a><\/h3>\n<\/div>\n<\/div>\n<\/div>\n<div class=\"td-related-span4\">\n<div class=\"td_module_related_posts td-animation-stack td_mod_related_posts\">\n<div class=\"td-module-image\">\n<div class=\"td-module-thumb\"><a href=\"https:\/\/www.tvbuzau.ro\/mai-multa-transparenta-la-primaria-buzau\/\" rel=\"bookmark\" title=\"Mai mult\u0103 transparen\u0163\u0103 la Prim\u0103ria Buz\u0103u?\"><img loading=\"lazy\" decoding=\"async\" width=\"218\" height=\"150\" class=\"entry-thumb\" src=\"https:\/\/www.tvbuzau.ro\/wp-content\/uploads\/2026\/08\/sddefault-34-218x150.jpg\" alt title=\"Mai mult\u0103 transparen\u0163\u0103 la Prim\u0103ria Buz\u0103u?\"><span class=\"td-video-play-ico\"><img loading=\"lazy\" decoding=\"async\" width=\"40\" height=\"40\" class=\"td-retina\" src=\"https:\/\/www.tvbuzau.ro\/wp-content\/themes\/Newspaper\/images\/icons\/ico-video-large.png\" alt=\"video\"><\/span><\/a><\/div>\n<p><a href=\"https:\/\/www.tvbuzau.ro\/category\/actualitate\/\" class=\"td-post-category\">Actualitate<\/a><\/div>\n<div class=\"item-details\">\n<h3 class=\"entry-title td-module-title\"><a href=\"https:\/\/www.tvbuzau.ro\/mai-multa-transparenta-la-primaria-buzau\/\" rel=\"bookmark\" title=\"Mai mult\u0103 transparen\u0163\u0103 la Prim\u0103ria Buz\u0103u?\">Mai mult\u0103 transparen\u0163\u0103 la Prim\u0103ria Buz\u0103u?<\/a><\/h3>\n<\/div>\n<\/div>\n<\/div>\n<div class=\"td-related-span4\">\n<div class=\"td_module_related_posts td-animation-stack td_mod_related_posts\">\n<div class=\"td-module-image\">\n<div class=\"td-module-thumb\"><a href=\"https:\/\/www.tvbuzau.ro\/peste-20-000-de-buzoieni-au-ales-factura-verde\/\" rel=\"bookmark\" title=\"Peste 20.000 de buzoieni au ales Factura Verde\"><img loading=\"lazy\" decoding=\"async\" width=\"218\" height=\"150\" class=\"entry-thumb\" src=\"https:\/\/www.tvbuzau.ro\/wp-content\/uploads\/2026\/08\/sddefault-33-218x150.jpg\" alt title=\"Peste 20.000 de buzoieni au ales Factura Verde\"><span class=\"td-video-play-ico\"><img loading=\"lazy\" decoding=\"async\" width=\"40\" height=\"40\" class=\"td-retina\" src=\"https:\/\/www.tvbuzau.ro\/wp-content\/themes\/Newspaper\/images\/icons\/ico-video-large.png\" alt=\"video\"><\/span><\/a><\/div>\n<p><a href=\"https:\/\/www.tvbuzau.ro\/category\/actualitate\/\" class=\"td-post-category\">Actualitate<\/a><\/div>\n<div class=\"item-details\">\n<h3 class=\"entry-title td-module-title\"><a href=\"https:\/\/www.tvbuzau.ro\/peste-20-000-de-buzoieni-au-ales-factura-verde\/\" rel=\"bookmark\" title=\"Peste 20.000 de buzoieni au ales Factura Verde\">Peste 20.000 de buzoieni au ales Factura Verde<\/a><\/h3>\n<\/div>\n<\/div>\n<\/div>\n<\/div>\n<\/div>\n<\/div>\n<div class=\"comments\" id=\"comments\">\n<div id=\"respond\" class=\"comment-respond\">\n<h3 id=\"reply-title\" class=\"comment-reply-title\">L\u0102SA\u021aI UN MESAJ <small><a rel=\"nofollow\" id=\"cancel-comment-reply-link\" href=\"https:\/\/www.tvbuzau.ro\/medicii-spitalului-judetean-vorbesc-despre-sarcina-ectopica\/#respond\">Renun\u021ba\u021bi la r\u0103spuns<\/a><\/small><\/h3>\n<\/div>\n<\/div>\n<\/div>\n<div class=\"td-post-content\">\n<div class=\"td-featured-image-rec\">\n<div class=\"wpb_video_wrapper\">\n                    <iframe loading=\"lazy\" id=\"td_youtube_player\" width=\"600\" height=\"560\" src=\"https:\/\/www.youtube.com\/embed\/YBEDn77gtsk?enablejsapi=1&amp;feature=oembed&amp;wmode=opaque&amp;vq=hd720\" frameborder allowfullscreen><\/iframe><\/p><\/div>\n<\/div>\n<p>12 cazuri num\u0103rate, de anul trecut p\u00e2n\u0103 luna trecut\u0103<br \/>\nSarcina ectopic\u0103 este o afec\u021biune care necesit\u0103 un diagnostic \u0219i un tratament rapid pentru a proteja s\u0103n\u0103tatea pacientei, atrag aten\u0163ia speciali\u015ftii Spitalului Jude\u0163ean Buz\u0103u. Despre ce este sarcina ectopic\u0103, care sunt simptomele de alarm\u0103, cum se stabile\u0219te diagnosticul \u0219i care sunt op\u021biunile de tratament, a vorbit \u0218erb\u0103noiu Claudiu, medic primar obstetric\u0103-ginecologie, doctor \u00een \u0219tiin\u021be medicale \u0219i \u0219eful Sec\u021biei de Obstetric\u0103-Ginecologie din cadrul Maternit\u0103\u021bii Buz\u0103u.<br \/>\nPotrivit specialistului Spitalului Jude\u0163ean Buz\u0103u, factori de risc ar fi v\u00e2rsta peste 35 de ani \u015fi fumatul iar cauzele sunt str\u00e2ns legate de infec\u021bii ale tractului genital, procedeele de fertilizare in vitro, opera\u021bii la nivelul tractului genital, fie de trompe, fie ale colului.<br \/>\nNetratat\u0103 la timp, afec\u0163iunea poate determina riscuri serioase \u00eens\u0103  sarcina ectopic\u0103 poate fi prevenit\u0103.<br \/>\nAstfel, afec\u021biunea necesit\u0103 un diagnostic \u0219i un tratament rapid pentru a proteja s\u0103n\u0103tatea pacientei.<\/p>\n<div class=\"post-views post-120085 entry-meta\"><span class=\"post-views-label\">Post Views: <\/span><span class=\"post-views-count\">29<\/span><\/div>\n<\/div>\n<p>[analyse_source url=&#8221;https:\/\/www.tvbuzau.ro\/medicii-spitalului-judetean-vorbesc-despre-sarcina-ectopica\/&#8221;]<\/p>\n","protected":false},"excerpt":{"rendered":"<p>[analyse_image type=&#8221;featured&#8221; src=&#8221;https:\/\/www.tvbuzau.ro\/wp-content\/uploads\/2026\/08\/sddefault-36.jpghttps:\/\/www.tvbuzau.ro\/wp-content\/uploads\/2026\/08\/sddefault-36.jpg&#8221;] Actualitate Medicii Spitalului Jude\u0163ean vorbesc despre sarcina ectopic\u0103 De c\u0103tre TV Buz\u0103u &#8211; august 19, 2026 0 1 Distribui\u021bi pe Facebook Distribui\u021bi pe Twitter tweet 12 cazuri num\u0103rate, de anul trecut p\u00e2n\u0103 luna trecut\u0103 Sarcina ectopic\u0103 este o afec\u021biune care necesit\u0103 un diagnostic \u0219i un tratament rapid pentru a proteja s\u0103n\u0103tatea pacientei, [&hellip;]<\/p>\n","protected":false},"author":1,"featured_media":0,"comment_status":"open","ping_status":"","sticky":false,"template":"","format":"standard","meta":{"footnotes":""},"categories":[2],"tags":[226,116],"class_list":["post-2101291","post","type-post","status-publish","format-standard","hentry","category-politics","tag-crawlmanager","tag-tvbuzau-ro"],"_links":{"self":[{"href":"https:\/\/analyse.optim.biz\/index.php?rest_route=\/wp\/v2\/posts\/2101291","targetHints":{"allow":["GET"]}}],"collection":[{"href":"https:\/\/analyse.optim.biz\/index.php?rest_route=\/wp\/v2\/posts"}],"about":[{"href":"https:\/\/analyse.optim.biz\/index.php?rest_route=\/wp\/v2\/types\/post"}],"author":[{"embeddable":true,"href":"https:\/\/analyse.optim.biz\/index.php?rest_route=\/wp\/v2\/users\/1"}],"replies":[{"embeddable":true,"href":"https:\/\/analyse.optim.biz\/index.php?rest_route=%2Fwp%2Fv2%2Fcomments&post=2101291"}],"version-history":[{"count":0,"href":"https:\/\/analyse.optim.biz\/index.php?rest_route=\/wp\/v2\/posts\/2101291\/revisions"}],"wp:attachment":[{"href":"https:\/\/analyse.optim.biz\/index.php?rest_route=%2Fwp%2Fv2%2Fmedia&parent=2101291"}],"wp:term":[{"taxonomy":"category","embeddable":true,"href":"https:\/\/analyse.optim.biz\/index.php?rest_route=%2Fwp%2Fv2%2Fcategories&post=2101291"},{"taxonomy":"post_tag","embeddable":true,"href":"https:\/\/analyse.optim.biz\/index.php?rest_route=%2Fwp%2Fv2%2Ftags&post=2101291"}],"curies":[{"name":"wp","href":"https:\/\/api.w.org\/{rel}","templated":true}]}}