{"id":2101289,"date":"2026-08-18T20:07:56","date_gmt":"2026-08-18T17:07:56","guid":{"rendered":"https:\/\/analyse.optim.biz\/?p=2101289"},"modified":"2026-08-18T20:07:56","modified_gmt":"2026-08-18T17:07:56","slug":"se-mai-construiesc-blocuri-in-municipiul-buzau","status":"publish","type":"post","link":"https:\/\/analyse.optim.biz\/?p=2101289","title":{"rendered":"Se mai construiesc blocuri \u00een municipiul Buz\u0103u?"},"content":{"rendered":"<p>[analyse_image type=&#8221;featured&#8221; src=&#8221;https:\/\/www.tvbuzau.ro\/wp-content\/uploads\/2026\/08\/hqdefault-24.jpghttps:\/\/www.tvbuzau.ro\/wp-content\/uploads\/2026\/08\/hqdefault-24.jpg&#8221;]<\/p>\n<div class=\"td-ss-main-content\">\n<article id=\"post-120078\" class=\"post-120078 post type-post status-publish format-video has-post-thumbnail hentry category-actualitate post_format-post-format-video\">\n<div class=\"td-post-header\">\n<ul class=\"td-category\">\n<li class=\"entry-category\"><a href=\"https:\/\/www.tvbuzau.ro\/category\/actualitate\/\">Actualitate<\/a><\/li>\n<\/ul>\n<header class=\"td-post-title\">\n<h1 class=\"entry-title\">Se mai construiesc blocuri \u00een municipiul Buz\u0103u?<\/h1>\n<div class=\"td-module-meta-info\">\n<div class=\"td-post-author-name\">De c\u0103tre <a href=\"https:\/\/www.tvbuzau.ro\/author\/mihai-vasilescu\/\">TV Buz\u0103u<\/a> &#8211; <\/div>\n<p><span class=\"td-post-date\"><time class=\"entry-date updated td-module-date\" datetime=\"2026-08-18T20:07:56+00:00\">august 18, 2026<\/time><\/span><\/p>\n<div class=\"td-post-comments\"><a href=\"https:\/\/www.tvbuzau.ro\/se-mai-construiesc-blocuri-in-municipiul-buzau\/#respond\">0<\/a><\/div>\n<div class=\"td-post-views\"><span class=\"td-nr-views-120078\">33<\/span><\/div>\n<\/div>\n<\/header>\n<\/div>\n<div class=\"td-post-sharing td-post-sharing-top td-with-like\">\n<div class=\"td-default-sharing\"><a class=\"td-social-sharing-buttons td-social-facebook\" href=\"http:\/\/www.facebook.com\/sharer.php?u=https%3A%2F%2Fwww.tvbuzau.ro%2Fse-mai-construiesc-blocuri-in-municipiul-buzau%2F\"><\/p>\n<div class=\"td-social-but-text\">Distribui\u021bi pe Facebook<\/div>\n<p><\/a><a class=\"td-social-sharing-buttons td-social-twitter\" href=\"https:\/\/twitter.com\/intent\/tweet?text=Se+mai+construiesc+blocuri+%C3%AEn+municipiul+Buz%C4%83u%3F&amp;url=https%3A%2F%2Fwww.tvbuzau.ro%2Fse-mai-construiesc-blocuri-in-municipiul-buzau%2F&amp;via=TV+Buz%C4%83u\"><\/p>\n<div class=\"td-social-but-text\">Distribui\u021bi pe Twitter<\/div>\n<p><\/a><\/div>\n<div class=\"td-classic-sharing\">\n<ul>\n<li class=\"td-classic-facebook\"><iframe frameborder src=\"https:\/\/www.facebook.com\/plugins\/like.php?href=https:\/\/www.tvbuzau.ro\/se-mai-construiesc-blocuri-in-municipiul-buzau\/&amp;layout=button_count&amp;show_faces=false&amp;width=105&amp;action=like&amp;colorscheme=light&amp;height=21\"><\/iframe><\/li>\n<li class=\"td-classic-twitter\"><a href=\"https:\/\/twitter.com\/share\" class=\"twitter-share-button\" data-url=\"https:\/\/www.tvbuzau.ro\/se-mai-construiesc-blocuri-in-municipiul-buzau\/\" data-text=\"Se mai construiesc blocuri \u00een municipiul Buz\u0103u?\" data-via data-lang=\"en\">tweet<\/a><\/li>\n<\/ul>\n<\/div>\n<\/div>\n<div class=\"td-post-content\">\n<div class=\"td-featured-image-rec\">\n<div class=\"wpb_video_wrapper\">\n                    <iframe loading=\"lazy\" id=\"td_youtube_player\" width=\"600\" height=\"560\" src=\"https:\/\/www.youtube.com\/embed\/Yx1bB_Fff2A?enablejsapi=1&amp;feature=oembed&amp;wmode=opaque&amp;vq=hd720\" frameborder allowfullscreen><\/iframe><\/p><\/div>\n<\/div>\n<p>Unul pe strada Crizantemelor<br \/>\nPrim\u0103ria municipiul Buz\u0103u d\u0103 posibilitatea investitorilor s\u0103 propun\u0103 proiecte care s\u0103 geneze opor-tunit\u0103\u0163i viabile, directe \u015fi indirecte, de \u00eembunat\u0103\u0163ire pe termen lung a situa\u0163iei socio-economice a localit\u0103\u021bii. Astfel, printr-o cerere depus\u0103 de o societate comercial\u0103, s-a solicitat Prim\u0103riei Buz\u0103u promovarea unei documenta\u021bii urbanistice PUZ care sa-i permit\u0103 construirea de locuin\u021be colective \u015fi spa\u021bii pentru servicii \u0219i comer\u021b pe str. Crizantemelor.<br \/>\nDe asemenea, la elaborarea documenta\u021biei PUZ s-a \u021binut cont de propunerile \u015fi observa\u021biile pub-licului, astfel c\u0103 \u00een incint\u0103 se vor asigura obligatoriu num\u0103rul minim de locuri de parcare raportat la destina\u021bia spa\u021biilor din incint\u0103. S-au propus 59 locuri de parcare la subsol \u0219i 9 locuri de parcare la parter.  Poiectul a fost dezb\u0103tut la ultima \u015fedin\u0163\u0103 a Consilului Local Municipal.<br \/>\nConducerea Prim\u0103riei Buz\u0103u a transmis consilierilor locali s\u0103 \u00eencurajeze prin votul lor investi\u0163iile.<br \/>\nConstruc\u021biile vor fi amplasate \u00een limitele suprafe\u021bei edificabile propuse, cu respectarea codului civil \u015fi a declara\u021biei Casei de Asigur\u0103ri de S\u0103n\u0103tate Buz\u0103u .<\/p>\n<div class=\"post-views post-120078 entry-meta\"><span class=\"post-views-label\">Post Views: <\/span><span class=\"post-views-count\">197<\/span><\/div>\n<\/div>\n<footer>\n<div class=\"td-post-sharing td-post-sharing-bottom td-with-like\"><span class=\"td-post-share-title\">DISTRIBUI\u021aI<\/span><\/p>\n<div class=\"td-default-sharing\"><a class=\"td-social-sharing-buttons td-social-facebook\" href=\"http:\/\/www.facebook.com\/sharer.php?u=https%3A%2F%2Fwww.tvbuzau.ro%2Fse-mai-construiesc-blocuri-in-municipiul-buzau%2F\"><\/p>\n<div class=\"td-social-but-text\">Facebook<\/div>\n<p><\/a><a class=\"td-social-sharing-buttons td-social-twitter\" href=\"https:\/\/twitter.com\/intent\/tweet?text=Se+mai+construiesc+blocuri+%C3%AEn+municipiul+Buz%C4%83u%3F&amp;url=https%3A%2F%2Fwww.tvbuzau.ro%2Fse-mai-construiesc-blocuri-in-municipiul-buzau%2F&amp;via=TV+Buz%C4%83u\"><\/p>\n<div class=\"td-social-but-text\">Twitter<\/div>\n<p><\/a><\/div>\n<div class=\"td-classic-sharing\">\n<ul>\n<li class=\"td-classic-facebook\"><iframe frameborder src=\"https:\/\/www.facebook.com\/plugins\/like.php?href=https:\/\/www.tvbuzau.ro\/se-mai-construiesc-blocuri-in-municipiul-buzau\/&amp;layout=button_count&amp;show_faces=false&amp;width=105&amp;action=like&amp;colorscheme=light&amp;height=21\"><\/iframe><\/li>\n<li class=\"td-classic-twitter\"><a href=\"https:\/\/twitter.com\/share\" class=\"twitter-share-button\" data-url=\"https:\/\/www.tvbuzau.ro\/se-mai-construiesc-blocuri-in-municipiul-buzau\/\" data-text=\"Se mai construiesc blocuri \u00een municipiul Buz\u0103u?\" data-via data-lang=\"en\">tweet<\/a><\/li>\n<\/ul>\n<\/div>\n<\/div>\n<div class=\"td-author-name vcard author\"><span class=\"fn\"><a href=\"https:\/\/www.tvbuzau.ro\/author\/mihai-vasilescu\/\">TV Buz\u0103u<\/a><\/span><\/div>\n<p><span><\/span><span><span><\/span><\/span><span><\/span><\/footer>\n<\/article>\n<div class=\"td_block_wrap td_block_related_posts td_uid_1_6a860002b9ab0_rand td_with_ajax_pagination td-pb-border-top\" data-td-block-uid=\"td_uid_1_6a860002b9ab0\">\n<h4 class=\"td-related-title\"><a id=\"td_uid_2_6a860002bf10c\" class=\"td-related-left td-cur-simple-item\" data-td_filter_value data-td_block_id=\"td_uid_1_6a860002b9ab0\" href=\"https:\/\/www.tvbuzau.ro\/se-mai-construiesc-blocuri-in-municipiul-buzau\/\">ARTICOLE SIMILARE<\/a><a id=\"td_uid_3_6a860002bf146\" class=\"td-related-right\" data-td_filter_value=\"td_related_more_from_author\" data-td_block_id=\"td_uid_1_6a860002b9ab0\" href=\"https:\/\/www.tvbuzau.ro\/se-mai-construiesc-blocuri-in-municipiul-buzau\/\">DE LA ACELA\u0218I AUTOR<\/a><\/h4>\n<div id=\"td_uid_1_6a860002b9ab0\" class=\"td_block_inner\">\n<div class=\"td-related-row\">\n<div class=\"td-related-span4\">\n<div class=\"td_module_related_posts td-animation-stack td_mod_related_posts\">\n<div class=\"td-module-image\">\n<div class=\"td-module-thumb\"><a href=\"https:\/\/www.tvbuzau.ro\/95-dintre-pacientii-buzoieni-apreciaza-serviciile-spitalului-judetean\/\" rel=\"bookmark\" title=\"95% dintre pacien\u0163ii buzoieni apreciaz\u0103 serviciile Spitalului Jude\u0163ean\"><img loading=\"lazy\" decoding=\"async\" width=\"218\" height=\"150\" class=\"entry-thumb\" src=\"https:\/\/www.tvbuzau.ro\/wp-content\/uploads\/2026\/08\/hqdefault-26-218x150.jpg\" alt title=\"95% dintre pacien\u0163ii buzoieni apreciaz\u0103 serviciile Spitalului Jude\u0163ean\"><span class=\"td-video-play-ico\"><img loading=\"lazy\" decoding=\"async\" width=\"40\" height=\"40\" class=\"td-retina\" src=\"https:\/\/www.tvbuzau.ro\/wp-content\/themes\/Newspaper\/images\/icons\/ico-video-large.png\" alt=\"video\"><\/span><\/a><\/div>\n<p><a href=\"https:\/\/www.tvbuzau.ro\/category\/actualitate\/\" class=\"td-post-category\">Actualitate<\/a><\/div>\n<div class=\"item-details\">\n<h3 class=\"entry-title td-module-title\"><a href=\"https:\/\/www.tvbuzau.ro\/95-dintre-pacientii-buzoieni-apreciaza-serviciile-spitalului-judetean\/\" rel=\"bookmark\" title=\"95% dintre pacien\u0163ii buzoieni apreciaz\u0103 serviciile Spitalului Jude\u0163ean\">95% dintre pacien\u0163ii buzoieni apreciaz\u0103 serviciile Spitalului Jude\u0163ean<\/a><\/h3>\n<\/div>\n<\/div>\n<\/div>\n<div class=\"td-related-span4\">\n<div class=\"td_module_related_posts td-animation-stack td_mod_related_posts\">\n<div class=\"td-module-image\">\n<div class=\"td-module-thumb\"><a href=\"https:\/\/www.tvbuzau.ro\/nu-au-putut-sa-isi-cumpere-loc-de-parcare-pentru-datorii-de-cativa-lei\/\" rel=\"bookmark\" title=\"Nu au putut s\u0103 \u00ee\u015fi cumpere loc de parcare pentru datorii de c\u00e2\u0163iva lei\"><img loading=\"lazy\" decoding=\"async\" width=\"218\" height=\"150\" class=\"entry-thumb\" src=\"https:\/\/www.tvbuzau.ro\/wp-content\/uploads\/2026\/08\/hqdefault-25-218x150.jpg\" alt title=\"Nu au putut s\u0103 \u00ee\u015fi cumpere loc de parcare pentru datorii de c\u00e2\u0163iva lei\"><span class=\"td-video-play-ico\"><img loading=\"lazy\" decoding=\"async\" width=\"40\" height=\"40\" class=\"td-retina\" src=\"https:\/\/www.tvbuzau.ro\/wp-content\/themes\/Newspaper\/images\/icons\/ico-video-large.png\" alt=\"video\"><\/span><\/a><\/div>\n<p><a href=\"https:\/\/www.tvbuzau.ro\/category\/actualitate\/\" class=\"td-post-category\">Actualitate<\/a><\/div>\n<div class=\"item-details\">\n<h3 class=\"entry-title td-module-title\"><a href=\"https:\/\/www.tvbuzau.ro\/nu-au-putut-sa-isi-cumpere-loc-de-parcare-pentru-datorii-de-cativa-lei\/\" rel=\"bookmark\" title=\"Nu au putut s\u0103 \u00ee\u015fi cumpere loc de parcare pentru datorii de c\u00e2\u0163iva lei\">Nu au putut s\u0103 \u00ee\u015fi cumpere loc de parcare pentru datorii de c\u00e2\u0163iva lei<\/a><\/h3>\n<\/div>\n<\/div>\n<\/div>\n<div class=\"td-related-span4\">\n<div class=\"td_module_related_posts td-animation-stack td_mod_related_posts\">\n<div class=\"td-module-image\">\n<div class=\"td-module-thumb\"><a href=\"https:\/\/www.tvbuzau.ro\/medicii-spitalului-judetean-vorbesc-despre-sarcina-ectopica\/\" rel=\"bookmark\" title=\"Medicii Spitalului Jude\u0163ean vorbesc despre sarcina ectopic\u0103\"><img loading=\"lazy\" decoding=\"async\" width=\"218\" height=\"150\" class=\"entry-thumb\" src=\"https:\/\/www.tvbuzau.ro\/wp-content\/uploads\/2026\/08\/sddefault-36-218x150.jpg\" alt title=\"Medicii Spitalului Jude\u0163ean vorbesc despre sarcina ectopic\u0103\"><span class=\"td-video-play-ico\"><img loading=\"lazy\" decoding=\"async\" width=\"40\" height=\"40\" class=\"td-retina\" src=\"https:\/\/www.tvbuzau.ro\/wp-content\/themes\/Newspaper\/images\/icons\/ico-video-large.png\" alt=\"video\"><\/span><\/a><\/div>\n<p><a href=\"https:\/\/www.tvbuzau.ro\/category\/actualitate\/\" class=\"td-post-category\">Actualitate<\/a><\/div>\n<div class=\"item-details\">\n<h3 class=\"entry-title td-module-title\"><a href=\"https:\/\/www.tvbuzau.ro\/medicii-spitalului-judetean-vorbesc-despre-sarcina-ectopica\/\" rel=\"bookmark\" title=\"Medicii Spitalului Jude\u0163ean vorbesc despre sarcina ectopic\u0103\">Medicii Spitalului Jude\u0163ean vorbesc despre sarcina ectopic\u0103<\/a><\/h3>\n<\/div>\n<\/div>\n<\/div>\n<\/div>\n<div class=\"td-related-row\">\n<div class=\"td-related-span4\">\n<div class=\"td_module_related_posts td-animation-stack td_mod_related_posts\">\n<div class=\"td-module-image\">\n<div class=\"td-module-thumb\"><a href=\"https:\/\/www.tvbuzau.ro\/noi-angajari-la-spitalul-judetean-buzau-2\/\" rel=\"bookmark\" title=\"Noi angaj\u0103ri la Spitalul Jude\u0163ean Buz\u0103u\"><img loading=\"lazy\" decoding=\"async\" width=\"218\" height=\"150\" class=\"entry-thumb\" src=\"https:\/\/www.tvbuzau.ro\/wp-content\/uploads\/2026\/08\/sddefault-35-218x150.jpg\" alt title=\"Noi angaj\u0103ri la Spitalul Jude\u0163ean Buz\u0103u\"><span class=\"td-video-play-ico\"><img loading=\"lazy\" decoding=\"async\" width=\"40\" height=\"40\" class=\"td-retina\" src=\"https:\/\/www.tvbuzau.ro\/wp-content\/themes\/Newspaper\/images\/icons\/ico-video-large.png\" alt=\"video\"><\/span><\/a><\/div>\n<p><a href=\"https:\/\/www.tvbuzau.ro\/category\/actualitate\/\" class=\"td-post-category\">Actualitate<\/a><\/div>\n<div class=\"item-details\">\n<h3 class=\"entry-title td-module-title\"><a href=\"https:\/\/www.tvbuzau.ro\/noi-angajari-la-spitalul-judetean-buzau-2\/\" rel=\"bookmark\" title=\"Noi angaj\u0103ri la Spitalul Jude\u0163ean Buz\u0103u\">Noi angaj\u0103ri la Spitalul Jude\u0163ean Buz\u0103u<\/a><\/h3>\n<\/div>\n<\/div>\n<\/div>\n<div class=\"td-related-span4\">\n<div class=\"td_module_related_posts td-animation-stack td_mod_related_posts\">\n<div class=\"td-module-image\">\n<div class=\"td-module-thumb\"><a href=\"https:\/\/www.tvbuzau.ro\/mai-multa-transparenta-la-primaria-buzau\/\" rel=\"bookmark\" title=\"Mai mult\u0103 transparen\u0163\u0103 la Prim\u0103ria Buz\u0103u?\"><img loading=\"lazy\" decoding=\"async\" width=\"218\" height=\"150\" class=\"entry-thumb\" src=\"https:\/\/www.tvbuzau.ro\/wp-content\/uploads\/2026\/08\/sddefault-34-218x150.jpg\" alt title=\"Mai mult\u0103 transparen\u0163\u0103 la Prim\u0103ria Buz\u0103u?\"><span class=\"td-video-play-ico\"><img loading=\"lazy\" decoding=\"async\" width=\"40\" height=\"40\" class=\"td-retina\" src=\"https:\/\/www.tvbuzau.ro\/wp-content\/themes\/Newspaper\/images\/icons\/ico-video-large.png\" alt=\"video\"><\/span><\/a><\/div>\n<p><a href=\"https:\/\/www.tvbuzau.ro\/category\/actualitate\/\" class=\"td-post-category\">Actualitate<\/a><\/div>\n<div class=\"item-details\">\n<h3 class=\"entry-title td-module-title\"><a href=\"https:\/\/www.tvbuzau.ro\/mai-multa-transparenta-la-primaria-buzau\/\" rel=\"bookmark\" title=\"Mai mult\u0103 transparen\u0163\u0103 la Prim\u0103ria Buz\u0103u?\">Mai mult\u0103 transparen\u0163\u0103 la Prim\u0103ria Buz\u0103u?<\/a><\/h3>\n<\/div>\n<\/div>\n<\/div>\n<div class=\"td-related-span4\">\n<div class=\"td_module_related_posts td-animation-stack td_mod_related_posts\">\n<div class=\"td-module-image\">\n<div class=\"td-module-thumb\"><a href=\"https:\/\/www.tvbuzau.ro\/peste-20-000-de-buzoieni-au-ales-factura-verde\/\" rel=\"bookmark\" title=\"Peste 20.000 de buzoieni au ales Factura Verde\"><img loading=\"lazy\" decoding=\"async\" width=\"218\" height=\"150\" class=\"entry-thumb\" src=\"https:\/\/www.tvbuzau.ro\/wp-content\/uploads\/2026\/08\/sddefault-33-218x150.jpg\" alt title=\"Peste 20.000 de buzoieni au ales Factura Verde\"><span class=\"td-video-play-ico\"><img loading=\"lazy\" decoding=\"async\" width=\"40\" height=\"40\" class=\"td-retina\" src=\"https:\/\/www.tvbuzau.ro\/wp-content\/themes\/Newspaper\/images\/icons\/ico-video-large.png\" alt=\"video\"><\/span><\/a><\/div>\n<p><a href=\"https:\/\/www.tvbuzau.ro\/category\/actualitate\/\" class=\"td-post-category\">Actualitate<\/a><\/div>\n<div class=\"item-details\">\n<h3 class=\"entry-title td-module-title\"><a href=\"https:\/\/www.tvbuzau.ro\/peste-20-000-de-buzoieni-au-ales-factura-verde\/\" rel=\"bookmark\" title=\"Peste 20.000 de buzoieni au ales Factura Verde\">Peste 20.000 de buzoieni au ales Factura Verde<\/a><\/h3>\n<\/div>\n<\/div>\n<\/div>\n<\/div>\n<\/div>\n<\/div>\n<div class=\"comments\" id=\"comments\">\n<div id=\"respond\" class=\"comment-respond\">\n<h3 id=\"reply-title\" class=\"comment-reply-title\">L\u0102SA\u021aI UN MESAJ <small><a rel=\"nofollow\" id=\"cancel-comment-reply-link\" href=\"https:\/\/www.tvbuzau.ro\/se-mai-construiesc-blocuri-in-municipiul-buzau\/#respond\">Renun\u021ba\u021bi la r\u0103spuns<\/a><\/small><\/h3>\n<\/div>\n<\/div>\n<\/div>\n<div class=\"td-post-content\">\n<div class=\"td-featured-image-rec\">\n<div class=\"wpb_video_wrapper\">\n                    <iframe loading=\"lazy\" id=\"td_youtube_player\" width=\"600\" height=\"560\" src=\"https:\/\/www.youtube.com\/embed\/Yx1bB_Fff2A?enablejsapi=1&amp;feature=oembed&amp;wmode=opaque&amp;vq=hd720\" frameborder allowfullscreen><\/iframe><\/p><\/div>\n<\/div>\n<p>Unul pe strada Crizantemelor<br \/>\nPrim\u0103ria municipiul Buz\u0103u d\u0103 posibilitatea investitorilor s\u0103 propun\u0103 proiecte care s\u0103 geneze opor-tunit\u0103\u0163i viabile, directe \u015fi indirecte, de \u00eembunat\u0103\u0163ire pe termen lung a situa\u0163iei socio-economice a localit\u0103\u021bii. Astfel, printr-o cerere depus\u0103 de o societate comercial\u0103, s-a solicitat Prim\u0103riei Buz\u0103u promovarea unei documenta\u021bii urbanistice PUZ care sa-i permit\u0103 construirea de locuin\u021be colective \u015fi spa\u021bii pentru servicii \u0219i comer\u021b pe str. Crizantemelor.<br \/>\nDe asemenea, la elaborarea documenta\u021biei PUZ s-a \u021binut cont de propunerile \u015fi observa\u021biile pub-licului, astfel c\u0103 \u00een incint\u0103 se vor asigura obligatoriu num\u0103rul minim de locuri de parcare raportat la destina\u021bia spa\u021biilor din incint\u0103. S-au propus 59 locuri de parcare la subsol \u0219i 9 locuri de parcare la parter.  Poiectul a fost dezb\u0103tut la ultima \u015fedin\u0163\u0103 a Consilului Local Municipal.<br \/>\nConducerea Prim\u0103riei Buz\u0103u a transmis consilierilor locali s\u0103 \u00eencurajeze prin votul lor investi\u0163iile.<br \/>\nConstruc\u021biile vor fi amplasate \u00een limitele suprafe\u021bei edificabile propuse, cu respectarea codului civil \u015fi a declara\u021biei Casei de Asigur\u0103ri de S\u0103n\u0103tate Buz\u0103u .<\/p>\n<div class=\"post-views post-120078 entry-meta\"><span class=\"post-views-label\">Post Views: <\/span><span class=\"post-views-count\">197<\/span><\/div>\n<\/div>\n<p>[analyse_source url=&#8221;https:\/\/www.tvbuzau.ro\/se-mai-construiesc-blocuri-in-municipiul-buzau\/&#8221;]<\/p>\n","protected":false},"excerpt":{"rendered":"<p>[analyse_image type=&#8221;featured&#8221; src=&#8221;https:\/\/www.tvbuzau.ro\/wp-content\/uploads\/2026\/08\/hqdefault-24.jpghttps:\/\/www.tvbuzau.ro\/wp-content\/uploads\/2026\/08\/hqdefault-24.jpg&#8221;] Actualitate Se mai construiesc blocuri \u00een municipiul Buz\u0103u? De c\u0103tre TV Buz\u0103u &#8211; august 18, 2026 0 33 Distribui\u021bi pe Facebook Distribui\u021bi pe Twitter tweet Unul pe strada Crizantemelor Prim\u0103ria municipiul Buz\u0103u d\u0103 posibilitatea investitorilor s\u0103 propun\u0103 proiecte care s\u0103 geneze opor-tunit\u0103\u0163i viabile, directe \u015fi indirecte, de \u00eembunat\u0103\u0163ire pe termen lung a [&hellip;]<\/p>\n","protected":false},"author":1,"featured_media":0,"comment_status":"open","ping_status":"","sticky":false,"template":"","format":"standard","meta":{"footnotes":""},"categories":[2],"tags":[226,116],"class_list":["post-2101289","post","type-post","status-publish","format-standard","hentry","category-politics","tag-crawlmanager","tag-tvbuzau-ro"],"_links":{"self":[{"href":"https:\/\/analyse.optim.biz\/index.php?rest_route=\/wp\/v2\/posts\/2101289","targetHints":{"allow":["GET"]}}],"collection":[{"href":"https:\/\/analyse.optim.biz\/index.php?rest_route=\/wp\/v2\/posts"}],"about":[{"href":"https:\/\/analyse.optim.biz\/index.php?rest_route=\/wp\/v2\/types\/post"}],"author":[{"embeddable":true,"href":"https:\/\/analyse.optim.biz\/index.php?rest_route=\/wp\/v2\/users\/1"}],"replies":[{"embeddable":true,"href":"https:\/\/analyse.optim.biz\/index.php?rest_route=%2Fwp%2Fv2%2Fcomments&post=2101289"}],"version-history":[{"count":0,"href":"https:\/\/analyse.optim.biz\/index.php?rest_route=\/wp\/v2\/posts\/2101289\/revisions"}],"wp:attachment":[{"href":"https:\/\/analyse.optim.biz\/index.php?rest_route=%2Fwp%2Fv2%2Fmedia&parent=2101289"}],"wp:term":[{"taxonomy":"category","embeddable":true,"href":"https:\/\/analyse.optim.biz\/index.php?rest_route=%2Fwp%2Fv2%2Fcategories&post=2101289"},{"taxonomy":"post_tag","embeddable":true,"href":"https:\/\/analyse.optim.biz\/index.php?rest_route=%2Fwp%2Fv2%2Ftags&post=2101289"}],"curies":[{"name":"wp","href":"https:\/\/api.w.org\/{rel}","templated":true}]}}